{"id":12,"date":"2004-10-01T01:00:15","date_gmt":"2004-09-30T23:00:15","guid":{"rendered":"http:\/\/rockpixx.com\/wordpress\/?p=12"},"modified":"2012-12-30T17:17:58","modified_gmt":"2012-12-30T15:17:58","slug":"ten-beers-later-01-10-2004-boppard-marktplatz","status":"publish","type":"post","link":"http:\/\/www.rockpixx.com\/wordpress\/ten-beers-later-01-10-2004-boppard-marktplatz\/","title":{"rendered":"Ten Beers Later, 01.10.2004, Boppard, Marktplatz"},"content":{"rendered":"<p>Herbst am Rhein, also Zeit der Weinlese und Zeit der Weinfeste mit Wein, Weib und Gesang. Mein \u201eWeib\u201c konnte erst am darauf folgenden Tag nach Boppard kommen, also nutzte ich den freien Abend und f\u00fchrte meine erste digitale Spiegelreflex mit v\u00f6llig ungeeigneten Optiken zur Musikb\u00fchne auf dem Marktplatz.<!--more--> Die Gruppe spielte Coversongs aus allen m\u00f6glichen Epochen und zwischendrin immer wieder irgendwelche Karnevalshymnen aus K\u00f6ln, die mir als geb\u00fcrtigem Norddeutschen v\u00f6llig unbekannt sind. Das Publikum ging aber auch bei diesen musikalischen Extremf\u00e4llen begeistert mit. \u00dcberhaupt war ich beeindruckt von der Kondition der Musiker: Um 20:30 Uhr ging\u2019s los und mit drei kleineren Pausen spielten sie um 1:30 Uhr immer noch!<\/p>\n<p style=\"text-align: right;\">Fotos: <a href=\"mailto:info@rockpixx.com?subject=Fotos%20von%20Ten%20Beers%20Later,%20Boppard%20%E2%80%9EMarktplatz%E2%80%9C,%2001.10.2004\">Alex<\/a> | Text: <a href=\"mailto:info@rockpixx.com?subject=Reviewtext%20von%20Ten%20Beers%20Later,%20Boppard%20%E2%80%9EMarktplatz%E2%80%9C,%2001.10.2004\">Alex<\/a><\/p>\n","protected":false},"excerpt":{"rendered":"<p>Herbst am Rhein, also Zeit der Weinlese und Zeit der Weinfeste mit Wein, Weib und <a href=\"http:\/\/www.rockpixx.com\/wordpress\/ten-beers-later-01-10-2004-boppard-marktplatz\/\">Read more<\/a><\/p>\n","protected":false},"author":1,"featured_media":3162,"comment_status":"closed","ping_status":"open","sticky":false,"template":"","format":"standard","meta":{"_jetpack_memberships_contains_paid_content":false,"footnotes":"","jetpack_publicize_message":"","jetpack_publicize_feature_enabled":true,"jetpack_social_post_already_shared":false,"jetpack_social_options":{"image_generator_settings":{"template":"highway","default_image_id":0,"font":"","enabled":false},"version":2}},"categories":[34,12],"tags":[37,331,332,22],"class_list":["post-12","post","type-post","status-publish","format-standard","has-post-thumbnail","hentry","category-acts","category-ten-beers-later","tag-37","tag-boppard","tag-marktplatz","tag-ten-beers-later-2"],"aioseo_notices":[],"jetpack_publicize_connections":[],"jetpack_featured_media_url":"http:\/\/www.rockpixx.com\/wordpress\/wp-content\/uploads\/2004\/10\/20041001-ten-beers-later-Artikel.jpg","jetpack-related-posts":[{"id":1034,"url":"http:\/\/www.rockpixx.com\/wordpress\/50-gigs-10-tage-2-fotografen-wie-schafft-man-das\/","url_meta":{"origin":12,"position":0},"title":"50 Gigs, 10 Tage, 2 Fotografen: Wie schafft man das?","author":"admin","date":"9. Juli 2010","format":false,"excerpt":"Vorbemerkung Die \u201eKieler Woche\u201c 2010 sah das Team von rockpixx.com wieder im Einsatz. Um die ausgesuchten Acts ablichten und tagesaktuell auf unsere Seite bringen zu k\u00f6nnen, war sowohl im Vorfeld als auch t\u00e4glich auf der \u201eKieler Woche\u201c eine etwas ausf\u00fchrlichere Planung notwendig. Einige unserer Arbeitsabl\u00e4ufe und manche der zum Einsatz\u2026","rel":"","context":"In &quot;2010&quot;","block_context":{"text":"2010","link":"http:\/\/www.rockpixx.com\/wordpress\/category\/backstage\/2010\/"},"img":{"alt_text":"Workflow Kieler Woche 2010","src":"https:\/\/i0.wp.com\/www.rockpixx.com\/wordpress\/wp-content\/uploads\/2010\/07\/20100709-workflow-kiwo-2010.jpg?resize=350%2C200","width":350,"height":200,"srcset":"https:\/\/i0.wp.com\/www.rockpixx.com\/wordpress\/wp-content\/uploads\/2010\/07\/20100709-workflow-kiwo-2010.jpg?resize=350%2C200 1x, https:\/\/i0.wp.com\/www.rockpixx.com\/wordpress\/wp-content\/uploads\/2010\/07\/20100709-workflow-kiwo-2010.jpg?resize=525%2C300 1.5x, https:\/\/i0.wp.com\/www.rockpixx.com\/wordpress\/wp-content\/uploads\/2010\/07\/20100709-workflow-kiwo-2010.jpg?resize=700%2C400 2x"},"classes":[]},{"id":1005,"url":"http:\/\/www.rockpixx.com\/wordpress\/hanau-ohaueha\/","url_meta":{"origin":12,"position":1},"title":"Hanau? Ohaueha!","author":"admin","date":"27. August 2009","format":false,"excerpt":"Moin, irgendwie leide ich auch nach ein paar Tagen immer noch an dieser Stadt... Alles fing damit an, dass ich vom ersten Hotel auf meine Buchungsanfrage keine R\u00fcckmeldung erhielt. Die Zeit wurde knapp, also griff ich zum Telefon und h\u00f6rte die Ansage \u201eZur Zeit befinden wir uns im Urlaub, blabla...\u201c\u2026","rel":"","context":"In &quot;2009&quot;","block_context":{"text":"2009","link":"http:\/\/www.rockpixx.com\/wordpress\/category\/backstage\/2009\/"},"img":{"alt_text":"Hanau, Hotel","src":"https:\/\/i0.wp.com\/www.rockpixx.com\/wordpress\/wp-content\/uploads\/2009\/08\/20090827-hanau-hotel.jpg?resize=350%2C200","width":350,"height":200,"srcset":"https:\/\/i0.wp.com\/www.rockpixx.com\/wordpress\/wp-content\/uploads\/2009\/08\/20090827-hanau-hotel.jpg?resize=350%2C200 1x, https:\/\/i0.wp.com\/www.rockpixx.com\/wordpress\/wp-content\/uploads\/2009\/08\/20090827-hanau-hotel.jpg?resize=525%2C300 1.5x, https:\/\/i0.wp.com\/www.rockpixx.com\/wordpress\/wp-content\/uploads\/2009\/08\/20090827-hanau-hotel.jpg?resize=700%2C400 2x"},"classes":[]},{"id":8988,"url":"http:\/\/www.rockpixx.com\/wordpress\/barock-18-08-2012-singen-hohentwiel-rathausplatz\/","url_meta":{"origin":12,"position":2},"title":"Barock, 18.08.2012, Singen (Hohentwiel), Rathausplatz","author":"Anja","date":"18. August 2012","format":false,"excerpt":"Da ich sowieso schon in s\u00fcdlicheren Gefilden zu tun hatte, bat mich \u201eBarock\u201c, noch einen Abstecher in die N\u00e4he vom Bodensee zu machen, um die neue Glocke zu fotografieren und wegen der Umbesetzung an den Drums (Patrick Caramagno f\u00fcr Eddy Winter) auch gleich noch neue Promobilder f\u00fcr die Autogrammkarten zu\u2026","rel":"","context":"In &quot;AC\/DC&quot;","block_context":{"text":"AC\/DC","link":"http:\/\/www.rockpixx.com\/wordpress\/category\/acts\/tributebands\/acdc\/"},"img":{"alt_text":"Barock, 18.08.2012, Singen (Hohentwiel), Rathausplatz","src":"https:\/\/i0.wp.com\/www.rockpixx.com\/wordpress\/wp-content\/uploads\/2013\/02\/20120818-barock-Artikel.jpg?resize=350%2C200","width":350,"height":200,"srcset":"https:\/\/i0.wp.com\/www.rockpixx.com\/wordpress\/wp-content\/uploads\/2013\/02\/20120818-barock-Artikel.jpg?resize=350%2C200 1x, https:\/\/i0.wp.com\/www.rockpixx.com\/wordpress\/wp-content\/uploads\/2013\/02\/20120818-barock-Artikel.jpg?resize=525%2C300 1.5x, https:\/\/i0.wp.com\/www.rockpixx.com\/wordpress\/wp-content\/uploads\/2013\/02\/20120818-barock-Artikel.jpg?resize=700%2C400 2x"},"classes":[]},{"id":22291,"url":"http:\/\/www.rockpixx.com\/wordpress\/centurys-crime-2019\/","url_meta":{"origin":12,"position":3},"title":"Century&#8217;s Crime, 26.07.2019, Seebr\u00fccken-B\u00fchne, Kellenhusen","author":"A. Hahl","date":"27. Juli 2019","format":false,"excerpt":"Vor fast einem Jahr hatte ich \u201eCentury\u2019s Crime\u201c in Husum an der Nordseek\u00fcste bei Ebbe (f\u00fcr die Binnenl\u00e4nder unter Euch: Das ist, wenn sich die Nordsee vor Euch so erschrickt, dass sie sich fluchtartig davonmacht und dann alle sechs Stunden wiederkehrt, um nachzusehen, ob Ihr immer noch da seid) fotografiert\u2026","rel":"","context":"In &quot;Acts&quot;","block_context":{"text":"Acts","link":"http:\/\/www.rockpixx.com\/wordpress\/category\/acts\/"},"img":{"alt_text":"Century's Crime, 26.07.2019, Kellenhusen, Seebr\u00fccken-B\u00fchne","src":"https:\/\/i0.wp.com\/www.rockpixx.com\/wordpress\/wp-content\/uploads\/2019\/07\/20190726-1-028.jpg?resize=350%2C200","width":350,"height":200,"srcset":"https:\/\/i0.wp.com\/www.rockpixx.com\/wordpress\/wp-content\/uploads\/2019\/07\/20190726-1-028.jpg?resize=350%2C200 1x, https:\/\/i0.wp.com\/www.rockpixx.com\/wordpress\/wp-content\/uploads\/2019\/07\/20190726-1-028.jpg?resize=525%2C300 1.5x, https:\/\/i0.wp.com\/www.rockpixx.com\/wordpress\/wp-content\/uploads\/2019\/07\/20190726-1-028.jpg?resize=700%2C400 2x"},"classes":[]},{"id":21945,"url":"http:\/\/www.rockpixx.com\/wordpress\/wechselbeat-24-08-2018-lentfoehrden-open-air-2018\/","url_meta":{"origin":12,"position":4},"title":"Wechselbeat, 24.08.2018, Lentf\u00f6hrden Open Air 2018","author":"A. Hahl","date":"25. August 2018","format":false,"excerpt":"Selten, dass ich mal einen Veranstalter auf der B\u00fchne erlebt habe. Wieso, passiert doch oft? Ja schon, aber hat er auch im Duo mit einer S\u00e4ngerin Songs der 70er zur akustischen Gitarre dargeboten? Eben! Insofern habe ich nach all den Jahren wieder einmal eine Premiere erlebt. Veranstalter Oliver Abraham und\u2026","rel":"","context":"In &quot;Acts&quot;","block_context":{"text":"Acts","link":"http:\/\/www.rockpixx.com\/wordpress\/category\/acts\/"},"img":{"alt_text":"Wechselbeat, 24.08.2018, Lentf\u00f6hrden Open Air 2018, Lentf\u00f6hrden","src":"https:\/\/i0.wp.com\/www.rockpixx.com\/wordpress\/wp-content\/uploads\/2018\/08\/20180824-1-012.jpg?resize=350%2C200","width":350,"height":200,"srcset":"https:\/\/i0.wp.com\/www.rockpixx.com\/wordpress\/wp-content\/uploads\/2018\/08\/20180824-1-012.jpg?resize=350%2C200 1x, https:\/\/i0.wp.com\/www.rockpixx.com\/wordpress\/wp-content\/uploads\/2018\/08\/20180824-1-012.jpg?resize=525%2C300 1.5x, https:\/\/i0.wp.com\/www.rockpixx.com\/wordpress\/wp-content\/uploads\/2018\/08\/20180824-1-012.jpg?resize=700%2C400 2x"},"classes":[]},{"id":21029,"url":"http:\/\/www.rockpixx.com\/wordpress\/heinz-rudolf-kunze-13-08-2016-eckernfoerde-suedstrand\/","url_meta":{"origin":12,"position":5},"title":"Heinz Rudolf Kunze, 13.08.2016, Eckernf\u00f6rde, S\u00fcdstrand","author":"A. Hahl","date":"15. August 2016","format":false,"excerpt":"Meinen ersten musikalischen Kontakt mit Heinz Rudolf Kunze hatte ich Anfang der Achtziger als ich im Club immer \u201eSicherheitsdienst\u201c auflegte \u2013 ist also schon eine ganze Weile von Jahren her\u2026 Und seit dieser Zeit ist Heinz Rudolf Kunze aus der deutschsprachigen Musik nicht mehr wegzudenken, mal mit kritischen Texten, die\u2026","rel":"","context":"In &quot;Acts&quot;","block_context":{"text":"Acts","link":"http:\/\/www.rockpixx.com\/wordpress\/category\/acts\/"},"img":{"alt_text":"Heinz Rudolf Kunze, 13.08.2016, Eckernf\u00f6rde, S\u00fcdstrand","src":"https:\/\/i0.wp.com\/www.rockpixx.com\/wordpress\/wp-content\/uploads\/2016\/08\/20160813-01-056.jpg?resize=350%2C200","width":350,"height":200,"srcset":"https:\/\/i0.wp.com\/www.rockpixx.com\/wordpress\/wp-content\/uploads\/2016\/08\/20160813-01-056.jpg?resize=350%2C200 1x, https:\/\/i0.wp.com\/www.rockpixx.com\/wordpress\/wp-content\/uploads\/2016\/08\/20160813-01-056.jpg?resize=525%2C300 1.5x, https:\/\/i0.wp.com\/www.rockpixx.com\/wordpress\/wp-content\/uploads\/2016\/08\/20160813-01-056.jpg?resize=700%2C400 2x"},"classes":[]}],"jetpack_sharing_enabled":true,"publishpress_future_action":{"enabled":false,"date":"2026-05-08 08:31:51","action":"change-status","newStatus":"draft","terms":[],"taxonomy":"category","extraData":[]},"publishpress_future_workflow_manual_trigger":{"enabledWorkflows":[]},"_links":{"self":[{"href":"http:\/\/www.rockpixx.com\/wordpress\/wp-json\/wp\/v2\/posts\/12","targetHints":{"allow":["GET"]}}],"collection":[{"href":"http:\/\/www.rockpixx.com\/wordpress\/wp-json\/wp\/v2\/posts"}],"about":[{"href":"http:\/\/www.rockpixx.com\/wordpress\/wp-json\/wp\/v2\/types\/post"}],"author":[{"embeddable":true,"href":"http:\/\/www.rockpixx.com\/wordpress\/wp-json\/wp\/v2\/users\/1"}],"replies":[{"embeddable":true,"href":"http:\/\/www.rockpixx.com\/wordpress\/wp-json\/wp\/v2\/comments?post=12"}],"version-history":[{"count":0,"href":"http:\/\/www.rockpixx.com\/wordpress\/wp-json\/wp\/v2\/posts\/12\/revisions"}],"wp:featuredmedia":[{"embeddable":true,"href":"http:\/\/www.rockpixx.com\/wordpress\/wp-json\/wp\/v2\/media\/3162"}],"wp:attachment":[{"href":"http:\/\/www.rockpixx.com\/wordpress\/wp-json\/wp\/v2\/media?parent=12"}],"wp:term":[{"taxonomy":"category","embeddable":true,"href":"http:\/\/www.rockpixx.com\/wordpress\/wp-json\/wp\/v2\/categories?post=12"},{"taxonomy":"post_tag","embeddable":true,"href":"http:\/\/www.rockpixx.com\/wordpress\/wp-json\/wp\/v2\/tags?post=12"}],"curies":[{"name":"wp","href":"https:\/\/api.w.org\/{rel}","templated":true}]}}