{"id":12003,"date":"2013-08-08T17:08:43","date_gmt":"2013-08-08T16:08:43","guid":{"rendered":"http:\/\/rockpixx.com\/wordpress\/?p=12003"},"modified":"2013-08-08T17:08:43","modified_gmt":"2013-08-08T16:08:43","slug":"nightwish-03-08-2013-wacken-woa-2013","status":"publish","type":"post","link":"http:\/\/www.rockpixx.com\/wordpress\/nightwish-03-08-2013-wacken-woa-2013\/","title":{"rendered":"Nightwish, 03.08.2013, Wacken, W:O:A 2013"},"content":{"rendered":"<p>\u2192 <a title=\"Tarja Turunen, 05.11.2010, Kempten, BigBOX\" href=\"http:\/\/rockpixx.com\/wordpress\/tarja-turunen-05-11-2010-kempten-bigbox\/\">Tarja Turunen<\/a> hatte ich ja schon 2010 in Kempten zusammen mit \u2192 <a title=\"Alice Cooper, 05.11.2010, Kempten, BigBOX\" href=\"http:\/\/rockpixx.com\/wordpress\/alice-cooper-05-11-2010-kempten-bigbox\/\">Alice Cooper<\/a> fotografiert. Und Tarja hatte mir damals ausnehmend gut gefallen. Warum ich Tarja hier so lobe und was das alles mit \u201eNightwish\u201c zu tun hat?<!--more--><\/p>\n<p>Na ja, dr\u00fccken wir es einmal so aus: Es ist in h\u00f6chstem Ma\u00dfe bedauerlich, dass Tarja Turunen und \u201eNightwish\u201c sich vor Jahren getrennt haben \u2013 unabh\u00e4ngig davon, wem man jetzt die Schuld f\u00fcr diese Trennung in die Schuhe schieben mag. Aktuell hei\u00dft die S\u00e4ngerin nun Floor Jansen, nachdem das Intermezzo von Anette Olzon 2012 beendet war. Und irgendwie fehlt mir die Magie in der Performance, die Musik und die Show ber\u00fchrt mich nicht. Die Band versucht sicherlich sehr viel, gerade auch, weil dieses Konzert f\u00fcr eine DVD-Produktion herhalten muss und alles mit Kameras vollgestellt ist \u2013 so voll, dass f\u00fcr die Unmengen an Fotografen nur noch kleine \u201eSchie\u00dfscharten\u201c frei bleiben. Da die Band aber sowieso hinter monstr\u00f6sen Aufbauten am vorderen B\u00fchnenrand verschwindet, h\u00e4tten diese L\u00fccken ruhig noch mit weiteren Kameras ebenfalls zugebaut werden k\u00f6nnen. Ich versuche w\u00e4hrend des gesamten zweiten Songs, den ich im Graben verweilen darf, der B\u00fchne und dem unguten Licht noch einige Bilder abzutrotzen und bin auch dar\u00fcber nicht wirklich begeistert. Konzertfotografie ist Arbeit aber hier ist mal wieder ein Punkt erreicht, wo die Arbeit keinen Spa\u00df mehr macht.<\/p>\n<p>Fazit: \u201eNightwish\u201c unter solchen Begleitumst\u00e4nden muss ich mir nicht mehr geben und dass es so weit gekommen ist, finde ich wiederum sehr schade.<\/p>\n<p align=\"right\">Fotos: <a href=\"mailto:info@rockpixx.com?subject=Trivium,%2003.08.2013,%20Wacken,%20W:O:A%202013\">Alex<\/a> | Text: <a href=\"mailto:info@rockpixx.com?subject=Trivium,%2003.08.2013,%20Wacken,%20W:O:A%202013\">Alex<\/a><\/p>\n<p style=\"text-align: left;\" align=\"right\">[slideshow id=393]<\/p>\n","protected":false},"excerpt":{"rendered":"<p>\u2192 Tarja Turunen hatte ich ja schon 2010 in Kempten zusammen mit \u2192 Alice Cooper <a href=\"http:\/\/www.rockpixx.com\/wordpress\/nightwish-03-08-2013-wacken-woa-2013\/\">Read more<\/a><\/p>\n","protected":false},"author":1,"featured_media":12004,"comment_status":"open","ping_status":"open","sticky":false,"template":"","format":"standard","meta":{"_jetpack_memberships_contains_paid_content":false,"footnotes":"","jetpack_publicize_message":"#Nightwish, 03.08.2013, #Wacken, W:O:A 2013","jetpack_publicize_feature_enabled":true,"jetpack_social_post_already_shared":true,"jetpack_social_options":{"image_generator_settings":{"template":"highway","default_image_id":0,"font":"","enabled":false},"version":2}},"categories":[34,1251],"tags":[2065,1252,924,1253,2273,525,883,2061,885],"class_list":["post-12003","post","type-post","status-publish","format-standard","has-post-thumbnail","hentry","category-acts","category-nightwish","tag-2065","tag-anette-olzon","tag-festival","tag-floor-jansen","tag-nightwish","tag-tarja-turunen","tag-woa","tag-wacken","tag-wacken-open-air"],"aioseo_notices":[],"jetpack_publicize_connections":[],"jetpack_featured_media_url":"http:\/\/www.rockpixx.com\/wordpress\/wp-content\/uploads\/2013\/08\/20130803-06-013_nightwish-Artikel.jpg","jetpack-related-posts":[{"id":7309,"url":"http:\/\/www.rockpixx.com\/wordpress\/tarja-turunen-05-11-2010-kempten-bigbox\/","url_meta":{"origin":12003,"position":0},"title":"Tarja Turunen, 05.11.2010, Kempten, BigBOX","author":"Anja","date":"5. November 2010","format":false,"excerpt":"\u2026 und dann kam Sie: Tarja Turunen, Ex-Frontfrau von \u201eNightwish\u201c und das Stimmwunder des \u201eOpera Metal\u201c aus Finnland. Seit diversen Jahren wandelt sie ja mittlerweile auf Solopfaden und das macht sie richtig gut. Es ist beeindruckend zu h\u00f6ren, wie eine ausgebildete Sopranistin sich gegen\u00fcber gewaltigen Songgewittern aus Gitarre und Drums\u2026","rel":"","context":"In &quot;Acts&quot;","block_context":{"text":"Acts","link":"http:\/\/www.rockpixx.com\/wordpress\/category\/acts\/"},"img":{"alt_text":"Tarja Turunen, 05.11.2010, Kempten, BigBOX","src":"https:\/\/i0.wp.com\/www.rockpixx.com\/wordpress\/wp-content\/uploads\/2013\/01\/20101105-02-tarja-turunen-Artikel.jpg?resize=350%2C200","width":350,"height":200,"srcset":"https:\/\/i0.wp.com\/www.rockpixx.com\/wordpress\/wp-content\/uploads\/2013\/01\/20101105-02-tarja-turunen-Artikel.jpg?resize=350%2C200 1x, https:\/\/i0.wp.com\/www.rockpixx.com\/wordpress\/wp-content\/uploads\/2013\/01\/20101105-02-tarja-turunen-Artikel.jpg?resize=525%2C300 1.5x, https:\/\/i0.wp.com\/www.rockpixx.com\/wordpress\/wp-content\/uploads\/2013\/01\/20101105-02-tarja-turunen-Artikel.jpg?resize=700%2C400 2x"},"classes":[]},{"id":14005,"url":"http:\/\/www.rockpixx.com\/wordpress\/vertical-blinds-06-06-2014-kiel-schaubude\/","url_meta":{"origin":12003,"position":1},"title":"Vertical Blinds, 06.06.2014, Kiel, Schaubude","author":"admin","date":"7. Juni 2014","format":false,"excerpt":"Hatte ich \u2192 vor knapp zwei Wochen noch davon geschrieben, dass alle Bandmitglieder von \u201eVertical Blinds\u201c offensichtlich von einem ausgefuchsten Tetris-Spieler auf der B\u00fchne der R\u00e4ucherei untergebracht worden waren, so muss ich f\u00fcr den heutigen Auftritt konstatieren: Das muss nun der Tetris-Meister aller Klassen gewesen sein. Die B\u00fchne \u2013 und\u2026","rel":"","context":"In &quot;Acts&quot;","block_context":{"text":"Acts","link":"http:\/\/www.rockpixx.com\/wordpress\/category\/acts\/"},"img":{"alt_text":"Vertical Blinds, 06.06.2014, Kiel, Schaubude","src":"https:\/\/i0.wp.com\/www.rockpixx.com\/wordpress\/wp-content\/uploads\/2014\/06\/20140606-01-070.jpg?resize=350%2C200","width":350,"height":200,"srcset":"https:\/\/i0.wp.com\/www.rockpixx.com\/wordpress\/wp-content\/uploads\/2014\/06\/20140606-01-070.jpg?resize=350%2C200 1x, https:\/\/i0.wp.com\/www.rockpixx.com\/wordpress\/wp-content\/uploads\/2014\/06\/20140606-01-070.jpg?resize=525%2C300 1.5x, https:\/\/i0.wp.com\/www.rockpixx.com\/wordpress\/wp-content\/uploads\/2014\/06\/20140606-01-070.jpg?resize=700%2C400 2x"},"classes":[]},{"id":17573,"url":"http:\/\/www.rockpixx.com\/wordpress\/firth-of-drangiss-20-03-2015-baltic-open-air-warm-up-schleswig\/","url_meta":{"origin":12003,"position":2},"title":"Firth of Drangiss, 20.03.2015, Baltic Open Air Warm Up, Schleswig","author":"Anja","date":"21. M\u00e4rz 2015","format":false,"excerpt":"\u201eFemale fronted Powermetal aus Kiel mit progressive Einfl\u00fcssen\u201c \u2013 ich habe mich ja schon h\u00e4ufig \u00fcber Pressetext-Prosa am\u00fcsiert, das ist jetzt ein Zitat aus dem unersch\u00f6pflichen Bereich der Moderatoren-Prosa. Wie sich die Dinge doch gleichen. \u201eFirth of Drangiss\u201c das sind 6 Musiker und eine Frontfrau. Ihre Musik und die Texte\u2026","rel":"","context":"In &quot;Acts&quot;","block_context":{"text":"Acts","link":"http:\/\/www.rockpixx.com\/wordpress\/category\/acts\/"},"img":{"alt_text":"Firth of Drangiss, BOA WarmUp, Schleswig, 20.03.2015","src":"https:\/\/i0.wp.com\/www.rockpixx.com\/wordpress\/wp-content\/uploads\/2015\/03\/20150320-07-014_firth-of-drangiss_Artikel.jpg?resize=350%2C200","width":350,"height":200,"srcset":"https:\/\/i0.wp.com\/www.rockpixx.com\/wordpress\/wp-content\/uploads\/2015\/03\/20150320-07-014_firth-of-drangiss_Artikel.jpg?resize=350%2C200 1x, https:\/\/i0.wp.com\/www.rockpixx.com\/wordpress\/wp-content\/uploads\/2015\/03\/20150320-07-014_firth-of-drangiss_Artikel.jpg?resize=525%2C300 1.5x, https:\/\/i0.wp.com\/www.rockpixx.com\/wordpress\/wp-content\/uploads\/2015\/03\/20150320-07-014_firth-of-drangiss_Artikel.jpg?resize=700%2C400 2x"},"classes":[]},{"id":20584,"url":"http:\/\/www.rockpixx.com\/wordpress\/helvetica-16-07-2016-devilish-night-2-roxy-flensburg\/","url_meta":{"origin":12003,"position":3},"title":"Helvetica, 16.07.2016, Devilish Night 2, Roxy, Flensburg","author":"A. Hahl","date":"18. Juli 2016","format":false,"excerpt":"\u201eHelvetica\u201c aus Hamburg steht als letzte Band des Abends auf der B\u00fchne \u2013 drau\u00dfen graut bereits der Morgen. Ich bin vorab schon vorsichtig optimistisch bez\u00fcglich eines guten Ausklanges der Nacht, steht doch ein Keyboard-Rack auf der B\u00fchne. Und dann kommt SIE im schicken Outfit auf die B\u00fchne, \u00f6ffnet ihren Mund\u2026","rel":"","context":"In &quot;Acts&quot;","block_context":{"text":"Acts","link":"http:\/\/www.rockpixx.com\/wordpress\/category\/acts\/"},"img":{"alt_text":"Helvetica, 16.07.2016, Flensburg, Develish Night 2, Roxy","src":"https:\/\/i0.wp.com\/www.rockpixx.com\/wordpress\/wp-content\/uploads\/2016\/07\/20160716-09-044.jpg?resize=350%2C200","width":350,"height":200,"srcset":"https:\/\/i0.wp.com\/www.rockpixx.com\/wordpress\/wp-content\/uploads\/2016\/07\/20160716-09-044.jpg?resize=350%2C200 1x, https:\/\/i0.wp.com\/www.rockpixx.com\/wordpress\/wp-content\/uploads\/2016\/07\/20160716-09-044.jpg?resize=525%2C300 1.5x, https:\/\/i0.wp.com\/www.rockpixx.com\/wordpress\/wp-content\/uploads\/2016\/07\/20160716-09-044.jpg?resize=700%2C400 2x"},"classes":[]},{"id":11965,"url":"http:\/\/www.rockpixx.com\/wordpress\/doro-02-08-2013-wacken-woa-2013\/","url_meta":{"origin":12003,"position":4},"title":"Doro, 02.08.2013, Wacken, W:O:A 2013","author":"Anja","date":"6. August 2013","format":false,"excerpt":"Doro Pesch komponiert ja nicht nur die Hymnen f\u00fcr Ihre Freundin die Boxerin Regina Halmich, sondern ist nat\u00fcrlich auch so etwas wie die \u201eMetal-Queen\u201c in der gesamten Szene. In diesem Jahr begeht sie ihr 30-j\u00e4hriges B\u00fchnenjubil\u00e4um und so etwas will nat\u00fcrlich standesgem\u00e4\u00df in Wacken zelebriert werden. Also st\u00fcrmt sie nach\u2026","rel":"","context":"In &quot;Acts&quot;","block_context":{"text":"Acts","link":"http:\/\/www.rockpixx.com\/wordpress\/category\/acts\/"},"img":{"alt_text":"","src":"https:\/\/i0.wp.com\/www.rockpixx.com\/wordpress\/wp-content\/uploads\/2013\/08\/20130802-06-387_doro.jpg?resize=350%2C200","width":350,"height":200,"srcset":"https:\/\/i0.wp.com\/www.rockpixx.com\/wordpress\/wp-content\/uploads\/2013\/08\/20130802-06-387_doro.jpg?resize=350%2C200 1x, https:\/\/i0.wp.com\/www.rockpixx.com\/wordpress\/wp-content\/uploads\/2013\/08\/20130802-06-387_doro.jpg?resize=525%2C300 1.5x, https:\/\/i0.wp.com\/www.rockpixx.com\/wordpress\/wp-content\/uploads\/2013\/08\/20130802-06-387_doro.jpg?resize=700%2C400 2x"},"classes":[]},{"id":1039,"url":"http:\/\/www.rockpixx.com\/wordpress\/nachbetrachtung-hahlfoto-de-und-ausblick\/","url_meta":{"origin":12003,"position":5},"title":"Nachbetrachtung, hahlfoto.de und Ausblick","author":"admin","date":"23. November 2010","format":false,"excerpt":"Moin, was gab es in der letzten Zeit Spannendes zu vermelden und was kommt demn\u00e4chst? Im September und Oktober haben wir keine Konzerte fotografiert, daf\u00fcr standen zu viele andere Projekte auf der Tagesordnung. Eines davon ist sogar ein Eigenes gewesen: Nach langer Zeit haben wir endlich einmal einen Relaunch unserer\u2026","rel":"","context":"In &quot;2010&quot;","block_context":{"text":"2010","link":"http:\/\/www.rockpixx.com\/wordpress\/category\/backstage\/2010\/"},"img":{"alt_text":"hahlfoto.de","src":"https:\/\/i0.wp.com\/www.rockpixx.com\/wordpress\/wp-content\/uploads\/2010\/11\/2011123-hahlfoto.jpg?resize=350%2C200","width":350,"height":200,"srcset":"https:\/\/i0.wp.com\/www.rockpixx.com\/wordpress\/wp-content\/uploads\/2010\/11\/2011123-hahlfoto.jpg?resize=350%2C200 1x, https:\/\/i0.wp.com\/www.rockpixx.com\/wordpress\/wp-content\/uploads\/2010\/11\/2011123-hahlfoto.jpg?resize=525%2C300 1.5x, https:\/\/i0.wp.com\/www.rockpixx.com\/wordpress\/wp-content\/uploads\/2010\/11\/2011123-hahlfoto.jpg?resize=700%2C400 2x"},"classes":[]}],"jetpack_sharing_enabled":true,"publishpress_future_action":{"enabled":false,"date":"2026-05-06 21:43:45","action":"change-status","newStatus":"draft","terms":[],"taxonomy":"category","extraData":[]},"publishpress_future_workflow_manual_trigger":{"enabledWorkflows":[]},"_links":{"self":[{"href":"http:\/\/www.rockpixx.com\/wordpress\/wp-json\/wp\/v2\/posts\/12003","targetHints":{"allow":["GET"]}}],"collection":[{"href":"http:\/\/www.rockpixx.com\/wordpress\/wp-json\/wp\/v2\/posts"}],"about":[{"href":"http:\/\/www.rockpixx.com\/wordpress\/wp-json\/wp\/v2\/types\/post"}],"author":[{"embeddable":true,"href":"http:\/\/www.rockpixx.com\/wordpress\/wp-json\/wp\/v2\/users\/1"}],"replies":[{"embeddable":true,"href":"http:\/\/www.rockpixx.com\/wordpress\/wp-json\/wp\/v2\/comments?post=12003"}],"version-history":[{"count":0,"href":"http:\/\/www.rockpixx.com\/wordpress\/wp-json\/wp\/v2\/posts\/12003\/revisions"}],"wp:featuredmedia":[{"embeddable":true,"href":"http:\/\/www.rockpixx.com\/wordpress\/wp-json\/wp\/v2\/media\/12004"}],"wp:attachment":[{"href":"http:\/\/www.rockpixx.com\/wordpress\/wp-json\/wp\/v2\/media?parent=12003"}],"wp:term":[{"taxonomy":"category","embeddable":true,"href":"http:\/\/www.rockpixx.com\/wordpress\/wp-json\/wp\/v2\/categories?post=12003"},{"taxonomy":"post_tag","embeddable":true,"href":"http:\/\/www.rockpixx.com\/wordpress\/wp-json\/wp\/v2\/tags?post=12003"}],"curies":[{"name":"wp","href":"https:\/\/api.w.org\/{rel}","templated":true}]}}