{"id":12016,"date":"2013-08-19T19:21:14","date_gmt":"2013-08-19T18:21:14","guid":{"rendered":"http:\/\/rockpixx.com\/wordpress\/?p=12016"},"modified":"2016-08-15T12:05:50","modified_gmt":"2016-08-15T11:05:50","slug":"cherry-gehring-und-band-18-08-2013-schleswig-auf-der-freiheit","status":"publish","type":"post","link":"http:\/\/www.rockpixx.com\/wordpress\/cherry-gehring-und-band-18-08-2013-schleswig-auf-der-freiheit\/","title":{"rendered":"Cherry Gehring und Band, 18.08.2013, Schleswig, Auf der Freiheit"},"content":{"rendered":"<p>Die erste Vorband des Abends sind die Musiker um Cherry Gehring, der unter anderem \u201ePUR\u201c auf deren Touren und im Studio unterst\u00fctzt.<!--more--><\/p>\n<p>Auf Grund der Wetterlage bef\u00fcrchteten einige, dass die Veranstaltung zum Wasserballett mutiert, aber das waren dann eindeutig Besucher aus dem S\u00fcden der Republik. Wir Norddeutsche wissen: Ein kurzer heftiger Regen und dann kommt schon wieder Sonnenschein. So war es auch an diesem Sonntag \u2013 noch schnell die letzten Pf\u00fctzen vom Catwalk gefegt und schon legte das Multitalent Cherry Gehring los. Auch wenn ein Gro\u00dfteil des anwesenden Publikums manche im \u201eschw\u00e4bschen Dialekt\u201c vorgetragenen Lieder vielleicht nicht verstanden hat, so tat es der Stimmung keinen Abbruch. Cherry und Kollegen \u00fcbergaben dann\u00a0den Staffelstab an die M\u00fcnchner Freiheit.<\/p>\n<p align=\"right\">Fotos: <a href=\"mailto:info@rockpixx.com?subject=Cherry%20Gehring%20Band,%2018.08.2013,%20Auf%20der%20Freiheit,%20Schleswig\">Alex<\/a>, <a href=\"mailto:a.roselt@rockpixx.com?subject=Cherry%20Gehring%20Band,%2018.08.2013,%20Auf%20der%20Freiheit,%20Schleswig\">Anja<\/a> | Text: <a href=\"mailto:a.roselt@rockpixx.com?subject=Cherry%20Gehring%20Band,%2018.08.2013,%20Auf%20der%20Freiheit,%20Schleswig\">Anja<\/a><\/p>\n<p>&nbsp;<\/p>\n<p style=\"text-align: left;\" align=\"right\"><div class=\"eat-left eat-right\"><div class=\"thumbs-masonry isotope\"><div class=\"isotope-item block-2 block-h-2\"><a href=\"http:\/\/www.rockpixx.com\/wordpress\/wp-content\/uploads\/2016\/08\/20130818-01-007.jpg\" rel=\"prettyPhoto[postgal_21016]\" class=\"show-hover-link block-h-2\"\"><img decoding=\"async\" src=\"http:\/\/www.rockpixx.com\/wordpress\/wp-content\/uploads\/2016\/08\/20130818-01-007-480x480.jpg\" alt=\"Cherry Gehring &amp; Band, 18.08.2013, Schleswig, Pur OpenAir\"\/><span class=\"before\"><\/span><span class=\"after\"><\/span><\/a><\/div><div class=\"isotope-item block-1 block-h-1\"><a href=\"http:\/\/www.rockpixx.com\/wordpress\/wp-content\/uploads\/2016\/08\/20130818-01-028.jpg\" rel=\"prettyPhoto[postgal_21016]\" class=\"show-hover-link block-h-1\"\"><img decoding=\"async\" src=\"http:\/\/www.rockpixx.com\/wordpress\/wp-content\/uploads\/2016\/08\/20130818-01-028-480x480.jpg\" alt=\"Cherry Gehring &amp; Band, 18.08.2013, Schleswig, Pur OpenAir\"\/><span class=\"before\"><\/span><span class=\"after\"><\/span><\/a><\/div><div class=\"isotope-item block-1 block-h-1\"><a href=\"http:\/\/www.rockpixx.com\/wordpress\/wp-content\/uploads\/2016\/08\/20130818-01-041.jpg\" rel=\"prettyPhoto[postgal_21016]\" class=\"show-hover-link block-h-1\"\"><img decoding=\"async\" src=\"http:\/\/www.rockpixx.com\/wordpress\/wp-content\/uploads\/2016\/08\/20130818-01-041-480x480.jpg\" alt=\"Cherry Gehring &amp; Band, 18.08.2013, Schleswig, Pur OpenAir\"\/><span class=\"before\"><\/span><span class=\"after\"><\/span><\/a><\/div><div class=\"isotope-item block-2 block-h-2\"><a href=\"http:\/\/www.rockpixx.com\/wordpress\/wp-content\/uploads\/2016\/08\/20130818-01-053.jpg\" rel=\"prettyPhoto[postgal_21016]\" class=\"show-hover-link block-h-2\"\"><img decoding=\"async\" src=\"http:\/\/www.rockpixx.com\/wordpress\/wp-content\/uploads\/2016\/08\/20130818-01-053-480x480.jpg\" alt=\"Cherry Gehring &amp; Band, 18.08.2013, Schleswig, Pur OpenAir\"\/><span class=\"before\"><\/span><span class=\"after\"><\/span><\/a><\/div><div class=\"isotope-item block-1 block-h-1\"><a href=\"http:\/\/www.rockpixx.com\/wordpress\/wp-content\/uploads\/2016\/08\/20130818-01-058.jpg\" rel=\"prettyPhoto[postgal_21016]\" class=\"show-hover-link block-h-1\"\"><img decoding=\"async\" src=\"http:\/\/www.rockpixx.com\/wordpress\/wp-content\/uploads\/2016\/08\/20130818-01-058-480x480.jpg\" alt=\"Cherry Gehring &amp; Band, 18.08.2013, Schleswig, Pur OpenAir\"\/><span class=\"before\"><\/span><span class=\"after\"><\/span><\/a><\/div><div class=\"isotope-item block-1 block-h-1\"><a href=\"http:\/\/www.rockpixx.com\/wordpress\/wp-content\/uploads\/2016\/08\/20130818-01-068.jpg\" rel=\"prettyPhoto[postgal_21016]\" class=\"show-hover-link block-h-1\"\"><img decoding=\"async\" src=\"http:\/\/www.rockpixx.com\/wordpress\/wp-content\/uploads\/2016\/08\/20130818-01-068-480x480.jpg\" alt=\"Cherry Gehring &amp; Band, 18.08.2013, Schleswig, Pur OpenAir\"\/><span class=\"before\"><\/span><span class=\"after\"><\/span><\/a><\/div><div class=\"isotope-item block-2 block-h-2\"><a href=\"http:\/\/www.rockpixx.com\/wordpress\/wp-content\/uploads\/2016\/08\/20130818-01-112.jpg\" rel=\"prettyPhoto[postgal_21016]\" class=\"show-hover-link block-h-2\"\"><img decoding=\"async\" src=\"http:\/\/www.rockpixx.com\/wordpress\/wp-content\/uploads\/2016\/08\/20130818-01-112-480x480.jpg\" alt=\"Cherry Gehring &amp; Band, 18.08.2013, Schleswig, Pur OpenAir\"\/><span class=\"before\"><\/span><span class=\"after\"><\/span><\/a><\/div><div class=\"isotope-item block-1 block-h-1\"><a href=\"http:\/\/www.rockpixx.com\/wordpress\/wp-content\/uploads\/2016\/08\/20130818-01-129.jpg\" rel=\"prettyPhoto[postgal_21016]\" class=\"show-hover-link block-h-1\"\"><img decoding=\"async\" src=\"http:\/\/www.rockpixx.com\/wordpress\/wp-content\/uploads\/2016\/08\/20130818-01-129-480x480.jpg\" alt=\"Cherry Gehring &amp; Band, 18.08.2013, Schleswig, Pur OpenAir\"\/><span class=\"before\"><\/span><span class=\"after\"><\/span><\/a><\/div><div class=\"isotope-item block-1 block-h-1\"><a href=\"http:\/\/www.rockpixx.com\/wordpress\/wp-content\/uploads\/2016\/08\/20130818-01-133.jpg\" rel=\"prettyPhoto[postgal_21016]\" class=\"show-hover-link block-h-1\"\"><img decoding=\"async\" src=\"http:\/\/www.rockpixx.com\/wordpress\/wp-content\/uploads\/2016\/08\/20130818-01-133-480x480.jpg\" alt=\"Cherry Gehring &amp; Band, 18.08.2013, Schleswig, Pur OpenAir\"\/><span class=\"before\"><\/span><span class=\"after\"><\/span><\/a><\/div><div class=\"isotope-item block-2 block-h-2\"><a href=\"http:\/\/www.rockpixx.com\/wordpress\/wp-content\/uploads\/2016\/08\/20130818-01-161.jpg\" rel=\"prettyPhoto[postgal_21016]\" class=\"show-hover-link block-h-2\"\"><img decoding=\"async\" src=\"http:\/\/www.rockpixx.com\/wordpress\/wp-content\/uploads\/2016\/08\/20130818-01-161-480x480.jpg\" alt=\"Cherry Gehring &amp; Band, 18.08.2013, Schleswig, Pur OpenAir\"\/><span class=\"before\"><\/span><span class=\"after\"><\/span><\/a><\/div><\/div><\/div><\/p>\n","protected":false},"excerpt":{"rendered":"<p>Die erste Vorband des Abends sind die Musiker um Cherry Gehring, der unter anderem \u201ePUR\u201c <a href=\"http:\/\/www.rockpixx.com\/wordpress\/cherry-gehring-und-band-18-08-2013-schleswig-auf-der-freiheit\/\">Read more<\/a><\/p>\n","protected":false},"author":2,"featured_media":12021,"comment_status":"open","ping_status":"open","sticky":false,"template":"","format":"standard","meta":{"_jetpack_memberships_contains_paid_content":false,"footnotes":"","jetpack_publicize_message":"#CherryGehring und Band, 18.08.2013, #AufDerFreiheit, #Schleswig, #PurOpenAir","jetpack_publicize_feature_enabled":true,"jetpack_social_post_already_shared":true,"jetpack_social_options":{"image_generator_settings":{"template":"highway","default_image_id":0,"font":"","enabled":false},"version":2}},"categories":[34,1577],"tags":[2065,2062,1257,1258,1749],"class_list":["post-12016","post","type-post","status-publish","format-standard","has-post-thumbnail","hentry","category-acts","category-cherry-gehring-und-band","tag-2065","tag-auf-der-freiheit","tag-cherry-gehring-und-band","tag-pur-open-air","tag-schleswig"],"aioseo_notices":[],"jetpack_publicize_connections":[],"jetpack_featured_media_url":"http:\/\/www.rockpixx.com\/wordpress\/wp-content\/uploads\/2013\/08\/20130818-01-161_cherry-gehring-Artikel.jpg","jetpack-related-posts":[{"id":21043,"url":"http:\/\/www.rockpixx.com\/wordpress\/pur-13-08-2016-eckernfoerde-suedstrand\/","url_meta":{"origin":12016,"position":0},"title":"PUR, 13.08.2016, Eckernf\u00f6rde, S\u00fcdstrand","author":"A. Hahl","date":"15. August 2016","format":false,"excerpt":"Die \u201eSch\u00fclerband von vor 35 Jahren\u201c steht erneut nach 2013 vor unseren Kameras und irgendwie sind die Musiker um Hartmut Engler schon seit einiger Zeit nicht mehr wirklich gealtert. Ich muss es ja zugeben: Die Musik von \u201ePUR\u201c ist nun wirklich nicht meine, aber ich bewundere die Musiker f\u00fcr ihren\u2026","rel":"","context":"In &quot;Acts&quot;","block_context":{"text":"Acts","link":"http:\/\/www.rockpixx.com\/wordpress\/category\/acts\/"},"img":{"alt_text":"PUR, 13.08.2016, Eckernf\u00f6rde, S\u00fcdstrand","src":"https:\/\/i0.wp.com\/www.rockpixx.com\/wordpress\/wp-content\/uploads\/2016\/08\/20160813-02-116.jpg?resize=350%2C200","width":350,"height":200,"srcset":"https:\/\/i0.wp.com\/www.rockpixx.com\/wordpress\/wp-content\/uploads\/2016\/08\/20160813-02-116.jpg?resize=350%2C200 1x, https:\/\/i0.wp.com\/www.rockpixx.com\/wordpress\/wp-content\/uploads\/2016\/08\/20160813-02-116.jpg?resize=525%2C300 1.5x, https:\/\/i0.wp.com\/www.rockpixx.com\/wordpress\/wp-content\/uploads\/2016\/08\/20160813-02-116.jpg?resize=700%2C400 2x"},"classes":[]},{"id":12039,"url":"http:\/\/www.rockpixx.com\/wordpress\/pur-18-08-2013-schleswig-auf-der-freiheit\/","url_meta":{"origin":12016,"position":1},"title":"PUR, 18.08.2013, Schleswig, Auf der Freiheit","author":"Anja","date":"19. August 2013","format":false,"excerpt":"Vom Klaviersch\u00fcler zum Frontmann einer Band, die seit mehr als 30 Jahren im Musikgesch\u00e4ft erfolgreich ist. So k\u00f6nnte man die eine Kurzbeschreibung von Hartmut Engler und \u201ePUR\u201c schreiben. Die bisherige Bandgeschichte ist von 20 Platin- und 10 Gold-Auszeichnungen, einem Bambi, mehreren Echos, Goldenen Stimmgabeln, Goldenen Europas und einer Goldenen Kamera\u2026","rel":"","context":"In &quot;Acts&quot;","block_context":{"text":"Acts","link":"http:\/\/www.rockpixx.com\/wordpress\/category\/acts\/"},"img":{"alt_text":"","src":"https:\/\/i0.wp.com\/www.rockpixx.com\/wordpress\/wp-content\/uploads\/2013\/08\/20130818-03-216_pur-Artikel.jpg?resize=350%2C200","width":350,"height":200,"srcset":"https:\/\/i0.wp.com\/www.rockpixx.com\/wordpress\/wp-content\/uploads\/2013\/08\/20130818-03-216_pur-Artikel.jpg?resize=350%2C200 1x, https:\/\/i0.wp.com\/www.rockpixx.com\/wordpress\/wp-content\/uploads\/2013\/08\/20130818-03-216_pur-Artikel.jpg?resize=525%2C300 1.5x, https:\/\/i0.wp.com\/www.rockpixx.com\/wordpress\/wp-content\/uploads\/2013\/08\/20130818-03-216_pur-Artikel.jpg?resize=700%2C400 2x"},"classes":[]},{"id":12027,"url":"http:\/\/www.rockpixx.com\/wordpress\/muenchener-freiheit-18-08-2013-schleswig-auf-der-freiheit\/","url_meta":{"origin":12016,"position":2},"title":"M\u00fcnchener Freiheit, 18.08.2013, Schleswig, Auf der Freiheit","author":"Anja","date":"19. August 2013","format":false,"excerpt":"\u2026und nun die \u201eM\u00fcnchener Freiheit\u201c auf der Schleswiger Freiheit. Angekommen im gr\u00f6\u00dften Regen, stehen nun die Musiker der \u201eM\u00fcnchener Freiheit\u201c zusammen mit ihrem neuen S\u00e4nger Tim Wilhelm im sch\u00f6nsten Sonnenschein auf der B\u00fchne. Der Blick von der B\u00fchne ist grandios\u2026 ein begeistertes Publikum und die Schlei zur Rechten, da macht\u2026","rel":"","context":"In &quot;Acts&quot;","block_context":{"text":"Acts","link":"http:\/\/www.rockpixx.com\/wordpress\/category\/acts\/"},"img":{"alt_text":"","src":"https:\/\/i0.wp.com\/www.rockpixx.com\/wordpress\/wp-content\/uploads\/2013\/08\/20130818-02-171_muenchner-freiheit-Artikel.jpg?resize=350%2C200","width":350,"height":200,"srcset":"https:\/\/i0.wp.com\/www.rockpixx.com\/wordpress\/wp-content\/uploads\/2013\/08\/20130818-02-171_muenchner-freiheit-Artikel.jpg?resize=350%2C200 1x, https:\/\/i0.wp.com\/www.rockpixx.com\/wordpress\/wp-content\/uploads\/2013\/08\/20130818-02-171_muenchner-freiheit-Artikel.jpg?resize=525%2C300 1.5x, https:\/\/i0.wp.com\/www.rockpixx.com\/wordpress\/wp-content\/uploads\/2013\/08\/20130818-02-171_muenchner-freiheit-Artikel.jpg?resize=700%2C400 2x"},"classes":[]},{"id":17495,"url":"http:\/\/www.rockpixx.com\/wordpress\/eyes-shut-tight-28-02-2015-dark-culture-schleswig\/","url_meta":{"origin":12016,"position":3},"title":"Eyes Shut Tight, 28.02.2015, Dark Culture, Schleswig","author":"Anja","date":"1. M\u00e4rz 2015","format":false,"excerpt":"Hamburg\u2026 Alternative Rock\u2026 Indie Rock\u2026 oder aber als Presseprosa: \u201eEyes Shut Tight wagen sich in die dunklen Ecken der Seele vor. [\u2026]\u201c Nun denn! Auf der B\u00fchne ist es zumindest schon mal dunkel\u2026 Die Musik fasziniert mich auf Anhieb: Ein dunkler treibender Beat von den Drums wummert und wird wirkungsvoll\u2026","rel":"","context":"In &quot;Acts&quot;","block_context":{"text":"Acts","link":"http:\/\/www.rockpixx.com\/wordpress\/category\/acts\/"},"img":{"alt_text":"","src":"https:\/\/i0.wp.com\/www.rockpixx.com\/wordpress\/wp-content\/uploads\/2015\/03\/20150228-03-140_eyes-shut-tight_Artikel.jpg?resize=350%2C200","width":350,"height":200,"srcset":"https:\/\/i0.wp.com\/www.rockpixx.com\/wordpress\/wp-content\/uploads\/2015\/03\/20150228-03-140_eyes-shut-tight_Artikel.jpg?resize=350%2C200 1x, https:\/\/i0.wp.com\/www.rockpixx.com\/wordpress\/wp-content\/uploads\/2015\/03\/20150228-03-140_eyes-shut-tight_Artikel.jpg?resize=525%2C300 1.5x, https:\/\/i0.wp.com\/www.rockpixx.com\/wordpress\/wp-content\/uploads\/2015\/03\/20150228-03-140_eyes-shut-tight_Artikel.jpg?resize=700%2C400 2x"},"classes":[]},{"id":9031,"url":"http:\/\/www.rockpixx.com\/wordpress\/barock-08-09-2012-schleswig-boa-2012\/","url_meta":{"origin":12016,"position":4},"title":"Barock, 08.09.2012, Schleswig, B:O:A 2012","author":"Anja","date":"8. September 2012","format":false,"excerpt":"\u2192 \u201eBarock\u008d\u201c die 28. Auflage (ich bin ehrlich \u2013 ich musste nachschauen). Ja es kommen einige Konzerte zusammen, wenn man eine Band schon 5 Jahre auf ihren Konzerten begleitet. Das uns die Show, die die Musiker von \u201eBarock\u201c auf die B\u00fchne zaubern, immer noch begeistert, brauche ich ja nicht zu\u2026","rel":"","context":"In &quot;AC\/DC&quot;","block_context":{"text":"AC\/DC","link":"http:\/\/www.rockpixx.com\/wordpress\/category\/acts\/tributebands\/acdc\/"},"img":{"alt_text":"Barock, 08.09.2012, Schleswig, B:O:A 2012","src":"https:\/\/i0.wp.com\/www.rockpixx.com\/wordpress\/wp-content\/uploads\/2013\/02\/20120908-06-barock-Artikel.jpg?resize=350%2C200","width":350,"height":200,"srcset":"https:\/\/i0.wp.com\/www.rockpixx.com\/wordpress\/wp-content\/uploads\/2013\/02\/20120908-06-barock-Artikel.jpg?resize=350%2C200 1x, https:\/\/i0.wp.com\/www.rockpixx.com\/wordpress\/wp-content\/uploads\/2013\/02\/20120908-06-barock-Artikel.jpg?resize=525%2C300 1.5x, https:\/\/i0.wp.com\/www.rockpixx.com\/wordpress\/wp-content\/uploads\/2013\/02\/20120908-06-barock-Artikel.jpg?resize=700%2C400 2x"},"classes":[]},{"id":9010,"url":"http:\/\/www.rockpixx.com\/wordpress\/torfrock-08-09-2012-schleswig-boa-2012\/","url_meta":{"origin":12016,"position":5},"title":"Torfrock, 08.09.2012, Schleswig, B:O:A 2012","author":"Anja","date":"8. September 2012","format":false,"excerpt":"\u201eTorfrock\u201c\u2026 und erneut ist unsere Pressebetreuerin nicht auf Zack: Die Fotografen werden nicht \u00fcber den (leicht ge\u00e4nderten) Ablauf informiert. Dies bringt uns dann ganz sch\u00f6n zum Rennen, denn wenn die Band 15 Minuten fr\u00fcher nach dem neuen Line-Up anf\u00e4ngt und wir noch \u00fcber das ganze Festivalgel\u00e4nde durch die Zuschauermenge m\u00fcssen,\u2026","rel":"","context":"In &quot;Acts&quot;","block_context":{"text":"Acts","link":"http:\/\/www.rockpixx.com\/wordpress\/category\/acts\/"},"img":{"alt_text":"Torfrock, 08.09.2012, Schleswig, B:O:A 2012","src":"https:\/\/i0.wp.com\/www.rockpixx.com\/wordpress\/wp-content\/uploads\/2013\/02\/20120908-03-torfrock-Artikel.jpg?resize=350%2C200","width":350,"height":200,"srcset":"https:\/\/i0.wp.com\/www.rockpixx.com\/wordpress\/wp-content\/uploads\/2013\/02\/20120908-03-torfrock-Artikel.jpg?resize=350%2C200 1x, https:\/\/i0.wp.com\/www.rockpixx.com\/wordpress\/wp-content\/uploads\/2013\/02\/20120908-03-torfrock-Artikel.jpg?resize=525%2C300 1.5x, https:\/\/i0.wp.com\/www.rockpixx.com\/wordpress\/wp-content\/uploads\/2013\/02\/20120908-03-torfrock-Artikel.jpg?resize=700%2C400 2x"},"classes":[]}],"jetpack_sharing_enabled":true,"publishpress_future_action":{"enabled":false,"date":"2026-05-08 11:19:50","action":"change-status","newStatus":"draft","terms":[],"taxonomy":"category","extraData":[]},"publishpress_future_workflow_manual_trigger":{"enabledWorkflows":[]},"_links":{"self":[{"href":"http:\/\/www.rockpixx.com\/wordpress\/wp-json\/wp\/v2\/posts\/12016","targetHints":{"allow":["GET"]}}],"collection":[{"href":"http:\/\/www.rockpixx.com\/wordpress\/wp-json\/wp\/v2\/posts"}],"about":[{"href":"http:\/\/www.rockpixx.com\/wordpress\/wp-json\/wp\/v2\/types\/post"}],"author":[{"embeddable":true,"href":"http:\/\/www.rockpixx.com\/wordpress\/wp-json\/wp\/v2\/users\/2"}],"replies":[{"embeddable":true,"href":"http:\/\/www.rockpixx.com\/wordpress\/wp-json\/wp\/v2\/comments?post=12016"}],"version-history":[{"count":0,"href":"http:\/\/www.rockpixx.com\/wordpress\/wp-json\/wp\/v2\/posts\/12016\/revisions"}],"wp:featuredmedia":[{"embeddable":true,"href":"http:\/\/www.rockpixx.com\/wordpress\/wp-json\/wp\/v2\/media\/12021"}],"wp:attachment":[{"href":"http:\/\/www.rockpixx.com\/wordpress\/wp-json\/wp\/v2\/media?parent=12016"}],"wp:term":[{"taxonomy":"category","embeddable":true,"href":"http:\/\/www.rockpixx.com\/wordpress\/wp-json\/wp\/v2\/categories?post=12016"},{"taxonomy":"post_tag","embeddable":true,"href":"http:\/\/www.rockpixx.com\/wordpress\/wp-json\/wp\/v2\/tags?post=12016"}],"curies":[{"name":"wp","href":"https:\/\/api.w.org\/{rel}","templated":true}]}}