{"id":12027,"date":"2013-08-19T19:53:09","date_gmt":"2013-08-19T18:53:09","guid":{"rendered":"http:\/\/rockpixx.com\/wordpress\/?p=12027"},"modified":"2013-08-19T20:06:32","modified_gmt":"2013-08-19T19:06:32","slug":"muenchener-freiheit-18-08-2013-schleswig-auf-der-freiheit","status":"publish","type":"post","link":"http:\/\/www.rockpixx.com\/wordpress\/muenchener-freiheit-18-08-2013-schleswig-auf-der-freiheit\/","title":{"rendered":"M\u00fcnchener Freiheit, 18.08.2013, Schleswig, Auf der Freiheit"},"content":{"rendered":"<p>\u2026und nun die \u201eM\u00fcnchener Freiheit\u201c auf der Schleswiger Freiheit. Angekommen im gr\u00f6\u00dften Regen, stehen nun die Musiker der \u201eM\u00fcnchener Freiheit\u201c zusammen mit ihrem neuen S\u00e4nger Tim Wilhelm im sch\u00f6nsten Sonnenschein auf der B\u00fchne. Der Blick von der B\u00fchne ist grandios\u2026 ein begeistertes Publikum und die Schlei zur Rechten, da macht das Arbeiten Spa\u00df.<!--more--><\/p>\n<p>Wir alle erlebten eine spielfreudige Band und nat\u00fcrlich durften die Hits wie \u201eS.O.S\u201c und \u201eTausendmal Du\u201c nicht fehlen. S\u00e4nger Tim Wilhelm verriet zu Anfang des Auftritts, dass die \u201eM\u00fcnchener Freiheit\u201c in Edel Music aus Hamburg eine neue Plattenfirma gefunden hat. Das l\u00e4sst die Fans auf ein Neues Album hoffen. Wir sind gespannt.<\/p>\n<p>Kleine Anmerkung am Rande: Ich erlebte ja schon die unterschiedlichsten Verwendungszwecke von Gaffa-Tape, sei es um eingerissene Werbebanner an B\u00fchnen zu flicken, sei es zur Reparatur kaputter Turnschuhe auf einer Tour, sei es als Beschriftungsetiketten von Benzinkanistern, \u2192\u00a0<a title=\"DEICHBRAND-Tagebuch 2011 - Tag 2\" href=\"http:\/\/rockpixx.com\/wordpress\/deichbrand-festival-2011-tag-2\/\">Deichbrand-Tagebuch 2011 &#8211; Tag 2<\/a> usw.. Heute kam ein neuer Verwendungszweck dazu, das Festhalten von st\u00f6rrischen In-Ears im Ohr des Musikers.<\/p>\n<p align=\"right\">Fotos: <a href=\"mailto:info@rockpixx.com?subject=M\u00fcnchner%20Freiheit,%2018.08.2013,%20Auf%20der%20Freiheit,%20Schleswig\">Alex<\/a>, <a href=\"mailto:a.roselt@rockpixx.com?subject=M\u00fcnchner%20Freiheit,%2018.08.2013,%20Auf%20der%20Freiheit,%20Schleswig\">Anja<\/a> | Text: <a href=\"mailto:a.roselt@rockpixx.com?subject=M\u00fcnchner%20Freiheit,%2018.08.2013,%20Auf%20der%20Freiheit,%20Schleswig\">Anja<\/a><\/p>\n<p style=\"text-align: left;\" align=\"right\">[slideshow id=395]<\/p>\n","protected":false},"excerpt":{"rendered":"<p>\u2026und nun die \u201eM\u00fcnchener Freiheit\u201c auf der Schleswiger Freiheit. Angekommen im gr\u00f6\u00dften Regen, stehen nun <a href=\"http:\/\/www.rockpixx.com\/wordpress\/muenchener-freiheit-18-08-2013-schleswig-auf-der-freiheit\/\">Read more<\/a><\/p>\n","protected":false},"author":2,"featured_media":12028,"comment_status":"open","ping_status":"open","sticky":false,"template":"","format":"standard","meta":{"_jetpack_memberships_contains_paid_content":false,"footnotes":"","jetpack_publicize_message":"#M\u00fcnchnerFreiheit, 18.08.2013, #Schleswig, #AufDerFreiheit, #PUROpenAir","jetpack_publicize_feature_enabled":true,"jetpack_social_post_already_shared":true,"jetpack_social_options":{"image_generator_settings":{"template":"highway","default_image_id":0,"font":"","enabled":false},"version":2}},"categories":[34,1259],"tags":[2065,2062,2274,1258,1749],"class_list":["post-12027","post","type-post","status-publish","format-standard","has-post-thumbnail","hentry","category-acts","category-muenchener-freiheit","tag-2065","tag-auf-der-freiheit","tag-muenchener-freiheit","tag-pur-open-air","tag-schleswig"],"aioseo_notices":[],"jetpack_publicize_connections":[],"jetpack_featured_media_url":"http:\/\/www.rockpixx.com\/wordpress\/wp-content\/uploads\/2013\/08\/20130818-02-171_muenchner-freiheit-Artikel.jpg","jetpack-related-posts":[{"id":12016,"url":"http:\/\/www.rockpixx.com\/wordpress\/cherry-gehring-und-band-18-08-2013-schleswig-auf-der-freiheit\/","url_meta":{"origin":12027,"position":0},"title":"Cherry Gehring und Band, 18.08.2013, Schleswig, Auf der Freiheit","author":"Anja","date":"19. August 2013","format":false,"excerpt":"Die erste Vorband des Abends sind die Musiker um Cherry Gehring, der unter anderem \u201ePUR\u201c auf deren Touren und im Studio unterst\u00fctzt. Auf Grund der Wetterlage bef\u00fcrchteten einige, dass die Veranstaltung zum Wasserballett mutiert, aber das waren dann eindeutig Besucher aus dem S\u00fcden der Republik. Wir Norddeutsche wissen: Ein kurzer\u2026","rel":"","context":"In &quot;Acts&quot;","block_context":{"text":"Acts","link":"http:\/\/www.rockpixx.com\/wordpress\/category\/acts\/"},"img":{"alt_text":"","src":"https:\/\/i0.wp.com\/www.rockpixx.com\/wordpress\/wp-content\/uploads\/2013\/08\/20130818-01-161_cherry-gehring-Artikel.jpg?resize=350%2C200","width":350,"height":200,"srcset":"https:\/\/i0.wp.com\/www.rockpixx.com\/wordpress\/wp-content\/uploads\/2013\/08\/20130818-01-161_cherry-gehring-Artikel.jpg?resize=350%2C200 1x, https:\/\/i0.wp.com\/www.rockpixx.com\/wordpress\/wp-content\/uploads\/2013\/08\/20130818-01-161_cherry-gehring-Artikel.jpg?resize=525%2C300 1.5x, https:\/\/i0.wp.com\/www.rockpixx.com\/wordpress\/wp-content\/uploads\/2013\/08\/20130818-01-161_cherry-gehring-Artikel.jpg?resize=700%2C400 2x"},"classes":[]},{"id":12039,"url":"http:\/\/www.rockpixx.com\/wordpress\/pur-18-08-2013-schleswig-auf-der-freiheit\/","url_meta":{"origin":12027,"position":1},"title":"PUR, 18.08.2013, Schleswig, Auf der Freiheit","author":"Anja","date":"19. August 2013","format":false,"excerpt":"Vom Klaviersch\u00fcler zum Frontmann einer Band, die seit mehr als 30 Jahren im Musikgesch\u00e4ft erfolgreich ist. So k\u00f6nnte man die eine Kurzbeschreibung von Hartmut Engler und \u201ePUR\u201c schreiben. Die bisherige Bandgeschichte ist von 20 Platin- und 10 Gold-Auszeichnungen, einem Bambi, mehreren Echos, Goldenen Stimmgabeln, Goldenen Europas und einer Goldenen Kamera\u2026","rel":"","context":"In &quot;Acts&quot;","block_context":{"text":"Acts","link":"http:\/\/www.rockpixx.com\/wordpress\/category\/acts\/"},"img":{"alt_text":"","src":"https:\/\/i0.wp.com\/www.rockpixx.com\/wordpress\/wp-content\/uploads\/2013\/08\/20130818-03-216_pur-Artikel.jpg?resize=350%2C200","width":350,"height":200,"srcset":"https:\/\/i0.wp.com\/www.rockpixx.com\/wordpress\/wp-content\/uploads\/2013\/08\/20130818-03-216_pur-Artikel.jpg?resize=350%2C200 1x, https:\/\/i0.wp.com\/www.rockpixx.com\/wordpress\/wp-content\/uploads\/2013\/08\/20130818-03-216_pur-Artikel.jpg?resize=525%2C300 1.5x, https:\/\/i0.wp.com\/www.rockpixx.com\/wordpress\/wp-content\/uploads\/2013\/08\/20130818-03-216_pur-Artikel.jpg?resize=700%2C400 2x"},"classes":[]},{"id":17495,"url":"http:\/\/www.rockpixx.com\/wordpress\/eyes-shut-tight-28-02-2015-dark-culture-schleswig\/","url_meta":{"origin":12027,"position":2},"title":"Eyes Shut Tight, 28.02.2015, Dark Culture, Schleswig","author":"Anja","date":"1. M\u00e4rz 2015","format":false,"excerpt":"Hamburg\u2026 Alternative Rock\u2026 Indie Rock\u2026 oder aber als Presseprosa: \u201eEyes Shut Tight wagen sich in die dunklen Ecken der Seele vor. [\u2026]\u201c Nun denn! Auf der B\u00fchne ist es zumindest schon mal dunkel\u2026 Die Musik fasziniert mich auf Anhieb: Ein dunkler treibender Beat von den Drums wummert und wird wirkungsvoll\u2026","rel":"","context":"In &quot;Acts&quot;","block_context":{"text":"Acts","link":"http:\/\/www.rockpixx.com\/wordpress\/category\/acts\/"},"img":{"alt_text":"","src":"https:\/\/i0.wp.com\/www.rockpixx.com\/wordpress\/wp-content\/uploads\/2015\/03\/20150228-03-140_eyes-shut-tight_Artikel.jpg?resize=350%2C200","width":350,"height":200,"srcset":"https:\/\/i0.wp.com\/www.rockpixx.com\/wordpress\/wp-content\/uploads\/2015\/03\/20150228-03-140_eyes-shut-tight_Artikel.jpg?resize=350%2C200 1x, https:\/\/i0.wp.com\/www.rockpixx.com\/wordpress\/wp-content\/uploads\/2015\/03\/20150228-03-140_eyes-shut-tight_Artikel.jpg?resize=525%2C300 1.5x, https:\/\/i0.wp.com\/www.rockpixx.com\/wordpress\/wp-content\/uploads\/2015\/03\/20150228-03-140_eyes-shut-tight_Artikel.jpg?resize=700%2C400 2x"},"classes":[]},{"id":17479,"url":"http:\/\/www.rockpixx.com\/wordpress\/haematom-28-02-2015-dark-culture-schleswig\/","url_meta":{"origin":12027,"position":3},"title":"H\u00e4matom, 28.02.2015, \u201eDark Culture\u201c, Schleswig","author":"Anja","date":"1. M\u00e4rz 2015","format":false,"excerpt":"\u201eH\u00e4matom\u201c sind auch so eine Band, die langsam aber sicher bei uns den Status \u201eWiederholungst\u00e4ter\u201c bekommt. Mehrere Male haben wir die vier Herren aller Himmelsrichtungen ja schon vor unseren Kameras gehabt und auch schon \u00fcber sie geschrieben. Witzigerweise haben wir sie erst im hohen Norden von Schleswig-Holstein kennen gelernt \u2013\u2026","rel":"","context":"In &quot;Acts&quot;","block_context":{"text":"Acts","link":"http:\/\/www.rockpixx.com\/wordpress\/category\/acts\/"},"img":{"alt_text":"","src":"https:\/\/i0.wp.com\/www.rockpixx.com\/wordpress\/wp-content\/uploads\/2015\/03\/20150228-02-037_h%C3%A4matom_Artikel.jpg?resize=350%2C200","width":350,"height":200,"srcset":"https:\/\/i0.wp.com\/www.rockpixx.com\/wordpress\/wp-content\/uploads\/2015\/03\/20150228-02-037_h%C3%A4matom_Artikel.jpg?resize=350%2C200 1x, https:\/\/i0.wp.com\/www.rockpixx.com\/wordpress\/wp-content\/uploads\/2015\/03\/20150228-02-037_h%C3%A4matom_Artikel.jpg?resize=525%2C300 1.5x, https:\/\/i0.wp.com\/www.rockpixx.com\/wordpress\/wp-content\/uploads\/2015\/03\/20150228-02-037_h%C3%A4matom_Artikel.jpg?resize=700%2C400 2x"},"classes":[]},{"id":12093,"url":"http:\/\/www.rockpixx.com\/wordpress\/timetraveller-24-08-2013-schleswig-baltic-open-air\/","url_meta":{"origin":12027,"position":4},"title":"Timetraveller, 24.08.2013, Schleswig, Baltic Open Air","author":"Anja","date":"30. August 2013","format":false,"excerpt":"\u00a0 Das Open Doors vom zweiten Tag auf dem Baltic Festival wird vom Spielmannszug aus Schleswig musikalisch begleitet, aber lange halten es die Festivalbesucher nicht bei den schick uniformierten Musikern aus. Denn auf der B\u00fchne stehen \u201eTimetraveller\u201c und so eine kraftvolle und rockige Stimme, verpackt in einer schmucken S\u00e4ngerin, ist\u2026","rel":"","context":"In &quot;Acts&quot;","block_context":{"text":"Acts","link":"http:\/\/www.rockpixx.com\/wordpress\/category\/acts\/"},"img":{"alt_text":"","src":"https:\/\/i0.wp.com\/www.rockpixx.com\/wordpress\/wp-content\/uploads\/2013\/08\/20130824-01-020_timetraveller-Artikel.jpg?resize=350%2C200","width":350,"height":200,"srcset":"https:\/\/i0.wp.com\/www.rockpixx.com\/wordpress\/wp-content\/uploads\/2013\/08\/20130824-01-020_timetraveller-Artikel.jpg?resize=350%2C200 1x, https:\/\/i0.wp.com\/www.rockpixx.com\/wordpress\/wp-content\/uploads\/2013\/08\/20130824-01-020_timetraveller-Artikel.jpg?resize=525%2C300 1.5x, https:\/\/i0.wp.com\/www.rockpixx.com\/wordpress\/wp-content\/uploads\/2013\/08\/20130824-01-020_timetraveller-Artikel.jpg?resize=700%2C400 2x"},"classes":[]},{"id":9031,"url":"http:\/\/www.rockpixx.com\/wordpress\/barock-08-09-2012-schleswig-boa-2012\/","url_meta":{"origin":12027,"position":5},"title":"Barock, 08.09.2012, Schleswig, B:O:A 2012","author":"Anja","date":"8. September 2012","format":false,"excerpt":"\u2192 \u201eBarock\u008d\u201c die 28. Auflage (ich bin ehrlich \u2013 ich musste nachschauen). Ja es kommen einige Konzerte zusammen, wenn man eine Band schon 5 Jahre auf ihren Konzerten begleitet. Das uns die Show, die die Musiker von \u201eBarock\u201c auf die B\u00fchne zaubern, immer noch begeistert, brauche ich ja nicht zu\u2026","rel":"","context":"In &quot;AC\/DC&quot;","block_context":{"text":"AC\/DC","link":"http:\/\/www.rockpixx.com\/wordpress\/category\/acts\/tributebands\/acdc\/"},"img":{"alt_text":"Barock, 08.09.2012, Schleswig, B:O:A 2012","src":"https:\/\/i0.wp.com\/www.rockpixx.com\/wordpress\/wp-content\/uploads\/2013\/02\/20120908-06-barock-Artikel.jpg?resize=350%2C200","width":350,"height":200,"srcset":"https:\/\/i0.wp.com\/www.rockpixx.com\/wordpress\/wp-content\/uploads\/2013\/02\/20120908-06-barock-Artikel.jpg?resize=350%2C200 1x, https:\/\/i0.wp.com\/www.rockpixx.com\/wordpress\/wp-content\/uploads\/2013\/02\/20120908-06-barock-Artikel.jpg?resize=525%2C300 1.5x, https:\/\/i0.wp.com\/www.rockpixx.com\/wordpress\/wp-content\/uploads\/2013\/02\/20120908-06-barock-Artikel.jpg?resize=700%2C400 2x"},"classes":[]}],"jetpack_sharing_enabled":true,"publishpress_future_action":{"enabled":false,"date":"2026-05-07 21:59:41","action":"change-status","newStatus":"draft","terms":[],"taxonomy":"category","extraData":[]},"publishpress_future_workflow_manual_trigger":{"enabledWorkflows":[]},"_links":{"self":[{"href":"http:\/\/www.rockpixx.com\/wordpress\/wp-json\/wp\/v2\/posts\/12027","targetHints":{"allow":["GET"]}}],"collection":[{"href":"http:\/\/www.rockpixx.com\/wordpress\/wp-json\/wp\/v2\/posts"}],"about":[{"href":"http:\/\/www.rockpixx.com\/wordpress\/wp-json\/wp\/v2\/types\/post"}],"author":[{"embeddable":true,"href":"http:\/\/www.rockpixx.com\/wordpress\/wp-json\/wp\/v2\/users\/2"}],"replies":[{"embeddable":true,"href":"http:\/\/www.rockpixx.com\/wordpress\/wp-json\/wp\/v2\/comments?post=12027"}],"version-history":[{"count":0,"href":"http:\/\/www.rockpixx.com\/wordpress\/wp-json\/wp\/v2\/posts\/12027\/revisions"}],"wp:featuredmedia":[{"embeddable":true,"href":"http:\/\/www.rockpixx.com\/wordpress\/wp-json\/wp\/v2\/media\/12028"}],"wp:attachment":[{"href":"http:\/\/www.rockpixx.com\/wordpress\/wp-json\/wp\/v2\/media?parent=12027"}],"wp:term":[{"taxonomy":"category","embeddable":true,"href":"http:\/\/www.rockpixx.com\/wordpress\/wp-json\/wp\/v2\/categories?post=12027"},{"taxonomy":"post_tag","embeddable":true,"href":"http:\/\/www.rockpixx.com\/wordpress\/wp-json\/wp\/v2\/tags?post=12027"}],"curies":[{"name":"wp","href":"https:\/\/api.w.org\/{rel}","templated":true}]}}