{"id":12039,"date":"2013-08-19T20:22:44","date_gmt":"2013-08-19T19:22:44","guid":{"rendered":"http:\/\/rockpixx.com\/wordpress\/?p=12039"},"modified":"2016-08-15T12:01:36","modified_gmt":"2016-08-15T11:01:36","slug":"pur-18-08-2013-schleswig-auf-der-freiheit","status":"publish","type":"post","link":"http:\/\/www.rockpixx.com\/wordpress\/pur-18-08-2013-schleswig-auf-der-freiheit\/","title":{"rendered":"PUR, 18.08.2013, Schleswig, Auf der Freiheit"},"content":{"rendered":"<p>Vom Klaviersch\u00fcler zum Frontmann einer Band, die seit mehr als 30 Jahren im Musikgesch\u00e4ft erfolgreich ist. So k\u00f6nnte man die eine Kurzbeschreibung von Hartmut Engler und \u201ePUR\u201c schreiben.<!--more--><\/p>\n<p>Die bisherige Bandgeschichte ist von 20 Platin- und 10 Gold-Auszeichnungen, einem Bambi, mehreren Echos, Goldenen Stimmgabeln, Goldenen Europas und einer Goldenen Kamera gepflastert. Mehr als 8 Millionen Zuschauer haben \u201ePUR\u201c auf ihren Touren live gesehen und geh\u00f6rt und wenn ich die Begeisterung des Publikums am Sonntag in Schleswig mit einbeziehe, dann werden in Zukunft noch mehr dazu kommen.<\/p>\n<p>Auch als nicht eingefleischter \u201ePUR\u201c-Fan kenne ich viele der Lieder, die an diesem Abend von Hartmut Engler angestimmt werden, wie \u201eLena\u201c, \u201eAbenteuerland\u201c und \u201eIch lieb dich\u201c. Ein Beweis, dass man an \u201ePUR\u201c in den letzten 30 Jahren nicht vorbeigekommen ist. Mir pers\u00f6nlich hat das Lied \u201eFreunde\u201c gefallen, weil es genau das ausdr\u00fcckt, was eine wahre Freundschaft ausmacht. Nat\u00fcrlich durfte auch \u201eIndianer\u201c nicht fehlen, welches von Hartmut Engler stilecht mit H\u00e4uptlings-Kopfschmuck vorgetragen wurde.<\/p>\n<p>Ein sch\u00f6ner Konzerttag geht zu Ende und kitschiger k\u00f6nnte er nicht enden, als mit einer buntbeleuchteten Konzertb\u00fchne am Ufer der Schlei, einem gl\u00fccklichen Publikum und dem Vollmond, welcher \u00fcber dem Wasser aufgegangen ist.<\/p>\n<p>Hier sagen wir: \u201eGute Nacht Schleswig, bis n\u00e4chste Woche.\u201c, denn dann berichten wir vom Baltic Open Air auf der Freiheit.<\/p>\n<p align=\"right\">Fotos: <a href=\"mailto:info@rockpixx.com?subject=PUR,%2018.08.2013,%20Auf%20der%20Freiheit,%20Schleswig\">Alex<\/a>, <a href=\"mailto:a.roselt@rockpixx.com?subject=PUR,%2018.08.2013,%20Auf%20der%20Freiheit,%20Schleswig\">Anja<\/a> | Text: <a href=\"mailto:a.roselt@rockpixx.com?subject=PUR,%2018.08.2013,%20Auf%20der%20Freiheit,%20Schleswig\">Anja<\/a><\/p>\n<p style=\"text-align: left;\" align=\"right\"><div class=\"eat-left eat-right\"><div class=\"thumbs-masonry isotope\"><div class=\"isotope-item block-2 block-h-2\"><a href=\"http:\/\/www.rockpixx.com\/wordpress\/wp-content\/uploads\/2016\/08\/20130818-03-013.jpg\" rel=\"prettyPhoto[postgal_20996]\" class=\"show-hover-link block-h-2\"\"><img decoding=\"async\" src=\"http:\/\/www.rockpixx.com\/wordpress\/wp-content\/uploads\/2016\/08\/20130818-03-013-480x480.jpg\" alt=\"PUR, 18.08.2013, Schleswig, Pur OpenAir\"\/><span class=\"before\"><\/span><span class=\"after\"><\/span><\/a><\/div><div class=\"isotope-item block-1 block-h-1\"><a href=\"http:\/\/www.rockpixx.com\/wordpress\/wp-content\/uploads\/2016\/08\/20130818-03-032.jpg\" rel=\"prettyPhoto[postgal_20996]\" class=\"show-hover-link block-h-1\"\"><img decoding=\"async\" src=\"http:\/\/www.rockpixx.com\/wordpress\/wp-content\/uploads\/2016\/08\/20130818-03-032-480x480.jpg\" alt=\"PUR, 18.08.2013, Schleswig, Pur OpenAir\"\/><span class=\"before\"><\/span><span class=\"after\"><\/span><\/a><\/div><div class=\"isotope-item block-1 block-h-1\"><a href=\"http:\/\/www.rockpixx.com\/wordpress\/wp-content\/uploads\/2016\/08\/20130818-03-044.jpg\" rel=\"prettyPhoto[postgal_20996]\" class=\"show-hover-link block-h-1\"\"><img decoding=\"async\" src=\"http:\/\/www.rockpixx.com\/wordpress\/wp-content\/uploads\/2016\/08\/20130818-03-044-480x480.jpg\" alt=\"PUR, 18.08.2013, Schleswig, Pur OpenAir\"\/><span class=\"before\"><\/span><span class=\"after\"><\/span><\/a><\/div><div class=\"isotope-item block-2 block-h-2\"><a href=\"http:\/\/www.rockpixx.com\/wordpress\/wp-content\/uploads\/2016\/08\/20130818-03-114.jpg\" rel=\"prettyPhoto[postgal_20996]\" class=\"show-hover-link block-h-2\"\"><img decoding=\"async\" src=\"http:\/\/www.rockpixx.com\/wordpress\/wp-content\/uploads\/2016\/08\/20130818-03-114-480x480.jpg\" alt=\"PUR, 18.08.2013, Schleswig, Pur OpenAir\"\/><span class=\"before\"><\/span><span class=\"after\"><\/span><\/a><\/div><div class=\"isotope-item block-1 block-h-1\"><a href=\"http:\/\/www.rockpixx.com\/wordpress\/wp-content\/uploads\/2016\/08\/20130818-03-120.jpg\" rel=\"prettyPhoto[postgal_20996]\" class=\"show-hover-link block-h-1\"\"><img decoding=\"async\" src=\"http:\/\/www.rockpixx.com\/wordpress\/wp-content\/uploads\/2016\/08\/20130818-03-120-480x480.jpg\" alt=\"PUR, 18.08.2013, Schleswig, Pur OpenAir\"\/><span class=\"before\"><\/span><span class=\"after\"><\/span><\/a><\/div><div class=\"isotope-item block-1 block-h-1\"><a href=\"http:\/\/www.rockpixx.com\/wordpress\/wp-content\/uploads\/2016\/08\/20130818-03-132.jpg\" rel=\"prettyPhoto[postgal_20996]\" class=\"show-hover-link block-h-1\"\"><img decoding=\"async\" src=\"http:\/\/www.rockpixx.com\/wordpress\/wp-content\/uploads\/2016\/08\/20130818-03-132-480x480.jpg\" alt=\"PUR, 18.08.2013, Schleswig, Pur OpenAir\"\/><span class=\"before\"><\/span><span class=\"after\"><\/span><\/a><\/div><div class=\"isotope-item block-2 block-h-2\"><a href=\"http:\/\/www.rockpixx.com\/wordpress\/wp-content\/uploads\/2016\/08\/20130818-03-194.jpg\" rel=\"prettyPhoto[postgal_20996]\" class=\"show-hover-link block-h-2\"\"><img decoding=\"async\" src=\"http:\/\/www.rockpixx.com\/wordpress\/wp-content\/uploads\/2016\/08\/20130818-03-194-480x480.jpg\" alt=\"PUR, 18.08.2013, Schleswig, Pur OpenAir\"\/><span class=\"before\"><\/span><span class=\"after\"><\/span><\/a><\/div><div class=\"isotope-item block-1 block-h-1\"><a href=\"http:\/\/www.rockpixx.com\/wordpress\/wp-content\/uploads\/2016\/08\/20130818-03-216.jpg\" rel=\"prettyPhoto[postgal_20996]\" class=\"show-hover-link block-h-1\"\"><img decoding=\"async\" src=\"http:\/\/www.rockpixx.com\/wordpress\/wp-content\/uploads\/2016\/08\/20130818-03-216-480x480.jpg\" alt=\"PUR, 18.08.2013, Schleswig, Pur OpenAir\"\/><span class=\"before\"><\/span><span class=\"after\"><\/span><\/a><\/div><div class=\"isotope-item block-1 block-h-1\"><a href=\"http:\/\/www.rockpixx.com\/wordpress\/wp-content\/uploads\/2016\/08\/20130818-03-228.jpg\" rel=\"prettyPhoto[postgal_20996]\" class=\"show-hover-link block-h-1\"\"><img decoding=\"async\" src=\"http:\/\/www.rockpixx.com\/wordpress\/wp-content\/uploads\/2016\/08\/20130818-03-228-480x480.jpg\" alt=\"PUR, 18.08.2013, Schleswig, Pur OpenAir\"\/><span class=\"before\"><\/span><span class=\"after\"><\/span><\/a><\/div><div class=\"isotope-item block-2 block-h-2\"><a href=\"http:\/\/www.rockpixx.com\/wordpress\/wp-content\/uploads\/2016\/08\/20130818-03-241.jpg\" rel=\"prettyPhoto[postgal_20996]\" class=\"show-hover-link block-h-2\"\"><img decoding=\"async\" src=\"http:\/\/www.rockpixx.com\/wordpress\/wp-content\/uploads\/2016\/08\/20130818-03-241-480x480.jpg\" alt=\"PUR, 18.08.2013, Schleswig, Pur OpenAir\"\/><span class=\"before\"><\/span><span class=\"after\"><\/span><\/a><\/div><div class=\"isotope-item block-1 block-h-1\"><a href=\"http:\/\/www.rockpixx.com\/wordpress\/wp-content\/uploads\/2016\/08\/20130818-03-275.jpg\" rel=\"prettyPhoto[postgal_20996]\" class=\"show-hover-link block-h-1\"\"><img decoding=\"async\" src=\"http:\/\/www.rockpixx.com\/wordpress\/wp-content\/uploads\/2016\/08\/20130818-03-275-480x480.jpg\" alt=\"PUR, 18.08.2013, Schleswig, Pur OpenAir\"\/><span class=\"before\"><\/span><span class=\"after\"><\/span><\/a><\/div><div class=\"isotope-item block-1 block-h-1\"><a href=\"http:\/\/www.rockpixx.com\/wordpress\/wp-content\/uploads\/2016\/08\/20130818-03-293.jpg\" rel=\"prettyPhoto[postgal_20996]\" class=\"show-hover-link block-h-1\"\"><img decoding=\"async\" src=\"http:\/\/www.rockpixx.com\/wordpress\/wp-content\/uploads\/2016\/08\/20130818-03-293-480x480.jpg\" alt=\"PUR, 18.08.2013, Schleswig, Pur OpenAir\"\/><span class=\"before\"><\/span><span class=\"after\"><\/span><\/a><\/div><div class=\"isotope-item block-2 block-h-2\"><a href=\"http:\/\/www.rockpixx.com\/wordpress\/wp-content\/uploads\/2016\/08\/20130818-03-369.jpg\" rel=\"prettyPhoto[postgal_20996]\" class=\"show-hover-link block-h-2\"\"><img decoding=\"async\" src=\"http:\/\/www.rockpixx.com\/wordpress\/wp-content\/uploads\/2016\/08\/20130818-03-369-480x480.jpg\" alt=\"PUR, 18.08.2013, Schleswig, Pur OpenAir\"\/><span class=\"before\"><\/span><span class=\"after\"><\/span><\/a><\/div><div class=\"isotope-item block-1 block-h-1\"><a href=\"http:\/\/www.rockpixx.com\/wordpress\/wp-content\/uploads\/2016\/08\/20130818-03-386.jpg\" rel=\"prettyPhoto[postgal_20996]\" class=\"show-hover-link block-h-1\"\"><img decoding=\"async\" src=\"http:\/\/www.rockpixx.com\/wordpress\/wp-content\/uploads\/2016\/08\/20130818-03-386-480x480.jpg\" alt=\"PUR, 18.08.2013, Schleswig, Pur OpenAir\"\/><span class=\"before\"><\/span><span class=\"after\"><\/span><\/a><\/div><div class=\"isotope-item block-1 block-h-1\"><a href=\"http:\/\/www.rockpixx.com\/wordpress\/wp-content\/uploads\/2016\/08\/20130818-03-405.jpg\" rel=\"prettyPhoto[postgal_20996]\" class=\"show-hover-link block-h-1\"\"><img decoding=\"async\" src=\"http:\/\/www.rockpixx.com\/wordpress\/wp-content\/uploads\/2016\/08\/20130818-03-405-480x480.jpg\" alt=\"PUR, 18.08.2013, Schleswig, Pur OpenAir\"\/><span class=\"before\"><\/span><span class=\"after\"><\/span><\/a><\/div><div class=\"isotope-item block-2 block-h-2\"><a href=\"http:\/\/www.rockpixx.com\/wordpress\/wp-content\/uploads\/2016\/08\/20130818-03-422.jpg\" rel=\"prettyPhoto[postgal_20996]\" class=\"show-hover-link block-h-2\"\"><img decoding=\"async\" src=\"http:\/\/www.rockpixx.com\/wordpress\/wp-content\/uploads\/2016\/08\/20130818-03-422-480x480.jpg\" alt=\"PUR, 18.08.2013, Schleswig, Pur OpenAir\"\/><span class=\"before\"><\/span><span class=\"after\"><\/span><\/a><\/div><div class=\"isotope-item block-1 block-h-1\"><a href=\"http:\/\/www.rockpixx.com\/wordpress\/wp-content\/uploads\/2016\/08\/20130818-03-444.jpg\" rel=\"prettyPhoto[postgal_20996]\" class=\"show-hover-link block-h-1\"\"><img decoding=\"async\" src=\"http:\/\/www.rockpixx.com\/wordpress\/wp-content\/uploads\/2016\/08\/20130818-03-444-480x480.jpg\" alt=\"PUR, 18.08.2013, Schleswig, Pur OpenAir\"\/><span class=\"before\"><\/span><span class=\"after\"><\/span><\/a><\/div><\/div><\/div><\/p>\n","protected":false},"excerpt":{"rendered":"<p>Vom Klaviersch\u00fcler zum Frontmann einer Band, die seit mehr als 30 Jahren im Musikgesch\u00e4ft erfolgreich <a href=\"http:\/\/www.rockpixx.com\/wordpress\/pur-18-08-2013-schleswig-auf-der-freiheit\/\">Read more<\/a><\/p>\n","protected":false},"author":2,"featured_media":12042,"comment_status":"open","ping_status":"open","sticky":false,"template":"","format":"standard","meta":{"_jetpack_memberships_contains_paid_content":false,"footnotes":"","jetpack_publicize_message":"#PUR, 18.08.2013, #AufDerFreiheit, #Schleswig, #PurOpenAir","jetpack_publicize_feature_enabled":true,"jetpack_social_post_already_shared":true,"jetpack_social_options":{"image_generator_settings":{"template":"highway","default_image_id":0,"font":"","enabled":false},"version":2}},"categories":[34,994],"tags":[2065,2062,2074,1258,1749],"class_list":["post-12039","post","type-post","status-publish","format-standard","has-post-thumbnail","hentry","category-acts","category-pur","tag-2065","tag-auf-der-freiheit","tag-pur","tag-pur-open-air","tag-schleswig"],"aioseo_notices":[],"jetpack_publicize_connections":[],"jetpack_featured_media_url":"http:\/\/www.rockpixx.com\/wordpress\/wp-content\/uploads\/2013\/08\/20130818-03-216_pur-Artikel.jpg","jetpack-related-posts":[{"id":21043,"url":"http:\/\/www.rockpixx.com\/wordpress\/pur-13-08-2016-eckernfoerde-suedstrand\/","url_meta":{"origin":12039,"position":0},"title":"PUR, 13.08.2016, Eckernf\u00f6rde, S\u00fcdstrand","author":"A. Hahl","date":"15. August 2016","format":false,"excerpt":"Die \u201eSch\u00fclerband von vor 35 Jahren\u201c steht erneut nach 2013 vor unseren Kameras und irgendwie sind die Musiker um Hartmut Engler schon seit einiger Zeit nicht mehr wirklich gealtert. Ich muss es ja zugeben: Die Musik von \u201ePUR\u201c ist nun wirklich nicht meine, aber ich bewundere die Musiker f\u00fcr ihren\u2026","rel":"","context":"In &quot;Acts&quot;","block_context":{"text":"Acts","link":"http:\/\/www.rockpixx.com\/wordpress\/category\/acts\/"},"img":{"alt_text":"PUR, 13.08.2016, Eckernf\u00f6rde, S\u00fcdstrand","src":"https:\/\/i0.wp.com\/www.rockpixx.com\/wordpress\/wp-content\/uploads\/2016\/08\/20160813-02-116.jpg?resize=350%2C200","width":350,"height":200,"srcset":"https:\/\/i0.wp.com\/www.rockpixx.com\/wordpress\/wp-content\/uploads\/2016\/08\/20160813-02-116.jpg?resize=350%2C200 1x, https:\/\/i0.wp.com\/www.rockpixx.com\/wordpress\/wp-content\/uploads\/2016\/08\/20160813-02-116.jpg?resize=525%2C300 1.5x, https:\/\/i0.wp.com\/www.rockpixx.com\/wordpress\/wp-content\/uploads\/2016\/08\/20160813-02-116.jpg?resize=700%2C400 2x"},"classes":[]},{"id":12027,"url":"http:\/\/www.rockpixx.com\/wordpress\/muenchener-freiheit-18-08-2013-schleswig-auf-der-freiheit\/","url_meta":{"origin":12039,"position":1},"title":"M\u00fcnchener Freiheit, 18.08.2013, Schleswig, Auf der Freiheit","author":"Anja","date":"19. August 2013","format":false,"excerpt":"\u2026und nun die \u201eM\u00fcnchener Freiheit\u201c auf der Schleswiger Freiheit. Angekommen im gr\u00f6\u00dften Regen, stehen nun die Musiker der \u201eM\u00fcnchener Freiheit\u201c zusammen mit ihrem neuen S\u00e4nger Tim Wilhelm im sch\u00f6nsten Sonnenschein auf der B\u00fchne. Der Blick von der B\u00fchne ist grandios\u2026 ein begeistertes Publikum und die Schlei zur Rechten, da macht\u2026","rel":"","context":"In &quot;Acts&quot;","block_context":{"text":"Acts","link":"http:\/\/www.rockpixx.com\/wordpress\/category\/acts\/"},"img":{"alt_text":"","src":"https:\/\/i0.wp.com\/www.rockpixx.com\/wordpress\/wp-content\/uploads\/2013\/08\/20130818-02-171_muenchner-freiheit-Artikel.jpg?resize=350%2C200","width":350,"height":200,"srcset":"https:\/\/i0.wp.com\/www.rockpixx.com\/wordpress\/wp-content\/uploads\/2013\/08\/20130818-02-171_muenchner-freiheit-Artikel.jpg?resize=350%2C200 1x, https:\/\/i0.wp.com\/www.rockpixx.com\/wordpress\/wp-content\/uploads\/2013\/08\/20130818-02-171_muenchner-freiheit-Artikel.jpg?resize=525%2C300 1.5x, https:\/\/i0.wp.com\/www.rockpixx.com\/wordpress\/wp-content\/uploads\/2013\/08\/20130818-02-171_muenchner-freiheit-Artikel.jpg?resize=700%2C400 2x"},"classes":[]},{"id":12016,"url":"http:\/\/www.rockpixx.com\/wordpress\/cherry-gehring-und-band-18-08-2013-schleswig-auf-der-freiheit\/","url_meta":{"origin":12039,"position":2},"title":"Cherry Gehring und Band, 18.08.2013, Schleswig, Auf der Freiheit","author":"Anja","date":"19. August 2013","format":false,"excerpt":"Die erste Vorband des Abends sind die Musiker um Cherry Gehring, der unter anderem \u201ePUR\u201c auf deren Touren und im Studio unterst\u00fctzt. Auf Grund der Wetterlage bef\u00fcrchteten einige, dass die Veranstaltung zum Wasserballett mutiert, aber das waren dann eindeutig Besucher aus dem S\u00fcden der Republik. Wir Norddeutsche wissen: Ein kurzer\u2026","rel":"","context":"In &quot;Acts&quot;","block_context":{"text":"Acts","link":"http:\/\/www.rockpixx.com\/wordpress\/category\/acts\/"},"img":{"alt_text":"","src":"https:\/\/i0.wp.com\/www.rockpixx.com\/wordpress\/wp-content\/uploads\/2013\/08\/20130818-01-161_cherry-gehring-Artikel.jpg?resize=350%2C200","width":350,"height":200,"srcset":"https:\/\/i0.wp.com\/www.rockpixx.com\/wordpress\/wp-content\/uploads\/2013\/08\/20130818-01-161_cherry-gehring-Artikel.jpg?resize=350%2C200 1x, https:\/\/i0.wp.com\/www.rockpixx.com\/wordpress\/wp-content\/uploads\/2013\/08\/20130818-01-161_cherry-gehring-Artikel.jpg?resize=525%2C300 1.5x, https:\/\/i0.wp.com\/www.rockpixx.com\/wordpress\/wp-content\/uploads\/2013\/08\/20130818-01-161_cherry-gehring-Artikel.jpg?resize=700%2C400 2x"},"classes":[]},{"id":12093,"url":"http:\/\/www.rockpixx.com\/wordpress\/timetraveller-24-08-2013-schleswig-baltic-open-air\/","url_meta":{"origin":12039,"position":3},"title":"Timetraveller, 24.08.2013, Schleswig, Baltic Open Air","author":"Anja","date":"30. August 2013","format":false,"excerpt":"\u00a0 Das Open Doors vom zweiten Tag auf dem Baltic Festival wird vom Spielmannszug aus Schleswig musikalisch begleitet, aber lange halten es die Festivalbesucher nicht bei den schick uniformierten Musikern aus. Denn auf der B\u00fchne stehen \u201eTimetraveller\u201c und so eine kraftvolle und rockige Stimme, verpackt in einer schmucken S\u00e4ngerin, ist\u2026","rel":"","context":"In &quot;Acts&quot;","block_context":{"text":"Acts","link":"http:\/\/www.rockpixx.com\/wordpress\/category\/acts\/"},"img":{"alt_text":"","src":"https:\/\/i0.wp.com\/www.rockpixx.com\/wordpress\/wp-content\/uploads\/2013\/08\/20130824-01-020_timetraveller-Artikel.jpg?resize=350%2C200","width":350,"height":200,"srcset":"https:\/\/i0.wp.com\/www.rockpixx.com\/wordpress\/wp-content\/uploads\/2013\/08\/20130824-01-020_timetraveller-Artikel.jpg?resize=350%2C200 1x, https:\/\/i0.wp.com\/www.rockpixx.com\/wordpress\/wp-content\/uploads\/2013\/08\/20130824-01-020_timetraveller-Artikel.jpg?resize=525%2C300 1.5x, https:\/\/i0.wp.com\/www.rockpixx.com\/wordpress\/wp-content\/uploads\/2013\/08\/20130824-01-020_timetraveller-Artikel.jpg?resize=700%2C400 2x"},"classes":[]},{"id":11078,"url":"http:\/\/www.rockpixx.com\/wordpress\/kieler-woche-tagebuch-2013-tag-1\/","url_meta":{"origin":12039,"position":4},"title":"Kieler Woche Tagebuch 2013 | Tag 1","author":"admin","date":"23. Juni 2013","format":false,"excerpt":"Moin, wie in den vergangenen Jahren, so werden wir auch dieses Mal wieder von Begebenheiten und Befindlichkeiten w\u00e4hrend der \u201eKieler Woche\u201c berichten. Also: Alles, was nicht unmittelbar mit Konzerten zu tun hat, landet dann hier in diesem \u2192 \u201eKieler Woche Tagebuch\u201c. Freitag, 21.06.2013 Erster Tag und keinen Umzugsstress und keine\u2026","rel":"","context":"In &quot;2013&quot;","block_context":{"text":"2013","link":"http:\/\/www.rockpixx.com\/wordpress\/category\/backstage\/2013\/"},"img":{"alt_text":"Kieler Woche 2013 | Impressionen","src":"https:\/\/i0.wp.com\/www.rockpixx.com\/wordpress\/wp-content\/uploads\/2013\/06\/20130621-00-001_KiWo-2013.jpg?resize=350%2C200","width":350,"height":200,"srcset":"https:\/\/i0.wp.com\/www.rockpixx.com\/wordpress\/wp-content\/uploads\/2013\/06\/20130621-00-001_KiWo-2013.jpg?resize=350%2C200 1x, https:\/\/i0.wp.com\/www.rockpixx.com\/wordpress\/wp-content\/uploads\/2013\/06\/20130621-00-001_KiWo-2013.jpg?resize=525%2C300 1.5x, https:\/\/i0.wp.com\/www.rockpixx.com\/wordpress\/wp-content\/uploads\/2013\/06\/20130621-00-001_KiWo-2013.jpg?resize=700%2C400 2x"},"classes":[]},{"id":12229,"url":"http:\/\/www.rockpixx.com\/wordpress\/glasperlenspiel-01-09-2013-schleswig-rsh-kindertag\/","url_meta":{"origin":12039,"position":5},"title":"Glasperlenspiel, 01.09.2013, Schleswig, RSH-Kindertag","author":"Anja","date":"4. September 2013","format":false,"excerpt":"Zum zweiten Mal in diesem Jahr (nach dem \u2192\u00a0Auftritt auf der NDR-B\u00fchne auf der \u201eKieler Woche\u201c) erleben wir \u201eGlasperlenspiel\u201c in diesem Jahr hier im Norden und zum ersten Mal darf auch der Fotograf von rockpixx.com mit in den Graben. (In Kiel war er zeitgleich vor einer anderen B\u00fchne zugange.) Tja\u2026\u2026","rel":"","context":"In &quot;Acts&quot;","block_context":{"text":"Acts","link":"http:\/\/www.rockpixx.com\/wordpress\/category\/acts\/"},"img":{"alt_text":"Glasperlenspiel","src":"https:\/\/i0.wp.com\/www.rockpixx.com\/wordpress\/wp-content\/uploads\/2013\/09\/20130901-04-201_glasperlenspiel-Artikel.jpg?resize=350%2C200","width":350,"height":200,"srcset":"https:\/\/i0.wp.com\/www.rockpixx.com\/wordpress\/wp-content\/uploads\/2013\/09\/20130901-04-201_glasperlenspiel-Artikel.jpg?resize=350%2C200 1x, https:\/\/i0.wp.com\/www.rockpixx.com\/wordpress\/wp-content\/uploads\/2013\/09\/20130901-04-201_glasperlenspiel-Artikel.jpg?resize=525%2C300 1.5x, https:\/\/i0.wp.com\/www.rockpixx.com\/wordpress\/wp-content\/uploads\/2013\/09\/20130901-04-201_glasperlenspiel-Artikel.jpg?resize=700%2C400 2x"},"classes":[]}],"jetpack_sharing_enabled":true,"publishpress_future_action":{"enabled":false,"date":"2026-05-07 07:46:03","action":"change-status","newStatus":"draft","terms":[],"taxonomy":"category","extraData":[]},"publishpress_future_workflow_manual_trigger":{"enabledWorkflows":[]},"_links":{"self":[{"href":"http:\/\/www.rockpixx.com\/wordpress\/wp-json\/wp\/v2\/posts\/12039","targetHints":{"allow":["GET"]}}],"collection":[{"href":"http:\/\/www.rockpixx.com\/wordpress\/wp-json\/wp\/v2\/posts"}],"about":[{"href":"http:\/\/www.rockpixx.com\/wordpress\/wp-json\/wp\/v2\/types\/post"}],"author":[{"embeddable":true,"href":"http:\/\/www.rockpixx.com\/wordpress\/wp-json\/wp\/v2\/users\/2"}],"replies":[{"embeddable":true,"href":"http:\/\/www.rockpixx.com\/wordpress\/wp-json\/wp\/v2\/comments?post=12039"}],"version-history":[{"count":0,"href":"http:\/\/www.rockpixx.com\/wordpress\/wp-json\/wp\/v2\/posts\/12039\/revisions"}],"wp:featuredmedia":[{"embeddable":true,"href":"http:\/\/www.rockpixx.com\/wordpress\/wp-json\/wp\/v2\/media\/12042"}],"wp:attachment":[{"href":"http:\/\/www.rockpixx.com\/wordpress\/wp-json\/wp\/v2\/media?parent=12039"}],"wp:term":[{"taxonomy":"category","embeddable":true,"href":"http:\/\/www.rockpixx.com\/wordpress\/wp-json\/wp\/v2\/categories?post=12039"},{"taxonomy":"post_tag","embeddable":true,"href":"http:\/\/www.rockpixx.com\/wordpress\/wp-json\/wp\/v2\/tags?post=12039"}],"curies":[{"name":"wp","href":"https:\/\/api.w.org\/{rel}","templated":true}]}}