{"id":12065,"date":"2013-08-27T20:09:02","date_gmt":"2013-08-27T19:09:02","guid":{"rendered":"http:\/\/rockpixx.com\/wordpress\/?p=12065"},"modified":"2013-08-27T20:09:02","modified_gmt":"2013-08-27T19:09:02","slug":"mytallica-23-08-2013-schleswig-baltic-open-air","status":"publish","type":"post","link":"http:\/\/www.rockpixx.com\/wordpress\/mytallica-23-08-2013-schleswig-baltic-open-air\/","title":{"rendered":"MY\u2018TALLICA, 23.08.2013, Schleswig, Baltic Open Air"},"content":{"rendered":"<p>\u201eMY\u2019TALLICA\u201c ist eine Tribute-Band, die, wie es der Namen schon vermuten l\u00e4sst, die amerikanische Band \u201eMETALLICA\u201c zum Vorbild hat. Letzere z\u00e4hlte in den 1980er Jahren neben \u201eSlayer\u201c, \u201eMegadeth\u201c und \u2192\u00a0\u201e<a title=\"Anthrax\" href=\"http:\/\/rockpixx.com\/wordpress\/category\/acts\/topacts\/top-a\/anthrax\/\">Anthrax<\/a>\u201c zu den \u201egro\u00dfen Vier\u201c des Thrash Metal.<!--more--><\/p>\n<p>Immer noch str\u00f6men die Festivalbesucher auf das Gel\u00e4nde und so steigert sich die Stimmung vor der B\u00fchne kontinuierlich. Unter anderem geben die Musiker von \u201eMY\u2019TALLICA\u201c die Songs \u201eFuel\u201c, \u201eFade in Black\u201c und \u201eCreeping Death\u201c zum Besten. Wie genau sie dabei ihren musikalischen Vorbildern folgen, m\u00f6chte ich nicht beurteilen, da ich keine Vergleichsm\u00f6glichkeiten zum Original habe. Schlecht k\u00f6nnen sie dabei nicht gewesen sein, denn das Publikum war schon geh\u00f6rig in Feierlaune und sang kr\u00e4ftig mit. Nach einer dreiviertel Stunde war der Auftritt schon wieder vorbei und die Musiker \u00fcbergaben an \u2192\u00a0<a title=\"Torfrock\" href=\"http:\/\/rockpixx.com\/wordpress\/category\/acts\/topacts\/top-t\/torfrock\/\">\u201eTorfrock\u201c<\/a> \u2013 das volle Kontrastprogramm!<\/p>\n<p align=\"right\">Fotos: <a href=\"mailto:info@rockpixx.com?subject=MY\u2018TALLICA,%2023.08.2013,%20Schleswig,%20Baltic%20Open%20Air%202013\">Alex<\/a>, <a href=\"mailto:a.roselt@rockpixx.com?subject=MY\u2018TALLICA,%2023.08.2013,%20Schleswig,%20Baltic%20Open%20Air%202013\">Anja<\/a> | Text: <a href=\"mailto:a.roselt@rockpixx.com?subject=MY\u2018TALLICA,%2023.08.2013,%20Schleswig,%20Baltic%20Open%20Air%202013\">Anja<\/a><\/p>\n<p style=\"text-align: left;\" align=\"right\">\n<p style=\"text-align: left;\" align=\"right\">[slideshow id=399]<\/p>\n","protected":false},"excerpt":{"rendered":"<p>\u201eMY\u2019TALLICA\u201c ist eine Tribute-Band, die, wie es der Namen schon vermuten l\u00e4sst, die amerikanische Band <a href=\"http:\/\/www.rockpixx.com\/wordpress\/mytallica-23-08-2013-schleswig-baltic-open-air\/\">Read more<\/a><\/p>\n","protected":false},"author":2,"featured_media":12066,"comment_status":"open","ping_status":"open","sticky":false,"template":"","format":"standard","meta":{"_jetpack_memberships_contains_paid_content":false,"footnotes":"","jetpack_publicize_message":"#MYTALLICA, 23.08.2013, #Schleswig, #BalticOpenAir","jetpack_publicize_feature_enabled":true,"jetpack_social_post_already_shared":true,"jetpack_social_options":{"image_generator_settings":{"template":"highway","default_image_id":0,"font":"","enabled":false},"version":2}},"categories":[34,1268,1265,5],"tags":[2065,895,133,1269,2276,1749],"class_list":["post-12065","post","type-post","status-publish","format-standard","has-post-thumbnail","hentry","category-acts","category-metallica-tributebands","category-mytallica","category-tributebands","tag-2065","tag-baltic-open-air","tag-festivals","tag-metallica-2","tag-mytallica","tag-schleswig"],"aioseo_notices":[],"jetpack_publicize_connections":[],"jetpack_featured_media_url":"http:\/\/www.rockpixx.com\/wordpress\/wp-content\/uploads\/2013\/08\/20130823-02-003_mytallica-Artikel.jpg","jetpack-related-posts":[{"id":12077,"url":"http:\/\/www.rockpixx.com\/wordpress\/slade-23-08-2013-schleswig-baltic-open-air\/","url_meta":{"origin":12065,"position":0},"title":"Slade, 23.08.2013, Schleswig, Baltic Open Air","author":"admin","date":"28. August 2013","format":false,"excerpt":"Gef\u00fchlte 300 Jahre B\u00fchnenerfahrung stehen da nun vor uns auf der hohen B\u00fchne \u2013 geh\u00fcllt in nicht ganz allt\u00e4gliche Gew\u00e4nder: Die Glamrocker von \u201eSlade\u201c spielen zum Tanze auf und lassen es ordentlich krachen. Auch wenn aus der Originalbesetzung, die sich bereits in den Sechzigern formierte, nur noch Gitarrist Dave Hill\u2026","rel":"","context":"In &quot;Acts&quot;","block_context":{"text":"Acts","link":"http:\/\/www.rockpixx.com\/wordpress\/category\/acts\/"},"img":{"alt_text":"Slade, 23.08.2013, Schleswig, Baltic OpenAir","src":"https:\/\/i0.wp.com\/www.rockpixx.com\/wordpress\/wp-content\/uploads\/2013\/08\/20130823-04-048_slade-Artikel.jpg?resize=350%2C200","width":350,"height":200,"srcset":"https:\/\/i0.wp.com\/www.rockpixx.com\/wordpress\/wp-content\/uploads\/2013\/08\/20130823-04-048_slade-Artikel.jpg?resize=350%2C200 1x, https:\/\/i0.wp.com\/www.rockpixx.com\/wordpress\/wp-content\/uploads\/2013\/08\/20130823-04-048_slade-Artikel.jpg?resize=525%2C300 1.5x, https:\/\/i0.wp.com\/www.rockpixx.com\/wordpress\/wp-content\/uploads\/2013\/08\/20130823-04-048_slade-Artikel.jpg?resize=700%2C400 2x"},"classes":[]},{"id":16514,"url":"http:\/\/www.rockpixx.com\/wordpress\/loudstark-29-08-2014-baltic-open-air-schleswig\/","url_meta":{"origin":12065,"position":1},"title":"Loudstark, 29.08.2014, Baltic Open Air, Schleswig","author":"admin","date":"1. September 2014","format":false,"excerpt":"\u201eFazit: Hart, laut und mit guten Ohrst\u00f6pseln durchaus empfehlenswert.\u201c \u2013 das stand unter meinem Review von \u201eLoudstark\u201c, nachdem ich sie im \u2192 Juni 2014 auf der MAXB\u00fchne erlebt hatte. Und dieses Fazit hat immer noch Bestand. \u201eLoudstark\u201c weihen dieses Jahr auf dem Baltic Open Air die Mainstage ein und diese\u2026","rel":"","context":"In &quot;Acts&quot;","block_context":{"text":"Acts","link":"http:\/\/www.rockpixx.com\/wordpress\/category\/acts\/"},"img":{"alt_text":"Loudstark, 29.08.2014, Baltic Open Air, Schleswig","src":"https:\/\/i0.wp.com\/www.rockpixx.com\/wordpress\/wp-content\/uploads\/2014\/09\/20140829-02-057.jpg?resize=350%2C200","width":350,"height":200,"srcset":"https:\/\/i0.wp.com\/www.rockpixx.com\/wordpress\/wp-content\/uploads\/2014\/09\/20140829-02-057.jpg?resize=350%2C200 1x, https:\/\/i0.wp.com\/www.rockpixx.com\/wordpress\/wp-content\/uploads\/2014\/09\/20140829-02-057.jpg?resize=525%2C300 1.5x, https:\/\/i0.wp.com\/www.rockpixx.com\/wordpress\/wp-content\/uploads\/2014\/09\/20140829-02-057.jpg?resize=700%2C400 2x"},"classes":[]},{"id":16620,"url":"http:\/\/www.rockpixx.com\/wordpress\/subway-to-sally-29-08-2014-baltic-open-air-schleswig\/","url_meta":{"origin":12065,"position":2},"title":"Subway to Sally, 29.08.2014, Baltic Open Air, Schleswig","author":"admin","date":"5. September 2014","format":false,"excerpt":"F\u00fcr uns heute der letzte Act auf der Center Stage: \u201eSubway to Sally\u201c. Vor kurzem hatte ich sie ja auf dem \u2192 Deichbrand vor den Kameras gehabt und freute mich daher auf sie. Zu fr\u00fch gefreut\u2026 Wenn mitunter das Festival-Publikum besser ausgeleuchtet ist als die Musiker auf der B\u00fchne, dann\u2026","rel":"","context":"In &quot;Acts&quot;","block_context":{"text":"Acts","link":"http:\/\/www.rockpixx.com\/wordpress\/category\/acts\/"},"img":{"alt_text":"Subway to Sally, 29.08.2014, Baltic Open Air, Schleswig","src":"https:\/\/i0.wp.com\/www.rockpixx.com\/wordpress\/wp-content\/uploads\/2014\/09\/20140829-07-047.jpg?resize=350%2C200","width":350,"height":200,"srcset":"https:\/\/i0.wp.com\/www.rockpixx.com\/wordpress\/wp-content\/uploads\/2014\/09\/20140829-07-047.jpg?resize=350%2C200 1x, https:\/\/i0.wp.com\/www.rockpixx.com\/wordpress\/wp-content\/uploads\/2014\/09\/20140829-07-047.jpg?resize=525%2C300 1.5x, https:\/\/i0.wp.com\/www.rockpixx.com\/wordpress\/wp-content\/uploads\/2014\/09\/20140829-07-047.jpg?resize=700%2C400 2x"},"classes":[]},{"id":12145,"url":"http:\/\/www.rockpixx.com\/wordpress\/saga-24-08-2013-schleswig-baltic-open-air\/","url_meta":{"origin":12065,"position":3},"title":"Saga, 24.08.2013, Schleswig, Baltic Open Air","author":"Anja","date":"31. August 2013","format":false,"excerpt":"Neo Prog-Rock seit \u00fcber 30 Jahren aus Kanada \u2013 das k\u00f6nnen eigentlich nur \u201eSaga\u201c sein. Und so ist es auch: Insgesamt f\u00fcnf Musiker mit 8 Keyboards (darunter ein \u201eantiker Moog\u201c), Gitarre, Bass, Drums und einer unverkennbaren Stimme haben sich auf dem \u201eBaltic Open Air\u201c in Schleswig versammelt, um bereits \u2192\u2026","rel":"","context":"In &quot;Acts&quot;","block_context":{"text":"Acts","link":"http:\/\/www.rockpixx.com\/wordpress\/category\/acts\/"},"img":{"alt_text":"","src":"https:\/\/i0.wp.com\/www.rockpixx.com\/wordpress\/wp-content\/uploads\/2013\/08\/20130824-05-053_saga-Artikel.jpg?resize=350%2C200","width":350,"height":200,"srcset":"https:\/\/i0.wp.com\/www.rockpixx.com\/wordpress\/wp-content\/uploads\/2013\/08\/20130824-05-053_saga-Artikel.jpg?resize=350%2C200 1x, https:\/\/i0.wp.com\/www.rockpixx.com\/wordpress\/wp-content\/uploads\/2013\/08\/20130824-05-053_saga-Artikel.jpg?resize=525%2C300 1.5x, https:\/\/i0.wp.com\/www.rockpixx.com\/wordpress\/wp-content\/uploads\/2013\/08\/20130824-05-053_saga-Artikel.jpg?resize=700%2C400 2x"},"classes":[]},{"id":16691,"url":"http:\/\/www.rockpixx.com\/wordpress\/5th-avenue-30-08-2014-baltic-open-air-schleswig\/","url_meta":{"origin":12065,"position":4},"title":"5th Avenue, 30.08.2014, Baltic Open Air, Schleswig","author":"admin","date":"6. September 2014","format":false,"excerpt":"Wacken-Legenden, die auch schon als Support f\u00fcr \u2192 \u201eSaxon\u201c und \u2192 \u201eD.A.D.\u201c unterwegs waren, zwischenzeitlich aufgel\u00f6st, seit 2012 wieder zusammengefunden \u2013 (Hamburger) Rockgeschichte steht auf der Second Stage vor uns. Richtig, die Rede ist von \u201e5th Avenue\u201c. 2013 erlebten wir sie \u2192 zum ersten Mal auf der MAXB\u00fchne anl\u00e4sslich der\u2026","rel":"","context":"In &quot;5th Avenue&quot;","block_context":{"text":"5th Avenue","link":"http:\/\/www.rockpixx.com\/wordpress\/category\/acts\/5th-avenue\/"},"img":{"alt_text":"5th Avenue, 30.08.2014, Baltic Open Air, Schleswig","src":"https:\/\/i0.wp.com\/www.rockpixx.com\/wordpress\/wp-content\/uploads\/2014\/09\/20140830-03-111.jpg?resize=350%2C200","width":350,"height":200,"srcset":"https:\/\/i0.wp.com\/www.rockpixx.com\/wordpress\/wp-content\/uploads\/2014\/09\/20140830-03-111.jpg?resize=350%2C200 1x, https:\/\/i0.wp.com\/www.rockpixx.com\/wordpress\/wp-content\/uploads\/2014\/09\/20140830-03-111.jpg?resize=525%2C300 1.5x, https:\/\/i0.wp.com\/www.rockpixx.com\/wordpress\/wp-content\/uploads\/2014\/09\/20140830-03-111.jpg?resize=700%2C400 2x"},"classes":[]},{"id":17560,"url":"http:\/\/www.rockpixx.com\/wordpress\/das-beben-20-03-2015-baltic-open-air-warm-up-schleswig\/","url_meta":{"origin":12065,"position":5},"title":"Das Beben, 20.03.2015, Baltic Open Air Warm Up, Schleswig","author":"Anja","date":"21. M\u00e4rz 2015","format":false,"excerpt":"Jau, da sind sie wieder: \u201eMachine\u201c und sein durchgeknallter Bassist! Die Rede ist von \u201eDas Beben\u201c, die wir ja schon \u2192 im letzten Sommer beim \u201eKieler Bootshafensommer\u201c vor der Kamera hatten. Die Show und damit die B\u00fchnenpr\u00e4senz der drei Frontleute ist einfach unbeschreiblich, so etwas muss man selbst einmal erlebt\u2026","rel":"","context":"In &quot;Acts&quot;","block_context":{"text":"Acts","link":"http:\/\/www.rockpixx.com\/wordpress\/category\/acts\/"},"img":{"alt_text":"Das Beben, BOA WarmUp, Schleswig, 20.03.2015","src":"https:\/\/i0.wp.com\/www.rockpixx.com\/wordpress\/wp-content\/uploads\/2015\/03\/20150320-03-037_das-beben_Artikel.jpg?resize=350%2C200","width":350,"height":200,"srcset":"https:\/\/i0.wp.com\/www.rockpixx.com\/wordpress\/wp-content\/uploads\/2015\/03\/20150320-03-037_das-beben_Artikel.jpg?resize=350%2C200 1x, https:\/\/i0.wp.com\/www.rockpixx.com\/wordpress\/wp-content\/uploads\/2015\/03\/20150320-03-037_das-beben_Artikel.jpg?resize=525%2C300 1.5x, https:\/\/i0.wp.com\/www.rockpixx.com\/wordpress\/wp-content\/uploads\/2015\/03\/20150320-03-037_das-beben_Artikel.jpg?resize=700%2C400 2x"},"classes":[]}],"jetpack_sharing_enabled":true,"publishpress_future_action":{"enabled":false,"date":"2026-05-07 01:55:17","action":"change-status","newStatus":"draft","terms":[],"taxonomy":"category","extraData":[]},"publishpress_future_workflow_manual_trigger":{"enabledWorkflows":[]},"_links":{"self":[{"href":"http:\/\/www.rockpixx.com\/wordpress\/wp-json\/wp\/v2\/posts\/12065","targetHints":{"allow":["GET"]}}],"collection":[{"href":"http:\/\/www.rockpixx.com\/wordpress\/wp-json\/wp\/v2\/posts"}],"about":[{"href":"http:\/\/www.rockpixx.com\/wordpress\/wp-json\/wp\/v2\/types\/post"}],"author":[{"embeddable":true,"href":"http:\/\/www.rockpixx.com\/wordpress\/wp-json\/wp\/v2\/users\/2"}],"replies":[{"embeddable":true,"href":"http:\/\/www.rockpixx.com\/wordpress\/wp-json\/wp\/v2\/comments?post=12065"}],"version-history":[{"count":0,"href":"http:\/\/www.rockpixx.com\/wordpress\/wp-json\/wp\/v2\/posts\/12065\/revisions"}],"wp:featuredmedia":[{"embeddable":true,"href":"http:\/\/www.rockpixx.com\/wordpress\/wp-json\/wp\/v2\/media\/12066"}],"wp:attachment":[{"href":"http:\/\/www.rockpixx.com\/wordpress\/wp-json\/wp\/v2\/media?parent=12065"}],"wp:term":[{"taxonomy":"category","embeddable":true,"href":"http:\/\/www.rockpixx.com\/wordpress\/wp-json\/wp\/v2\/categories?post=12065"},{"taxonomy":"post_tag","embeddable":true,"href":"http:\/\/www.rockpixx.com\/wordpress\/wp-json\/wp\/v2\/tags?post=12065"}],"curies":[{"name":"wp","href":"https:\/\/api.w.org\/{rel}","templated":true}]}}