{"id":12071,"date":"2013-08-28T10:05:15","date_gmt":"2013-08-28T09:05:15","guid":{"rendered":"http:\/\/rockpixx.com\/wordpress\/?p=12071"},"modified":"2013-08-28T15:24:31","modified_gmt":"2013-08-28T14:24:31","slug":"torfrock-23-08-2013-schleswig-baltic-open-air","status":"publish","type":"post","link":"http:\/\/www.rockpixx.com\/wordpress\/torfrock-23-08-2013-schleswig-baltic-open-air\/","title":{"rendered":"Torfrock, 23.08.2013, Schleswig, Baltic Open Air"},"content":{"rendered":"<p>\u201eNun woll\u2019n wir mal nich\u2018 albern werden\u2026\u201c Mit dieser Standardformulierung entern vier Torfmoorholmer Musiker die B\u00fchne und ich den Graben \u2013 nachdem wir zuvor gemeinsam noch eine Autogrammstunde in einem Schleswiger Elektronikmarkt erfolgreich hinter uns gebracht hatten.<!--more--><\/p>\n<p>Unschwer zu erkennen, dass (wie im Vorjahr) die norddeutsche Institution\u00a0\u2192 \u201e<a title=\"Torfrock auf rockpixx.com\" href=\"http:\/\/rockpixx.com\/wordpress\/category\/acts\/topacts\/top-t\/torfrock\/\">Torfrock<\/a>\u201c da auf der B\u00fchne steht und die bekannten Geschichten von \u201eRollo\u201c, \u201eRenate\u201c und all den anderen Mitbewohnern aus aktueller und fr\u00fchchristlicher Zeit musikalisch erz\u00e4hlt. Nat\u00fcrlich d\u00fcrfen auch \u201eWildsau\u201c sowie die Songs aus diversen \u201eWerner\u201c-Filmen nicht fehlen, die vom \u2013 teilweise Wikingerhelme tragenden \u2013 Publikum begeistert aufgenommen und textsicher mitgesungen werden. Wer \u201eTorfrock\u201c live erlebt, der wei\u00df, was ihn erwartet und ist in entsprechender Verfassung, sowohl Schleswig-Holstein zu unterkellern als auch die Alpen zu tapezieren.<\/p>\n<p>Erw\u00e4hnte ich schon, dass ich \u201eTorfrock\u201c seit 1978 sehr mag? Vielen Dankesch\u00f6n f\u00fcr\u2019s Lesen\u2026<\/p>\n<p align=\"right\">Fotos:\u00a0 <a href=\"mailto:info@rockpixx.com?subject=Torfrock,%2023.08.2013,%20Schleswig,%20Baltic%20Open%20Air%202013\">Alex<\/a> | Text: <a href=\"mailto:info@rockpixx.com?subject=Torfrock,%2023.08.2013,%20Schleswig,%20Baltic%20Open%20Air%202013\">Alex<\/a><\/p>\n<p style=\"text-align: left;\" align=\"right\">[slideshow id=400]<\/p>\n","protected":false},"excerpt":{"rendered":"<p>\u201eNun woll\u2019n wir mal nich\u2018 albern werden\u2026\u201c Mit dieser Standardformulierung entern vier Torfmoorholmer Musiker die <a href=\"http:\/\/www.rockpixx.com\/wordpress\/torfrock-23-08-2013-schleswig-baltic-open-air\/\">Read more<\/a><\/p>\n","protected":false},"author":1,"featured_media":12073,"comment_status":"open","ping_status":"open","sticky":false,"template":"","format":"standard","meta":{"_jetpack_memberships_contains_paid_content":false,"footnotes":"","jetpack_publicize_message":"#Torfrock, 23.08.2013, #Schleswig, #BalticOpenAir","jetpack_publicize_feature_enabled":true,"jetpack_social_post_already_shared":true,"jetpack_social_options":{"image_generator_settings":{"template":"highway","default_image_id":0,"font":"","enabled":false},"version":2}},"categories":[34,434],"tags":[2065,895,133,1749,1818],"class_list":["post-12071","post","type-post","status-publish","format-standard","has-post-thumbnail","hentry","category-acts","category-torfrock","tag-2065","tag-baltic-open-air","tag-festivals","tag-schleswig","tag-torfrock"],"aioseo_notices":[],"jetpack_publicize_connections":[],"jetpack_featured_media_url":"http:\/\/www.rockpixx.com\/wordpress\/wp-content\/uploads\/2013\/08\/20130823-03-014_torfrock-Artikel.jpg","jetpack-related-posts":[{"id":16673,"url":"http:\/\/www.rockpixx.com\/wordpress\/torfrock-30-08-2014-baltic-open-air-schleswig\/","url_meta":{"origin":12071,"position":0},"title":"Torfrock, 30.08.2014, Baltic Open Air, Schleswig","author":"admin","date":"5. September 2014","format":false,"excerpt":"\u201eBagalutenwiehnacht\u201c? Nee, hat doch keiner im Publikum eine rote Zipfelm\u00fctze auf und Klaus von \u2192 \u201eTorfrock\u201c tr\u00e4gt auch keine. Einigen wir uns also auf \u201eBagalutensommer\u201c, denn \u201edie Bagalutenband f\u00e4llt wieder ein\u201c \u2013 dieses Mal auf der Centerstage des Baltic Open Air in Schleswig am zweiten Tag des Festivals. Der Platz\u2026","rel":"","context":"In &quot;Acts&quot;","block_context":{"text":"Acts","link":"http:\/\/www.rockpixx.com\/wordpress\/category\/acts\/"},"img":{"alt_text":"Torfrock, 30.08.2014, Baltic Open Air, Schleswig","src":"https:\/\/i0.wp.com\/www.rockpixx.com\/wordpress\/wp-content\/uploads\/2014\/09\/20140830-02-099.jpg?resize=350%2C200","width":350,"height":200,"srcset":"https:\/\/i0.wp.com\/www.rockpixx.com\/wordpress\/wp-content\/uploads\/2014\/09\/20140830-02-099.jpg?resize=350%2C200 1x, https:\/\/i0.wp.com\/www.rockpixx.com\/wordpress\/wp-content\/uploads\/2014\/09\/20140830-02-099.jpg?resize=525%2C300 1.5x, https:\/\/i0.wp.com\/www.rockpixx.com\/wordpress\/wp-content\/uploads\/2014\/09\/20140830-02-099.jpg?resize=700%2C400 2x"},"classes":[]},{"id":9010,"url":"http:\/\/www.rockpixx.com\/wordpress\/torfrock-08-09-2012-schleswig-boa-2012\/","url_meta":{"origin":12071,"position":1},"title":"Torfrock, 08.09.2012, Schleswig, B:O:A 2012","author":"Anja","date":"8. September 2012","format":false,"excerpt":"\u201eTorfrock\u201c\u2026 und erneut ist unsere Pressebetreuerin nicht auf Zack: Die Fotografen werden nicht \u00fcber den (leicht ge\u00e4nderten) Ablauf informiert. Dies bringt uns dann ganz sch\u00f6n zum Rennen, denn wenn die Band 15 Minuten fr\u00fcher nach dem neuen Line-Up anf\u00e4ngt und wir noch \u00fcber das ganze Festivalgel\u00e4nde durch die Zuschauermenge m\u00fcssen,\u2026","rel":"","context":"In &quot;Acts&quot;","block_context":{"text":"Acts","link":"http:\/\/www.rockpixx.com\/wordpress\/category\/acts\/"},"img":{"alt_text":"Torfrock, 08.09.2012, Schleswig, B:O:A 2012","src":"https:\/\/i0.wp.com\/www.rockpixx.com\/wordpress\/wp-content\/uploads\/2013\/02\/20120908-03-torfrock-Artikel.jpg?resize=350%2C200","width":350,"height":200,"srcset":"https:\/\/i0.wp.com\/www.rockpixx.com\/wordpress\/wp-content\/uploads\/2013\/02\/20120908-03-torfrock-Artikel.jpg?resize=350%2C200 1x, https:\/\/i0.wp.com\/www.rockpixx.com\/wordpress\/wp-content\/uploads\/2013\/02\/20120908-03-torfrock-Artikel.jpg?resize=525%2C300 1.5x, https:\/\/i0.wp.com\/www.rockpixx.com\/wordpress\/wp-content\/uploads\/2013\/02\/20120908-03-torfrock-Artikel.jpg?resize=700%2C400 2x"},"classes":[]},{"id":9005,"url":"http:\/\/www.rockpixx.com\/wordpress\/desert-daemon-08-09-2012-schleswig-boa-2012\/","url_meta":{"origin":12071,"position":2},"title":"Desert Daemon, 08.09.2012, Schleswig, B:O:A 2012","author":"Anja","date":"8. September 2012","format":false,"excerpt":"\u201eDesert Daemon\u201c die zweiten Local Heros auf dem Baltic. Da unsere Pressebetreuerin noch nicht warm gelaufen ist, sind die ersten Bilder dieser Gruppe dann aus dem Publikum entstanden. Die Musiker von \u201eDesert Daemon\u201c spielen gut gelaunt und was mich pers\u00f6nlich erfreut auch sehr \u201eposierfreudig\u201c. Leider verlernen das viele der Nachwuchsmusiker\u2026","rel":"","context":"In &quot;Acts&quot;","block_context":{"text":"Acts","link":"http:\/\/www.rockpixx.com\/wordpress\/category\/acts\/"},"img":{"alt_text":"Desert Daemon, 08.09.2012, Schleswig, B:O:A 2012","src":"https:\/\/i0.wp.com\/www.rockpixx.com\/wordpress\/wp-content\/uploads\/2013\/02\/20120908-02-desert-deamon-Artikel.jpg?resize=350%2C200","width":350,"height":200,"srcset":"https:\/\/i0.wp.com\/www.rockpixx.com\/wordpress\/wp-content\/uploads\/2013\/02\/20120908-02-desert-deamon-Artikel.jpg?resize=350%2C200 1x, https:\/\/i0.wp.com\/www.rockpixx.com\/wordpress\/wp-content\/uploads\/2013\/02\/20120908-02-desert-deamon-Artikel.jpg?resize=525%2C300 1.5x, https:\/\/i0.wp.com\/www.rockpixx.com\/wordpress\/wp-content\/uploads\/2013\/02\/20120908-02-desert-deamon-Artikel.jpg?resize=700%2C400 2x"},"classes":[]},{"id":12065,"url":"http:\/\/www.rockpixx.com\/wordpress\/mytallica-23-08-2013-schleswig-baltic-open-air\/","url_meta":{"origin":12071,"position":3},"title":"MY\u2018TALLICA, 23.08.2013, Schleswig, Baltic Open Air","author":"Anja","date":"27. August 2013","format":false,"excerpt":"\u201eMY\u2019TALLICA\u201c ist eine Tribute-Band, die, wie es der Namen schon vermuten l\u00e4sst, die amerikanische Band \u201eMETALLICA\u201c zum Vorbild hat. Letzere z\u00e4hlte in den 1980er Jahren neben \u201eSlayer\u201c, \u201eMegadeth\u201c und \u2192\u00a0\u201eAnthrax\u201c zu den \u201egro\u00dfen Vier\u201c des Thrash Metal. Immer noch str\u00f6men die Festivalbesucher auf das Gel\u00e4nde und so steigert sich die\u2026","rel":"","context":"In &quot;Acts&quot;","block_context":{"text":"Acts","link":"http:\/\/www.rockpixx.com\/wordpress\/category\/acts\/"},"img":{"alt_text":"","src":"https:\/\/i0.wp.com\/www.rockpixx.com\/wordpress\/wp-content\/uploads\/2013\/08\/20130823-02-003_mytallica-Artikel.jpg?resize=350%2C200","width":350,"height":200,"srcset":"https:\/\/i0.wp.com\/www.rockpixx.com\/wordpress\/wp-content\/uploads\/2013\/08\/20130823-02-003_mytallica-Artikel.jpg?resize=350%2C200 1x, https:\/\/i0.wp.com\/www.rockpixx.com\/wordpress\/wp-content\/uploads\/2013\/08\/20130823-02-003_mytallica-Artikel.jpg?resize=525%2C300 1.5x, https:\/\/i0.wp.com\/www.rockpixx.com\/wordpress\/wp-content\/uploads\/2013\/08\/20130823-02-003_mytallica-Artikel.jpg?resize=700%2C400 2x"},"classes":[]},{"id":6765,"url":"http:\/\/www.rockpixx.com\/wordpress\/torfrock-22-06-2010-kiel-kieler-woche-musikzelt\/","url_meta":{"origin":12071,"position":4},"title":"Torfrock, 22.06.2010, Kiel, Kieler Woche Musikzelt","author":"Anja","date":"22. Juni 2010","format":false,"excerpt":"\u00dcber \u201eTorfrock\u201c noch viel schreiben zu wollen, hie\u00dfe Krabben nach Torfmoorholm tragen zu wollen, also lasse ich es. Erw\u00e4hnen m\u00f6chte ich nur noch, dass ich bereits seit 1979 schwer begeistert bin von den Jungs um Raymond und Klaus. Ansonsten das gewohnte Bild bei einem Torfrock-Konzert, auch im Kieler Woche Musikzelt:\u2026","rel":"","context":"In &quot;Acts&quot;","block_context":{"text":"Acts","link":"http:\/\/www.rockpixx.com\/wordpress\/category\/acts\/"},"img":{"alt_text":"Torfrock, 22.06.2010, Kiel, Kieler Woche Musikzelt","src":"https:\/\/i0.wp.com\/www.rockpixx.com\/wordpress\/wp-content\/uploads\/2013\/01\/20100622-06-torfrock-Artikel.jpg?resize=350%2C200","width":350,"height":200,"srcset":"https:\/\/i0.wp.com\/www.rockpixx.com\/wordpress\/wp-content\/uploads\/2013\/01\/20100622-06-torfrock-Artikel.jpg?resize=350%2C200 1x, https:\/\/i0.wp.com\/www.rockpixx.com\/wordpress\/wp-content\/uploads\/2013\/01\/20100622-06-torfrock-Artikel.jpg?resize=525%2C300 1.5x, https:\/\/i0.wp.com\/www.rockpixx.com\/wordpress\/wp-content\/uploads\/2013\/01\/20100622-06-torfrock-Artikel.jpg?resize=700%2C400 2x"},"classes":[]},{"id":4939,"url":"http:\/\/www.rockpixx.com\/wordpress\/torfrock-21-06-2009-kiel-kieler-woche-musikzelt\/","url_meta":{"origin":12071,"position":5},"title":"Torfrock, 21.06.2009, Kiel, Kieler Woche Musikzelt","author":"Anja","date":"21. Juni 2009","format":false,"excerpt":"\u2026 eine Band, die seit den \u201eWerner Beinhart-Zeiten\u201c auch \u00fcber die Grenzen ihrer n\u00f6rdlichen Heimat bekannt geworden ist. Das Musikzelt auf der Kieler Woche war gerammelt voll und die gleiche Menge an Zuschauern stand noch vor den Absperrungen und w\u00e4re gerne im Zelt dabei gewesen. Bei einem Blick in die\u2026","rel":"","context":"In &quot;Acts&quot;","block_context":{"text":"Acts","link":"http:\/\/www.rockpixx.com\/wordpress\/category\/acts\/"},"img":{"alt_text":"Torfrock, 21.06.2009, Kiel, Kieler Woche Musikzelt","src":"https:\/\/i0.wp.com\/www.rockpixx.com\/wordpress\/wp-content\/uploads\/2012\/06\/20090621-05-torfrock-Artikel.jpg?resize=350%2C200","width":350,"height":200,"srcset":"https:\/\/i0.wp.com\/www.rockpixx.com\/wordpress\/wp-content\/uploads\/2012\/06\/20090621-05-torfrock-Artikel.jpg?resize=350%2C200 1x, https:\/\/i0.wp.com\/www.rockpixx.com\/wordpress\/wp-content\/uploads\/2012\/06\/20090621-05-torfrock-Artikel.jpg?resize=525%2C300 1.5x, https:\/\/i0.wp.com\/www.rockpixx.com\/wordpress\/wp-content\/uploads\/2012\/06\/20090621-05-torfrock-Artikel.jpg?resize=700%2C400 2x"},"classes":[]}],"jetpack_sharing_enabled":true,"publishpress_future_action":{"enabled":false,"date":"2026-05-08 23:43:39","action":"change-status","newStatus":"draft","terms":[],"taxonomy":"category","extraData":[]},"publishpress_future_workflow_manual_trigger":{"enabledWorkflows":[]},"_links":{"self":[{"href":"http:\/\/www.rockpixx.com\/wordpress\/wp-json\/wp\/v2\/posts\/12071","targetHints":{"allow":["GET"]}}],"collection":[{"href":"http:\/\/www.rockpixx.com\/wordpress\/wp-json\/wp\/v2\/posts"}],"about":[{"href":"http:\/\/www.rockpixx.com\/wordpress\/wp-json\/wp\/v2\/types\/post"}],"author":[{"embeddable":true,"href":"http:\/\/www.rockpixx.com\/wordpress\/wp-json\/wp\/v2\/users\/1"}],"replies":[{"embeddable":true,"href":"http:\/\/www.rockpixx.com\/wordpress\/wp-json\/wp\/v2\/comments?post=12071"}],"version-history":[{"count":0,"href":"http:\/\/www.rockpixx.com\/wordpress\/wp-json\/wp\/v2\/posts\/12071\/revisions"}],"wp:featuredmedia":[{"embeddable":true,"href":"http:\/\/www.rockpixx.com\/wordpress\/wp-json\/wp\/v2\/media\/12073"}],"wp:attachment":[{"href":"http:\/\/www.rockpixx.com\/wordpress\/wp-json\/wp\/v2\/media?parent=12071"}],"wp:term":[{"taxonomy":"category","embeddable":true,"href":"http:\/\/www.rockpixx.com\/wordpress\/wp-json\/wp\/v2\/categories?post=12071"},{"taxonomy":"post_tag","embeddable":true,"href":"http:\/\/www.rockpixx.com\/wordpress\/wp-json\/wp\/v2\/tags?post=12071"}],"curies":[{"name":"wp","href":"https:\/\/api.w.org\/{rel}","templated":true}]}}