{"id":12211,"date":"2013-09-02T22:25:49","date_gmt":"2013-09-02T21:25:49","guid":{"rendered":"http:\/\/rockpixx.com\/wordpress\/?p=12211"},"modified":"2013-09-02T22:25:49","modified_gmt":"2013-09-02T21:25:49","slug":"ein-paar-worte-zur-nextgen-galerie","status":"publish","type":"post","link":"http:\/\/www.rockpixx.com\/wordpress\/ein-paar-worte-zur-nextgen-galerie\/","title":{"rendered":"Ein paar Worte zur NextGen-Galerie"},"content":{"rendered":"<p>Moin,<\/p>\n<p>wir haben heute bei der installierten NextGen-Galerie ein RollBack zur Version 1.9.13 vorgenommen, da keine der nachfolgenden Versionen 2.x ohne Probleme auf dieser Webseite zufriedenstellend gelaufen ist. Nachdem zwar die ersten Updates einige Fehler behoben hatten (u. a. die komplette Deaktivierung unseres Men\u00fcsystemes) waren alle Updates bis einschlie\u00dflich der aktuellen Version 2.0.17 nicht in der Lage, unsere Bilder in einer Galerie sortiert nach Dateiname (und damit chronologisch) anzuzeigen &#8211; es blieb stets bei einer zuf\u00e4lligen Reihenfolge.<\/p>\n","protected":false},"excerpt":{"rendered":"<p>Moin, wir haben heute bei der installierten NextGen-Galerie ein RollBack zur Version 1.9.13 vorgenommen, da <a href=\"http:\/\/www.rockpixx.com\/wordpress\/ein-paar-worte-zur-nextgen-galerie\/\">Read more<\/a><\/p>\n","protected":false},"author":1,"featured_media":0,"comment_status":"open","ping_status":"open","sticky":false,"template":"","format":"standard","meta":{"_jetpack_memberships_contains_paid_content":false,"footnotes":"","jetpack_publicize_message":"Ein paar Worte zur NextGen-Galerie","jetpack_publicize_feature_enabled":true,"jetpack_social_post_already_shared":true,"jetpack_social_options":{"image_generator_settings":{"template":"highway","default_image_id":0,"font":"","enabled":false},"version":2}},"categories":[32,108],"tags":[109,110],"class_list":["post-12211","post","type-post","status-publish","format-standard","hentry","category-sonstiges","category-updates","tag-intern","tag-update"],"aioseo_notices":[],"jetpack_publicize_connections":[],"jetpack_featured_media_url":"","jetpack-related-posts":[{"id":4482,"url":"http:\/\/www.rockpixx.com\/wordpress\/unsere-fotopasse\/","url_meta":{"origin":12211,"position":0},"title":"Unsere Fotop\u00e4sse","author":"admin","date":"8. Januar 2013","format":false,"excerpt":"Der Fotopass oder auf neudeutsch auch PitPass genannt: Ohne einen solchen ist bei gr\u00f6\u00dferen Events das Fotografieren nicht m\u00f6glich. Insofern sammeln sich im Laufe der Zeit bei Konzertfotografen einige dieser \u201eTroph\u00e4en\u201c an. Manchesmal sogar mit dem begehrten \u201eAAA\u201c darauf, welches Zutritt zum Backstage-Bereich bedeuten kann. Mittlerweile h\u00e4ngt unsere \u201eTroph\u00e4ensammlung\u201c in\u2026","rel":"","context":"In &quot;Fotopass&quot;","block_context":{"text":"Fotopass","link":"http:\/\/www.rockpixx.com\/wordpress\/category\/verschiedenes\/egomania\/fotopass\/"},"img":{"alt_text":"rockpixx.com, Pitp\u00e4sse","src":"https:\/\/i0.wp.com\/www.rockpixx.com\/wordpress\/wp-content\/uploads\/2012\/12\/20121213-001.jpg?resize=350%2C200","width":350,"height":200,"srcset":"https:\/\/i0.wp.com\/www.rockpixx.com\/wordpress\/wp-content\/uploads\/2012\/12\/20121213-001.jpg?resize=350%2C200 1x, https:\/\/i0.wp.com\/www.rockpixx.com\/wordpress\/wp-content\/uploads\/2012\/12\/20121213-001.jpg?resize=525%2C300 1.5x, https:\/\/i0.wp.com\/www.rockpixx.com\/wordpress\/wp-content\/uploads\/2012\/12\/20121213-001.jpg?resize=700%2C400 2x"},"classes":[]},{"id":1033,"url":"http:\/\/www.rockpixx.com\/wordpress\/musiker-und-deren-wunsch-nach-bildern\/","url_meta":{"origin":12211,"position":1},"title":"Musiker und deren Wunsch nach Bildern","author":"admin","date":"4. Juli 2010","format":false,"excerpt":"Moin, in Nachbetrachtung der diesj\u00e4hrigen \u201eKieler Woche\u201c m\u00f6chte ich einmal ein paar Beispiele f\u00fcr die Vorbringung von Bilderw\u00fcnschen seitens einiger Bands \/ Musiker \/ Managements \/ Veranstalter vorstellen. Ich werde hier absichtlich keinerlei Namen nennen, einige Texte sprechen f\u00fcr sich\u2026 Beispiel-1: Hallo hallo!!! Super-Fotos habt ihr gemacht. Die gefallen uns\u2026","rel":"","context":"In &quot;2010&quot;","block_context":{"text":"2010","link":"http:\/\/www.rockpixx.com\/wordpress\/category\/backstage\/2010\/"},"img":{"alt_text":"","src":"","width":0,"height":0},"classes":[]},{"id":10365,"url":"http:\/\/www.rockpixx.com\/wordpress\/homefield-four-20-04-2013-honky-tonk-im-restaurant-husum-pub-husum\/","url_meta":{"origin":12211,"position":2},"title":"Homefield Four, 20.04.2013, Honky Tonk im Restaurant Husum Pub, Husum","author":"Anja","date":"22. April 2013","format":false,"excerpt":"Homefield Four\u2026 dem Namen nach k\u00f6nnte man ein Quartett vermuten, aber Irrtum, hier erwartet uns ein rockiges Trio in der Besetzung Bass, Gitarre und Drums. Ich glaube, hier haben wir die die kleinste und schmalste B\u00fchne auf dem Husumer Kneipenfestival erlebt: Maximal 5 Quadratmeter \u00fcber den K\u00f6pfen des auf einer\u2026","rel":"","context":"In &quot;Acts&quot;","block_context":{"text":"Acts","link":"http:\/\/www.rockpixx.com\/wordpress\/category\/acts\/"},"img":{"alt_text":"Homefield Four, 20.04.2013, Husum, Honky Tonk 2013, Husum Pub","src":"https:\/\/i0.wp.com\/www.rockpixx.com\/wordpress\/wp-content\/uploads\/2013\/04\/20130420-03-004.jpg?resize=350%2C200","width":350,"height":200,"srcset":"https:\/\/i0.wp.com\/www.rockpixx.com\/wordpress\/wp-content\/uploads\/2013\/04\/20130420-03-004.jpg?resize=350%2C200 1x, https:\/\/i0.wp.com\/www.rockpixx.com\/wordpress\/wp-content\/uploads\/2013\/04\/20130420-03-004.jpg?resize=525%2C300 1.5x, https:\/\/i0.wp.com\/www.rockpixx.com\/wordpress\/wp-content\/uploads\/2013\/04\/20130420-03-004.jpg?resize=700%2C400 2x"},"classes":[]},{"id":22135,"url":"http:\/\/www.rockpixx.com\/wordpress\/wsy-30-12-2018-frankfurt\/","url_meta":{"origin":12211,"position":3},"title":"We Salute You, 30.12.2018, Frankfurt, Jahrhunderthalle","author":"A. Hahl","date":"5. Januar 2019","format":false,"excerpt":"Irgendwie haben wir auf der Autobahn immer noch die Dudelsack-Kl\u00e4nge von der letzten Nacht in Kempten im Ohr, w\u00e4hrend wir auf dem Weg nach Frankfurt in die Jahrhunderthalle sind\u2026 Nun also die n\u00e4chste Stadt, das n\u00e4chste Hotel und die \u201eJahrhunderthalle\u201c. Nachdem dort bereits 1976 AC\/DC h\u00f6chstselbst gespielt hatten, ist das\u2026","rel":"","context":"In &quot;AC\/DC&quot;","block_context":{"text":"AC\/DC","link":"http:\/\/www.rockpixx.com\/wordpress\/category\/acts\/tributebands\/acdc\/"},"img":{"alt_text":"We Salute You, 30.12.2018, Frankfurt, Jahrhunderthalle","src":"https:\/\/i0.wp.com\/www.rockpixx.com\/wordpress\/wp-content\/uploads\/2019\/01\/20181230-264.jpg?resize=350%2C200","width":350,"height":200,"srcset":"https:\/\/i0.wp.com\/www.rockpixx.com\/wordpress\/wp-content\/uploads\/2019\/01\/20181230-264.jpg?resize=350%2C200 1x, https:\/\/i0.wp.com\/www.rockpixx.com\/wordpress\/wp-content\/uploads\/2019\/01\/20181230-264.jpg?resize=525%2C300 1.5x, https:\/\/i0.wp.com\/www.rockpixx.com\/wordpress\/wp-content\/uploads\/2019\/01\/20181230-264.jpg?resize=700%2C400 2x"},"classes":[]},{"id":9023,"url":"http:\/\/www.rockpixx.com\/wordpress\/update-13-02-2013\/","url_meta":{"origin":12211,"position":4},"title":"Update, 13.02.2013","author":"admin","date":"13. Februar 2013","format":false,"excerpt":"Relaunch von rockpixx.com fertig! Einige Wochen harter Arbeit liegen hinter uns: Nachdem wir uns Gedanken \u00fcber eine nutzerfreundlichere Struktur von rockpixx.com gemacht haben, mehr als 450 Acts gesichtet und noch einmal korrekturgelesen haben, unz\u00e4hlige Bilder ebenfalls gesichtet und diese ab dem Jahr 2011 in gr\u00f6\u00dferem Format erneut auf den Server\u2026","rel":"","context":"In &quot;Internes&quot;","block_context":{"text":"Internes","link":"http:\/\/www.rockpixx.com\/wordpress\/category\/sonstiges\/"},"img":{"alt_text":"","src":"","width":0,"height":0},"classes":[]},{"id":11432,"url":"http:\/\/www.rockpixx.com\/wordpress\/bbs-bunte-bass-saiten-volker-und-jorg-haben-mitgemacht\/","url_meta":{"origin":12211,"position":5},"title":"BBS (Bunte Bass-Saiten): Volker und J\u00f6rg haben mitgemacht!","author":"admin","date":"8. Juli 2013","format":false,"excerpt":"So, abschlie\u00dfend zur diesj\u00e4hrigen \u201eKieler Woche\u201c bleibt noch festzustellen, dass sowohl Volker Kaminski von \u2192 \u201eMerQury\u201c als auch J\u00f6rg Feser von \u2192 \u201eTrue Collins\u201c \u2192 ihre Versprechen eingel\u00f6st haben. Beide traten mit extra gew\u00fcnschten farbigen Bass-Saiten auf der MAXB\u00fchne auf und lieferten mir die wunderbare Gelegenheit, die Galerie der exotischen\u2026","rel":"","context":"In &quot;2013&quot;","block_context":{"text":"2013","link":"http:\/\/www.rockpixx.com\/wordpress\/category\/backstage\/2013\/"},"img":{"alt_text":"Bunte Bass-Saiten (J\u00f6rg Feser, True Collins)","src":"https:\/\/i0.wp.com\/www.rockpixx.com\/wordpress\/wp-content\/uploads\/2013\/07\/20130704-Bass-Joerg-Feser.jpg?resize=350%2C200","width":350,"height":200,"srcset":"https:\/\/i0.wp.com\/www.rockpixx.com\/wordpress\/wp-content\/uploads\/2013\/07\/20130704-Bass-Joerg-Feser.jpg?resize=350%2C200 1x, https:\/\/i0.wp.com\/www.rockpixx.com\/wordpress\/wp-content\/uploads\/2013\/07\/20130704-Bass-Joerg-Feser.jpg?resize=525%2C300 1.5x, https:\/\/i0.wp.com\/www.rockpixx.com\/wordpress\/wp-content\/uploads\/2013\/07\/20130704-Bass-Joerg-Feser.jpg?resize=700%2C400 2x"},"classes":[]}],"jetpack_sharing_enabled":true,"publishpress_future_action":{"enabled":false,"date":"2026-05-09 14:10:13","action":"change-status","newStatus":"draft","terms":[],"taxonomy":"category","extraData":[]},"publishpress_future_workflow_manual_trigger":{"enabledWorkflows":[]},"_links":{"self":[{"href":"http:\/\/www.rockpixx.com\/wordpress\/wp-json\/wp\/v2\/posts\/12211","targetHints":{"allow":["GET"]}}],"collection":[{"href":"http:\/\/www.rockpixx.com\/wordpress\/wp-json\/wp\/v2\/posts"}],"about":[{"href":"http:\/\/www.rockpixx.com\/wordpress\/wp-json\/wp\/v2\/types\/post"}],"author":[{"embeddable":true,"href":"http:\/\/www.rockpixx.com\/wordpress\/wp-json\/wp\/v2\/users\/1"}],"replies":[{"embeddable":true,"href":"http:\/\/www.rockpixx.com\/wordpress\/wp-json\/wp\/v2\/comments?post=12211"}],"version-history":[{"count":0,"href":"http:\/\/www.rockpixx.com\/wordpress\/wp-json\/wp\/v2\/posts\/12211\/revisions"}],"wp:attachment":[{"href":"http:\/\/www.rockpixx.com\/wordpress\/wp-json\/wp\/v2\/media?parent=12211"}],"wp:term":[{"taxonomy":"category","embeddable":true,"href":"http:\/\/www.rockpixx.com\/wordpress\/wp-json\/wp\/v2\/categories?post=12211"},{"taxonomy":"post_tag","embeddable":true,"href":"http:\/\/www.rockpixx.com\/wordpress\/wp-json\/wp\/v2\/tags?post=12211"}],"curies":[{"name":"wp","href":"https:\/\/api.w.org\/{rel}","templated":true}]}}