{"id":12220,"date":"2013-09-04T17:40:48","date_gmt":"2013-09-04T16:40:48","guid":{"rendered":"http:\/\/rockpixx.com\/wordpress\/?p=12220"},"modified":"2015-06-09T13:42:38","modified_gmt":"2015-06-09T12:42:38","slug":"48-stunden-01-09-2013-schleswig-rsh-kindertag","status":"publish","type":"post","link":"http:\/\/www.rockpixx.com\/wordpress\/48-stunden-01-09-2013-schleswig-rsh-kindertag\/","title":{"rendered":"48 Stunden, 01.09.2013, Schleswig, RSH-Kindertag"},"content":{"rendered":"<p>Heute l\u00e4sst uns das Wetter im Stich und so k\u00f6nnen wir bei Ankunft auf dem Gel\u00e4nde des RSH-Kindertages gleich mal einen Pavillon in die Schlei fliegen sehen. Es st\u00fcrmt und regnet, so dass die zahlreichen Familien unter allen m\u00f6glichen \u201eD\u00e4chern\u201c Schutz suchen. Das kann ja heiter werden.<\/p>\n<p>Zum Gl\u00fcck ist diese Wetterkapriole rechtzeitig zum Auftritt der ersten Band \u201e48 Stunden\u201c aus Berlin vorbei.<!--more--> Als aktuelle Gewinner des \u201eJohn Lennon Talent Award\u201c begeistern die Musiker um Viktoria und Manuel mit deutschsprachiger Pop-Musik das Publikum. Anzumerken ist, dass die S\u00e4ngerin nicht nur schmuck ausschaut sondern auch gut singen kann. Leider in der heutigen Musikwelt nicht immer selbstverst\u00e4ndlich.<\/p>\n<p>Wir sind gespannt wie sich die Band entwickelt und freuen uns auf ein Wiedersehen.<\/p>\n<p align=\"right\">Fotos: <a href=\"mailto:info@rockpixx.com?subject=48%20Stunde,%2001.09.2013,%20Schleswig,%20RSH-Kindertag\">Alex<\/a>, <a href=\"mailto:a.roselt@rockpixx.com?subject=48%20Stunde,%2001.09.2013,%20Schleswig,%20RSH-Kindertag\">Anja<\/a> | Text: <a href=\"mailto:a.roselt@rockpixx.com?subject=48%20Stunde,%2001.09.2013,%20Schleswig,%20RSH-Kindertag\">Anja<\/a><\/p>\n<p>&nbsp;<\/p>\n<p>[slideshow id=412]<\/p>\n","protected":false},"excerpt":{"rendered":"<p>Heute l\u00e4sst uns das Wetter im Stich und so k\u00f6nnen wir bei Ankunft auf dem <a href=\"http:\/\/www.rockpixx.com\/wordpress\/48-stunden-01-09-2013-schleswig-rsh-kindertag\/\">Read more<\/a><\/p>\n","protected":false},"author":2,"featured_media":12221,"comment_status":"open","ping_status":"open","sticky":false,"template":"","format":"standard","meta":{"_jetpack_memberships_contains_paid_content":false,"footnotes":"","jetpack_publicize_message":"#48Stunden, 01.09.2013, #Schleswig, #RSHKindertag2013","jetpack_publicize_feature_enabled":true,"jetpack_social_post_already_shared":true,"jetpack_social_options":{"image_generator_settings":{"template":"highway","default_image_id":0,"font":"","enabled":false},"version":2}},"categories":[1274,34],"tags":[2065,2286,2062,1280,1749],"class_list":["post-12220","post","type-post","status-publish","format-standard","has-post-thumbnail","hentry","category-48-stunden","category-acts","tag-2065","tag-48-stunden","tag-auf-der-freiheit","tag-rsh-kindertag","tag-schleswig"],"aioseo_notices":[],"jetpack_publicize_connections":[],"jetpack_featured_media_url":"http:\/\/www.rockpixx.com\/wordpress\/wp-content\/uploads\/2013\/09\/20130901-01-008_48-stunden-Artikel.jpg","jetpack-related-posts":[{"id":12226,"url":"http:\/\/www.rockpixx.com\/wordpress\/neon-dogs-01-09-2013-schleswig-rsh-kindertag\/","url_meta":{"origin":12220,"position":0},"title":"Neon Dogs, 01.09.2013, Schleswig, RSH-Kindertag","author":"Anja","date":"4. September 2013","format":false,"excerpt":"Genau bei diesem Auftritt hatte ich zum ersten Mal an diesem Tag das Gef\u00fchl auf dem Kintertag zu sein. Auf der B\u00fchne stehen die Neon Dogs \u2013 2007 als Sch\u00fclerband \u201ePausenbrot\u201c gegr\u00fcndet. Ende 2012 brachten sie dann unter dem neuen Bandnamen \u201eNeon Dogs\u201c das Lied \u201eBaustelle\u201c inklusive eines Videoclips auf\u2026","rel":"","context":"In &quot;Acts&quot;","block_context":{"text":"Acts","link":"http:\/\/www.rockpixx.com\/wordpress\/category\/acts\/"},"img":{"alt_text":"","src":"https:\/\/i0.wp.com\/www.rockpixx.com\/wordpress\/wp-content\/uploads\/2013\/09\/20130901-03-045_neon-dogs-Artikel.jpg?resize=350%2C200","width":350,"height":200,"srcset":"https:\/\/i0.wp.com\/www.rockpixx.com\/wordpress\/wp-content\/uploads\/2013\/09\/20130901-03-045_neon-dogs-Artikel.jpg?resize=350%2C200 1x, https:\/\/i0.wp.com\/www.rockpixx.com\/wordpress\/wp-content\/uploads\/2013\/09\/20130901-03-045_neon-dogs-Artikel.jpg?resize=525%2C300 1.5x, https:\/\/i0.wp.com\/www.rockpixx.com\/wordpress\/wp-content\/uploads\/2013\/09\/20130901-03-045_neon-dogs-Artikel.jpg?resize=700%2C400 2x"},"classes":[]},{"id":12232,"url":"http:\/\/www.rockpixx.com\/wordpress\/blue-01-09-2013-schleswig-rsh-kindertag\/","url_meta":{"origin":12220,"position":1},"title":"Blue, 01.09.2013, Schleswig, RSH-Kindertag","author":"Anja","date":"4. September 2013","format":false,"excerpt":"Als ich auf der Running Order vom RSH-Kindertag las \u201eBlue\u201c, kam ich ins Gr\u00fcbeln, denn der Name kam mir bekannt vor, aber Gesichter hatte ich zu diesem Zeitpunkt nicht vor Augen. Doch ein paar Tage sp\u00e4ter beim Abstauben meines CD-Regals fiel mir eine Silberscheibe von \u201eBlue\u201c in die H\u00e4nde. Jetzt\u2026","rel":"","context":"In &quot;Acts&quot;","block_context":{"text":"Acts","link":"http:\/\/www.rockpixx.com\/wordpress\/category\/acts\/"},"img":{"alt_text":"","src":"https:\/\/i0.wp.com\/www.rockpixx.com\/wordpress\/wp-content\/uploads\/2013\/09\/20130901-05-043_blue-Artikel.jpg?resize=350%2C200","width":350,"height":200,"srcset":"https:\/\/i0.wp.com\/www.rockpixx.com\/wordpress\/wp-content\/uploads\/2013\/09\/20130901-05-043_blue-Artikel.jpg?resize=350%2C200 1x, https:\/\/i0.wp.com\/www.rockpixx.com\/wordpress\/wp-content\/uploads\/2013\/09\/20130901-05-043_blue-Artikel.jpg?resize=525%2C300 1.5x, https:\/\/i0.wp.com\/www.rockpixx.com\/wordpress\/wp-content\/uploads\/2013\/09\/20130901-05-043_blue-Artikel.jpg?resize=700%2C400 2x"},"classes":[]},{"id":12235,"url":"http:\/\/www.rockpixx.com\/wordpress\/frida-gold-01-09-2013-schleswig-rsh-kindertag\/","url_meta":{"origin":12220,"position":2},"title":"Frida Gold, 01.09.2013, Schleswig, RSH-Kindertag","author":"Anja","date":"4. September 2013","format":false,"excerpt":"Frida Gold ist nun auch bereits \u2192\u00a0vier Mal vor unseren Kameras gewesen und dies wird ganz bestimmt auch nicht das letzte Mal sein. Was soll ich jetzt \u00fcber Frida Gold und ihre Frontfrau Alina S\u00fcggeler schreiben, was wir in unseren bisherigen Reviews nicht schon geschrieben haben? Musikalisch und showtechnisch war\u2026","rel":"","context":"In &quot;Acts&quot;","block_context":{"text":"Acts","link":"http:\/\/www.rockpixx.com\/wordpress\/category\/acts\/"},"img":{"alt_text":"","src":"https:\/\/i0.wp.com\/www.rockpixx.com\/wordpress\/wp-content\/uploads\/2013\/09\/20130901-06-079_frida-gold-Artikel.jpg?resize=350%2C200","width":350,"height":200,"srcset":"https:\/\/i0.wp.com\/www.rockpixx.com\/wordpress\/wp-content\/uploads\/2013\/09\/20130901-06-079_frida-gold-Artikel.jpg?resize=350%2C200 1x, https:\/\/i0.wp.com\/www.rockpixx.com\/wordpress\/wp-content\/uploads\/2013\/09\/20130901-06-079_frida-gold-Artikel.jpg?resize=525%2C300 1.5x, https:\/\/i0.wp.com\/www.rockpixx.com\/wordpress\/wp-content\/uploads\/2013\/09\/20130901-06-079_frida-gold-Artikel.jpg?resize=700%2C400 2x"},"classes":[]},{"id":12229,"url":"http:\/\/www.rockpixx.com\/wordpress\/glasperlenspiel-01-09-2013-schleswig-rsh-kindertag\/","url_meta":{"origin":12220,"position":3},"title":"Glasperlenspiel, 01.09.2013, Schleswig, RSH-Kindertag","author":"Anja","date":"4. September 2013","format":false,"excerpt":"Zum zweiten Mal in diesem Jahr (nach dem \u2192\u00a0Auftritt auf der NDR-B\u00fchne auf der \u201eKieler Woche\u201c) erleben wir \u201eGlasperlenspiel\u201c in diesem Jahr hier im Norden und zum ersten Mal darf auch der Fotograf von rockpixx.com mit in den Graben. (In Kiel war er zeitgleich vor einer anderen B\u00fchne zugange.) Tja\u2026\u2026","rel":"","context":"In &quot;Acts&quot;","block_context":{"text":"Acts","link":"http:\/\/www.rockpixx.com\/wordpress\/category\/acts\/"},"img":{"alt_text":"Glasperlenspiel","src":"https:\/\/i0.wp.com\/www.rockpixx.com\/wordpress\/wp-content\/uploads\/2013\/09\/20130901-04-201_glasperlenspiel-Artikel.jpg?resize=350%2C200","width":350,"height":200,"srcset":"https:\/\/i0.wp.com\/www.rockpixx.com\/wordpress\/wp-content\/uploads\/2013\/09\/20130901-04-201_glasperlenspiel-Artikel.jpg?resize=350%2C200 1x, https:\/\/i0.wp.com\/www.rockpixx.com\/wordpress\/wp-content\/uploads\/2013\/09\/20130901-04-201_glasperlenspiel-Artikel.jpg?resize=525%2C300 1.5x, https:\/\/i0.wp.com\/www.rockpixx.com\/wordpress\/wp-content\/uploads\/2013\/09\/20130901-04-201_glasperlenspiel-Artikel.jpg?resize=700%2C400 2x"},"classes":[]},{"id":12223,"url":"http:\/\/www.rockpixx.com\/wordpress\/kompliment-01-09-2013-schleswig-rsh-kindertag\/","url_meta":{"origin":12220,"position":4},"title":"Kompliment, 01.09.2013, Schleswig, RSH-Kindertag","author":"Anja","date":"4. September 2013","format":false,"excerpt":"Als n\u00e4chstes stehen \u201eKompliment\u201c auf der B\u00fchne, die am Vorabend noch auf dem \u201eJ\u00fcbek-Open-Air\u201c aufgetreten sind. Die Band wurde 2003 als Coverband gegr\u00fcndet ohne sich auf einen K\u00fcnstler speziell festzulegen. Aufmerksame Fans stellten fest: \u201eDa fehlt doch einer.\u201c Leider mussten die Jungs als Trio auftreten, da Ihr Bassist verletzt im\u2026","rel":"","context":"In &quot;Acts&quot;","block_context":{"text":"Acts","link":"http:\/\/www.rockpixx.com\/wordpress\/category\/acts\/"},"img":{"alt_text":"","src":"https:\/\/i0.wp.com\/www.rockpixx.com\/wordpress\/wp-content\/uploads\/2013\/09\/20130901-02-028_kompliment-Artikel.jpg?resize=350%2C200","width":350,"height":200,"srcset":"https:\/\/i0.wp.com\/www.rockpixx.com\/wordpress\/wp-content\/uploads\/2013\/09\/20130901-02-028_kompliment-Artikel.jpg?resize=350%2C200 1x, https:\/\/i0.wp.com\/www.rockpixx.com\/wordpress\/wp-content\/uploads\/2013\/09\/20130901-02-028_kompliment-Artikel.jpg?resize=525%2C300 1.5x, https:\/\/i0.wp.com\/www.rockpixx.com\/wordpress\/wp-content\/uploads\/2013\/09\/20130901-02-028_kompliment-Artikel.jpg?resize=700%2C400 2x"},"classes":[]},{"id":12093,"url":"http:\/\/www.rockpixx.com\/wordpress\/timetraveller-24-08-2013-schleswig-baltic-open-air\/","url_meta":{"origin":12220,"position":5},"title":"Timetraveller, 24.08.2013, Schleswig, Baltic Open Air","author":"Anja","date":"30. August 2013","format":false,"excerpt":"\u00a0 Das Open Doors vom zweiten Tag auf dem Baltic Festival wird vom Spielmannszug aus Schleswig musikalisch begleitet, aber lange halten es die Festivalbesucher nicht bei den schick uniformierten Musikern aus. Denn auf der B\u00fchne stehen \u201eTimetraveller\u201c und so eine kraftvolle und rockige Stimme, verpackt in einer schmucken S\u00e4ngerin, ist\u2026","rel":"","context":"In &quot;Acts&quot;","block_context":{"text":"Acts","link":"http:\/\/www.rockpixx.com\/wordpress\/category\/acts\/"},"img":{"alt_text":"","src":"https:\/\/i0.wp.com\/www.rockpixx.com\/wordpress\/wp-content\/uploads\/2013\/08\/20130824-01-020_timetraveller-Artikel.jpg?resize=350%2C200","width":350,"height":200,"srcset":"https:\/\/i0.wp.com\/www.rockpixx.com\/wordpress\/wp-content\/uploads\/2013\/08\/20130824-01-020_timetraveller-Artikel.jpg?resize=350%2C200 1x, https:\/\/i0.wp.com\/www.rockpixx.com\/wordpress\/wp-content\/uploads\/2013\/08\/20130824-01-020_timetraveller-Artikel.jpg?resize=525%2C300 1.5x, https:\/\/i0.wp.com\/www.rockpixx.com\/wordpress\/wp-content\/uploads\/2013\/08\/20130824-01-020_timetraveller-Artikel.jpg?resize=700%2C400 2x"},"classes":[]}],"jetpack_sharing_enabled":true,"publishpress_future_action":{"enabled":false,"date":"2026-05-07 07:46:03","action":"change-status","newStatus":"draft","terms":[],"taxonomy":"category","extraData":[]},"publishpress_future_workflow_manual_trigger":{"enabledWorkflows":[]},"_links":{"self":[{"href":"http:\/\/www.rockpixx.com\/wordpress\/wp-json\/wp\/v2\/posts\/12220","targetHints":{"allow":["GET"]}}],"collection":[{"href":"http:\/\/www.rockpixx.com\/wordpress\/wp-json\/wp\/v2\/posts"}],"about":[{"href":"http:\/\/www.rockpixx.com\/wordpress\/wp-json\/wp\/v2\/types\/post"}],"author":[{"embeddable":true,"href":"http:\/\/www.rockpixx.com\/wordpress\/wp-json\/wp\/v2\/users\/2"}],"replies":[{"embeddable":true,"href":"http:\/\/www.rockpixx.com\/wordpress\/wp-json\/wp\/v2\/comments?post=12220"}],"version-history":[{"count":0,"href":"http:\/\/www.rockpixx.com\/wordpress\/wp-json\/wp\/v2\/posts\/12220\/revisions"}],"wp:featuredmedia":[{"embeddable":true,"href":"http:\/\/www.rockpixx.com\/wordpress\/wp-json\/wp\/v2\/media\/12221"}],"wp:attachment":[{"href":"http:\/\/www.rockpixx.com\/wordpress\/wp-json\/wp\/v2\/media?parent=12220"}],"wp:term":[{"taxonomy":"category","embeddable":true,"href":"http:\/\/www.rockpixx.com\/wordpress\/wp-json\/wp\/v2\/categories?post=12220"},{"taxonomy":"post_tag","embeddable":true,"href":"http:\/\/www.rockpixx.com\/wordpress\/wp-json\/wp\/v2\/tags?post=12220"}],"curies":[{"name":"wp","href":"https:\/\/api.w.org\/{rel}","templated":true}]}}