{"id":12304,"date":"2013-10-13T15:13:12","date_gmt":"2013-10-13T14:13:12","guid":{"rendered":"http:\/\/rockpixx.com\/wordpress\/?p=12304"},"modified":"2013-10-13T15:14:20","modified_gmt":"2013-10-13T14:14:20","slug":"therockbizz-com-management-und-marketing-fuer-musiker-und-veranstalter","status":"publish","type":"post","link":"http:\/\/www.rockpixx.com\/wordpress\/therockbizz-com-management-und-marketing-fuer-musiker-und-veranstalter\/","title":{"rendered":"therockbizz.com | Management und Marketing f\u00fcr Musiker und Veranstalter"},"content":{"rendered":"<h2>Ein neuer Gesch\u00e4ftsbereich hat seine Arbeit aufgenommen<\/h2>\n<p>Wir sind als Werbeagentur unter dem Namen \u2192 \u201e<a title=\"double-A-design | Werbung seit 1986\" href=\"http:\/\/double-a-design.de\" target=\"_blank\">double-A-design<\/a>\u201c seit vielen Jahren f\u00fcr Kunden im In- und Ausland t\u00e4tig und durch \u201erockpixx.com\u201c sind wir seit vielen Jahren in der Musikszene bestens verdrahtet. In diesem Jahr haben sich die Anfragen geh\u00e4uft, ob wir kombinierte Leistungen aus diesen beiden Gesch\u00e4ftsbereichen auch einmal speziell f\u00fcr die Musikszene anbieten k\u00f6nnen. Uns so reifte in vielen Gespr\u00e4chen die Idee, einen neuen Gesch\u00e4ftsbereich zu gr\u00fcnden: \u2192 \u201e<a title=\"therockbizz.com | Management und Marketing f\u00fcr Musiker und Veranstalter\" href=\"therockbizz.com\" target=\"_blank\">therockbizz.com<\/a>\u201c.<!--more--><\/p>\n<p>Der Name und Elemente des Logos nehmen Anleihen an \u201erockpixx.com\u201c, um hier eine Kontinuit\u00e4t in der Arbeit zu signalisieren, die schon seit Jahren f\u00fcr die Arbeit und Qualit\u00e4t von \u201erockpixx.com\u201c steht. Unsere Erfahrungen aus dem Marketing- und Designbereich, den wir seit Jahren mit \u201edouble-A-design\u201c bedienen, flie\u00dfen als erg\u00e4nzende Komponente in das Angebot von \u201etherockbizz.com\u201c mit ein.<\/p>\n<h2>Was bietet \u201etherockbizz.com\u201c und an wen richtet sich das Angebot?<\/h2>\n<p>Wir bieten <strong>Booking<\/strong> und <strong>Management<\/strong> f\u00fcr <strong>Musiker und Bands<\/strong> an. Sinnvollerweise wird erfolgreiches Management durch flankiernde <strong>Marketing<\/strong>ma\u00dfnahmen unterst\u00fctzt. Das ist ebenso im Portfolio von \u201etherockbizz.com\u201c zu finden.<\/p>\n<p>Unsere Angebote aus dem Bereich des Marketings richten sich auch an <strong>Veranstalter<\/strong>, zus\u00e4tzlich bieten wir f\u00fcr diesen Kundenkreis auch <strong>Pressearbeit und -betreuung<\/strong> an.<\/p>\n<p><em>\u00dcbrigens: Alle hier beschriebenen Leistungen bieten wir ausdr\u00fccklich nicht als \u201eAnf\u00e4nger\u201c an, sondern wir haben lediglich Dinge, die wir schon erfolgreich seit Jahren machen, unter einem eigenen \u2013 neuen \u2013 Namen zusammengefasst.<\/em><\/p>\n","protected":false},"excerpt":{"rendered":"<p>Ein neuer Gesch\u00e4ftsbereich hat seine Arbeit aufgenommen Wir sind als Werbeagentur unter dem Namen \u2192 <a href=\"http:\/\/www.rockpixx.com\/wordpress\/therockbizz-com-management-und-marketing-fuer-musiker-und-veranstalter\/\">Read more<\/a><\/p>\n","protected":false},"author":1,"featured_media":12306,"comment_status":"open","ping_status":"open","sticky":false,"template":"","format":"standard","meta":{"_jetpack_memberships_contains_paid_content":false,"footnotes":"","jetpack_publicize_message":"therockbizz.com | Management und Marketing f\u00fcr Musiker und Veranstalter http:\/\/rockpixx.com\/wordpress\/?p=12304","jetpack_publicize_feature_enabled":true,"jetpack_social_post_already_shared":true,"jetpack_social_options":{"image_generator_settings":{"template":"highway","default_image_id":0,"font":"","enabled":false},"version":2}},"categories":[899,19,32],"tags":[1287,783,1286,1288,1289,1290,1291],"class_list":["post-12304","post","type-post","status-publish","format-standard","has-post-thumbnail","hentry","category-899","category-backstage","category-sonstiges","tag-booking","tag-double-a-design","tag-management","tag-marketing","tag-pressearbeit","tag-pressebetreuung","tag-therockbizz-com"],"aioseo_notices":[],"jetpack_publicize_connections":[],"jetpack_featured_media_url":"http:\/\/www.rockpixx.com\/wordpress\/wp-content\/uploads\/2013\/10\/20131013_therockbizzcom.jpg","jetpack-related-posts":[{"id":1019,"url":"http:\/\/www.rockpixx.com\/wordpress\/kieler-woche-2010-2\/","url_meta":{"origin":12304,"position":0},"title":"Kieler Woche 2010","author":"admin","date":"5. Juni 2010","format":false,"excerpt":"Moin! So, es geht in ein paar Tagen los! Diese Kieler Woche steht dieses Jahr unter einem ganz besonderen Stern: Erstmals ist rockpixx.com Medienpartner einer der gro\u00dfen B\u00fchnen auf der diesj\u00e4hrigen Kieler Woche. Mit der \u201eMAXB\u00fchne\u201c verbindet uns seit 2008 ja eine besondere Beziehung: Wir haben dort backstage gewisserma\u00dfen \u201egewohnt\u201c\u2026","rel":"","context":"In &quot;2010&quot;","block_context":{"text":"2010","link":"http:\/\/www.rockpixx.com\/wordpress\/category\/backstage\/2010\/"},"img":{"alt_text":"","src":"","width":0,"height":0},"classes":[]},{"id":10537,"url":"http:\/\/www.rockpixx.com\/wordpress\/update-26-04-2013\/","url_meta":{"origin":12304,"position":1},"title":"Update, 26.04.2013","author":"admin","date":"26. April 2013","format":false,"excerpt":"Wir haben uns auf der Seite \u2192 \u201eKarten, Zahlen, Daten\u201c von den interaktiven Karten von \u2192 Tripline verabschiedet, da die Pflege dort f\u00fcr uns zu aufw\u00e4ndig geworden ist. Es kommen wieder die wohlbekannten Karten im rockpixx-Design zur Anwendung. Vielleicht werden wir in Zukunft einmal ab und zu eine interaktive Karte\u2026","rel":"","context":"In &quot;Internes&quot;","block_context":{"text":"Internes","link":"http:\/\/www.rockpixx.com\/wordpress\/category\/sonstiges\/"},"img":{"alt_text":"","src":"","width":0,"height":0},"classes":[]},{"id":21110,"url":"http:\/\/www.rockpixx.com\/wordpress\/rockpixx-com-macht-pause\/","url_meta":{"origin":12304,"position":2},"title":"rockpixx.com macht Pause","author":"admin","date":"21. September 2016","format":false,"excerpt":"Moin zusammen, sicherlich fragen sich viele von Euch, wo denn unsere letzten Bilder und Reviews bleiben \u2013 viel mehr, als wir ohnehin schon Anfragen \u00fcber die sozialen Netzwerke wie facebook, Twitter und Google+ sowie via Mail bekommen... Keine Angst, die Bilder und Reviews kommen noch \u2013 versprochen. Und wir werden\u2026","rel":"","context":"In &quot;2016&quot;","block_context":{"text":"2016","link":"http:\/\/www.rockpixx.com\/wordpress\/category\/backstage\/2016\/"},"img":{"alt_text":"Webseiten (Relaunch und Neugestaltung, CMS-basiert, responsive)","src":"https:\/\/i0.wp.com\/www.rockpixx.com\/wordpress\/wp-content\/uploads\/2016\/09\/webseiten.jpg?resize=350%2C200","width":350,"height":200,"srcset":"https:\/\/i0.wp.com\/www.rockpixx.com\/wordpress\/wp-content\/uploads\/2016\/09\/webseiten.jpg?resize=350%2C200 1x, https:\/\/i0.wp.com\/www.rockpixx.com\/wordpress\/wp-content\/uploads\/2016\/09\/webseiten.jpg?resize=525%2C300 1.5x, https:\/\/i0.wp.com\/www.rockpixx.com\/wordpress\/wp-content\/uploads\/2016\/09\/webseiten.jpg?resize=700%2C400 2x"},"classes":[]},{"id":1074,"url":"http:\/\/www.rockpixx.com\/wordpress\/das-war-2011\/","url_meta":{"origin":12304,"position":3},"title":"Das war 2011","author":"admin","date":"29. Dezember 2011","format":false,"excerpt":"Ein ereignisreiches Jahr neigt sich dem Ende zu. Es war f\u00fcr uns das Jahr, in dem wir die bisher meisten Acts fotografiert haben: Erstmals haben wir die Hunderter-Marke mit insgesamt 116 Acts geknackt! In der Gesamtheit ist ja alles auf \u2192 rockpixx.com nachzulesen \u2013 hier soll dagegen unser pers\u00f6nliches Fazit\u2026","rel":"","context":"In &quot;2011&quot;","block_context":{"text":"2011","link":"http:\/\/www.rockpixx.com\/wordpress\/category\/backstage\/2011\/"},"img":{"alt_text":"Konzertposter 2011","src":"https:\/\/i0.wp.com\/www.rockpixx.com\/wordpress\/wp-content\/uploads\/2013\/03\/20111229-Konzerte-2011-100x70.jpg?resize=350%2C200","width":350,"height":200,"srcset":"https:\/\/i0.wp.com\/www.rockpixx.com\/wordpress\/wp-content\/uploads\/2013\/03\/20111229-Konzerte-2011-100x70.jpg?resize=350%2C200 1x, https:\/\/i0.wp.com\/www.rockpixx.com\/wordpress\/wp-content\/uploads\/2013\/03\/20111229-Konzerte-2011-100x70.jpg?resize=525%2C300 1.5x, https:\/\/i0.wp.com\/www.rockpixx.com\/wordpress\/wp-content\/uploads\/2013\/03\/20111229-Konzerte-2011-100x70.jpg?resize=700%2C400 2x"},"classes":[]},{"id":1033,"url":"http:\/\/www.rockpixx.com\/wordpress\/musiker-und-deren-wunsch-nach-bildern\/","url_meta":{"origin":12304,"position":4},"title":"Musiker und deren Wunsch nach Bildern","author":"admin","date":"4. Juli 2010","format":false,"excerpt":"Moin, in Nachbetrachtung der diesj\u00e4hrigen \u201eKieler Woche\u201c m\u00f6chte ich einmal ein paar Beispiele f\u00fcr die Vorbringung von Bilderw\u00fcnschen seitens einiger Bands \/ Musiker \/ Managements \/ Veranstalter vorstellen. Ich werde hier absichtlich keinerlei Namen nennen, einige Texte sprechen f\u00fcr sich\u2026 Beispiel-1: Hallo hallo!!! Super-Fotos habt ihr gemacht. Die gefallen uns\u2026","rel":"","context":"In &quot;2010&quot;","block_context":{"text":"2010","link":"http:\/\/www.rockpixx.com\/wordpress\/category\/backstage\/2010\/"},"img":{"alt_text":"","src":"","width":0,"height":0},"classes":[]},{"id":11078,"url":"http:\/\/www.rockpixx.com\/wordpress\/kieler-woche-tagebuch-2013-tag-1\/","url_meta":{"origin":12304,"position":5},"title":"Kieler Woche Tagebuch 2013 | Tag 1","author":"admin","date":"23. Juni 2013","format":false,"excerpt":"Moin, wie in den vergangenen Jahren, so werden wir auch dieses Mal wieder von Begebenheiten und Befindlichkeiten w\u00e4hrend der \u201eKieler Woche\u201c berichten. Also: Alles, was nicht unmittelbar mit Konzerten zu tun hat, landet dann hier in diesem \u2192 \u201eKieler Woche Tagebuch\u201c. Freitag, 21.06.2013 Erster Tag und keinen Umzugsstress und keine\u2026","rel":"","context":"In &quot;2013&quot;","block_context":{"text":"2013","link":"http:\/\/www.rockpixx.com\/wordpress\/category\/backstage\/2013\/"},"img":{"alt_text":"Kieler Woche 2013 | Impressionen","src":"https:\/\/i0.wp.com\/www.rockpixx.com\/wordpress\/wp-content\/uploads\/2013\/06\/20130621-00-001_KiWo-2013.jpg?resize=350%2C200","width":350,"height":200,"srcset":"https:\/\/i0.wp.com\/www.rockpixx.com\/wordpress\/wp-content\/uploads\/2013\/06\/20130621-00-001_KiWo-2013.jpg?resize=350%2C200 1x, https:\/\/i0.wp.com\/www.rockpixx.com\/wordpress\/wp-content\/uploads\/2013\/06\/20130621-00-001_KiWo-2013.jpg?resize=525%2C300 1.5x, https:\/\/i0.wp.com\/www.rockpixx.com\/wordpress\/wp-content\/uploads\/2013\/06\/20130621-00-001_KiWo-2013.jpg?resize=700%2C400 2x"},"classes":[]}],"jetpack_sharing_enabled":true,"publishpress_future_action":{"enabled":false,"date":"2026-05-07 07:47:21","action":"change-status","newStatus":"draft","terms":[],"taxonomy":"category","extraData":[]},"publishpress_future_workflow_manual_trigger":{"enabledWorkflows":[]},"_links":{"self":[{"href":"http:\/\/www.rockpixx.com\/wordpress\/wp-json\/wp\/v2\/posts\/12304","targetHints":{"allow":["GET"]}}],"collection":[{"href":"http:\/\/www.rockpixx.com\/wordpress\/wp-json\/wp\/v2\/posts"}],"about":[{"href":"http:\/\/www.rockpixx.com\/wordpress\/wp-json\/wp\/v2\/types\/post"}],"author":[{"embeddable":true,"href":"http:\/\/www.rockpixx.com\/wordpress\/wp-json\/wp\/v2\/users\/1"}],"replies":[{"embeddable":true,"href":"http:\/\/www.rockpixx.com\/wordpress\/wp-json\/wp\/v2\/comments?post=12304"}],"version-history":[{"count":0,"href":"http:\/\/www.rockpixx.com\/wordpress\/wp-json\/wp\/v2\/posts\/12304\/revisions"}],"wp:featuredmedia":[{"embeddable":true,"href":"http:\/\/www.rockpixx.com\/wordpress\/wp-json\/wp\/v2\/media\/12306"}],"wp:attachment":[{"href":"http:\/\/www.rockpixx.com\/wordpress\/wp-json\/wp\/v2\/media?parent=12304"}],"wp:term":[{"taxonomy":"category","embeddable":true,"href":"http:\/\/www.rockpixx.com\/wordpress\/wp-json\/wp\/v2\/categories?post=12304"},{"taxonomy":"post_tag","embeddable":true,"href":"http:\/\/www.rockpixx.com\/wordpress\/wp-json\/wp\/v2\/tags?post=12304"}],"curies":[{"name":"wp","href":"https:\/\/api.w.org\/{rel}","templated":true}]}}