{"id":12312,"date":"2013-10-22T16:07:53","date_gmt":"2013-10-22T15:07:53","guid":{"rendered":"http:\/\/rockpixx.com\/wordpress\/?p=12312"},"modified":"2013-10-22T16:07:53","modified_gmt":"2013-10-22T15:07:53","slug":"vortrag-konzertfotografie","status":"publish","type":"post","link":"http:\/\/www.rockpixx.com\/wordpress\/vortrag-konzertfotografie\/","title":{"rendered":"Vortrag \u201eKonzertfotografie\u201c"},"content":{"rendered":"<h2>\u201eKonzertfotografie: Action-Portrait-Fotografie unter erschwerten Bedingungen\u201c<\/h2>\n<p>Heute Abend halte ich wieder einmal einen Vortrag zum Thema \u201eKonzertfotografie\u201c \u2013 dieses Mal in Eckernf\u00f6rde. Dabei kommt erstmalig eine neue interaktive PowerPoint-Pr\u00e4sentation zum Einsatz.<\/p>\n<p><!--more-->Diese ist mit Videosequenzen best\u00fcckt und interaktiv. Das Design lehnt sich an das \u201eModern-UI-Design\u201c von Windows 8.1 an. <em>(Ja, ich wei\u00df, PowerPoint-Pr\u00e4sentationen haben den Ruf, gruselig zu sein: Zu viele Deppen verpacken nichtssagende Inhalte in grausames Design und noch schlimmere Typografie und Animationen. Da ich aber in den letzten 15 Jahren schon eine Unmenge an Workshops zu Informationsaufnahme und -vermittlung am Beispiel von PowerPoint gegeben habe, wei\u00df ich, was ich tue\u2026)<\/em><\/p>\n","protected":false},"excerpt":{"rendered":"<p>\u201eKonzertfotografie: Action-Portrait-Fotografie unter erschwerten Bedingungen\u201c Heute Abend halte ich wieder einmal einen Vortrag zum Thema <a href=\"http:\/\/www.rockpixx.com\/wordpress\/vortrag-konzertfotografie\/\">Read more<\/a><\/p>\n","protected":false},"author":1,"featured_media":12313,"comment_status":"open","ping_status":"open","sticky":false,"template":"","format":"standard","meta":{"_jetpack_memberships_contains_paid_content":false,"footnotes":"","jetpack_publicize_message":"Vortrag \u201eKonzertfotografie\u201c","jetpack_publicize_feature_enabled":true,"jetpack_social_post_already_shared":true,"jetpack_social_options":{"image_generator_settings":{"template":"highway","default_image_id":0,"font":"","enabled":false},"version":2}},"categories":[899,19,32],"tags":[1032,1292],"class_list":["post-12312","post","type-post","status-publish","format-standard","has-post-thumbnail","hentry","category-899","category-backstage","category-sonstiges","tag-konzertfotografie","tag-vortrag"],"aioseo_notices":[],"jetpack_publicize_connections":[],"jetpack_featured_media_url":"http:\/\/www.rockpixx.com\/wordpress\/wp-content\/uploads\/2013\/10\/20131022-Vortrag.jpg","jetpack-related-posts":[{"id":1040,"url":"http:\/\/www.rockpixx.com\/wordpress\/konzertfotografie-forum-3-songs-no-flash\/","url_meta":{"origin":12312,"position":0},"title":"Konzertfotografie-Forum \u201e3 Songs \u2013 no Flash\u201c","author":"admin","date":"8. Januar 2011","format":false,"excerpt":"Mit Beginn des Jahres 2011 hat das Team von rockpixx.com das \u2192 Konzertfotografie-Forum \u201e3 Songs \u2013 no Flash\u201c als Betreiber \u00fcbernommen. In diesem Forum geht es prim\u00e4r um das Thema \u201eKonzertfotografie\u201c und dementsprechend sind dort fast ausschlie\u00dflich Konzertfotografen versammelt. Das Forum als solches gibt es schon seit Mai 2007 und\u2026","rel":"","context":"In &quot;2011&quot;","block_context":{"text":"2011","link":"http:\/\/www.rockpixx.com\/wordpress\/category\/backstage\/2011\/"},"img":{"alt_text":"3 Somgs - No Flash | Das Forum f\u00fcr Konzertfotografie","src":"https:\/\/i0.wp.com\/rockpixx.com\/wordpress\/wp-content\/uploads\/2011\/01\/20110108-logo_3snf_500.jpg?resize=350%2C200","width":350,"height":200},"classes":[]},{"id":8196,"url":"http:\/\/www.rockpixx.com\/wordpress\/pennywise-23-07-2011-nordholz-deichbrand-festival\/","url_meta":{"origin":12312,"position":1},"title":"Pennywise, 23.07.2011, Nordholz, Deichbrand Festival","author":"Anja","date":"23. Juli 2011","format":false,"excerpt":"Was erwartet einen bei \u201ePennywise\u201c? Normalerweise ein mitrei\u00dfendes Konzert der \u201eAltmeister des Skate-Punk\u201c. Was erwartet einen bei \u201ePennywise\u201c auf dem \u201eDeichbrand Festival\u201c? Ca. 30 Fotografen dr\u00e4ngen sich am Grabeneingang, die Menge vor der Absperrung ist aufgeheizt, die Securities sind reichlich nerv\u00f6s nach den Vorf\u00e4llen bei \u2192\u00a0Jennifer Rostock und \u2192\u00a0In Extremo\u2026","rel":"","context":"In &quot;Acts&quot;","block_context":{"text":"Acts","link":"http:\/\/www.rockpixx.com\/wordpress\/category\/acts\/"},"img":{"alt_text":"Pennywise, 23.07.2011, Nordholz, Deichbrand Festival","src":"https:\/\/i0.wp.com\/www.rockpixx.com\/wordpress\/wp-content\/uploads\/2013\/02\/20110723-09-pennywise-Artikel.jpg?resize=350%2C200","width":350,"height":200,"srcset":"https:\/\/i0.wp.com\/www.rockpixx.com\/wordpress\/wp-content\/uploads\/2013\/02\/20110723-09-pennywise-Artikel.jpg?resize=350%2C200 1x, https:\/\/i0.wp.com\/www.rockpixx.com\/wordpress\/wp-content\/uploads\/2013\/02\/20110723-09-pennywise-Artikel.jpg?resize=525%2C300 1.5x, https:\/\/i0.wp.com\/www.rockpixx.com\/wordpress\/wp-content\/uploads\/2013\/02\/20110723-09-pennywise-Artikel.jpg?resize=700%2C400 2x"},"classes":[]},{"id":1074,"url":"http:\/\/www.rockpixx.com\/wordpress\/das-war-2011\/","url_meta":{"origin":12312,"position":2},"title":"Das war 2011","author":"admin","date":"29. Dezember 2011","format":false,"excerpt":"Ein ereignisreiches Jahr neigt sich dem Ende zu. Es war f\u00fcr uns das Jahr, in dem wir die bisher meisten Acts fotografiert haben: Erstmals haben wir die Hunderter-Marke mit insgesamt 116 Acts geknackt! In der Gesamtheit ist ja alles auf \u2192 rockpixx.com nachzulesen \u2013 hier soll dagegen unser pers\u00f6nliches Fazit\u2026","rel":"","context":"In &quot;2011&quot;","block_context":{"text":"2011","link":"http:\/\/www.rockpixx.com\/wordpress\/category\/backstage\/2011\/"},"img":{"alt_text":"Konzertposter 2011","src":"https:\/\/i0.wp.com\/www.rockpixx.com\/wordpress\/wp-content\/uploads\/2013\/03\/20111229-Konzerte-2011-100x70.jpg?resize=350%2C200","width":350,"height":200,"srcset":"https:\/\/i0.wp.com\/www.rockpixx.com\/wordpress\/wp-content\/uploads\/2013\/03\/20111229-Konzerte-2011-100x70.jpg?resize=350%2C200 1x, https:\/\/i0.wp.com\/www.rockpixx.com\/wordpress\/wp-content\/uploads\/2013\/03\/20111229-Konzerte-2011-100x70.jpg?resize=525%2C300 1.5x, https:\/\/i0.wp.com\/www.rockpixx.com\/wordpress\/wp-content\/uploads\/2013\/03\/20111229-Konzerte-2011-100x70.jpg?resize=700%2C400 2x"},"classes":[]},{"id":22535,"url":"http:\/\/www.rockpixx.com\/wordpress\/motoerizer-2022\/","url_meta":{"origin":12312,"position":3},"title":"Mot\u00f6rizer, 22.04.2022, Kiel, R\u00e4ucherei","author":"A. Hahl","date":"23. April 2022","format":false,"excerpt":"846 Tage ist es her, seit dem letzten Konzert von \u201eMot\u00f6rizer\u201c welches ich in Hamburg in der Markthalle fotografiert habe. Leider ist es auch generell 846 Tage her, seitdem ich zum letzten Mal (mit der Kamera in den H\u00e4nden) \u00fcberhaupt vor einer Konzertb\u00fchne gestanden habe.","rel":"","context":"In &quot;Acts&quot;","block_context":{"text":"Acts","link":"http:\/\/www.rockpixx.com\/wordpress\/category\/acts\/"},"img":{"alt_text":"Mot\u00f6rizer, 22.04.2022, Kiel, R\u00e4ucherei | rockpixx.com","src":"https:\/\/i0.wp.com\/www.rockpixx.com\/wordpress\/wp-content\/uploads\/2022\/04\/20220422-rp-109.jpg?resize=350%2C200","width":350,"height":200,"srcset":"https:\/\/i0.wp.com\/www.rockpixx.com\/wordpress\/wp-content\/uploads\/2022\/04\/20220422-rp-109.jpg?resize=350%2C200 1x, https:\/\/i0.wp.com\/www.rockpixx.com\/wordpress\/wp-content\/uploads\/2022\/04\/20220422-rp-109.jpg?resize=525%2C300 1.5x, https:\/\/i0.wp.com\/www.rockpixx.com\/wordpress\/wp-content\/uploads\/2022\/04\/20220422-rp-109.jpg?resize=700%2C400 2x"},"classes":[]},{"id":12003,"url":"http:\/\/www.rockpixx.com\/wordpress\/nightwish-03-08-2013-wacken-woa-2013\/","url_meta":{"origin":12312,"position":4},"title":"Nightwish, 03.08.2013, Wacken, W:O:A 2013","author":"admin","date":"8. August 2013","format":false,"excerpt":"\u2192 Tarja Turunen hatte ich ja schon 2010 in Kempten zusammen mit \u2192 Alice Cooper fotografiert. Und Tarja hatte mir damals ausnehmend gut gefallen. Warum ich Tarja hier so lobe und was das alles mit \u201eNightwish\u201c zu tun hat? Na ja, dr\u00fccken wir es einmal so aus: Es ist in\u2026","rel":"","context":"In &quot;Acts&quot;","block_context":{"text":"Acts","link":"http:\/\/www.rockpixx.com\/wordpress\/category\/acts\/"},"img":{"alt_text":"Nightwish, W:O:A 2013, 03.08.2013, Wacken","src":"https:\/\/i0.wp.com\/www.rockpixx.com\/wordpress\/wp-content\/uploads\/2013\/08\/20130803-06-013_nightwish-Artikel.jpg?resize=350%2C200","width":350,"height":200,"srcset":"https:\/\/i0.wp.com\/www.rockpixx.com\/wordpress\/wp-content\/uploads\/2013\/08\/20130803-06-013_nightwish-Artikel.jpg?resize=350%2C200 1x, https:\/\/i0.wp.com\/www.rockpixx.com\/wordpress\/wp-content\/uploads\/2013\/08\/20130803-06-013_nightwish-Artikel.jpg?resize=525%2C300 1.5x, https:\/\/i0.wp.com\/www.rockpixx.com\/wordpress\/wp-content\/uploads\/2013\/08\/20130803-06-013_nightwish-Artikel.jpg?resize=700%2C400 2x"},"classes":[]},{"id":23021,"url":"http:\/\/www.rockpixx.com\/wordpress\/80s90s-band-18-07-2025-eggebek-shelter-festival\/","url_meta":{"origin":12312,"position":5},"title":"80s90s Band, 18.07.2025, Eggebek, Shelter Festival","author":"A. Hahl","date":"22. Juli 2025","format":false,"excerpt":"Zwei S\u00e4ngerinnen, ein S\u00e4nger unterst\u00fctzt von Keyboards, Gitarre, Bass und Drums legen los mit all den Hits, die einem sofort wieder ins Ohr pl\u00e4tschern und denen man sich schon damals in den 1980ern bzw. 1990ern nicht entziehen konnte.","rel":"","context":"In &quot;80s90s Band&quot;","block_context":{"text":"80s90s Band","link":"http:\/\/www.rockpixx.com\/wordpress\/category\/acts\/80s90s-band\/"},"img":{"alt_text":"80s90s Band, 18.07.2025, Eggebek, Shelter Festival 2025","src":"https:\/\/i0.wp.com\/www.rockpixx.com\/wordpress\/wp-content\/uploads\/2025\/07\/20259718-03-017.jpg?resize=350%2C200","width":350,"height":200,"srcset":"https:\/\/i0.wp.com\/www.rockpixx.com\/wordpress\/wp-content\/uploads\/2025\/07\/20259718-03-017.jpg?resize=350%2C200 1x, https:\/\/i0.wp.com\/www.rockpixx.com\/wordpress\/wp-content\/uploads\/2025\/07\/20259718-03-017.jpg?resize=525%2C300 1.5x, https:\/\/i0.wp.com\/www.rockpixx.com\/wordpress\/wp-content\/uploads\/2025\/07\/20259718-03-017.jpg?resize=700%2C400 2x, https:\/\/i0.wp.com\/www.rockpixx.com\/wordpress\/wp-content\/uploads\/2025\/07\/20259718-03-017.jpg?resize=1050%2C600 3x"},"classes":[]}],"jetpack_sharing_enabled":true,"publishpress_future_action":{"enabled":false,"date":"2026-05-08 05:17:21","action":"change-status","newStatus":"draft","terms":[],"taxonomy":"category","extraData":[]},"publishpress_future_workflow_manual_trigger":{"enabledWorkflows":[]},"_links":{"self":[{"href":"http:\/\/www.rockpixx.com\/wordpress\/wp-json\/wp\/v2\/posts\/12312","targetHints":{"allow":["GET"]}}],"collection":[{"href":"http:\/\/www.rockpixx.com\/wordpress\/wp-json\/wp\/v2\/posts"}],"about":[{"href":"http:\/\/www.rockpixx.com\/wordpress\/wp-json\/wp\/v2\/types\/post"}],"author":[{"embeddable":true,"href":"http:\/\/www.rockpixx.com\/wordpress\/wp-json\/wp\/v2\/users\/1"}],"replies":[{"embeddable":true,"href":"http:\/\/www.rockpixx.com\/wordpress\/wp-json\/wp\/v2\/comments?post=12312"}],"version-history":[{"count":0,"href":"http:\/\/www.rockpixx.com\/wordpress\/wp-json\/wp\/v2\/posts\/12312\/revisions"}],"wp:featuredmedia":[{"embeddable":true,"href":"http:\/\/www.rockpixx.com\/wordpress\/wp-json\/wp\/v2\/media\/12313"}],"wp:attachment":[{"href":"http:\/\/www.rockpixx.com\/wordpress\/wp-json\/wp\/v2\/media?parent=12312"}],"wp:term":[{"taxonomy":"category","embeddable":true,"href":"http:\/\/www.rockpixx.com\/wordpress\/wp-json\/wp\/v2\/categories?post=12312"},{"taxonomy":"post_tag","embeddable":true,"href":"http:\/\/www.rockpixx.com\/wordpress\/wp-json\/wp\/v2\/tags?post=12312"}],"curies":[{"name":"wp","href":"https:\/\/api.w.org\/{rel}","templated":true}]}}