{"id":12320,"date":"2013-10-25T22:10:31","date_gmt":"2013-10-25T21:10:31","guid":{"rendered":"http:\/\/rockpixx.com\/wordpress\/?p=12320"},"modified":"2013-12-12T22:23:50","modified_gmt":"2013-12-12T21:23:50","slug":"bilderklau","status":"publish","type":"post","link":"http:\/\/www.rockpixx.com\/wordpress\/bilderklau\/","title":{"rendered":"Bilderklau"},"content":{"rendered":"<h2>\u2026 ganz einfach per WordPress-Plugin<\/h2>\n<p><em>&#8222;This plugin takes remote page, examines its content and lists all found images for your choice. Then you are able to select which images you want to import, add some fancy options such as re-size, rename, add your personal titles and more and then in one click to import all images into your wordpress media gallery and automatically create post with imported images in it (gallery or embedded with titles). Very easy and handy tool if you are running blog and often need to import someone else images.&#8220;<\/em><br \/>\nhier: <a title=\"Wordpress PlugIn f\u00fcr Bilderklau\" href=\"http:\/\/wordpress.org\/plugins\/remote-image-gallery-import\/\" target=\"_blank\">http:\/\/wordpress.org\/plugins\/remote-image-gallery-import\/<\/a><\/p>\n<p>na denn \u2013 als ob nicht schon genug Bilder geklaut w\u00fcrden\u2026 Schreiben wir also ein paar Rechnungen mehr \ud83d\ude42<\/p>\n<p>&nbsp;<\/p>\n<p>&nbsp;<\/p>\n","protected":false},"excerpt":{"rendered":"<p>\u2026 ganz einfach per WordPress-Plugin &#8222;This plugin takes remote page, examines its content and lists <a href=\"http:\/\/www.rockpixx.com\/wordpress\/bilderklau\/\">Read more<\/a><\/p>\n","protected":false},"author":1,"featured_media":12365,"comment_status":"open","ping_status":"open","sticky":false,"template":"","format":"standard","meta":{"_jetpack_memberships_contains_paid_content":false,"footnotes":"","jetpack_publicize_message":"Bilderklau per Wordpress-Plugin","jetpack_publicize_feature_enabled":true,"jetpack_social_post_already_shared":true,"jetpack_social_options":{"image_generator_settings":{"template":"highway","default_image_id":0,"font":"","enabled":false},"version":2}},"categories":[899,19],"tags":[1719,131,227],"class_list":["post-12320","post","type-post","status-publish","format-standard","has-post-thumbnail","hentry","category-899","category-backstage","tag-backstage","tag-bilderklau-argerliches","tag-webseite"],"aioseo_notices":[],"jetpack_publicize_connections":[],"jetpack_featured_media_url":"http:\/\/www.rockpixx.com\/wordpress\/wp-content\/uploads\/2013\/12\/20131025-bilderklau.jpg","jetpack-related-posts":[{"id":1028,"url":"http:\/\/www.rockpixx.com\/wordpress\/urheberrechtsverletzung-durch-one-fine-day\/","url_meta":{"origin":12320,"position":0},"title":"Bilderklau durch Management von One Fine Day","author":"admin","date":"25. Juni 2010","format":false,"excerpt":"Update vom 04.08.2010 Die ganze Angelegenheit mit dem Bilderklau ist mit einem befriedigenden Ergebnis f\u00fcr alle Beteiligten zu einem Ende gekommen.","rel":"","context":"In &quot;2010&quot;","block_context":{"text":"2010","link":"http:\/\/www.rockpixx.com\/wordpress\/category\/backstage\/2010\/"},"img":{"alt_text":"","src":"","width":0,"height":0},"classes":[]},{"id":1037,"url":"http:\/\/www.rockpixx.com\/wordpress\/one-fine-day-ende-gut-alles-gut\/","url_meta":{"origin":12320,"position":1},"title":"Bilderklau von One Fine Day: Ende gut, alles gut!","author":"admin","date":"4. August 2010","format":false,"excerpt":"Moin, so, nun ist alles wieder im Lot zwischen uns und dem Management von \u201eOne Fine Day\u201c. Nach etlichen eMails und einem sehr konstruktiven Telefonat vor ein paar Tagen haben wir uns zum Thema \u201eBildnutzung\u201c geeinigt\u2026 Die erzielte \u00dcbereinkunft kann von beiden Seiten getragen werden.","rel":"","context":"In &quot;2010&quot;","block_context":{"text":"2010","link":"http:\/\/www.rockpixx.com\/wordpress\/category\/backstage\/2010\/"},"img":{"alt_text":"","src":"","width":0,"height":0},"classes":[]},{"id":1006,"url":"http:\/\/www.rockpixx.com\/wordpress\/bildernutzung-bzw-bilderklau\/","url_meta":{"origin":12320,"position":2},"title":"Bildernutzung bzw. Bilderklau","author":"admin","date":"9. September 2009","format":false,"excerpt":"Moin, ich mag ja schon gar nicht mehr in mein Postfach gucken\u2026 Wenn ich dort Mails finde, die sinngem\u00e4\u00df etwa folgenderma\u00dfen lauten: \u201eHallo, ich habe gerade Eure Bilder auf rockpixx.com gesehen und finde die ja sowas von toll! Gerne w\u00fcrde ich die auch auf [_] meiner Homepage [_] meiner MySpace-Seite\u2026","rel":"","context":"In &quot;2009&quot;","block_context":{"text":"2009","link":"http:\/\/www.rockpixx.com\/wordpress\/category\/backstage\/2009\/"},"img":{"alt_text":"","src":"","width":0,"height":0},"classes":[]},{"id":17548,"url":"http:\/\/www.rockpixx.com\/wordpress\/die-kieler-woche-2014-ist-mit-dem-26-06-2014-fuer-uns-beendet\/","url_meta":{"origin":12320,"position":3},"title":"Die \u201eKieler Woche\u201c 2014 ist mit dem 26.06.2014  f\u00fcr uns beendet.","author":"admin","date":"26. Juni 2014","format":false,"excerpt":"Wir bedauern das sehr, aber aufgrund diveser Angriffe einer \u201eBand\u201c \u2013 bis hin zur Androhung anwaltlicher Konsequenzen \u2013 ist uns die Lust vergangen, weiterhin \u00fcber Musiker und deren Auftritte zu berichten. Wir w\u00fcnschen allen richtigen Musikern, Veranstaltern und Besuchern weiterhin viel Freude und empfehlen als Hintergrundinfo \u2192 diesen Artikel im\u2026","rel":"","context":"In &quot;2014&quot;","block_context":{"text":"2014","link":"http:\/\/www.rockpixx.com\/wordpress\/category\/backstage\/2014\/"},"img":{"alt_text":"","src":"","width":0,"height":0},"classes":[]},{"id":1030,"url":"http:\/\/www.rockpixx.com\/wordpress\/kieler-woche-tage-7-8-und-9\/","url_meta":{"origin":12320,"position":4},"title":"Kieler Woche, Tage 7, 8 und 9","author":"admin","date":"27. Juni 2010","format":false,"excerpt":"So, am Tag 7 hatten wir ja eine unsch\u00f6ne Auseinandersetzung mit dem Management von \u201eOne Fine Day\u201c wegen Bilderklau \u2013 die Sache l\u00e4uft noch und bei Bedarf gibt's hier weitere Informationen. Danke \u00fcbrigens f\u00fcr die vielen deutschlandweiten Solidarit\u00e4tsbekundungen von Fotografenkollegen in deren Blogs und im Konzertfotografieforum \u2192 \u201eThree Songs no\u2026","rel":"","context":"In &quot;2010&quot;","block_context":{"text":"2010","link":"http:\/\/www.rockpixx.com\/wordpress\/category\/backstage\/2010\/"},"img":{"alt_text":"","src":"","width":0,"height":0},"classes":[]},{"id":1027,"url":"http:\/\/www.rockpixx.com\/wordpress\/komische-erfahrungen-mit-deutschen-bands\/","url_meta":{"origin":12320,"position":5},"title":"Komische Erfahrungen mit deutschen Bands","author":"admin","date":"25. Juni 2010","format":false,"excerpt":"Deutschsprachige Bands auf der Kieler Woche 2010 \u2013 irgendwie machen wir jetzt schon die dritte Erfahrung der anderen Art: \u2192 Selig: Trotz Akkreditierung beim Veranstalter l\u00e4sst das Tourmanagement die Presse gar nicht erst in den Graben rein. Auf nachdr\u00fcckliches Bitten und Betteln der Veranstalter darf dann aber wenigstens noch der\u2026","rel":"","context":"In &quot;2010&quot;","block_context":{"text":"2010","link":"http:\/\/www.rockpixx.com\/wordpress\/category\/backstage\/2010\/"},"img":{"alt_text":"Deutsche Bands","src":"https:\/\/i0.wp.com\/www.rockpixx.com\/wordpress\/wp-content\/uploads\/2010\/06\/20100625-deutsche-bands.jpg?resize=350%2C200","width":350,"height":200,"srcset":"https:\/\/i0.wp.com\/www.rockpixx.com\/wordpress\/wp-content\/uploads\/2010\/06\/20100625-deutsche-bands.jpg?resize=350%2C200 1x, https:\/\/i0.wp.com\/www.rockpixx.com\/wordpress\/wp-content\/uploads\/2010\/06\/20100625-deutsche-bands.jpg?resize=525%2C300 1.5x, https:\/\/i0.wp.com\/www.rockpixx.com\/wordpress\/wp-content\/uploads\/2010\/06\/20100625-deutsche-bands.jpg?resize=700%2C400 2x"},"classes":[]}],"jetpack_sharing_enabled":true,"publishpress_future_action":{"enabled":false,"date":"2026-05-07 17:15:29","action":"change-status","newStatus":"draft","terms":[],"taxonomy":"category","extraData":[]},"publishpress_future_workflow_manual_trigger":{"enabledWorkflows":[]},"_links":{"self":[{"href":"http:\/\/www.rockpixx.com\/wordpress\/wp-json\/wp\/v2\/posts\/12320","targetHints":{"allow":["GET"]}}],"collection":[{"href":"http:\/\/www.rockpixx.com\/wordpress\/wp-json\/wp\/v2\/posts"}],"about":[{"href":"http:\/\/www.rockpixx.com\/wordpress\/wp-json\/wp\/v2\/types\/post"}],"author":[{"embeddable":true,"href":"http:\/\/www.rockpixx.com\/wordpress\/wp-json\/wp\/v2\/users\/1"}],"replies":[{"embeddable":true,"href":"http:\/\/www.rockpixx.com\/wordpress\/wp-json\/wp\/v2\/comments?post=12320"}],"version-history":[{"count":0,"href":"http:\/\/www.rockpixx.com\/wordpress\/wp-json\/wp\/v2\/posts\/12320\/revisions"}],"wp:featuredmedia":[{"embeddable":true,"href":"http:\/\/www.rockpixx.com\/wordpress\/wp-json\/wp\/v2\/media\/12365"}],"wp:attachment":[{"href":"http:\/\/www.rockpixx.com\/wordpress\/wp-json\/wp\/v2\/media?parent=12320"}],"wp:term":[{"taxonomy":"category","embeddable":true,"href":"http:\/\/www.rockpixx.com\/wordpress\/wp-json\/wp\/v2\/categories?post=12320"},{"taxonomy":"post_tag","embeddable":true,"href":"http:\/\/www.rockpixx.com\/wordpress\/wp-json\/wp\/v2\/tags?post=12320"}],"curies":[{"name":"wp","href":"https:\/\/api.w.org\/{rel}","templated":true}]}}