{"id":12327,"date":"2013-11-02T13:44:16","date_gmt":"2013-11-02T12:44:16","guid":{"rendered":"http:\/\/rockpixx.com\/wordpress\/?p=12327"},"modified":"2013-12-14T15:50:00","modified_gmt":"2013-12-14T14:50:00","slug":"skinny-molly-01-11-2013-kiel-raeucherei","status":"publish","type":"post","link":"http:\/\/www.rockpixx.com\/wordpress\/skinny-molly-01-11-2013-kiel-raeucherei\/","title":{"rendered":"Skinny Molly, 01.11.2013, Kiel, R\u00e4ucherei"},"content":{"rendered":"<p>So\u2026 nach all den OpenAirs im Sommer auf den Monsterb\u00fchnen mit gigantischem Licht wie in \u2192 <a title=\"Wacken W:O:A 2013\" href=\"http:\/\/rockpixx.com\/wordpress\/tag\/wacken-open-air+2013\/\">Wacken<\/a>, auf dem \u2192 <a title=\"Deichbrand 2013 | Bilder und Reviews\" href=\"http:\/\/rockpixx.com\/wordpress\/tag\/deichbrand-festival+2013\/\">Deichbrand<\/a> oder auch dem \u2192 <a title=\"Baltic OpenAir 2013\" href=\"http:\/\/rockpixx.com\/wordpress\/tag\/baltic-open-air+2013\/\">Baltic OpenAir<\/a>, nach all den Acts, die bei Tageslicht gespielt haben, wie auf der \u2192 <a title=\"Kieler Woche 2013\" href=\"http:\/\/rockpixx.com\/wordpress\/tag\/kieler-woche+2013\/\">Kieler Woche<\/a> oder in Soltau beim \u2192 <a title=\"DSDS Superstar OpenAir 2013\" href=\"http:\/\/rockpixx.com\/wordpress\/tag\/dsds-superstar-open-air+2013\/\">DSDS Superstar OpenAir<\/a>, stehe ich also nun warm und trocken in der R\u00e4ucherei in Kiel und suche meinen Restlichtverst\u00e4rker. Es kommt das gleiche Gef\u00fchl auf, wie schon im M\u00e4rz bei \u2192 <a title=\"Jessy Martens &amp; Band, Kiel, R\u00e4ucherei, 21.03.2013\" href=\"http:\/\/rockpixx.com\/wordpress\/jessy-martens-band-kiel-raucherei-21-03-2013\/\">Jessy Martens &amp; Band<\/a> an gleicher Stelle: Eine niedrige B\u00fchne, kein Graben und kuschelig eng, warm und dunkel. Es wird wieder einmal ein Abend der kameratechnischen Herausforderung! <!--more--><\/p>\n<p>Vor mir entern die vier Musiker von \u201eSkinny Molly\u201c in Griffweite die B\u00fchne und legen los mit gepflegtem S\u00fcdstaaten Rock. Wem der Bandname nichts sagt und wer auch mit dem Begriff \u201eS\u00fcdstaaten Rock\u201c nichts anfangen kann, der hat aber bestimmt schon einmal etwas von \u201eLynyrd Skynyrd\u201c geh\u00f6rt oder deren Hit <em>\u201eSweet Home Alabama\u201c<\/em>. Und in ebendieser Band war auch Gitarrist Mike Estes schon Mitglied, der da nun ganz dicht vor mir steht, spielt und singt.<\/p>\n<p>Zur Musik als solcher gibt&#8217;s eigentlich gar nicht viel zu schreiben: Da erklingt erdiger, druckvoller und dennoch sehr melodi\u00f6ser Rock aus den Boxen, die Musiker gehen sehr unpr\u00e4tenti\u00f6s zu Werk und es ist schon korrekt, wenn das musikalische Schaffen von Mike Estes beschrieben wird als \u201eBindeglied zwischen altem und zuk\u00fcnftigem S\u00fcdstaaten Rock\u201c. Mir gef\u00e4llt, was ich da h\u00f6re (zwischendurch sogar einmal eine \u201eBottleneck\u201c) und so bleibe ich auch noch ein wenig l\u00e4nger, nachdem ich meine Kameras schon wieder eingepackt habe und h\u00f6re einfach nur zu.<\/p>\n<p>Es gibt halt Konzerte, die sind einfach nur dunkel und dennoch angenehm\u2026<\/p>\n<p>&nbsp;<\/p>\n<p align=\"right\">Fotos: <a href=\"mailto:info@rockpixx.com?subject=Skinny%20Molly,%2001.11.2013,%20Kiel\">Alex<\/a> | Text: <a href=\"mailto:info@rockpixx.com?subject=Skinny%20Molly,%2001.11.2013,%20Kiel\">Alex<\/a><\/p>\n<p><b>\u00a0<\/b><\/p>\n<p>[slideshow id=419]<\/p>\n","protected":false},"excerpt":{"rendered":"<p>So\u2026 nach all den OpenAirs im Sommer auf den Monsterb\u00fchnen mit gigantischem Licht wie in <a href=\"http:\/\/www.rockpixx.com\/wordpress\/skinny-molly-01-11-2013-kiel-raeucherei\/\">Read more<\/a><\/p>\n","protected":false},"author":1,"featured_media":12329,"comment_status":"open","ping_status":"open","sticky":false,"template":"","format":"standard","meta":{"_jetpack_memberships_contains_paid_content":false,"footnotes":"","jetpack_publicize_message":"#Konzert: #SkinnyMolly, 01.11.2013, #Kiel, #R\u00e4ucherei","jetpack_publicize_feature_enabled":true,"jetpack_social_post_already_shared":true,"jetpack_social_options":{"image_generator_settings":{"template":"highway","default_image_id":0,"font":"","enabled":false},"version":2}},"categories":[34,1295],"tags":[2065,1735,2069,2295],"class_list":["post-12327","post","type-post","status-publish","format-standard","has-post-thumbnail","hentry","category-acts","category-skinny-molly","tag-2065","tag-kiel","tag-raucherei","tag-skinny-molly"],"aioseo_notices":[],"jetpack_publicize_connections":[],"jetpack_featured_media_url":"http:\/\/www.rockpixx.com\/wordpress\/wp-content\/uploads\/2013\/11\/20131101-045_skinny-molly-Artikel.jpg","jetpack-related-posts":[{"id":10168,"url":"http:\/\/www.rockpixx.com\/wordpress\/jessy-martens-band-kiel-raucherei-21-03-2013\/","url_meta":{"origin":12327,"position":0},"title":"Jessy Martens &#038; Band, Kiel, R\u00e4ucherei, 21.03.2013","author":"Anja","date":"22. M\u00e4rz 2013","format":false,"excerpt":"Obwohl ich schon jahrzehntelang in Kiel und Umgebung gelebt habe, kann erst jetzt nach mehrj\u00e4hrigem Auslandsaufenthalt eine Premiere feiern: Mein erstes Konzert in der \u201eR\u00e4ucherei\u201c findet statt. Und das ist gleich ein besonderes \u201eBonbon\u201c. Jessy Martens & Band (Gewinner des Deutschen Rockpreises 2012 und German Blues Awards 2012) stehen mit\u2026","rel":"","context":"In &quot;Acts&quot;","block_context":{"text":"Acts","link":"http:\/\/www.rockpixx.com\/wordpress\/category\/acts\/"},"img":{"alt_text":"Jessy Martens & Band, 21.03.2013, Kiel, R\u00e4ucherei","src":"https:\/\/i0.wp.com\/www.rockpixx.com\/wordpress\/wp-content\/uploads\/2013\/03\/20130321-078.jpg?resize=350%2C200","width":350,"height":200,"srcset":"https:\/\/i0.wp.com\/www.rockpixx.com\/wordpress\/wp-content\/uploads\/2013\/03\/20130321-078.jpg?resize=350%2C200 1x, https:\/\/i0.wp.com\/www.rockpixx.com\/wordpress\/wp-content\/uploads\/2013\/03\/20130321-078.jpg?resize=525%2C300 1.5x, https:\/\/i0.wp.com\/www.rockpixx.com\/wordpress\/wp-content\/uploads\/2013\/03\/20130321-078.jpg?resize=700%2C400 2x"},"classes":[]},{"id":19760,"url":"http:\/\/www.rockpixx.com\/wordpress\/trez-hombrez-19-12-2015-raeucherei-kiel\/","url_meta":{"origin":12327,"position":1},"title":"Trez Hombrez, 19.12.2015, R\u00e4ucherei, Kiel","author":"admin","date":"20. Dezember 2015","format":false,"excerpt":"Wiederholungst\u00e4ter auf rockpixx.com! \u201eThe little ol\u2018 Band from the other Texas\u201c aka \u201eTrez Hombrez\u201c steht vor mir auf der B\u00fchne \u2013 nat\u00fcrlich \u201esharp dressed\u201c. Vor exakt f\u00fcnfeinhalb Jahren habe ich diese Band \u2192 zum ersten Mal fotografiert \u2013 seinerzeit OpenAir auf der NDR B\u00fchne zur \u201eKieler Woche\u201c. Nun ist also\u2026","rel":"","context":"In &quot;Acts&quot;","block_context":{"text":"Acts","link":"http:\/\/www.rockpixx.com\/wordpress\/category\/acts\/"},"img":{"alt_text":"Trez Hombrez, 19.12.2015, Kiel, R\u00e4ucherei","src":"https:\/\/i0.wp.com\/www.rockpixx.com\/wordpress\/wp-content\/uploads\/2015\/12\/20151219-007.jpg?resize=350%2C200","width":350,"height":200,"srcset":"https:\/\/i0.wp.com\/www.rockpixx.com\/wordpress\/wp-content\/uploads\/2015\/12\/20151219-007.jpg?resize=350%2C200 1x, https:\/\/i0.wp.com\/www.rockpixx.com\/wordpress\/wp-content\/uploads\/2015\/12\/20151219-007.jpg?resize=525%2C300 1.5x, https:\/\/i0.wp.com\/www.rockpixx.com\/wordpress\/wp-content\/uploads\/2015\/12\/20151219-007.jpg?resize=700%2C400 2x"},"classes":[]},{"id":12749,"url":"http:\/\/www.rockpixx.com\/wordpress\/the-king-11-04-2014-kiel-raeucherei\/","url_meta":{"origin":12327,"position":2},"title":"The King, 11.04.2014, Kiel, R\u00e4ucherei","author":"admin","date":"12. April 2014","format":false,"excerpt":"Heute mal das Fazit vorweg: Wenn ein Musiker aus Belfast zwischen zwei Songs kurz nach Beginn des Konzertes in wunderbar akzentbehaftetem Deutsch sagt: \u201eIck b\u00fcnn su alt f\u00f6r denn Schaiss!\u201c und somit unseren Standardspruch rezitiert\u2026 \u2026 dann hat er bei mir damit schon fast gewonnen. Aber nun zum Sachlichen: James\u2026","rel":"","context":"In &quot;Acts&quot;","block_context":{"text":"Acts","link":"http:\/\/www.rockpixx.com\/wordpress\/category\/acts\/"},"img":{"alt_text":"The King, 11.04.2014, Kiel, R\u00e4ucherei","src":"https:\/\/i0.wp.com\/www.rockpixx.com\/wordpress\/wp-content\/uploads\/2014\/04\/20140411-105_the-king_Artikel.jpg?resize=350%2C200","width":350,"height":200,"srcset":"https:\/\/i0.wp.com\/www.rockpixx.com\/wordpress\/wp-content\/uploads\/2014\/04\/20140411-105_the-king_Artikel.jpg?resize=350%2C200 1x, https:\/\/i0.wp.com\/www.rockpixx.com\/wordpress\/wp-content\/uploads\/2014\/04\/20140411-105_the-king_Artikel.jpg?resize=525%2C300 1.5x, https:\/\/i0.wp.com\/www.rockpixx.com\/wordpress\/wp-content\/uploads\/2014\/04\/20140411-105_the-king_Artikel.jpg?resize=700%2C400 2x"},"classes":[]},{"id":12648,"url":"http:\/\/www.rockpixx.com\/wordpress\/stereo-bombs-21-03-2014-kiel-raeucherei\/","url_meta":{"origin":12327,"position":3},"title":"Stereo Bombs, 21.03.2014, Kiel, R\u00e4ucherei","author":"admin","date":"22. M\u00e4rz 2014","format":false,"excerpt":"\u201eSie sind wieder da!\u201c hie\u00df es im Ank\u00fcndigungstext \u2013 und wie sie da waren, doch der Reihe nach\u2026 \u201eStereo Bombs\u201c ist eine f\u00fcnfk\u00f6pfige Band (voc, 2 x git, bass, drums) aus Kiel, die nach einer kreativen Pause jetzt gerade voll durchstarten. Erstes Lebenszeichen ist die frisch ver\u00f6ffentlichte EP (und \u201edie\u2026","rel":"","context":"In &quot;Acts&quot;","block_context":{"text":"Acts","link":"http:\/\/www.rockpixx.com\/wordpress\/category\/acts\/"},"img":{"alt_text":"","src":"https:\/\/i0.wp.com\/www.rockpixx.com\/wordpress\/wp-content\/uploads\/2014\/03\/20140321-213_stereo-bombs_Artikel.jpg?resize=350%2C200","width":350,"height":200,"srcset":"https:\/\/i0.wp.com\/www.rockpixx.com\/wordpress\/wp-content\/uploads\/2014\/03\/20140321-213_stereo-bombs_Artikel.jpg?resize=350%2C200 1x, https:\/\/i0.wp.com\/www.rockpixx.com\/wordpress\/wp-content\/uploads\/2014\/03\/20140321-213_stereo-bombs_Artikel.jpg?resize=525%2C300 1.5x, https:\/\/i0.wp.com\/www.rockpixx.com\/wordpress\/wp-content\/uploads\/2014\/03\/20140321-213_stereo-bombs_Artikel.jpg?resize=700%2C400 2x"},"classes":[]},{"id":13256,"url":"http:\/\/www.rockpixx.com\/wordpress\/vertical-blinds-23-05-2014-kiel-raeucherei\/","url_meta":{"origin":12327,"position":4},"title":"Vertical Blinds, 23.05.2014, Kiel, R\u00e4ucherei","author":"admin","date":"23. Mai 2014","format":false,"excerpt":"Wie bekommt man f\u00fcnf Musiker plus S\u00e4ngerin auf die B\u00fchne, wenn das Drumset auf einem ausladenden und hohen Raiser steht, aber das Keyboard auch noch untergebracht werden soll? Nun, wer \u201eTetris\u201c kennt, der kann sich vorstellen, dass irgendwie immer alles passt \u2013 selbst auf engstem Raum. So auch bei \u201eVertical\u2026","rel":"","context":"In &quot;Acts&quot;","block_context":{"text":"Acts","link":"http:\/\/www.rockpixx.com\/wordpress\/category\/acts\/"},"img":{"alt_text":"Vertical Blinds, 23.05.2014, Kiel, R\u00e4ucherei","src":"https:\/\/i0.wp.com\/www.rockpixx.com\/wordpress\/wp-content\/uploads\/2014\/05\/20140523-04-060.jpg?resize=350%2C200","width":350,"height":200,"srcset":"https:\/\/i0.wp.com\/www.rockpixx.com\/wordpress\/wp-content\/uploads\/2014\/05\/20140523-04-060.jpg?resize=350%2C200 1x, https:\/\/i0.wp.com\/www.rockpixx.com\/wordpress\/wp-content\/uploads\/2014\/05\/20140523-04-060.jpg?resize=525%2C300 1.5x, https:\/\/i0.wp.com\/www.rockpixx.com\/wordpress\/wp-content\/uploads\/2014\/05\/20140523-04-060.jpg?resize=700%2C400 2x"},"classes":[]},{"id":20116,"url":"http:\/\/www.rockpixx.com\/wordpress\/lead-zeppelin-27-05-2016-kiel-raeucherei\/","url_meta":{"origin":12327,"position":5},"title":"Lead Zeppelin, 27.05.2016, Kiel, R\u00e4ucherei","author":"A. Hahl","date":"28. Mai 2016","format":false,"excerpt":"\u201eWe've done four already but now we're steady\u201c \u2013 wer von den Zep-Fans kennt diesen Ausspruch von John Bonham nicht? Und so ging es gestern Abend in der \u201eR\u00e4ucherei\u201c in Kiel auch authentisch mit den Kl\u00e4ngen von Led Zeppelins gr\u00f6\u00dften Hits los. Auch wenn die Optik der Musiker durchaus passende\u2026","rel":"","context":"In &quot;Acts&quot;","block_context":{"text":"Acts","link":"http:\/\/www.rockpixx.com\/wordpress\/category\/acts\/"},"img":{"alt_text":"Lead Zeppelin, 27.05.2016, Kiel, R\u00e4ucherei","src":"https:\/\/i0.wp.com\/www.rockpixx.com\/wordpress\/wp-content\/uploads\/2016\/05\/20160527-090.jpg?resize=350%2C200","width":350,"height":200,"srcset":"https:\/\/i0.wp.com\/www.rockpixx.com\/wordpress\/wp-content\/uploads\/2016\/05\/20160527-090.jpg?resize=350%2C200 1x, https:\/\/i0.wp.com\/www.rockpixx.com\/wordpress\/wp-content\/uploads\/2016\/05\/20160527-090.jpg?resize=525%2C300 1.5x, https:\/\/i0.wp.com\/www.rockpixx.com\/wordpress\/wp-content\/uploads\/2016\/05\/20160527-090.jpg?resize=700%2C400 2x"},"classes":[]}],"jetpack_sharing_enabled":true,"publishpress_future_action":{"enabled":false,"date":"2026-05-07 07:45:53","action":"change-status","newStatus":"draft","terms":[],"taxonomy":"category","extraData":[]},"publishpress_future_workflow_manual_trigger":{"enabledWorkflows":[]},"_links":{"self":[{"href":"http:\/\/www.rockpixx.com\/wordpress\/wp-json\/wp\/v2\/posts\/12327","targetHints":{"allow":["GET"]}}],"collection":[{"href":"http:\/\/www.rockpixx.com\/wordpress\/wp-json\/wp\/v2\/posts"}],"about":[{"href":"http:\/\/www.rockpixx.com\/wordpress\/wp-json\/wp\/v2\/types\/post"}],"author":[{"embeddable":true,"href":"http:\/\/www.rockpixx.com\/wordpress\/wp-json\/wp\/v2\/users\/1"}],"replies":[{"embeddable":true,"href":"http:\/\/www.rockpixx.com\/wordpress\/wp-json\/wp\/v2\/comments?post=12327"}],"version-history":[{"count":0,"href":"http:\/\/www.rockpixx.com\/wordpress\/wp-json\/wp\/v2\/posts\/12327\/revisions"}],"wp:featuredmedia":[{"embeddable":true,"href":"http:\/\/www.rockpixx.com\/wordpress\/wp-json\/wp\/v2\/media\/12329"}],"wp:attachment":[{"href":"http:\/\/www.rockpixx.com\/wordpress\/wp-json\/wp\/v2\/media?parent=12327"}],"wp:term":[{"taxonomy":"category","embeddable":true,"href":"http:\/\/www.rockpixx.com\/wordpress\/wp-json\/wp\/v2\/categories?post=12327"},{"taxonomy":"post_tag","embeddable":true,"href":"http:\/\/www.rockpixx.com\/wordpress\/wp-json\/wp\/v2\/tags?post=12327"}],"curies":[{"name":"wp","href":"https:\/\/api.w.org\/{rel}","templated":true}]}}