{"id":12441,"date":"2014-01-06T18:55:02","date_gmt":"2014-01-06T17:55:02","guid":{"rendered":"http:\/\/rockpixx.com\/wordpress\/?p=12441"},"modified":"2014-03-25T00:45:22","modified_gmt":"2014-03-24T23:45:22","slug":"morten-harket-a-ha-20-12-2013-hamburg-o2-world-aida-night-of-the-proms","status":"publish","type":"post","link":"http:\/\/www.rockpixx.com\/wordpress\/morten-harket-a-ha-20-12-2013-hamburg-o2-world-aida-night-of-the-proms\/","title":{"rendered":"Morten Harket (a-ha), 20.12.2013, Hamburg, O2 World, AIDA Night of the Proms"},"content":{"rendered":"<p>Und er altert also doch! Schien bis zur Aufl\u00f6sung von \u201ea-ha\u201c deren Frontmann und S\u00e4nger Morten Harket nahezu alterslos zu sein und immer noch so auszusehen wie 1985 mit ihrem Riesenhit \u201eTake on me\u201c, so bleibt Ende 2013 festzustellen, dass auch Morten Harket den biologischen Gesetzm\u00e4\u00dfigkeiten hinsichtlich Aussehens und Stimme unterworfen ist: <!--more-->Die Gesichtsz\u00fcge sind nun nicht mehr so glattgeb\u00fcgelt, daf\u00fcr aber ausdrucksst\u00e4rker als fr\u00fcher \u2013 eine Brille unterstreicht das noch zus\u00e4tzlich. Die Stimme hat in den hohen Tonlagen von \u201eFoot oft he Mountain\u201c oder \u201eStay on these Roads\u201c mitunter etwas M\u00fche und wirkt leicht angestrengt.<\/p>\n<p>Ansonsten gibt sein Auftritt leider optisch nicht viel her: Schlichte dunkle Kleidung, sparsame Bewegungen, meistens geschlossene Augen, das Mikro tapfer vor dem Gesicht und wenn das nicht mehr hilft, wird mit der freien Hand diagonal vor dem eigenen Gesicht der Sitz des In-Ears im gegen\u00fcberliegenden Ohr \u00fcberpr\u00fcft. Daher gibt\u2019s hier auch ein paar Bilder weniger als von den anderen Acts des Abends. Ich pers\u00f6nlich h\u00e4tte ja lieber Gloria Estefan gesehen, die ist statt seiner in den Benelux-Staaten aufgetreten.<\/p>\n<p align=\"right\">Fotos: <a href=\"mailto:info@rockpixx.com?subject=Morten%20Harket,%2020.12.2013,%20Hamburg,%20O2%20World\">Alex<\/a> | Text: <a href=\"mailto:info@rockpixx.com?subject=Morten%20Harket,%2020.12.2013,%20Hamburg,%20O2%20World\">Alex<\/a><\/p>\n<p style=\"text-align: left;\" align=\"right\">[slideshow id=433]<\/p>\n","protected":false},"excerpt":{"rendered":"<p>Und er altert also doch! Schien bis zur Aufl\u00f6sung von \u201ea-ha\u201c deren Frontmann und S\u00e4nger <a href=\"http:\/\/www.rockpixx.com\/wordpress\/morten-harket-a-ha-20-12-2013-hamburg-o2-world-aida-night-of-the-proms\/\">Read more<\/a><\/p>\n","protected":false},"author":2,"featured_media":12455,"comment_status":"open","ping_status":"open","sticky":false,"template":"","format":"standard","meta":{"_jetpack_memberships_contains_paid_content":false,"footnotes":"","jetpack_publicize_message":"#MortenHarket, 20.12.2013, #NightOfTheProms #Hamburg, #O2World","jetpack_publicize_feature_enabled":true,"jetpack_social_post_already_shared":true,"jetpack_social_options":{"image_generator_settings":{"template":"highway","default_image_id":0,"font":"","enabled":false},"version":2}},"categories":[34,1613],"tags":[2065,2056,1282,159,1281,2063],"class_list":["post-12441","post","type-post","status-publish","format-standard","has-post-thumbnail","hentry","category-acts","category-morten-harket","tag-2065","tag-hamburg","tag-morten-harket","tag-night-of-the-proms","tag-notp","tag-o2-world"],"aioseo_notices":[],"jetpack_publicize_connections":[],"jetpack_featured_media_url":"http:\/\/www.rockpixx.com\/wordpress\/wp-content\/uploads\/2014\/01\/20131220-06-030_mortenh-harket-a-ha-Artikel.jpg","jetpack-related-posts":[{"id":12443,"url":"http:\/\/www.rockpixx.com\/wordpress\/amy-macdonald-20-12-2013-hamburg-o2-world-aida-night-of-the-proms\/","url_meta":{"origin":12441,"position":0},"title":"Amy MacDonald, 20.12.2013, Hamburg, O2 World, AIDA Night of the Proms","author":"Anja","date":"6. Januar 2014","format":false,"excerpt":"Wenn sie singt, verstehe ich ihre Texte \u2013 wenn sie spricht, dann habe ich das Gef\u00fchl, noch nie englisch geh\u00f6rt zu haben. Ein derart harter schottischer Akzent ist mir bis dato noch nicht untergekommen. Zum Gl\u00fcck hat sich Amy Mcdonald aber auf das Singen und Spielen ihrer akustischen Gitarre fokussiert,\u2026","rel":"","context":"In &quot;Acts&quot;","block_context":{"text":"Acts","link":"http:\/\/www.rockpixx.com\/wordpress\/category\/acts\/"},"img":{"alt_text":"Amy Macdonald, 20.12.2013, Hamburg, AIDA Night of the Proms 2013, O2 World","src":"https:\/\/i0.wp.com\/www.rockpixx.com\/wordpress\/wp-content\/uploads\/2014\/01\/20131220-04-033_amy-mcdonald-Artikel.jpg?resize=350%2C200","width":350,"height":200,"srcset":"https:\/\/i0.wp.com\/www.rockpixx.com\/wordpress\/wp-content\/uploads\/2014\/01\/20131220-04-033_amy-mcdonald-Artikel.jpg?resize=350%2C200 1x, https:\/\/i0.wp.com\/www.rockpixx.com\/wordpress\/wp-content\/uploads\/2014\/01\/20131220-04-033_amy-mcdonald-Artikel.jpg?resize=525%2C300 1.5x, https:\/\/i0.wp.com\/www.rockpixx.com\/wordpress\/wp-content\/uploads\/2014\/01\/20131220-04-033_amy-mcdonald-Artikel.jpg?resize=700%2C400 2x"},"classes":[]},{"id":12445,"url":"http:\/\/www.rockpixx.com\/wordpress\/mark-king-level-42-20-12-2013-hamburg-o2-world-aida-night-of-the-proms\/","url_meta":{"origin":12441,"position":1},"title":"Mark King (Level 42), 20.12.2013, Hamburg, O2 World, AIDA Night of the Proms","author":"Anja","date":"6. Januar 2014","format":false,"excerpt":"\u2192\u00a0Mark King (bzw. \u201eLevel 42\u201c) hatten wir ja schon einige Male vor unseren Kameras. Der Mann und sein Bass sind immer wieder faszinierend. Es gibt nach meiner Meinung nicht viele Bassisten, die eine solch unverwechselbare Spielweise haben \u2013 \u2192\u00a0Lemmy Kilmister von \u201eMot\u00f6rhead\u201c f\u00e4llt mir spontan ein, aber der ist auch\u2026","rel":"","context":"In &quot;Acts&quot;","block_context":{"text":"Acts","link":"http:\/\/www.rockpixx.com\/wordpress\/category\/acts\/"},"img":{"alt_text":"Mark King (Level 42), 20.12.2013, Hamburg, AIDA Night of the Proms 2013, O2 World","src":"https:\/\/i0.wp.com\/www.rockpixx.com\/wordpress\/wp-content\/uploads\/2014\/01\/20131220-05-045_mark-king-level-42-Artikel.jpg?resize=350%2C200","width":350,"height":200,"srcset":"https:\/\/i0.wp.com\/www.rockpixx.com\/wordpress\/wp-content\/uploads\/2014\/01\/20131220-05-045_mark-king-level-42-Artikel.jpg?resize=350%2C200 1x, https:\/\/i0.wp.com\/www.rockpixx.com\/wordpress\/wp-content\/uploads\/2014\/01\/20131220-05-045_mark-king-level-42-Artikel.jpg?resize=525%2C300 1.5x, https:\/\/i0.wp.com\/www.rockpixx.com\/wordpress\/wp-content\/uploads\/2014\/01\/20131220-05-045_mark-king-level-42-Artikel.jpg?resize=700%2C400 2x"},"classes":[]},{"id":12471,"url":"http:\/\/www.rockpixx.com\/wordpress\/john-miles-20-12-2013-hamburg-o2-world-aida-night-of-the-proms\/","url_meta":{"origin":12441,"position":2},"title":"John Miles, 20.12.2013, Hamburg, O2 World, AIDA Night of the Proms","author":"Anja","date":"6. Januar 2014","format":false,"excerpt":"\u2026 ist ja \u2013 neben Orchesterchef Robert Groslot \u2013 Teil des Inventars der NOTP. Und nat\u00fcrlich singt er auch wieder \u201eMusic\u201c und begleitet sich dabei am wei\u00dfen Fl\u00fcgel. Das geh\u00f6rt einfach dazu. Spannender ist allerdings immer die Frage, was denn der andere Song von John Miles sein wird. Dieses Mal\u2026","rel":"","context":"In &quot;Acts&quot;","block_context":{"text":"Acts","link":"http:\/\/www.rockpixx.com\/wordpress\/category\/acts\/"},"img":{"alt_text":"John Miles, 20.12.2013, Hamburg, AIDA Night of the Proms 2013, O2 World","src":"https:\/\/i0.wp.com\/www.rockpixx.com\/wordpress\/wp-content\/uploads\/2014\/01\/20131220-03-031_john-miles-Artikel.jpg?resize=350%2C200","width":350,"height":200,"srcset":"https:\/\/i0.wp.com\/www.rockpixx.com\/wordpress\/wp-content\/uploads\/2014\/01\/20131220-03-031_john-miles-Artikel.jpg?resize=350%2C200 1x, https:\/\/i0.wp.com\/www.rockpixx.com\/wordpress\/wp-content\/uploads\/2014\/01\/20131220-03-031_john-miles-Artikel.jpg?resize=525%2C300 1.5x, https:\/\/i0.wp.com\/www.rockpixx.com\/wordpress\/wp-content\/uploads\/2014\/01\/20131220-03-031_john-miles-Artikel.jpg?resize=700%2C400 2x"},"classes":[]},{"id":12449,"url":"http:\/\/www.rockpixx.com\/wordpress\/hiromi-20-12-2013-hamburg-o2-world-aida-night-of-the-proms\/","url_meta":{"origin":12441,"position":3},"title":"Hiromi, 20.12.2013, Hamburg, O2 World, AIDA Night of the Proms","author":"Anja","date":"6. Januar 2014","format":false,"excerpt":"\u201eHereinspaziert meine Damen und Herren! Erleben Sie den einmaligen und unvergleichlichen Kampf der Sch\u00f6nen mit den Tasten! Sehen Sie die Pantherin im Duell mit dem Yamaha-Fl\u00fcgel. Nehmen Sie Anteil am Duell der Superlative!\u201c \u2026 Moooment. Wir sind hier nicht im Zirkus und es steht auch kein Koberer vor der T\u00fcr\u2026","rel":"","context":"In &quot;Acts&quot;","block_context":{"text":"Acts","link":"http:\/\/www.rockpixx.com\/wordpress\/category\/acts\/"},"img":{"alt_text":"Hiromi, 20.12.2013, Hamburg, AIDA Night of the Proms 2013, O2 World","src":"https:\/\/i0.wp.com\/www.rockpixx.com\/wordpress\/wp-content\/uploads\/2014\/01\/20131220-01-061_hiromi-Artikel.jpg?resize=350%2C200","width":350,"height":200,"srcset":"https:\/\/i0.wp.com\/www.rockpixx.com\/wordpress\/wp-content\/uploads\/2014\/01\/20131220-01-061_hiromi-Artikel.jpg?resize=350%2C200 1x, https:\/\/i0.wp.com\/www.rockpixx.com\/wordpress\/wp-content\/uploads\/2014\/01\/20131220-01-061_hiromi-Artikel.jpg?resize=525%2C300 1.5x, https:\/\/i0.wp.com\/www.rockpixx.com\/wordpress\/wp-content\/uploads\/2014\/01\/20131220-01-061_hiromi-Artikel.jpg?resize=700%2C400 2x"},"classes":[]},{"id":17220,"url":"http:\/\/www.rockpixx.com\/wordpress\/madeline-juno-19-12-2014-night-of-the-proms-hamburg-o2-world\/","url_meta":{"origin":12441,"position":4},"title":"Madeline Juno, 19.12.2014, Night of the Proms, Hamburg, O2 World","author":"admin","date":"20. Dezember 2014","format":false,"excerpt":"Alle Jahre wieder\u2026 so auch im Dezember 2014: Die \u201eNight of the Proms\u201c gastiert in Deutschen Landen. Den diesj\u00e4hrigen \u2013 fotografisch erlaubten \u2013 Opener macht Madeline Juno. Mit 19 Jahren ist sie im Feld der Mitwirkenden die J\u00fcngste. Gleichwohl kann sie schon auf ein vielseitiges Leben im musikalischen Umfeld zur\u00fcckblicken:\u2026","rel":"","context":"In &quot;Acts&quot;","block_context":{"text":"Acts","link":"http:\/\/www.rockpixx.com\/wordpress\/category\/acts\/"},"img":{"alt_text":"Madeline Juno, 19.12.2014, NOTP, Hamburg","src":"https:\/\/i0.wp.com\/www.rockpixx.com\/wordpress\/wp-content\/uploads\/2014\/12\/20141219-1-040_madeline-juno_Artikel.jpg?resize=350%2C200","width":350,"height":200,"srcset":"https:\/\/i0.wp.com\/www.rockpixx.com\/wordpress\/wp-content\/uploads\/2014\/12\/20141219-1-040_madeline-juno_Artikel.jpg?resize=350%2C200 1x, https:\/\/i0.wp.com\/www.rockpixx.com\/wordpress\/wp-content\/uploads\/2014\/12\/20141219-1-040_madeline-juno_Artikel.jpg?resize=525%2C300 1.5x, https:\/\/i0.wp.com\/www.rockpixx.com\/wordpress\/wp-content\/uploads\/2014\/12\/20141219-1-040_madeline-juno_Artikel.jpg?resize=700%2C400 2x"},"classes":[]},{"id":9046,"url":"http:\/\/www.rockpixx.com\/wordpress\/naturally-7-08-12-2012-hamburg-o2-world\/","url_meta":{"origin":12441,"position":5},"title":"Naturally 7, 08.12.2012, Hamburg, O2 World","author":"Anja","date":"8. Dezember 2012","format":false,"excerpt":"\u201eAIDA Night oft he Proms 2012\u201c \u2013 nach drei Jahren in Folge in M\u00fcnchen fotografiere ich diese Veranstaltung nun zum ersten Mal in Hamburg, genauer gesagt, in der O2 Arena. Als beeindruckend empfinde ich die bis unters Dach ausverkaufte Halle, gef\u00fchlsm\u00e4\u00dfig deutlich mehr Publikum als in M\u00fcnchen, faktisch deutlich enger\u2026","rel":"","context":"In &quot;Acts&quot;","block_context":{"text":"Acts","link":"http:\/\/www.rockpixx.com\/wordpress\/category\/acts\/"},"img":{"alt_text":"Naturally 7, 08.12.2012, Hamburg, O2 World","src":"https:\/\/i0.wp.com\/www.rockpixx.com\/wordpress\/wp-content\/uploads\/2013\/02\/20121208-1-naturally-7-Artikel.jpg?resize=350%2C200","width":350,"height":200,"srcset":"https:\/\/i0.wp.com\/www.rockpixx.com\/wordpress\/wp-content\/uploads\/2013\/02\/20121208-1-naturally-7-Artikel.jpg?resize=350%2C200 1x, https:\/\/i0.wp.com\/www.rockpixx.com\/wordpress\/wp-content\/uploads\/2013\/02\/20121208-1-naturally-7-Artikel.jpg?resize=525%2C300 1.5x, https:\/\/i0.wp.com\/www.rockpixx.com\/wordpress\/wp-content\/uploads\/2013\/02\/20121208-1-naturally-7-Artikel.jpg?resize=700%2C400 2x"},"classes":[]}],"jetpack_sharing_enabled":true,"publishpress_future_action":{"enabled":false,"date":"2026-05-06 11:51:11","action":"change-status","newStatus":"draft","terms":[],"taxonomy":"category","extraData":[]},"publishpress_future_workflow_manual_trigger":{"enabledWorkflows":[]},"_links":{"self":[{"href":"http:\/\/www.rockpixx.com\/wordpress\/wp-json\/wp\/v2\/posts\/12441","targetHints":{"allow":["GET"]}}],"collection":[{"href":"http:\/\/www.rockpixx.com\/wordpress\/wp-json\/wp\/v2\/posts"}],"about":[{"href":"http:\/\/www.rockpixx.com\/wordpress\/wp-json\/wp\/v2\/types\/post"}],"author":[{"embeddable":true,"href":"http:\/\/www.rockpixx.com\/wordpress\/wp-json\/wp\/v2\/users\/2"}],"replies":[{"embeddable":true,"href":"http:\/\/www.rockpixx.com\/wordpress\/wp-json\/wp\/v2\/comments?post=12441"}],"version-history":[{"count":0,"href":"http:\/\/www.rockpixx.com\/wordpress\/wp-json\/wp\/v2\/posts\/12441\/revisions"}],"wp:featuredmedia":[{"embeddable":true,"href":"http:\/\/www.rockpixx.com\/wordpress\/wp-json\/wp\/v2\/media\/12455"}],"wp:attachment":[{"href":"http:\/\/www.rockpixx.com\/wordpress\/wp-json\/wp\/v2\/media?parent=12441"}],"wp:term":[{"taxonomy":"category","embeddable":true,"href":"http:\/\/www.rockpixx.com\/wordpress\/wp-json\/wp\/v2\/categories?post=12441"},{"taxonomy":"post_tag","embeddable":true,"href":"http:\/\/www.rockpixx.com\/wordpress\/wp-json\/wp\/v2\/tags?post=12441"}],"curies":[{"name":"wp","href":"https:\/\/api.w.org\/{rel}","templated":true}]}}