{"id":12447,"date":"2014-01-06T17:16:49","date_gmt":"2014-01-06T16:16:49","guid":{"rendered":"http:\/\/rockpixx.com\/wordpress\/?p=12447"},"modified":"2014-02-12T22:51:11","modified_gmt":"2014-02-12T21:51:11","slug":"the-baseballs-20-12-2013-hamburg-o2-world-aida-night-of-the-proms","status":"publish","type":"post","link":"http:\/\/www.rockpixx.com\/wordpress\/the-baseballs-20-12-2013-hamburg-o2-world-aida-night-of-the-proms\/","title":{"rendered":"The Baseballs, 20.12.2013, Hamburg, O2 World, AIDA Night of the Proms"},"content":{"rendered":"<p>Und dann stehen drei deutsche Musiker auf der B\u00fchne. Am Outfit (Lederjacken, Jeans, T-Shirt und Haar-Tolle) ist unschwer zu erkennen, welcher Musikrichtung sie huldigen: Sie covern Hits und schreiben eigene Songs im Stil des Rock\u2019n\u2019Rolls der F\u00fcnfziger. <!--more-->Ihre erste Single war beispielsweise ein Cover des Hits von Rihanna \u201eUmbrella\u201c. Auch mit Cosma Shiva Hagen haben sie schon einen Song f\u00fcr einen Eishersteller gemacht. Lohn der M\u00fchen: 2010 der \u201eEcho\u201c in der Kategorie \u201eNewcomer National\u201c sowie 2011 eine ausverkaufte Europa-Tournee und das zweite Album \u201eStrings\u2019n\u2019Stripes\u201c auf Platz 5 in den Charts.<\/p>\n<p>Die Show der drei bietet mitrei\u00dfende Musik und Tanzeinlagen, alles wirkt stimmig und passt \u2013 bis hin zu den Backgrounds\u00e4ngerinnen. Erstmals steht das sonst eher k\u00fchle norddeutsche Publikum in der bestuhlten Halle auf und klatscht begeistert mit. Beeindruckendste Nummer neben \u201eAngels\u201c von Robbie Williams ist ohne Zweifel \u201eBorn this Way\u201c von Lady Gaga.<\/p>\n<p>Hoffen wir gemeinsam mit \u201eThe Baseballs\u201c, dass sie im M\u00e4rz 2014 bei der nationalen Vorausscheidung f\u00fcr den \u2192\u00a0\u201eEurovision Songcontest\u201c ganz weit nach vorne kommen und gegen\u00fcber \u2192\u00a0\u201e<a title=\"Unheilig\" href=\"http:\/\/rockpixx.com\/wordpress\/category\/acts\/topacts\/top-u\/unheilig\/\">Unheilig<\/a>\u201c sowie \u2192\u00a0\u201e<a title=\"Santiano\" href=\"http:\/\/rockpixx.com\/wordpress\/category\/acts\/topacts\/top-s\/santiano\/\">Santiano<\/a>\u201c als Hauptkonkurrenten gut bestehen k\u00f6nnen. Nach meiner Meinung ist die Musik von \u201eThe Baseballs\u201c international deutlich wettbewerbsf\u00e4higer als die ihrer nationalen Mitstreiter. Ich werde ihnen ganz fest die Daumen dr\u00fccken\u2026<\/p>\n<p align=\"right\">Fotos: <a href=\"mailto:info@rockpixx.com?subject=The%20Baseballs,%2020.12.2013,%20Hamburg,%20O2%20World\">Alex<\/a> | Text: <a href=\"mailto:info@rockpixx.com?subject=The%20Baseballs,%2020.12.2013,%20Hamburg,%20O2%20World\">Alex<\/a><\/p>\n<p style=\"text-align: left;\" align=\"right\">\n<p style=\"text-align: left;\" align=\"right\">[slideshow id=429]<\/p>\n","protected":false},"excerpt":{"rendered":"<p>Und dann stehen drei deutsche Musiker auf der B\u00fchne. Am Outfit (Lederjacken, Jeans, T-Shirt und <a href=\"http:\/\/www.rockpixx.com\/wordpress\/the-baseballs-20-12-2013-hamburg-o2-world-aida-night-of-the-proms\/\">Read more<\/a><\/p>\n","protected":false},"author":2,"featured_media":12459,"comment_status":"open","ping_status":"open","sticky":false,"template":"","format":"standard","meta":{"_jetpack_memberships_contains_paid_content":false,"footnotes":"","jetpack_publicize_message":"#TheBaseballs, 20.12.2013, #NightOfTheProms, #Hamburg, #O2World","jetpack_publicize_feature_enabled":true,"jetpack_social_post_already_shared":true,"jetpack_social_options":{"image_generator_settings":{"template":"highway","default_image_id":0,"font":"","enabled":false},"version":2}},"categories":[34,1560],"tags":[2065,2056,159,1281,2063,2310],"class_list":["post-12447","post","type-post","status-publish","format-standard","has-post-thumbnail","hentry","category-acts","category-the-baseballs","tag-2065","tag-hamburg","tag-night-of-the-proms","tag-notp","tag-o2-world","tag-the-baseballs"],"aioseo_notices":[],"jetpack_publicize_connections":[],"jetpack_featured_media_url":"http:\/\/www.rockpixx.com\/wordpress\/wp-content\/uploads\/2014\/01\/20131220-02-068_the-baseballs-Artikel.jpg","jetpack-related-posts":[{"id":12449,"url":"http:\/\/www.rockpixx.com\/wordpress\/hiromi-20-12-2013-hamburg-o2-world-aida-night-of-the-proms\/","url_meta":{"origin":12447,"position":0},"title":"Hiromi, 20.12.2013, Hamburg, O2 World, AIDA Night of the Proms","author":"Anja","date":"6. Januar 2014","format":false,"excerpt":"\u201eHereinspaziert meine Damen und Herren! Erleben Sie den einmaligen und unvergleichlichen Kampf der Sch\u00f6nen mit den Tasten! Sehen Sie die Pantherin im Duell mit dem Yamaha-Fl\u00fcgel. Nehmen Sie Anteil am Duell der Superlative!\u201c \u2026 Moooment. Wir sind hier nicht im Zirkus und es steht auch kein Koberer vor der T\u00fcr\u2026","rel":"","context":"In &quot;Acts&quot;","block_context":{"text":"Acts","link":"http:\/\/www.rockpixx.com\/wordpress\/category\/acts\/"},"img":{"alt_text":"Hiromi, 20.12.2013, Hamburg, AIDA Night of the Proms 2013, O2 World","src":"https:\/\/i0.wp.com\/www.rockpixx.com\/wordpress\/wp-content\/uploads\/2014\/01\/20131220-01-061_hiromi-Artikel.jpg?resize=350%2C200","width":350,"height":200,"srcset":"https:\/\/i0.wp.com\/www.rockpixx.com\/wordpress\/wp-content\/uploads\/2014\/01\/20131220-01-061_hiromi-Artikel.jpg?resize=350%2C200 1x, https:\/\/i0.wp.com\/www.rockpixx.com\/wordpress\/wp-content\/uploads\/2014\/01\/20131220-01-061_hiromi-Artikel.jpg?resize=525%2C300 1.5x, https:\/\/i0.wp.com\/www.rockpixx.com\/wordpress\/wp-content\/uploads\/2014\/01\/20131220-01-061_hiromi-Artikel.jpg?resize=700%2C400 2x"},"classes":[]},{"id":18684,"url":"http:\/\/www.rockpixx.com\/wordpress\/the-baseballs-26-06-2015-kieler-woche-hoern-buehne-kiel\/","url_meta":{"origin":12447,"position":1},"title":"The Baseballs, 26.06.2015, Kieler Woche, H\u00f6rn-B\u00fchne, Kiel","author":"Anja","date":"27. Juni 2015","format":false,"excerpt":"Freitag, der achte Tag der Kieler Woche 2015 \u2013 wir befinden uns auf der Zielgeraden. An der H\u00f6rn regiert der Rock\u2019n\u2019Roll der F\u00fcnfziger des letzen Jahrhunderts. Wer hier jetzt auf Grund der Musikrichtung eine \u201eRenterband\u201c erwartet, der liegt meilenweit daneben. Die B\u00fchne geh\u00f6rte an diesem Abend \u201eThe Baseballs\u201c, die mittlerweile\u2026","rel":"","context":"In &quot;Acts&quot;","block_context":{"text":"Acts","link":"http:\/\/www.rockpixx.com\/wordpress\/category\/acts\/"},"img":{"alt_text":"The Baseballs, 26.06.2015, H\u00f6rn-B\u00fchne, Kiel","src":"https:\/\/i0.wp.com\/www.rockpixx.com\/wordpress\/wp-content\/uploads\/2015\/06\/20150626-01-078_baseballs_Artikel.jpg?resize=350%2C200","width":350,"height":200,"srcset":"https:\/\/i0.wp.com\/www.rockpixx.com\/wordpress\/wp-content\/uploads\/2015\/06\/20150626-01-078_baseballs_Artikel.jpg?resize=350%2C200 1x, https:\/\/i0.wp.com\/www.rockpixx.com\/wordpress\/wp-content\/uploads\/2015\/06\/20150626-01-078_baseballs_Artikel.jpg?resize=525%2C300 1.5x, https:\/\/i0.wp.com\/www.rockpixx.com\/wordpress\/wp-content\/uploads\/2015\/06\/20150626-01-078_baseballs_Artikel.jpg?resize=700%2C400 2x"},"classes":[]},{"id":17220,"url":"http:\/\/www.rockpixx.com\/wordpress\/madeline-juno-19-12-2014-night-of-the-proms-hamburg-o2-world\/","url_meta":{"origin":12447,"position":2},"title":"Madeline Juno, 19.12.2014, Night of the Proms, Hamburg, O2 World","author":"admin","date":"20. Dezember 2014","format":false,"excerpt":"Alle Jahre wieder\u2026 so auch im Dezember 2014: Die \u201eNight of the Proms\u201c gastiert in Deutschen Landen. Den diesj\u00e4hrigen \u2013 fotografisch erlaubten \u2013 Opener macht Madeline Juno. Mit 19 Jahren ist sie im Feld der Mitwirkenden die J\u00fcngste. Gleichwohl kann sie schon auf ein vielseitiges Leben im musikalischen Umfeld zur\u00fcckblicken:\u2026","rel":"","context":"In &quot;Acts&quot;","block_context":{"text":"Acts","link":"http:\/\/www.rockpixx.com\/wordpress\/category\/acts\/"},"img":{"alt_text":"Madeline Juno, 19.12.2014, NOTP, Hamburg","src":"https:\/\/i0.wp.com\/www.rockpixx.com\/wordpress\/wp-content\/uploads\/2014\/12\/20141219-1-040_madeline-juno_Artikel.jpg?resize=350%2C200","width":350,"height":200,"srcset":"https:\/\/i0.wp.com\/www.rockpixx.com\/wordpress\/wp-content\/uploads\/2014\/12\/20141219-1-040_madeline-juno_Artikel.jpg?resize=350%2C200 1x, https:\/\/i0.wp.com\/www.rockpixx.com\/wordpress\/wp-content\/uploads\/2014\/12\/20141219-1-040_madeline-juno_Artikel.jpg?resize=525%2C300 1.5x, https:\/\/i0.wp.com\/www.rockpixx.com\/wordpress\/wp-content\/uploads\/2014\/12\/20141219-1-040_madeline-juno_Artikel.jpg?resize=700%2C400 2x"},"classes":[]},{"id":9046,"url":"http:\/\/www.rockpixx.com\/wordpress\/naturally-7-08-12-2012-hamburg-o2-world\/","url_meta":{"origin":12447,"position":3},"title":"Naturally 7, 08.12.2012, Hamburg, O2 World","author":"Anja","date":"8. Dezember 2012","format":false,"excerpt":"\u201eAIDA Night oft he Proms 2012\u201c \u2013 nach drei Jahren in Folge in M\u00fcnchen fotografiere ich diese Veranstaltung nun zum ersten Mal in Hamburg, genauer gesagt, in der O2 Arena. Als beeindruckend empfinde ich die bis unters Dach ausverkaufte Halle, gef\u00fchlsm\u00e4\u00dfig deutlich mehr Publikum als in M\u00fcnchen, faktisch deutlich enger\u2026","rel":"","context":"In &quot;Acts&quot;","block_context":{"text":"Acts","link":"http:\/\/www.rockpixx.com\/wordpress\/category\/acts\/"},"img":{"alt_text":"Naturally 7, 08.12.2012, Hamburg, O2 World","src":"https:\/\/i0.wp.com\/www.rockpixx.com\/wordpress\/wp-content\/uploads\/2013\/02\/20121208-1-naturally-7-Artikel.jpg?resize=350%2C200","width":350,"height":200,"srcset":"https:\/\/i0.wp.com\/www.rockpixx.com\/wordpress\/wp-content\/uploads\/2013\/02\/20121208-1-naturally-7-Artikel.jpg?resize=350%2C200 1x, https:\/\/i0.wp.com\/www.rockpixx.com\/wordpress\/wp-content\/uploads\/2013\/02\/20121208-1-naturally-7-Artikel.jpg?resize=525%2C300 1.5x, https:\/\/i0.wp.com\/www.rockpixx.com\/wordpress\/wp-content\/uploads\/2013\/02\/20121208-1-naturally-7-Artikel.jpg?resize=700%2C400 2x"},"classes":[]},{"id":12443,"url":"http:\/\/www.rockpixx.com\/wordpress\/amy-macdonald-20-12-2013-hamburg-o2-world-aida-night-of-the-proms\/","url_meta":{"origin":12447,"position":4},"title":"Amy MacDonald, 20.12.2013, Hamburg, O2 World, AIDA Night of the Proms","author":"Anja","date":"6. Januar 2014","format":false,"excerpt":"Wenn sie singt, verstehe ich ihre Texte \u2013 wenn sie spricht, dann habe ich das Gef\u00fchl, noch nie englisch geh\u00f6rt zu haben. Ein derart harter schottischer Akzent ist mir bis dato noch nicht untergekommen. Zum Gl\u00fcck hat sich Amy Mcdonald aber auf das Singen und Spielen ihrer akustischen Gitarre fokussiert,\u2026","rel":"","context":"In &quot;Acts&quot;","block_context":{"text":"Acts","link":"http:\/\/www.rockpixx.com\/wordpress\/category\/acts\/"},"img":{"alt_text":"Amy Macdonald, 20.12.2013, Hamburg, AIDA Night of the Proms 2013, O2 World","src":"https:\/\/i0.wp.com\/www.rockpixx.com\/wordpress\/wp-content\/uploads\/2014\/01\/20131220-04-033_amy-mcdonald-Artikel.jpg?resize=350%2C200","width":350,"height":200,"srcset":"https:\/\/i0.wp.com\/www.rockpixx.com\/wordpress\/wp-content\/uploads\/2014\/01\/20131220-04-033_amy-mcdonald-Artikel.jpg?resize=350%2C200 1x, https:\/\/i0.wp.com\/www.rockpixx.com\/wordpress\/wp-content\/uploads\/2014\/01\/20131220-04-033_amy-mcdonald-Artikel.jpg?resize=525%2C300 1.5x, https:\/\/i0.wp.com\/www.rockpixx.com\/wordpress\/wp-content\/uploads\/2014\/01\/20131220-04-033_amy-mcdonald-Artikel.jpg?resize=700%2C400 2x"},"classes":[]},{"id":12471,"url":"http:\/\/www.rockpixx.com\/wordpress\/john-miles-20-12-2013-hamburg-o2-world-aida-night-of-the-proms\/","url_meta":{"origin":12447,"position":5},"title":"John Miles, 20.12.2013, Hamburg, O2 World, AIDA Night of the Proms","author":"Anja","date":"6. Januar 2014","format":false,"excerpt":"\u2026 ist ja \u2013 neben Orchesterchef Robert Groslot \u2013 Teil des Inventars der NOTP. Und nat\u00fcrlich singt er auch wieder \u201eMusic\u201c und begleitet sich dabei am wei\u00dfen Fl\u00fcgel. Das geh\u00f6rt einfach dazu. Spannender ist allerdings immer die Frage, was denn der andere Song von John Miles sein wird. Dieses Mal\u2026","rel":"","context":"In &quot;Acts&quot;","block_context":{"text":"Acts","link":"http:\/\/www.rockpixx.com\/wordpress\/category\/acts\/"},"img":{"alt_text":"John Miles, 20.12.2013, Hamburg, AIDA Night of the Proms 2013, O2 World","src":"https:\/\/i0.wp.com\/www.rockpixx.com\/wordpress\/wp-content\/uploads\/2014\/01\/20131220-03-031_john-miles-Artikel.jpg?resize=350%2C200","width":350,"height":200,"srcset":"https:\/\/i0.wp.com\/www.rockpixx.com\/wordpress\/wp-content\/uploads\/2014\/01\/20131220-03-031_john-miles-Artikel.jpg?resize=350%2C200 1x, https:\/\/i0.wp.com\/www.rockpixx.com\/wordpress\/wp-content\/uploads\/2014\/01\/20131220-03-031_john-miles-Artikel.jpg?resize=525%2C300 1.5x, https:\/\/i0.wp.com\/www.rockpixx.com\/wordpress\/wp-content\/uploads\/2014\/01\/20131220-03-031_john-miles-Artikel.jpg?resize=700%2C400 2x"},"classes":[]}],"jetpack_sharing_enabled":true,"publishpress_future_action":{"enabled":false,"date":"2026-05-06 13:39:17","action":"change-status","newStatus":"draft","terms":[],"taxonomy":"category","extraData":[]},"publishpress_future_workflow_manual_trigger":{"enabledWorkflows":[]},"_links":{"self":[{"href":"http:\/\/www.rockpixx.com\/wordpress\/wp-json\/wp\/v2\/posts\/12447","targetHints":{"allow":["GET"]}}],"collection":[{"href":"http:\/\/www.rockpixx.com\/wordpress\/wp-json\/wp\/v2\/posts"}],"about":[{"href":"http:\/\/www.rockpixx.com\/wordpress\/wp-json\/wp\/v2\/types\/post"}],"author":[{"embeddable":true,"href":"http:\/\/www.rockpixx.com\/wordpress\/wp-json\/wp\/v2\/users\/2"}],"replies":[{"embeddable":true,"href":"http:\/\/www.rockpixx.com\/wordpress\/wp-json\/wp\/v2\/comments?post=12447"}],"version-history":[{"count":0,"href":"http:\/\/www.rockpixx.com\/wordpress\/wp-json\/wp\/v2\/posts\/12447\/revisions"}],"wp:featuredmedia":[{"embeddable":true,"href":"http:\/\/www.rockpixx.com\/wordpress\/wp-json\/wp\/v2\/media\/12459"}],"wp:attachment":[{"href":"http:\/\/www.rockpixx.com\/wordpress\/wp-json\/wp\/v2\/media?parent=12447"}],"wp:term":[{"taxonomy":"category","embeddable":true,"href":"http:\/\/www.rockpixx.com\/wordpress\/wp-json\/wp\/v2\/categories?post=12447"},{"taxonomy":"post_tag","embeddable":true,"href":"http:\/\/www.rockpixx.com\/wordpress\/wp-json\/wp\/v2\/tags?post=12447"}],"curies":[{"name":"wp","href":"https:\/\/api.w.org\/{rel}","templated":true}]}}