{"id":12529,"date":"2014-02-03T15:44:49","date_gmt":"2014-02-03T14:44:49","guid":{"rendered":"http:\/\/rockpixx.com\/wordpress\/?p=12529"},"modified":"2014-02-24T19:11:54","modified_gmt":"2014-02-24T18:11:54","slug":"echoes-01-02-2014-hamburg-edelfettwerk","status":"publish","type":"post","link":"http:\/\/www.rockpixx.com\/wordpress\/echoes-01-02-2014-hamburg-edelfettwerk\/","title":{"rendered":"Echoes, 01.02.2014, Hamburg, Edelfettwerk"},"content":{"rendered":"<p>\u201eEchoes\u201c hatten wir ja schon \u2192 <a title=\"Echoes auf rockpixx.com\" href=\"http:\/\/rockpixx.com\/wordpress\/category\/acts\/tributebands\/pink-floyd\/echoes\/\">mehrfach vor den Kameras<\/a> und nachdem seit dem letzten Mal schon \u00fcber vier Jahre vergangen sind, wurde es wieder einmal h\u00f6chste Zeit eine Show dieser Pink Floyd-Tributeband zu fotografieren \u2013 nach unserer Meinung sowieso das Beste, was es aus deutschen Landen zu diesem Thema gibt.<\/p>\n<p>Angek\u00fcndigt war im Hamburger Edelfettwerk eine XL-Produktion mit einem Licht-Gesamtkonzept, unter anderem bestehend aus mehreren Farblasern sowie Videoproduktionen im ganzen Saal. Verantwortlich daf\u00fcr zeichnete \u201eTeatro de la Luz\u201c. So war ich also gespannt, wie eine Show von \u201eEchoes\u201c mit \u201efremden\u201c Licht aussehen w\u00fcrde\u2026<!--more--><\/p>\n<p>Mit \u2013 den verkehrstechnischen Umst\u00e4nden au\u00dferhalb der Location geschuldeten Umst\u00e4nden \u2013 kurzer Versp\u00e4tung begann die Show, zuvor waren schon sph\u00e4rische Kl\u00e4nge durch den Raum gewabert. Der \u00fcbliche Opener \u201eShine on you crazy Diamond (I\u2013V)\u201c erklingt und sowohl Publikum als auch Musiker sind sofort voll da. Verst\u00e4rkt um Saxofon und Backgrounds\u00e4ngerin spielten sich \u201eEchoes\u201c durch ihr zweigeteiltes dreist\u00fcndiges Set, welches all die \u00fcblichen Verd\u00e4chtigen aus den Alben seit \u201eMeddle\u201c \u2013 ohne \u201eThe Final Cut\u201c (verst\u00e4ndlich) und ohne \u201eA Momentary Lapse of Reason\u201c \u2013 enth\u00e4lt. Einige St\u00fccke haben \u201eEchoes\u201c in ihrer Live-Performance weiter entwickelt, so beispielsweise \u201eWelcome to the Machine\u201c und das sehr eindringlich vorgetragene \u201eNobody Home\u201c. Der sch\u00f6n pumpende Bass bei \u201eOne of these Days\u201c fehlt ebenso wenig wie der gro\u00dfe Moment der S\u00e4ngerin bei \u201eThe great Gig in the Sky\u201c. Auch Oliver Hartmann als Haupts\u00e4nger geht gewohnt souver\u00e4n durch seine Songs. Seitdem er unter anderem bei \u201eAvantasia\u201c sehr stark eingespannt ist, freut man sich ja umso mehr, wenn \u201eEchoes\u201c wieder einmal auftreten.<\/p>\n<p>Fazit-1: Musikalisch alles im Lot und gewohnt gut.<\/p>\n<p>Nun zum Licht: Fotografen meckern ja immer, wenn ausschlie\u00dflich LEDs zum Einsatz kommen. Hier war es in einigen Situationen auch kritisch, aber meistens war das Licht noch handhabbar. Die Laser kamen haupts\u00e4chlich im zweiten Set zum Einsatz und unterstrichen die Wirkung der Musik sehr gut. Hier ist deutlich zu erkennen gewesen, dass auch bandfremde Lichtdesigner eine Show konzipieren k\u00f6nnen, wenn sie einen Draht zur Musik haben und gewillt sind, sich auf diese einzulassen und sich mit ihr auseinandersetzen. Dadurch, dass ich am FOH eine Remotecam hatte, ist auf einigen Bildern auch sehr gut zu sehen, dass die Videoprojektionen sich sehr gut ins optisch-musikalische Gesamtkonzept integriert haben.<\/p>\n<p>Fazit-2: Kompliment an \u201eTeatro de la Luz\u201c, das war richtig gut!<\/p>\n<p>Gesamtfazit: Es war sch\u00f6n, \u201eEchoes\u201c wiederzusehen. Mein besonderer Dank geht an Uwe von \u201erockpictures.de\u201c f\u00fcr seinen Support und ich hoffe, dass jetzt nicht wieder mehr als vier Jahre vergehen, bis ich \u201eEchoes\u201c wieder vor den Kameras habe.<\/p>\n<p>PS: Hier gibt es nun ausnahmsweise einmal zwei Galerien: Eine mit den Musikern (wie \u00fcblich) und eine als Bonus mit den Lichteffekten.<\/p>\n<p align=\"right\">Fotos: <a href=\"mailto:info@rockpixx.com?subject=Echoes,%2001.02.2014,%20Hamburg,%20Edelfettwerk\">Alex<\/a> | Text: <a href=\"mailto:info@rockpixx.com?subject=Echoes,%2001.02.2014,%20Hamburg,%20Edelfettwerk\">Alex<\/a><\/p>\n<p>[slideshow id=436]<\/p>\n<p>&nbsp;<\/p>\n<p>[slideshow id=435]<\/p>\n<p>&nbsp;<\/p>\n","protected":false},"excerpt":{"rendered":"<p>\u201eEchoes\u201c hatten wir ja schon \u2192 mehrfach vor den Kameras und nachdem seit dem letzten <a href=\"http:\/\/www.rockpixx.com\/wordpress\/echoes-01-02-2014-hamburg-edelfettwerk\/\">Read more<\/a><\/p>\n","protected":false},"author":1,"featured_media":12534,"comment_status":"open","ping_status":"open","sticky":false,"template":"","format":"standard","meta":{"_jetpack_memberships_contains_paid_content":false,"footnotes":"","jetpack_publicize_message":"#Echoes, 01.02.2014, Hamburg, #Edelfettwerk, #PinkFloyd","jetpack_publicize_feature_enabled":true,"jetpack_social_post_already_shared":true,"jetpack_social_options":{"image_generator_settings":{"template":"highway","default_image_id":0,"font":"","enabled":false},"version":2}},"categories":[34,326,117,5],"tags":[2291,1770,2313,2056,1732,2122],"class_list":["post-12529","post","type-post","status-publish","format-standard","has-post-thumbnail","hentry","category-acts","category-echoes","category-pink-floyd","category-tributebands","tag-2291","tag-echoes","tag-edelfettwerk","tag-hamburg","tag-pink-floyd","tag-tribute"],"aioseo_notices":[],"jetpack_publicize_connections":[],"jetpack_featured_media_url":"http:\/\/www.rockpixx.com\/wordpress\/wp-content\/uploads\/2014\/02\/20140201-R-138_echoes.jpg","jetpack-related-posts":[{"id":2565,"url":"http:\/\/www.rockpixx.com\/wordpress\/echoes-26-06-2008-kiel-maxbuhne\/","url_meta":{"origin":12529,"position":0},"title":"Echoes, 26.06.2008, Kiel, MAXB\u00fchne","author":"Anja","date":"26. Juni 2008","format":false,"excerpt":"Die Sonne versinkt, Kiel erlebt seine \u201eblaue Stunde\u201c und die ersten sph\u00e4rischen Kl\u00e4nge von \u201eShine on you crazy Diamond\u201c wabern von der Max-B\u00fchne aus durch die Kieler Innenstadt\u2026 Echoes, die N\u00e4chste: \u2192\u00a0In Friedrichshafen hatte ich sie im Mai 2008 zuletzt vor der Kamera gehabt und war vom Licht und dem\u2026","rel":"","context":"In &quot;Acts&quot;","block_context":{"text":"Acts","link":"http:\/\/www.rockpixx.com\/wordpress\/category\/acts\/"},"img":{"alt_text":"Echoes, 26.06.2008, Kiel, MAXB\u00fchne","src":"https:\/\/i0.wp.com\/www.rockpixx.com\/wordpress\/wp-content\/uploads\/2008\/06\/20080626-01-echoes-Artikel.jpg?resize=350%2C200","width":350,"height":200,"srcset":"https:\/\/i0.wp.com\/www.rockpixx.com\/wordpress\/wp-content\/uploads\/2008\/06\/20080626-01-echoes-Artikel.jpg?resize=350%2C200 1x, https:\/\/i0.wp.com\/www.rockpixx.com\/wordpress\/wp-content\/uploads\/2008\/06\/20080626-01-echoes-Artikel.jpg?resize=525%2C300 1.5x, https:\/\/i0.wp.com\/www.rockpixx.com\/wordpress\/wp-content\/uploads\/2008\/06\/20080626-01-echoes-Artikel.jpg?resize=700%2C400 2x"},"classes":[]},{"id":5812,"url":"http:\/\/www.rockpixx.com\/wordpress\/echoes-22-08-2009-hanau-amphittheater\/","url_meta":{"origin":12529,"position":1},"title":"Echoes, 22.08.2009, Hanau, Amphittheater","author":"Anja","date":"22. August 2009","format":false,"excerpt":"\u2026und dann am Sonnabend die zweite XL-Produktion, dieses Mal \u201eEchoes\u201c in gro\u00dfer Besetzung und mit noch gr\u00f6\u00dferer PA und nahezu maximalem Licht. Eine fantastische B\u00fchne ist f\u00fcr diese Produktion designt worden \u2013 noch nie zuvor (au\u00dfer vielleicht beim Original \u201ePink Floyd\u201c) habe ich so viele Moving Heads gleichzeitig im Einsatz\u2026","rel":"","context":"In &quot;Acts&quot;","block_context":{"text":"Acts","link":"http:\/\/www.rockpixx.com\/wordpress\/category\/acts\/"},"img":{"alt_text":"Echoes, 22.08.2009, Hanau, Amphittheater","src":"https:\/\/i0.wp.com\/www.rockpixx.com\/wordpress\/wp-content\/uploads\/2013\/01\/20090822-echoes-Artikel.jpg?resize=350%2C200","width":350,"height":200,"srcset":"https:\/\/i0.wp.com\/www.rockpixx.com\/wordpress\/wp-content\/uploads\/2013\/01\/20090822-echoes-Artikel.jpg?resize=350%2C200 1x, https:\/\/i0.wp.com\/www.rockpixx.com\/wordpress\/wp-content\/uploads\/2013\/01\/20090822-echoes-Artikel.jpg?resize=525%2C300 1.5x, https:\/\/i0.wp.com\/www.rockpixx.com\/wordpress\/wp-content\/uploads\/2013\/01\/20090822-echoes-Artikel.jpg?resize=700%2C400 2x"},"classes":[]},{"id":2854,"url":"http:\/\/www.rockpixx.com\/wordpress\/echoes-21-11-2008-fulda-alte-piesel\/","url_meta":{"origin":12529,"position":2},"title":"Echoes, 21.11.2008, Fulda, Alte Piesel","author":"Anja","date":"21. November 2008","format":false,"excerpt":"Echoes zum Dritten: Nach \u2192\u00a0Friedrichshafen und \u2192\u00a0Kiel jetzt also in Fulda. F\u00fcr mich das erste Mal, dass ich seit dem Tod von Pink Floyds Keyboarder Richard Wright im September wieder die Musik von Pink Floyd h\u00f6re. Der Sound kam gut, die Setlist hat mir sehr zugesagt \u2013 vor allem Part\u2026","rel":"","context":"In &quot;Acts&quot;","block_context":{"text":"Acts","link":"http:\/\/www.rockpixx.com\/wordpress\/category\/acts\/"},"img":{"alt_text":"Echoes, 21.11.2008, Fulda, Alte Piesel","src":"https:\/\/i0.wp.com\/www.rockpixx.com\/wordpress\/wp-content\/uploads\/2008\/11\/20081121-echoes-Artikel.jpg?resize=350%2C200","width":350,"height":200,"srcset":"https:\/\/i0.wp.com\/www.rockpixx.com\/wordpress\/wp-content\/uploads\/2008\/11\/20081121-echoes-Artikel.jpg?resize=350%2C200 1x, https:\/\/i0.wp.com\/www.rockpixx.com\/wordpress\/wp-content\/uploads\/2008\/11\/20081121-echoes-Artikel.jpg?resize=525%2C300 1.5x, https:\/\/i0.wp.com\/www.rockpixx.com\/wordpress\/wp-content\/uploads\/2008\/11\/20081121-echoes-Artikel.jpg?resize=700%2C400 2x"},"classes":[]},{"id":8320,"url":"http:\/\/www.rockpixx.com\/wordpress\/brit-floyd-29-10-2011-munchen-kleine-olympiahalle\/","url_meta":{"origin":12529,"position":3},"title":"Brit Floyd, 29.10.2011, M\u00fcnchen, Kleine Olympiahalle","author":"Anja","date":"29. Oktober 2011","format":false,"excerpt":"Kaum aus dem Urlaub zur\u00fcck, gibt's schon wieder einen Leckerbissen: Zum zweiten Mal in diesem Jahr habe ich \u201eBrit Floyd\u201c vor den Kameras, dieses Mal allerdings nicht in \u2192\u00a0London's ehrw\u00fcrdiger Royal Albert Hall, sondern in der (neuen) \u201eKleinen Olympiahalle\u201c in M\u00fcnchen. Und das ist sogar f\u00fcr uns noch eine Premiere:\u2026","rel":"","context":"In &quot;Acts&quot;","block_context":{"text":"Acts","link":"http:\/\/www.rockpixx.com\/wordpress\/category\/acts\/"},"img":{"alt_text":"Brit Floyd, 29.10.2011, M\u00fcnchen, Kleine Olympiahalle","src":"https:\/\/i0.wp.com\/www.rockpixx.com\/wordpress\/wp-content\/uploads\/2013\/02\/20111029-brit-floyd-Artikel.jpg?resize=350%2C200","width":350,"height":200,"srcset":"https:\/\/i0.wp.com\/www.rockpixx.com\/wordpress\/wp-content\/uploads\/2013\/02\/20111029-brit-floyd-Artikel.jpg?resize=350%2C200 1x, https:\/\/i0.wp.com\/www.rockpixx.com\/wordpress\/wp-content\/uploads\/2013\/02\/20111029-brit-floyd-Artikel.jpg?resize=525%2C300 1.5x, https:\/\/i0.wp.com\/www.rockpixx.com\/wordpress\/wp-content\/uploads\/2013\/02\/20111029-brit-floyd-Artikel.jpg?resize=700%2C400 2x"},"classes":[]},{"id":7993,"url":"http:\/\/www.rockpixx.com\/wordpress\/speak-to-me-23-06-2011-kiel-maxbuhne\/","url_meta":{"origin":12529,"position":4},"title":"speak to me, 23.06.2011, Kiel, MAXB\u00fchne","author":"Anja","date":"23. Juni 2011","format":false,"excerpt":"So\u2026 also wieder einmal eine Pink Floyd-Tributeband, dieses Mal sechs local heroes von \u201espeak to me\u201c. Zugegeben, nach den Acts von \u2192\u00a0 \u201eThe Australian Pink Floyd Show in Kempten\u201c vom Februar dieses Jahres und vor allem nach \u2192\u00a0 \u201eBrit Floyd\u201c im April in der Londoner Royal Albert Hall bin ich\u2026","rel":"","context":"In &quot;Acts&quot;","block_context":{"text":"Acts","link":"http:\/\/www.rockpixx.com\/wordpress\/category\/acts\/"},"img":{"alt_text":"speak to me, 23.06.2011, Kiel, MAXB\u00fchne","src":"https:\/\/i0.wp.com\/www.rockpixx.com\/wordpress\/wp-content\/uploads\/2013\/02\/20110623-07-speak-to-me-Artikel.jpg?resize=350%2C200","width":350,"height":200,"srcset":"https:\/\/i0.wp.com\/www.rockpixx.com\/wordpress\/wp-content\/uploads\/2013\/02\/20110623-07-speak-to-me-Artikel.jpg?resize=350%2C200 1x, https:\/\/i0.wp.com\/www.rockpixx.com\/wordpress\/wp-content\/uploads\/2013\/02\/20110623-07-speak-to-me-Artikel.jpg?resize=525%2C300 1.5x, https:\/\/i0.wp.com\/www.rockpixx.com\/wordpress\/wp-content\/uploads\/2013\/02\/20110623-07-speak-to-me-Artikel.jpg?resize=700%2C400 2x"},"classes":[]},{"id":12691,"url":"http:\/\/www.rockpixx.com\/wordpress\/the-australian-pink-floyd-show-08-04-2014-kiel-ostseehalle\/","url_meta":{"origin":12529,"position":5},"title":"The Australian Pink Floyd Show, 08.04.2014, Kiel, Ostseehalle","author":"admin","date":"9. April 2014","format":false,"excerpt":"So, zum zweiten Mal in diesem Jahr etwas zum Thema \u2192 \u201ePink Floyd\u201c: Nach\u00a0\u2192 \u201eEchoes\u201c in Hamburg spielen \u201eThe Australian Pink Floyd Show\u201c ihr neues Tourprogramm \u201eSet the Controls\u201c in der Kieler Ostseehalle. (Ich wei\u00df, die Halle hei\u00dft seit einiger Zeit \u201eSparkassenarena\u201c, aber so hei\u00dfen viele Veranstaltungstempel in ganz Deutschland.\u2026","rel":"","context":"In &quot;Acts&quot;","block_context":{"text":"Acts","link":"http:\/\/www.rockpixx.com\/wordpress\/category\/acts\/"},"img":{"alt_text":"The Australian Pink Floyd Show, 08.04.2014, Kiel, Sparkassenarena","src":"https:\/\/i0.wp.com\/www.rockpixx.com\/wordpress\/wp-content\/uploads\/2014\/04\/20140408-287_tapfs_Artikel.jpg?resize=350%2C200","width":350,"height":200,"srcset":"https:\/\/i0.wp.com\/www.rockpixx.com\/wordpress\/wp-content\/uploads\/2014\/04\/20140408-287_tapfs_Artikel.jpg?resize=350%2C200 1x, https:\/\/i0.wp.com\/www.rockpixx.com\/wordpress\/wp-content\/uploads\/2014\/04\/20140408-287_tapfs_Artikel.jpg?resize=525%2C300 1.5x, https:\/\/i0.wp.com\/www.rockpixx.com\/wordpress\/wp-content\/uploads\/2014\/04\/20140408-287_tapfs_Artikel.jpg?resize=700%2C400 2x"},"classes":[]}],"jetpack_sharing_enabled":true,"publishpress_future_action":{"enabled":false,"date":"2026-05-10 12:58:37","action":"change-status","newStatus":"draft","terms":[],"taxonomy":"category","extraData":[]},"publishpress_future_workflow_manual_trigger":{"enabledWorkflows":[]},"_links":{"self":[{"href":"http:\/\/www.rockpixx.com\/wordpress\/wp-json\/wp\/v2\/posts\/12529","targetHints":{"allow":["GET"]}}],"collection":[{"href":"http:\/\/www.rockpixx.com\/wordpress\/wp-json\/wp\/v2\/posts"}],"about":[{"href":"http:\/\/www.rockpixx.com\/wordpress\/wp-json\/wp\/v2\/types\/post"}],"author":[{"embeddable":true,"href":"http:\/\/www.rockpixx.com\/wordpress\/wp-json\/wp\/v2\/users\/1"}],"replies":[{"embeddable":true,"href":"http:\/\/www.rockpixx.com\/wordpress\/wp-json\/wp\/v2\/comments?post=12529"}],"version-history":[{"count":0,"href":"http:\/\/www.rockpixx.com\/wordpress\/wp-json\/wp\/v2\/posts\/12529\/revisions"}],"wp:featuredmedia":[{"embeddable":true,"href":"http:\/\/www.rockpixx.com\/wordpress\/wp-json\/wp\/v2\/media\/12534"}],"wp:attachment":[{"href":"http:\/\/www.rockpixx.com\/wordpress\/wp-json\/wp\/v2\/media?parent=12529"}],"wp:term":[{"taxonomy":"category","embeddable":true,"href":"http:\/\/www.rockpixx.com\/wordpress\/wp-json\/wp\/v2\/categories?post=12529"},{"taxonomy":"post_tag","embeddable":true,"href":"http:\/\/www.rockpixx.com\/wordpress\/wp-json\/wp\/v2\/tags?post=12529"}],"curies":[{"name":"wp","href":"https:\/\/api.w.org\/{rel}","templated":true}]}}