{"id":12654,"date":"2014-03-23T13:36:35","date_gmt":"2014-03-23T12:36:35","guid":{"rendered":"http:\/\/rockpixx.com\/wordpress\/?p=12654"},"modified":"2014-03-23T13:49:20","modified_gmt":"2014-03-23T12:49:20","slug":"die-toten-aerzte-22-03-2014-kiel-raeucherei","status":"publish","type":"post","link":"http:\/\/www.rockpixx.com\/wordpress\/die-toten-aerzte-22-03-2014-kiel-raeucherei\/","title":{"rendered":"Die Toten \u00c4rzte, 22.03.2014, Kiel, R\u00e4ucherei"},"content":{"rendered":"<p>So spielt das Leben: Am Abend zuvor die \u2192 <a title=\"Stereo Bombs, 21.03.2014, Kiel, R\u00e4ucherei\" href=\"http:\/\/rockpixx.com\/wordpress\/stereo-bombs-21-03-2014-kiel-raeucherei\/\">\u201eStereo Bombs\u201c<\/a> in der R\u00e4ucherei in Kiel und nun knapp 24 Stunden sp\u00e4ter an derselben Stelle \u201eDie Toten \u00c4rzte\u201c. Wer sich den \u2192 <a title=\"Die Toten \u00c4rzte, 20.04.2013, Honky Tonk im Brauhaus, Husum\" href=\"http:\/\/rockpixx.com\/wordpress\/die-toten-arzte-20-04-2013-honky-tonk-im-brauhaus-husum\/\">Bericht aus dem Jahr 2013<\/a> anguckt, der stellt fest, dass ich in Husum beim damaligen \u2192<a title=\"Honky Tonk Kneipenfestival 2013, Husum\" href=\"http:\/\/rockpixx.com\/wordpress\/tag\/honky-tonk-kneipenfestival+2013\/\"> \u201eHonky Tonk-Kneipenfestival\u201c<\/a> an dieser Band j\u00e4mmerlich gescheitert war. Umso unverzagter startete ich nun meinen zweiten Versuch mit dieser \u201eTote Hosen\u201c -und \u201e\u00c4rzte\u201c-Tributeband. W\u00fcrde es gut gehen?<!--more--><\/p>\n<p>Es ging gut! Es ging sogar richtig gut! Die Band mit den vier Musikern kam auf die B\u00fchne, legte los\u2026 und der Pogo im Publikum ging ab! Und wenn der Fotograf schon im zweiten Song namentlich begr\u00fc\u00dft wird mit \u201eHier kommt Alex\u201c dann kann doch eigentlich nichts mehr schief gehen. <i>(Ich wei\u00df, das ist ein sehr flacher Kalauer, aber den kann ich mir dennoch nicht verkneifen.)<\/i><\/p>\n<p>Was gibt\u2019s Bemerkenswertes zu berichten?<br \/>\nStichwort \u201ePyros\u201c: Geplant war dieses Konzert ja als Warm Up der 2014er Tour. Das hei\u00dft, es sollten auch Pyros zum Einsatz kommen. Ging aber leider nicht in der R\u00e4ucherei \u2013 schade, aber Sicherheit geht vor. (Ein wenig Feuerspuckerei gab\u2019s dann aber doch noch.)<br \/>\nStichwort \u201eWen wollt Ihr lieber h\u00f6ren \u2013 Hosen oder \u00c4rzte?\u201c Das ging im Publikum unentschieden aus und auch in der Band teilen sich die Vorlieben zwischen Gitarrist und Bassist auf, S\u00e4nger und Drummer bezogen hier keine Stellung.<br \/>\nStichwort \u201eBesucher\u201c: Da h\u00e4tten noch ein paar mehr in die R\u00e4ucherei gepasst, Pech f\u00fcr alle diejenigen, welche nicht dort waren. Die haben eindeutig etwas vers\u00e4umt.<br \/>\nStichwort \u201eLicht und Sound\u201c: Beides gut.<br \/>\nStichwort \u201eTermin am fr\u00fchen Sonntagmorgen\u201c: Leider unumg\u00e4nglich, daher konnte ich auch nicht das ganze Konzert fotografieren, sondern musste schon relativ fr\u00fch wieder los. Schade, aber die Band habe ich bestimmt nicht zum letzten Mal fotografiert.<\/p>\n<p align=\"right\">Fotos: <a href=\"mailto:info@rockpixx.com?subject=Die Toten \u00c4rzte, 21.03.2014, Kiel, R\u00e4ucherei\">Alex<\/a> | Text: <a href=\"mailto:info@rockpixx.com?subject=Die Toten \u00c4rzte, 21.03.2014, Kiel, R\u00e4ucherei\">Alex<\/a><\/p>\n<p>[slideshow id=438]<\/p>\n","protected":false},"excerpt":{"rendered":"<p>So spielt das Leben: Am Abend zuvor die \u2192 \u201eStereo Bombs\u201c in der R\u00e4ucherei in <a href=\"http:\/\/www.rockpixx.com\/wordpress\/die-toten-aerzte-22-03-2014-kiel-raeucherei\/\">Read more<\/a><\/p>\n","protected":false},"author":1,"featured_media":12655,"comment_status":"open","ping_status":"open","sticky":false,"template":"","format":"standard","meta":{"_jetpack_memberships_contains_paid_content":false,"footnotes":"","jetpack_publicize_message":"Die Toten \u00c4rzte, 22.03.2014, Kiel, R\u00e4ucherei","jetpack_publicize_feature_enabled":true,"jetpack_social_post_already_shared":true,"jetpack_social_options":{"image_generator_settings":{"template":"highway","default_image_id":0,"font":"","enabled":false},"version":2}},"categories":[34,518,1049,1084,627,5],"tags":[2291,816,2315,1085,1735,2069],"class_list":["post-12654","post","type-post","status-publish","format-standard","has-post-thumbnail","hentry","category-acts","category-die-arzte","category-die-toten-arzte","category-die-toten-arzte-die-toten-hosen","category-die-toten-hosen","category-tributebands","tag-2291","tag-die-arzte-2","tag-die-toten-aerzte","tag-die-toten-hosen-2","tag-kiel","tag-raucherei"],"aioseo_notices":[],"jetpack_publicize_connections":[],"jetpack_featured_media_url":"http:\/\/www.rockpixx.com\/wordpress\/wp-content\/uploads\/2014\/03\/20140322-059_die-toten-aerzte_Artikel.jpg","jetpack-related-posts":[{"id":10451,"url":"http:\/\/www.rockpixx.com\/wordpress\/die-toten-arzte-20-04-2013-honky-tonk-im-brauhaus-husum\/","url_meta":{"origin":12654,"position":0},"title":"Die Toten \u00c4rzte, 20.04.2013, Honky Tonk im Brauhaus, Husum","author":"Anja","date":"25. April 2013","format":false,"excerpt":"Darauf hatten wir uns eigentlich gefreut und steuerten gleichfalls vorfreudig das \u201eBrauhaus\u201c an. Im Eingangsbereich stoppten wir und entschieden spontan: \u201eWenn wir da jetzt zu zweit reingehen, dann dr\u00fcckt es die W\u00e4nde nach drau\u00dfen, weil es drinnen schon mehr als \u00fcberf\u00fcllt ist.\u201c Ich h\u00e4tte es besser wissen sollen und mit\u2026","rel":"","context":"In &quot;Acts&quot;","block_context":{"text":"Acts","link":"http:\/\/www.rockpixx.com\/wordpress\/category\/acts\/"},"img":{"alt_text":"Die Toten \u00c4rzte, 20.04.2013, Honky Tonk im Brauhaus, Husum","src":"https:\/\/i0.wp.com\/www.rockpixx.com\/wordpress\/wp-content\/uploads\/2013\/04\/20130420-08-die-toten-aerzte-Artikel.png?resize=350%2C200","width":350,"height":200,"srcset":"https:\/\/i0.wp.com\/www.rockpixx.com\/wordpress\/wp-content\/uploads\/2013\/04\/20130420-08-die-toten-aerzte-Artikel.png?resize=350%2C200 1x, https:\/\/i0.wp.com\/www.rockpixx.com\/wordpress\/wp-content\/uploads\/2013\/04\/20130420-08-die-toten-aerzte-Artikel.png?resize=525%2C300 1.5x, https:\/\/i0.wp.com\/www.rockpixx.com\/wordpress\/wp-content\/uploads\/2013\/04\/20130420-08-die-toten-aerzte-Artikel.png?resize=700%2C400 2x"},"classes":[]},{"id":8468,"url":"http:\/\/www.rockpixx.com\/wordpress\/5-kleine-jagermeister-16-06-2012-kiel-horn-buhne\/","url_meta":{"origin":12654,"position":1},"title":"5 kleine J\u00e4germeister, 16.06.2012, Kiel, h\u00f6rn b\u00fchne","author":"Anja","date":"16. Juni 2012","format":false,"excerpt":"An dieser Stelle h\u00e4tte ich Euch gerne mehr Bilder von den 5 kleinen J\u00e4germeistern \u2013 einer Toten Hosen Coverband \u2013 gezeigt, aber Petrus der Wettergott und der Gott der Lichtmenschen hatten heute kein Einsehen mit mir. Der eine sorgte f\u00fcr so viel Regen, dass ein vern\u00fcnftiges Fotografieren im Graben nicht\u2026","rel":"","context":"In &quot;5 kleine J\u00e4germeister&quot;","block_context":{"text":"5 kleine J\u00e4germeister","link":"http:\/\/www.rockpixx.com\/wordpress\/category\/acts\/tributebands\/die-toten-hosen\/5-kleine-jagermeister\/"},"img":{"alt_text":"5 kleine J\u00e4germeister, 16.06.2012, Kiel, h\u00f6rn b\u00fchne","src":"https:\/\/i0.wp.com\/www.rockpixx.com\/wordpress\/wp-content\/uploads\/2013\/02\/20120616-03-5-kleine-jaegermeister-Artikel.jpg?resize=350%2C200","width":350,"height":200,"srcset":"https:\/\/i0.wp.com\/www.rockpixx.com\/wordpress\/wp-content\/uploads\/2013\/02\/20120616-03-5-kleine-jaegermeister-Artikel.jpg?resize=350%2C200 1x, https:\/\/i0.wp.com\/www.rockpixx.com\/wordpress\/wp-content\/uploads\/2013\/02\/20120616-03-5-kleine-jaegermeister-Artikel.jpg?resize=525%2C300 1.5x, https:\/\/i0.wp.com\/www.rockpixx.com\/wordpress\/wp-content\/uploads\/2013\/02\/20120616-03-5-kleine-jaegermeister-Artikel.jpg?resize=700%2C400 2x"},"classes":[]},{"id":8065,"url":"http:\/\/www.rockpixx.com\/wordpress\/gwendoline-26-06-2011-kiel-maxbuhne\/","url_meta":{"origin":12654,"position":2},"title":"Gwendoline, 26.06.2011, Kiel, MAXB\u00fchne","author":"Anja","date":"26. Juni 2011","format":false,"excerpt":"Wie schon in den letzten Jahren beschlie\u00dfen die Jungs von \u201eGwendoline\u201c die gro\u00dfe Party welche letzte Woche hier begonnen hat. Trotz Regens fand sich jeden Abend eine ausgelassen feiernde Partymenge vor der MAXB\u00fchne ein. Heute feiern wir mit der Musik der \u201e\u00c4rzte\u201c in eine laue Sommernacht hinein. Ich stelle auch\u2026","rel":"","context":"In &quot;Acts&quot;","block_context":{"text":"Acts","link":"http:\/\/www.rockpixx.com\/wordpress\/category\/acts\/"},"img":{"alt_text":"Gwendoline, 26.06.2011, Kiel, MAXB\u00fchne","src":"https:\/\/i0.wp.com\/www.rockpixx.com\/wordpress\/wp-content\/uploads\/2011\/06\/20110626-03-gwendoline-Artikel.jpg?resize=350%2C200","width":350,"height":200,"srcset":"https:\/\/i0.wp.com\/www.rockpixx.com\/wordpress\/wp-content\/uploads\/2011\/06\/20110626-03-gwendoline-Artikel.jpg?resize=350%2C200 1x, https:\/\/i0.wp.com\/www.rockpixx.com\/wordpress\/wp-content\/uploads\/2011\/06\/20110626-03-gwendoline-Artikel.jpg?resize=525%2C300 1.5x, https:\/\/i0.wp.com\/www.rockpixx.com\/wordpress\/wp-content\/uploads\/2011\/06\/20110626-03-gwendoline-Artikel.jpg?resize=700%2C400 2x"},"classes":[]},{"id":10745,"url":"http:\/\/www.rockpixx.com\/wordpress\/5-kleine-jagermeister-09-05-2013-wallsbull-open-air-wallsbull\/","url_meta":{"origin":12654,"position":3},"title":"5 kleine J\u00e4germeister, 09.05.2013, Wallsb\u00fcll Open Air, Wallsb\u00fcll","author":"Anja","date":"14. Mai 2013","format":false,"excerpt":"Sp\u00e4t, sp\u00e4ter, 1:40 Uhr: Showtime! Als letzter Festival-Act stehen \u201e5 kleine J\u00e4germeister\u201c auf der B\u00fchne \u2013 auch eine Band, die wir schon \u2192\u00a02012 in Kiel auf der \u201eh\u00f6rn b\u00fchne\u201c fotografiert hatten. \u201e5 kleine J\u00e4germeister\u201c standen dieses Mal allerdings nur zu viert auf der B\u00fchne, ein Bandmitglied war krankheitsbedingt ausgefallen (an\u2026","rel":"","context":"In &quot;5 kleine J\u00e4germeister&quot;","block_context":{"text":"5 kleine J\u00e4germeister","link":"http:\/\/www.rockpixx.com\/wordpress\/category\/acts\/tributebands\/die-toten-hosen\/5-kleine-jagermeister\/"},"img":{"alt_text":"5 kleine J\u00e4germeister, 09.05.2013, Wallsb\u00fcll, Wallsb\u00fcll Open Air 2013","src":"https:\/\/i0.wp.com\/www.rockpixx.com\/wordpress\/wp-content\/uploads\/2013\/05\/20130509-10-5-kleine-jaegermeister-Artikel.jpg?resize=350%2C200","width":350,"height":200,"srcset":"https:\/\/i0.wp.com\/www.rockpixx.com\/wordpress\/wp-content\/uploads\/2013\/05\/20130509-10-5-kleine-jaegermeister-Artikel.jpg?resize=350%2C200 1x, https:\/\/i0.wp.com\/www.rockpixx.com\/wordpress\/wp-content\/uploads\/2013\/05\/20130509-10-5-kleine-jaegermeister-Artikel.jpg?resize=525%2C300 1.5x, https:\/\/i0.wp.com\/www.rockpixx.com\/wordpress\/wp-content\/uploads\/2013\/05\/20130509-10-5-kleine-jaegermeister-Artikel.jpg?resize=700%2C400 2x"},"classes":[]},{"id":20313,"url":"http:\/\/www.rockpixx.com\/wordpress\/bela-b-23-06-2016-kieler-woche-rathaus-buehne-kiel\/","url_meta":{"origin":12654,"position":4},"title":"Bela B, 23.06.2016, Kieler Woche, Rathaus-B\u00fchne, Kiel","author":"A. Hahl","date":"24. Juni 2016","format":false,"excerpt":"Mal sehen, wann wir unser Sammelalbum \u201eDie \u00c4rzte\u201c komplett haben. Nach Rod mit seiner Formation \u201e\u00a1m\u00e1s Shake!\u201c heute nun also Bela B auf der Rathausb\u00fchne. Und auch hier zeigt sich, dass wieder ein ganz anderer Musikstil zum Tragen kommt, als bei dem bekannten Trio, in dem er zusammen mit Farin\u2026","rel":"","context":"In &quot;Acts&quot;","block_context":{"text":"Acts","link":"http:\/\/www.rockpixx.com\/wordpress\/category\/acts\/"},"img":{"alt_text":"Bela B., 23.06.2016, Kiel, Kieler Woche, Rathaus-B\u00fchne","src":"https:\/\/i0.wp.com\/www.rockpixx.com\/wordpress\/wp-content\/uploads\/2016\/06\/20160623-02-053.jpg?resize=350%2C200","width":350,"height":200,"srcset":"https:\/\/i0.wp.com\/www.rockpixx.com\/wordpress\/wp-content\/uploads\/2016\/06\/20160623-02-053.jpg?resize=350%2C200 1x, https:\/\/i0.wp.com\/www.rockpixx.com\/wordpress\/wp-content\/uploads\/2016\/06\/20160623-02-053.jpg?resize=525%2C300 1.5x, https:\/\/i0.wp.com\/www.rockpixx.com\/wordpress\/wp-content\/uploads\/2016\/06\/20160623-02-053.jpg?resize=700%2C400 2x"},"classes":[]},{"id":11116,"url":"http:\/\/www.rockpixx.com\/wordpress\/drive-23-06-2013-kiel-maxbuhne\/","url_meta":{"origin":12654,"position":5},"title":"Drive!, 23.06.2013, Kiel, MAXB\u00fchne","author":"Anja","date":"24. Juni 2013","format":false,"excerpt":"\u201eDrive!\u201c kennen wir ja mittlerweile ganz gut und fotografieren sie auch gerne, weil die Show einfach stimmig ist und Spa\u00df macht \u2013 sowohl musikalisch als auch optisch. Dieses Mal trafen wir zus\u00e4tzlich noch ein paar andere \u2013 ebenfalls altbekannte \u2013 Musiker wieder: Theo der Keyboarder, der auch schon bei \u2192\u201eGlamnasty\u2026","rel":"","context":"In &quot;Acts&quot;","block_context":{"text":"Acts","link":"http:\/\/www.rockpixx.com\/wordpress\/category\/acts\/"},"img":{"alt_text":"","src":"https:\/\/i0.wp.com\/www.rockpixx.com\/wordpress\/wp-content\/uploads\/2013\/06\/20130623-05-059_drive-Artikel.jpg?resize=350%2C200","width":350,"height":200,"srcset":"https:\/\/i0.wp.com\/www.rockpixx.com\/wordpress\/wp-content\/uploads\/2013\/06\/20130623-05-059_drive-Artikel.jpg?resize=350%2C200 1x, https:\/\/i0.wp.com\/www.rockpixx.com\/wordpress\/wp-content\/uploads\/2013\/06\/20130623-05-059_drive-Artikel.jpg?resize=525%2C300 1.5x, https:\/\/i0.wp.com\/www.rockpixx.com\/wordpress\/wp-content\/uploads\/2013\/06\/20130623-05-059_drive-Artikel.jpg?resize=700%2C400 2x"},"classes":[]}],"jetpack_sharing_enabled":true,"publishpress_future_action":{"enabled":false,"date":"2026-05-07 07:47:30","action":"change-status","newStatus":"draft","terms":[],"taxonomy":"category","extraData":[]},"publishpress_future_workflow_manual_trigger":{"enabledWorkflows":[]},"_links":{"self":[{"href":"http:\/\/www.rockpixx.com\/wordpress\/wp-json\/wp\/v2\/posts\/12654","targetHints":{"allow":["GET"]}}],"collection":[{"href":"http:\/\/www.rockpixx.com\/wordpress\/wp-json\/wp\/v2\/posts"}],"about":[{"href":"http:\/\/www.rockpixx.com\/wordpress\/wp-json\/wp\/v2\/types\/post"}],"author":[{"embeddable":true,"href":"http:\/\/www.rockpixx.com\/wordpress\/wp-json\/wp\/v2\/users\/1"}],"replies":[{"embeddable":true,"href":"http:\/\/www.rockpixx.com\/wordpress\/wp-json\/wp\/v2\/comments?post=12654"}],"version-history":[{"count":0,"href":"http:\/\/www.rockpixx.com\/wordpress\/wp-json\/wp\/v2\/posts\/12654\/revisions"}],"wp:featuredmedia":[{"embeddable":true,"href":"http:\/\/www.rockpixx.com\/wordpress\/wp-json\/wp\/v2\/media\/12655"}],"wp:attachment":[{"href":"http:\/\/www.rockpixx.com\/wordpress\/wp-json\/wp\/v2\/media?parent=12654"}],"wp:term":[{"taxonomy":"category","embeddable":true,"href":"http:\/\/www.rockpixx.com\/wordpress\/wp-json\/wp\/v2\/categories?post=12654"},{"taxonomy":"post_tag","embeddable":true,"href":"http:\/\/www.rockpixx.com\/wordpress\/wp-json\/wp\/v2\/tags?post=12654"}],"curies":[{"name":"wp","href":"https:\/\/api.w.org\/{rel}","templated":true}]}}