{"id":12980,"date":"2014-05-10T07:55:50","date_gmt":"2014-05-10T06:55:50","guid":{"rendered":"http:\/\/rockpixx.com\/wordpress\/?p=12980"},"modified":"2014-05-26T20:59:00","modified_gmt":"2014-05-26T19:59:00","slug":"merqury-09-05-2014-klanxbuell-charlottenhof","status":"publish","type":"post","link":"http:\/\/www.rockpixx.com\/wordpress\/merqury-09-05-2014-klanxbuell-charlottenhof\/","title":{"rendered":"MerQury, 09.05.2014, Klanxb\u00fcll, Charlottenhof"},"content":{"rendered":"<p>Bislang kannte ich Klanxb\u00fcll ja nur als letzten Bahnhof auf dem Festland, wenn ich mit dem Zug nach Westerland wollte. Nun also \u201eMerQury\u201c zum \u2192 <a title=\"MerQury auf rockpixx.com\" href=\"http:\/\/rockpixx.com\/wordpress\/category\/acts+merqury\/\">x-ten Mal<\/a> hier im \u00e4u\u00dfersten Nordwesten von Schleswig-Holstein meerumschlungen im \u201eCharlottenhof\u201c.<!--more--><\/p>\n<p>Als erstes stolpern wir nat\u00fcrlich \u00fcber Volker, der uns in etwa wie folgt begr\u00fc\u00dft: \u201eHeute habe ich Saiten auf dem Bass, die verursachen Augenkrebs!\u201c. Uns \u00fcberrascht das wenig, wer die \u2192 <a title=\"BBS (Bunte Bass-Saiten): Volker und J\u00f6rg haben mitgemacht!\" href=\"http:\/\/rockpixx.com\/wordpress\/bbs-bunte-bass-saiten-volker-und-jorg-haben-mitgemacht\/\">Vorgeschichte<\/a> kennt, den auch nicht. Thomas ist heute nicht dabei, stattdessen wird er von Jens an der \u201eBrian May Red Special\u201c vertreten und das macht er im Laufe des Abends w\u00e4hrend des \u00fcber zweist\u00fcndigen zweigeteilten Sets richtig gut. Er spielt die Gitarrenparts stellenweise etwas h\u00e4rter und druckvoller als Thomas, wechselt f\u00fcr einige Songs auch mal zur Ibanez, hat eine sehr pr\u00e4gnante Stimme bei seinen Vocalparts und das Posing beherrscht er auch gut.<\/p>\n<p>Der Rest der Band spielt sich wie immer routiniert und mit Freude an der Sache durch das Programm, einzig die Pyros fehlen dieses Mal. Das allerdings ist in einer zum Konzertsaal umgebauten reetgedeckten ehemaligen Tenne eines Bauerhofes auch wohl besser so. Das nordfriesische Publikum erweist sich als sehr textsicher, ein Umstand, den Johnny sehr geschickt zu nutzen wei\u00df: So l\u00e4sst er ein ums andere Mal Teile seiner Songs von spontan die B\u00fchne enternden weiblichen Fans singen. \u00dcberhaupt stellt sich sehr schnell eine durchaus famili\u00e4re Atmosph\u00e4re ein \u2013 ein Umstand, der alle Musiker das eine oder andere Mal dazu verleitet, \u201eein paar Faxen extra\u201c zu machen.<\/p>\n<p>Fazit: Es tut gut, \u201eMerQury\u201c nicht immer nur in Kiel auf der \u2192 \u201e<a title=\"MerQury auf der MAXB\u00fchne in Kiel\" href=\"http:\/\/rockpixx.com\/wordpress\/tag\/maxbuhne+merqury\/\">MAXB\u00fchne<\/a>\u201c zu sehen, sondern sie auch zwischendurch einmal zu erleben \u2013 inklusive der Schw\u00e4tzchen vorher und hinterher. Wir freuen uns schon auf 23.06.2014, dann sehen wir sie wieder.<\/p>\n<p style=\"text-align: right;\">Fotos: <a href=\"mailto:info@rockpixx.com?subject=MerQury, 09.05.2014, Klanxb\u00fcll, Charlottenhof\">Alex<\/a> | Text: <a href=\"mailto:info@rockpixx.com?subject=MerQury, 09.05.2014, Klanxb\u00fcll, Charlottenhof\">Alex<\/a><\/p>\n<p>[slideshow id=442]<\/p>\n","protected":false},"excerpt":{"rendered":"<p>Bislang kannte ich Klanxb\u00fcll ja nur als letzten Bahnhof auf dem Festland, wenn ich mit <a href=\"http:\/\/www.rockpixx.com\/wordpress\/merqury-09-05-2014-klanxbuell-charlottenhof\/\">Read more<\/a><\/p>\n","protected":false},"author":1,"featured_media":12982,"comment_status":"open","ping_status":"open","sticky":false,"template":"","format":"standard","meta":{"_jetpack_memberships_contains_paid_content":false,"footnotes":"","jetpack_publicize_message":"#MerQury, 09.05.2014, #Klanxb\u00fcll, #Charlottenhof, #Queen","jetpack_publicize_feature_enabled":true,"jetpack_social_post_already_shared":true,"jetpack_social_options":{"image_generator_settings":{"template":"highway","default_image_id":0,"font":"","enabled":false},"version":2}},"categories":[34,264,263,5],"tags":[2291,2322,2323,1754,1752,2122],"class_list":["post-12980","post","type-post","status-publish","format-standard","has-post-thumbnail","hentry","category-acts","category-merqury","category-queen","category-tributebands","tag-2291","tag-charlottenhof","tag-klanxbuell","tag-merqury","tag-queen","tag-tribute"],"aioseo_notices":[],"jetpack_publicize_connections":[],"jetpack_featured_media_url":"http:\/\/www.rockpixx.com\/wordpress\/wp-content\/uploads\/2014\/05\/20140905-1471.jpg","jetpack-related-posts":[{"id":18642,"url":"http:\/\/www.rockpixx.com\/wordpress\/merqury-24-06-2015-kieler-woche-hoern-buehne-kiel\/","url_meta":{"origin":12980,"position":0},"title":"MerQury, 24.06.2015, Kieler Woche, H\u00f6rn-B\u00fchne, Kiel","author":"Anja","date":"25. Juni 2015","format":false,"excerpt":"Kieler Woche und \u201eMerQury\u201c die Zweite \u2013 nach dem Auftritt am \u2192 Montag auf der NetUSE-B\u00fchne erleben wir heute die Musiker auf der H\u00f6rn-B\u00fchne vor einem gro\u00dfen und begeisterten Publikum. W\u00e4hrend wir Backstage warteten, weil Anastacia noch auf der B\u00fchne war, versprach ich Johnny, Falk, Volker und Norbert diesmal das\u2026","rel":"","context":"In &quot;Acts&quot;","block_context":{"text":"Acts","link":"http:\/\/www.rockpixx.com\/wordpress\/category\/acts\/"},"img":{"alt_text":"MerQury, H\u00f6rn-B\u00fchne, Kiel, 24.06.2015","src":"https:\/\/i0.wp.com\/www.rockpixx.com\/wordpress\/wp-content\/uploads\/2015\/06\/20150624-02-415_merqury_Artikel.jpg?resize=350%2C200","width":350,"height":200,"srcset":"https:\/\/i0.wp.com\/www.rockpixx.com\/wordpress\/wp-content\/uploads\/2015\/06\/20150624-02-415_merqury_Artikel.jpg?resize=350%2C200 1x, https:\/\/i0.wp.com\/www.rockpixx.com\/wordpress\/wp-content\/uploads\/2015\/06\/20150624-02-415_merqury_Artikel.jpg?resize=525%2C300 1.5x, https:\/\/i0.wp.com\/www.rockpixx.com\/wordpress\/wp-content\/uploads\/2015\/06\/20150624-02-415_merqury_Artikel.jpg?resize=700%2C400 2x"},"classes":[]},{"id":14747,"url":"http:\/\/www.rockpixx.com\/wordpress\/merqury-23-06-2014-kiel-maxbuehne\/","url_meta":{"origin":12980,"position":1},"title":"MerQury, 23.06.2014, Kiel, MAXB\u00fchne","author":"admin","date":"24. Juni 2014","format":false,"excerpt":"Frage: \u201eWarum sollen wir eigentlich immer wieder das Gleiche \u00fcber die tollen Konzerte von\u00a0\u2192 \u201aMerQury\u2018 schreiben?\u201c Lassen wir stattdessen doch einmal die internationale Presse zu Wort kommen: \u201eDeine Stars aus Rock und Pop\u201c schreibt: \u201eDas Aus bei MerQury? Volker schie\u00dft auf Falk! Beim gestrigen Auftritt von MerQury auf der MAXB\u00fchne\u2026","rel":"","context":"In &quot;Acts&quot;","block_context":{"text":"Acts","link":"http:\/\/www.rockpixx.com\/wordpress\/category\/acts\/"},"img":{"alt_text":"MerQury, 23.06.2014, Kiel, MAXB\u00fchne","src":"https:\/\/i0.wp.com\/www.rockpixx.com\/wordpress\/wp-content\/uploads\/2014\/06\/20140623-05-053_merqury_Artikel.jpg?resize=350%2C200","width":350,"height":200,"srcset":"https:\/\/i0.wp.com\/www.rockpixx.com\/wordpress\/wp-content\/uploads\/2014\/06\/20140623-05-053_merqury_Artikel.jpg?resize=350%2C200 1x, https:\/\/i0.wp.com\/www.rockpixx.com\/wordpress\/wp-content\/uploads\/2014\/06\/20140623-05-053_merqury_Artikel.jpg?resize=525%2C300 1.5x, https:\/\/i0.wp.com\/www.rockpixx.com\/wordpress\/wp-content\/uploads\/2014\/06\/20140623-05-053_merqury_Artikel.jpg?resize=700%2C400 2x"},"classes":[]},{"id":18329,"url":"http:\/\/www.rockpixx.com\/wordpress\/merqury-22-06-2015-kieler-woche-netuse-buehne-kiel\/","url_meta":{"origin":12980,"position":2},"title":"MerQury, 22.06.2015, Kieler Woche, NetUSE-B\u00fchne, Kiel","author":"Anja","date":"23. Juni 2015","format":false,"excerpt":"Tja\u2026 ein bemerkenswerter Tag neigt sich dem Ende zu. Bemerkenswert aus dem Grund, weil heute die stylischen Irrungen und Wirrungen kein Ende nehmen wollen. Die \u2192 Mireille Mathieu-Gedenkfrisur zu Beginn des Abends war ja schon grenzwertig, jetzt wird\u2019s allerdings hart! \u201eMerQury\u201c haben ihren Streit vom letzten Jahr (wir und die\u2026","rel":"","context":"In &quot;Acts&quot;","block_context":{"text":"Acts","link":"http:\/\/www.rockpixx.com\/wordpress\/category\/acts\/"},"img":{"alt_text":"MerQury, 22.06.2015, NetUSE-B\u00fchne, Kiel","src":"https:\/\/i0.wp.com\/www.rockpixx.com\/wordpress\/wp-content\/uploads\/2015\/06\/20150622-04-064_merqury_Artikel.jpg?resize=350%2C200","width":350,"height":200,"srcset":"https:\/\/i0.wp.com\/www.rockpixx.com\/wordpress\/wp-content\/uploads\/2015\/06\/20150622-04-064_merqury_Artikel.jpg?resize=350%2C200 1x, https:\/\/i0.wp.com\/www.rockpixx.com\/wordpress\/wp-content\/uploads\/2015\/06\/20150622-04-064_merqury_Artikel.jpg?resize=525%2C300 1.5x, https:\/\/i0.wp.com\/www.rockpixx.com\/wordpress\/wp-content\/uploads\/2015\/06\/20150622-04-064_merqury_Artikel.jpg?resize=700%2C400 2x"},"classes":[]},{"id":8297,"url":"http:\/\/www.rockpixx.com\/wordpress\/merqury-19-08-2011-coburg-schlossplatz\/","url_meta":{"origin":12980,"position":3},"title":"MerQury, 19.08.2011, Coburg, Schlossplatz","author":"Anja","date":"19. August 2011","format":false,"excerpt":"Coburg, Schlossplatz. Hatte es am Nachmittag wenige Kilometer weiter noch unwetterartige Regenf\u00e4lle gegeben, so erwartet mich hier der Beginn einer wunderbaren Sommernacht. Erster Eindruck von der B\u00fchne: \u201eSch\u2026 ist die hoch! Das wird nix mit Bildern von vorne.\u201c Ok, erst einmal backstage orientieren gehen\u2026 Und w\u00e4hrend ich mich noch am\u2026","rel":"","context":"In &quot;Acts&quot;","block_context":{"text":"Acts","link":"http:\/\/www.rockpixx.com\/wordpress\/category\/acts\/"},"img":{"alt_text":"MerQury, 19.08.2011, Coburg, Schlossplatz","src":"https:\/\/i0.wp.com\/www.rockpixx.com\/wordpress\/wp-content\/uploads\/2013\/02\/20110819-merqury-Artikel.jpg?resize=350%2C200","width":350,"height":200,"srcset":"https:\/\/i0.wp.com\/www.rockpixx.com\/wordpress\/wp-content\/uploads\/2013\/02\/20110819-merqury-Artikel.jpg?resize=350%2C200 1x, https:\/\/i0.wp.com\/www.rockpixx.com\/wordpress\/wp-content\/uploads\/2013\/02\/20110819-merqury-Artikel.jpg?resize=525%2C300 1.5x, https:\/\/i0.wp.com\/www.rockpixx.com\/wordpress\/wp-content\/uploads\/2013\/02\/20110819-merqury-Artikel.jpg?resize=700%2C400 2x"},"classes":[]},{"id":21475,"url":"http:\/\/www.rockpixx.com\/wordpress\/merqury-02-08-2017-husumer-hafentage-gp-joule-buehne-husum\/","url_meta":{"origin":12980,"position":4},"title":"MerQury, 02.08.2017, Husumer Hafentage, GP Joule-B\u00fchne, Husum","author":"admin","date":"15. August 2017","format":false,"excerpt":"Irgendwie schaffen wir es anscheinend nicht mehr, vern\u00fcnftig \u00fcber diese Band zu berichten \u2013 keine Ahnung, warum das so ist\u2026 Entweder gehen uns beim Texten die G\u00e4ule durch oder wir sind privat als Besucher auf einem Konzert und machen nur noch \u201ejust for fun\u201c Bilder mit der kleinen Systemkamera aus\u2026","rel":"","context":"In &quot;Acts&quot;","block_context":{"text":"Acts","link":"http:\/\/www.rockpixx.com\/wordpress\/category\/acts\/"},"img":{"alt_text":"MerQury, 02.08.2017, Husum, Hafentage","src":"https:\/\/i0.wp.com\/www.rockpixx.com\/wordpress\/wp-content\/uploads\/2017\/08\/20170802-046.jpg?resize=350%2C200","width":350,"height":200,"srcset":"https:\/\/i0.wp.com\/www.rockpixx.com\/wordpress\/wp-content\/uploads\/2017\/08\/20170802-046.jpg?resize=350%2C200 1x, https:\/\/i0.wp.com\/www.rockpixx.com\/wordpress\/wp-content\/uploads\/2017\/08\/20170802-046.jpg?resize=525%2C300 1.5x, https:\/\/i0.wp.com\/www.rockpixx.com\/wordpress\/wp-content\/uploads\/2017\/08\/20170802-046.jpg?resize=700%2C400 2x"},"classes":[]},{"id":10461,"url":"http:\/\/www.rockpixx.com\/wordpress\/merqury-20-04-2013-honky-tonk-im-theodor-schafer-werk-husum\/","url_meta":{"origin":12980,"position":5},"title":"MerQury, 20.04.2013, Honky Tonk im Theodor Sch\u00e4fer-Werk, Husum","author":"Anja","date":"25. April 2013","format":false,"excerpt":"Bislang haben wir alle Locations zu Fu\u00df bequem erlaufen k\u00f6nnen, nun geht\u2019s etwas aus Husums Zentrum raus zu \u201eMerQury\u201c. Wir kommen zum Ende des ersten Sets im \u201eTheodor Sch\u00e4fer-Werk\u201c an, h\u00f6ren gleich die vertrauten Kl\u00e4nge und begeben uns auf unsere Standardpositionen: Anja rechts vor der B\u00fchne, Alex links und legen\u2026","rel":"","context":"In &quot;Acts&quot;","block_context":{"text":"Acts","link":"http:\/\/www.rockpixx.com\/wordpress\/category\/acts\/"},"img":{"alt_text":"MerQury, 20.04.2013, Honky Tonk im Theodor Sch\u00e4fer-Werk, Husum","src":"https:\/\/i0.wp.com\/www.rockpixx.com\/wordpress\/wp-content\/uploads\/2013\/04\/20130420-11-merqury.jpg?resize=350%2C200","width":350,"height":200,"srcset":"https:\/\/i0.wp.com\/www.rockpixx.com\/wordpress\/wp-content\/uploads\/2013\/04\/20130420-11-merqury.jpg?resize=350%2C200 1x, https:\/\/i0.wp.com\/www.rockpixx.com\/wordpress\/wp-content\/uploads\/2013\/04\/20130420-11-merqury.jpg?resize=525%2C300 1.5x, https:\/\/i0.wp.com\/www.rockpixx.com\/wordpress\/wp-content\/uploads\/2013\/04\/20130420-11-merqury.jpg?resize=700%2C400 2x"},"classes":[]}],"jetpack_sharing_enabled":true,"publishpress_future_action":{"enabled":false,"date":"2026-05-06 08:41:04","action":"change-status","newStatus":"draft","terms":[],"taxonomy":"category","extraData":[]},"publishpress_future_workflow_manual_trigger":{"enabledWorkflows":[]},"_links":{"self":[{"href":"http:\/\/www.rockpixx.com\/wordpress\/wp-json\/wp\/v2\/posts\/12980","targetHints":{"allow":["GET"]}}],"collection":[{"href":"http:\/\/www.rockpixx.com\/wordpress\/wp-json\/wp\/v2\/posts"}],"about":[{"href":"http:\/\/www.rockpixx.com\/wordpress\/wp-json\/wp\/v2\/types\/post"}],"author":[{"embeddable":true,"href":"http:\/\/www.rockpixx.com\/wordpress\/wp-json\/wp\/v2\/users\/1"}],"replies":[{"embeddable":true,"href":"http:\/\/www.rockpixx.com\/wordpress\/wp-json\/wp\/v2\/comments?post=12980"}],"version-history":[{"count":0,"href":"http:\/\/www.rockpixx.com\/wordpress\/wp-json\/wp\/v2\/posts\/12980\/revisions"}],"wp:featuredmedia":[{"embeddable":true,"href":"http:\/\/www.rockpixx.com\/wordpress\/wp-json\/wp\/v2\/media\/12982"}],"wp:attachment":[{"href":"http:\/\/www.rockpixx.com\/wordpress\/wp-json\/wp\/v2\/media?parent=12980"}],"wp:term":[{"taxonomy":"category","embeddable":true,"href":"http:\/\/www.rockpixx.com\/wordpress\/wp-json\/wp\/v2\/categories?post=12980"},{"taxonomy":"post_tag","embeddable":true,"href":"http:\/\/www.rockpixx.com\/wordpress\/wp-json\/wp\/v2\/tags?post=12980"}],"curies":[{"name":"wp","href":"https:\/\/api.w.org\/{rel}","templated":true}]}}