{"id":14674,"date":"2014-06-24T12:15:35","date_gmt":"2014-06-24T11:15:35","guid":{"rendered":"http:\/\/rockpixx.com\/wordpress\/?p=14674"},"modified":"2014-07-13T00:36:20","modified_gmt":"2014-07-12T23:36:20","slug":"juli-23-06-2014-kiel-r-sh-buehne","status":"publish","type":"post","link":"http:\/\/www.rockpixx.com\/wordpress\/juli-23-06-2014-kiel-r-sh-buehne\/","title":{"rendered":"Juli, 23.06.2014, Kiel, R.SH-B\u00fchne"},"content":{"rendered":"<p>Jetzt mal ein ganz flaches Wortspiel: \u201eJuli\u201c im Juni. Bl\u00f6d, nicht wahr? Ok, dann etwas Ansageprosa von der B\u00fchne: \u201eSeit 10 Jahren rocken sie Deutschland. Schon 2005 standen sie bei uns auf der B\u00fchne und haben eine gigantische Party veranstaltet. Das wollen wir dieses Jahr noch toppen! (Und au\u00dferdem kommt nach drei Alben in K\u00fcrze ihr Neues raus.) Hier sind Juuuuuliiiiiiiii!\u201c<!--more--><\/p>\n<p>Hm&#8230; auch nicht viel besser als mein Intro, aber egal, hier geht es um Musik. Vor ein paar Jahren hatte ich \u2192<a title=\"Juli, 22.07.2011, Nordholz, Deichbrand Festival\" href=\"http:\/\/rockpixx.com\/wordpress\/juli-22-07-2011-nordholz-deichbrand-festival\/\"> \u201eJuli\u201c ja schon auf dem Deichbrand fotografiert <\/a>und war ganz angetan von der Show. Im Prinzip hat sich am Gesamtkonzept der Band nicht viel ver\u00e4ndert (au\u00dfer der Haarfarbe der Frontfrau) und das geht auch immer noch auf, wie der randvolle Platz vor der B\u00fchne eindrucksvoll dokumentiert. Nach zwei Songs ist f\u00fcr die Fotografen Schluss und ich wandere wieder zur\u00fcck zur MAXB\u00fchne, zwei weitere Acts warten diesen Abend dort noch auf mich.<\/p>\n<p style=\"text-align: right;\">Fotos: <a href=\"mailto:info@rockpixx.com?subject=Juli,%2023.06.2014,%20Kiel,%20R.SH-B\u00fchne\">Alex<\/a> | Text: <a href=\"mailto:info@rockpixx.com?subject=Juli,%2023.06.2014,%20Kiel,%20R.SH-B\u00fchne\">Alex<\/a><\/p>\n<p style=\"text-align: left;\"><div class=\"eat-left eat-right\"><div class=\"thumbs-masonry isotope\"><div class=\"isotope-item block-2 block-h-2\"><a href=\"http:\/\/www.rockpixx.com\/wordpress\/wp-content\/uploads\/2014\/06\/20140623-02-010.jpg\" rel=\"prettyPhoto[postgal_14695]\" class=\"show-hover-link block-h-2\"\"><img decoding=\"async\" src=\"http:\/\/www.rockpixx.com\/wordpress\/wp-content\/uploads\/2014\/06\/20140623-02-010-480x480.jpg\" alt=\"Juli, 23.06.2014, Kiel, H\u00f6rnb\u00fchne\"\/><span class=\"before\"><\/span><span class=\"after\"><\/span><\/a><\/div><div class=\"isotope-item block-1 block-h-1\"><a href=\"http:\/\/www.rockpixx.com\/wordpress\/wp-content\/uploads\/2014\/06\/20140623-02-011.jpg\" rel=\"prettyPhoto[postgal_14695]\" class=\"show-hover-link block-h-1\"\"><img decoding=\"async\" src=\"http:\/\/www.rockpixx.com\/wordpress\/wp-content\/uploads\/2014\/06\/20140623-02-011-480x480.jpg\" alt=\"Juli, 23.06.2014, Kiel, H\u00f6rnb\u00fchne\"\/><span class=\"before\"><\/span><span class=\"after\"><\/span><\/a><\/div><div class=\"isotope-item block-1 block-h-1\"><a href=\"http:\/\/www.rockpixx.com\/wordpress\/wp-content\/uploads\/2014\/06\/20140623-02-013.jpg\" rel=\"prettyPhoto[postgal_14695]\" class=\"show-hover-link block-h-1\"\"><img decoding=\"async\" src=\"http:\/\/www.rockpixx.com\/wordpress\/wp-content\/uploads\/2014\/06\/20140623-02-013-480x480.jpg\" alt=\"Juli, 23.06.2014, Kiel, H\u00f6rnb\u00fchne\"\/><span class=\"before\"><\/span><span class=\"after\"><\/span><\/a><\/div><div class=\"isotope-item block-2 block-h-2\"><a href=\"http:\/\/www.rockpixx.com\/wordpress\/wp-content\/uploads\/2014\/06\/20140623-02-020.jpg\" rel=\"prettyPhoto[postgal_14695]\" class=\"show-hover-link block-h-2\"\"><img decoding=\"async\" src=\"http:\/\/www.rockpixx.com\/wordpress\/wp-content\/uploads\/2014\/06\/20140623-02-020-480x480.jpg\" alt=\"Juli, 23.06.2014, Kiel, H\u00f6rnb\u00fchne\"\/><span class=\"before\"><\/span><span class=\"after\"><\/span><\/a><\/div><div class=\"isotope-item block-1 block-h-1\"><a href=\"http:\/\/www.rockpixx.com\/wordpress\/wp-content\/uploads\/2014\/06\/20140623-02-026.jpg\" rel=\"prettyPhoto[postgal_14695]\" class=\"show-hover-link block-h-1\"\"><img decoding=\"async\" src=\"http:\/\/www.rockpixx.com\/wordpress\/wp-content\/uploads\/2014\/06\/20140623-02-026-480x480.jpg\" alt=\"Juli, 23.06.2014, Kiel, H\u00f6rnb\u00fchne\"\/><span class=\"before\"><\/span><span class=\"after\"><\/span><\/a><\/div><div class=\"isotope-item block-1 block-h-1\"><a href=\"http:\/\/www.rockpixx.com\/wordpress\/wp-content\/uploads\/2014\/06\/20140623-02-037.jpg\" rel=\"prettyPhoto[postgal_14695]\" class=\"show-hover-link block-h-1\"\"><img decoding=\"async\" src=\"http:\/\/www.rockpixx.com\/wordpress\/wp-content\/uploads\/2014\/06\/20140623-02-037-480x480.jpg\" alt=\"Juli, 23.06.2014, Kiel, H\u00f6rnb\u00fchne\"\/><span class=\"before\"><\/span><span class=\"after\"><\/span><\/a><\/div><div class=\"isotope-item block-2 block-h-2\"><a href=\"http:\/\/www.rockpixx.com\/wordpress\/wp-content\/uploads\/2014\/06\/20140623-02-044.jpg\" rel=\"prettyPhoto[postgal_14695]\" class=\"show-hover-link block-h-2\"\"><img decoding=\"async\" src=\"http:\/\/www.rockpixx.com\/wordpress\/wp-content\/uploads\/2014\/06\/20140623-02-044-480x480.jpg\" alt=\"Juli, 23.06.2014, Kiel, H\u00f6rnb\u00fchne\"\/><span class=\"before\"><\/span><span class=\"after\"><\/span><\/a><\/div><div class=\"isotope-item block-1 block-h-1\"><a href=\"http:\/\/www.rockpixx.com\/wordpress\/wp-content\/uploads\/2014\/06\/20140623-02-062.jpg\" rel=\"prettyPhoto[postgal_14695]\" class=\"show-hover-link block-h-1\"\"><img decoding=\"async\" src=\"http:\/\/www.rockpixx.com\/wordpress\/wp-content\/uploads\/2014\/06\/20140623-02-062-480x480.jpg\" alt=\"Juli, 23.06.2014, Kiel, H\u00f6rnb\u00fchne\"\/><span class=\"before\"><\/span><span class=\"after\"><\/span><\/a><\/div><div class=\"isotope-item block-1 block-h-1\"><a href=\"http:\/\/www.rockpixx.com\/wordpress\/wp-content\/uploads\/2014\/06\/20140623-02-064.jpg\" rel=\"prettyPhoto[postgal_14695]\" class=\"show-hover-link block-h-1\"\"><img decoding=\"async\" src=\"http:\/\/www.rockpixx.com\/wordpress\/wp-content\/uploads\/2014\/06\/20140623-02-064-480x480.jpg\" alt=\"Juli, 23.06.2014, Kiel, H\u00f6rnb\u00fchne\"\/><span class=\"before\"><\/span><span class=\"after\"><\/span><\/a><\/div><div class=\"isotope-item block-2 block-h-2\"><a href=\"http:\/\/www.rockpixx.com\/wordpress\/wp-content\/uploads\/2014\/06\/20140623-02-078.jpg\" rel=\"prettyPhoto[postgal_14695]\" class=\"show-hover-link block-h-2\"\"><img decoding=\"async\" src=\"http:\/\/www.rockpixx.com\/wordpress\/wp-content\/uploads\/2014\/06\/20140623-02-078-480x480.jpg\" alt=\"Juli, 23.06.2014, Kiel, H\u00f6rnb\u00fchne\"\/><span class=\"before\"><\/span><span class=\"after\"><\/span><\/a><\/div><div class=\"isotope-item block-1 block-h-1\"><a href=\"http:\/\/www.rockpixx.com\/wordpress\/wp-content\/uploads\/2014\/06\/20140623-02-083.jpg\" rel=\"prettyPhoto[postgal_14695]\" class=\"show-hover-link block-h-1\"\"><img decoding=\"async\" src=\"http:\/\/www.rockpixx.com\/wordpress\/wp-content\/uploads\/2014\/06\/20140623-02-083-480x480.jpg\" alt=\"Juli, 23.06.2014, Kiel, H\u00f6rnb\u00fchne\"\/><span class=\"before\"><\/span><span class=\"after\"><\/span><\/a><\/div><div class=\"isotope-item block-1 block-h-1\"><a href=\"http:\/\/www.rockpixx.com\/wordpress\/wp-content\/uploads\/2014\/06\/20140623-02-084.jpg\" rel=\"prettyPhoto[postgal_14695]\" class=\"show-hover-link block-h-1\"\"><img decoding=\"async\" src=\"http:\/\/www.rockpixx.com\/wordpress\/wp-content\/uploads\/2014\/06\/20140623-02-084-480x480.jpg\" alt=\"Juli, 23.06.2014, Kiel, H\u00f6rnb\u00fchne\"\/><span class=\"before\"><\/span><span class=\"after\"><\/span><\/a><\/div><div class=\"isotope-item block-2 block-h-2\"><a href=\"http:\/\/www.rockpixx.com\/wordpress\/wp-content\/uploads\/2014\/06\/20140623-02-085.jpg\" rel=\"prettyPhoto[postgal_14695]\" class=\"show-hover-link block-h-2\"\"><img decoding=\"async\" src=\"http:\/\/www.rockpixx.com\/wordpress\/wp-content\/uploads\/2014\/06\/20140623-02-085-480x480.jpg\" alt=\"Juli, 23.06.2014, Kiel, H\u00f6rnb\u00fchne\"\/><span class=\"before\"><\/span><span class=\"after\"><\/span><\/a><\/div><div class=\"isotope-item block-1 block-h-1\"><a href=\"http:\/\/www.rockpixx.com\/wordpress\/wp-content\/uploads\/2014\/06\/20140623-02-088.jpg\" rel=\"prettyPhoto[postgal_14695]\" class=\"show-hover-link block-h-1\"\"><img decoding=\"async\" src=\"http:\/\/www.rockpixx.com\/wordpress\/wp-content\/uploads\/2014\/06\/20140623-02-088-480x480.jpg\" alt=\"Juli, 23.06.2014, Kiel, H\u00f6rnb\u00fchne\"\/><span class=\"before\"><\/span><span class=\"after\"><\/span><\/a><\/div><div class=\"isotope-item block-1 block-h-1\"><a href=\"http:\/\/www.rockpixx.com\/wordpress\/wp-content\/uploads\/2014\/06\/20140623-02-094.jpg\" rel=\"prettyPhoto[postgal_14695]\" class=\"show-hover-link block-h-1\"\"><img decoding=\"async\" src=\"http:\/\/www.rockpixx.com\/wordpress\/wp-content\/uploads\/2014\/06\/20140623-02-094-480x480.jpg\" alt=\"Juli, 23.06.2014, Kiel, H\u00f6rnb\u00fchne\"\/><span class=\"before\"><\/span><span class=\"after\"><\/span><\/a><\/div><\/div><\/div><\/p>\n<p>&nbsp;<\/p>\n<p>&nbsp;<\/p>\n<p>&nbsp;<\/p>\n","protected":false},"excerpt":{"rendered":"<p>Jetzt mal ein ganz flaches Wortspiel: \u201eJuli\u201c im Juni. Bl\u00f6d, nicht wahr? Ok, dann etwas <a href=\"http:\/\/www.rockpixx.com\/wordpress\/juli-23-06-2014-kiel-r-sh-buehne\/\">Read more<\/a><\/p>\n","protected":false},"author":2,"featured_media":14698,"comment_status":"open","ping_status":"open","sticky":false,"template":"","format":"standard","meta":{"_jetpack_memberships_contains_paid_content":false,"footnotes":"","jetpack_publicize_message":"#Juli, 23.06.2014, #Kiel, R.SH-B\u00fchne, #KielerWoche","jetpack_publicize_feature_enabled":true,"jetpack_social_post_already_shared":true,"jetpack_social_options":{"image_generator_settings":{"template":"highway","default_image_id":0,"font":"","enabled":false},"version":2}},"categories":[34,585],"tags":[2291,133,1946,1735,138,1411],"class_list":["post-14674","post","type-post","status-publish","format-standard","has-post-thumbnail","hentry","category-acts","category-juli","tag-2291","tag-festivals","tag-juli","tag-kiel","tag-kieler-woche","tag-r-sh-buehne"],"aioseo_notices":[],"jetpack_publicize_connections":[],"jetpack_featured_media_url":"http:\/\/www.rockpixx.com\/wordpress\/wp-content\/uploads\/2014\/06\/20140623-02-026_juli_Artikel.jpg","jetpack-related-posts":[{"id":2412,"url":"http:\/\/www.rockpixx.com\/wordpress\/jennifer-rush-20-06-2008-kiel-unser-norden-buhne\/","url_meta":{"origin":14674,"position":0},"title":"Jennifer Rush, 20.06.2008, Kiel, Unser Norden-B\u00fchne","author":"Anja","date":"20. Juni 2008","format":false,"excerpt":"Ich bin wieder an meiner alten Wirkungsst\u00e4tte, in Kiel. Es ist \u201eKieler Woche\u201c und jede Menge Musiker sind auf vielen B\u00fchnen ebenfalls dort. Den Anfang (noch vor der eigentlichen Er\u00f6ffnung der \u201eKieler Woche\u201c) macht Jennifer Rush auf der Gemeinschaftsb\u00fchne der drei Radiosender \u201er.sh\u201c, \u201eRadio NORA\u201c und \u201edelta radio\u201c. Bange Frage:\u2026","rel":"","context":"In &quot;Acts&quot;","block_context":{"text":"Acts","link":"http:\/\/www.rockpixx.com\/wordpress\/category\/acts\/"},"img":{"alt_text":"Jennifer Rush, 20.06.2008, Kiel, Unser Norden-B\u00fchne","src":"https:\/\/i0.wp.com\/www.rockpixx.com\/wordpress\/wp-content\/uploads\/2008\/06\/20080620-01-jennifer-rush-Artikel.jpg?resize=350%2C200","width":350,"height":200,"srcset":"https:\/\/i0.wp.com\/www.rockpixx.com\/wordpress\/wp-content\/uploads\/2008\/06\/20080620-01-jennifer-rush-Artikel.jpg?resize=350%2C200 1x, https:\/\/i0.wp.com\/www.rockpixx.com\/wordpress\/wp-content\/uploads\/2008\/06\/20080620-01-jennifer-rush-Artikel.jpg?resize=525%2C300 1.5x, https:\/\/i0.wp.com\/www.rockpixx.com\/wordpress\/wp-content\/uploads\/2008\/06\/20080620-01-jennifer-rush-Artikel.jpg?resize=700%2C400 2x"},"classes":[]},{"id":14421,"url":"http:\/\/www.rockpixx.com\/wordpress\/roman-lob-21-06-2014-kiel-r-sh-buehne\/","url_meta":{"origin":14674,"position":1},"title":"Roman Lob, 21.06.2014, Kiel, R.SH-B\u00fchne","author":"Anja","date":"22. Juni 2014","format":false,"excerpt":"Wieder ein Teilnehmer eines Songcontests am heutigen Abend auf der R.SH-B\u00fchne. Diesmal ist es Roman Lob, der Deutschland 2012 in Baku vertrat. Fast w\u00e4ren dieses Review und die Bilder ins Wasser gefallen\u2026 und diesmal h\u00e4tte es nicht am sprichw\u00f6rtlichen Kieler Woche Wetter gelegen, sondern an der fehlenden Kommunikation zwischen Pressebetreuung\u2026","rel":"","context":"In &quot;Acts&quot;","block_context":{"text":"Acts","link":"http:\/\/www.rockpixx.com\/wordpress\/category\/acts\/"},"img":{"alt_text":"Roman Lob, 21.06.2014, Kiel, H\u00f6rnb\u00fchne","src":"https:\/\/i0.wp.com\/www.rockpixx.com\/wordpress\/wp-content\/uploads\/2014\/06\/20140621-02-030_roman-lob_Artikel.jpg?resize=350%2C200","width":350,"height":200,"srcset":"https:\/\/i0.wp.com\/www.rockpixx.com\/wordpress\/wp-content\/uploads\/2014\/06\/20140621-02-030_roman-lob_Artikel.jpg?resize=350%2C200 1x, https:\/\/i0.wp.com\/www.rockpixx.com\/wordpress\/wp-content\/uploads\/2014\/06\/20140621-02-030_roman-lob_Artikel.jpg?resize=525%2C300 1.5x, https:\/\/i0.wp.com\/www.rockpixx.com\/wordpress\/wp-content\/uploads\/2014\/06\/20140621-02-030_roman-lob_Artikel.jpg?resize=700%2C400 2x"},"classes":[]},{"id":6919,"url":"http:\/\/www.rockpixx.com\/wordpress\/stanfour-25-06-2010-kiel-unser-norden-buhne\/","url_meta":{"origin":14674,"position":2},"title":"Stanfour, 25.06.2010, Kiel, Unser Norden-B\u00fchne","author":"Anja","date":"25. Juni 2010","format":false,"excerpt":"Gestern schon bei Milow dachte ich mehr Zuschauer passen nicht auf den Platz vor der \u201eUnser Norden-B\u00fchne\u201c, aber es ging mehr. Man sah nur noch K\u00f6pfe ringsherum, vor allem viel weibliches Publikum der j\u00fcngeren Semester, die dann auch kr\u00e4ftig und begeistert kreischten, als dann die Jungs von Stanfour p\u00fcnktlich auf\u2026","rel":"","context":"In &quot;Acts&quot;","block_context":{"text":"Acts","link":"http:\/\/www.rockpixx.com\/wordpress\/category\/acts\/"},"img":{"alt_text":"Stanfour, 25.06.2010, Kiel, Unser Norden-B\u00fchne","src":"https:\/\/i0.wp.com\/www.rockpixx.com\/wordpress\/wp-content\/uploads\/2013\/01\/20100625-01-stanfour-Artikel.jpg?resize=350%2C200","width":350,"height":200,"srcset":"https:\/\/i0.wp.com\/www.rockpixx.com\/wordpress\/wp-content\/uploads\/2013\/01\/20100625-01-stanfour-Artikel.jpg?resize=350%2C200 1x, https:\/\/i0.wp.com\/www.rockpixx.com\/wordpress\/wp-content\/uploads\/2013\/01\/20100625-01-stanfour-Artikel.jpg?resize=525%2C300 1.5x, https:\/\/i0.wp.com\/www.rockpixx.com\/wordpress\/wp-content\/uploads\/2013\/01\/20100625-01-stanfour-Artikel.jpg?resize=700%2C400 2x"},"classes":[]},{"id":14699,"url":"http:\/\/www.rockpixx.com\/wordpress\/marquess-23-06-2014-kiel-ndr-buehne\/","url_meta":{"origin":14674,"position":3},"title":"Marquess, 23.06.2014, Kiel, NDR-B\u00fchne","author":"Anja","date":"24. Juni 2014","format":false,"excerpt":"Was mir auff\u00e4llt, ist zum einen das riesige Dach \u00fcber dem B\u00fchnenvorplatz, welches mich an den Deckel einer Suppensch\u00fcssel erinnert \u2013 meine Oma hat noch so ein Teil im Schrank stehen. Das zweite ist \u2013 die B\u00fchne ist h\u00f6her und schmaler als in den vergangenen Jahren und es fehlt ein\u2026","rel":"","context":"In &quot;Acts&quot;","block_context":{"text":"Acts","link":"http:\/\/www.rockpixx.com\/wordpress\/category\/acts\/"},"img":{"alt_text":"Marquess, 23.06.2014, Kiel, NDR-B\u00fchne","src":"https:\/\/i0.wp.com\/www.rockpixx.com\/wordpress\/wp-content\/uploads\/2014\/06\/20140623-03-030_marquess_Artikel.jpg?resize=350%2C200","width":350,"height":200,"srcset":"https:\/\/i0.wp.com\/www.rockpixx.com\/wordpress\/wp-content\/uploads\/2014\/06\/20140623-03-030_marquess_Artikel.jpg?resize=350%2C200 1x, https:\/\/i0.wp.com\/www.rockpixx.com\/wordpress\/wp-content\/uploads\/2014\/06\/20140623-03-030_marquess_Artikel.jpg?resize=525%2C300 1.5x, https:\/\/i0.wp.com\/www.rockpixx.com\/wordpress\/wp-content\/uploads\/2014\/06\/20140623-03-030_marquess_Artikel.jpg?resize=700%2C400 2x"},"classes":[]},{"id":7932,"url":"http:\/\/www.rockpixx.com\/wordpress\/merqury-22-06-2011-kiel-maxbuhne\/","url_meta":{"origin":14674,"position":4},"title":"MerQury, 22.06.2011, Kiel, MAXB\u00fchne","author":"Anja","date":"22. Juni 2011","format":false,"excerpt":"Und nun zum Abschluss des Wolkenbruchabends steht der Fotograf ganz alleine auf der MAXB\u00fchne \u2013 die Fotografin ist kurz vorher klatschnass ohne Bilder von \u201eJuli\u201c und \u201eSlade\u201c nach Hause gefahren. Nun ja, so ganz allein stehe ich im Wolkenbruch zum Gl\u00fcck dann doch nicht da, schlie\u00dflich sind die f\u00fcnf Musiker\u2026","rel":"","context":"In &quot;Acts&quot;","block_context":{"text":"Acts","link":"http:\/\/www.rockpixx.com\/wordpress\/category\/acts\/"},"img":{"alt_text":"MerQury, 22.06.2011, Kiel, MAXB\u00fchne","src":"https:\/\/i0.wp.com\/www.rockpixx.com\/wordpress\/wp-content\/uploads\/2013\/02\/20110622-04-merqury-Artikel.jpg?resize=350%2C200","width":350,"height":200,"srcset":"https:\/\/i0.wp.com\/www.rockpixx.com\/wordpress\/wp-content\/uploads\/2013\/02\/20110622-04-merqury-Artikel.jpg?resize=350%2C200 1x, https:\/\/i0.wp.com\/www.rockpixx.com\/wordpress\/wp-content\/uploads\/2013\/02\/20110622-04-merqury-Artikel.jpg?resize=525%2C300 1.5x, https:\/\/i0.wp.com\/www.rockpixx.com\/wordpress\/wp-content\/uploads\/2013\/02\/20110622-04-merqury-Artikel.jpg?resize=700%2C400 2x"},"classes":[]},{"id":21820,"url":"http:\/\/www.rockpixx.com\/wordpress\/abba-fever-kiel\/","url_meta":{"origin":14674,"position":5},"title":"ABBA Fever, 15.06.2018, Unser Norden-B\u00fchne, Kiel","author":"A. Hahl","date":"16. Juni 2018","format":false,"excerpt":"Was kaum ein Fan zu hoffen gewagt hatte \u2013 nach mehr als 35 Jahren stehen ABBA doch tats\u00e4chlich wieder zusammen im Studio und nehmen ein paar neue Songs auf. Zum Jahresende 2018 wird die Welt wissen, wie die vier Schweden, die Popgeschichte geschrieben haben, nun klingen. F\u00fcr mich eine gute\u2026","rel":"","context":"In &quot;ABBA&quot;","block_context":{"text":"ABBA","link":"http:\/\/www.rockpixx.com\/wordpress\/category\/acts\/tributebands\/abba\/"},"img":{"alt_text":"ABBA Fever, 15.06.2018, Unser Norden B\u00fchne, Kiel","src":"https:\/\/i0.wp.com\/www.rockpixx.com\/wordpress\/wp-content\/uploads\/2018\/06\/20180615-01-009.jpg?resize=350%2C200","width":350,"height":200,"srcset":"https:\/\/i0.wp.com\/www.rockpixx.com\/wordpress\/wp-content\/uploads\/2018\/06\/20180615-01-009.jpg?resize=350%2C200 1x, https:\/\/i0.wp.com\/www.rockpixx.com\/wordpress\/wp-content\/uploads\/2018\/06\/20180615-01-009.jpg?resize=525%2C300 1.5x, https:\/\/i0.wp.com\/www.rockpixx.com\/wordpress\/wp-content\/uploads\/2018\/06\/20180615-01-009.jpg?resize=700%2C400 2x"},"classes":[]}],"jetpack_sharing_enabled":true,"publishpress_future_action":{"enabled":false,"date":"2026-05-07 07:47:30","action":"change-status","newStatus":"draft","terms":[],"taxonomy":"category","extraData":[]},"publishpress_future_workflow_manual_trigger":{"enabledWorkflows":[]},"_links":{"self":[{"href":"http:\/\/www.rockpixx.com\/wordpress\/wp-json\/wp\/v2\/posts\/14674","targetHints":{"allow":["GET"]}}],"collection":[{"href":"http:\/\/www.rockpixx.com\/wordpress\/wp-json\/wp\/v2\/posts"}],"about":[{"href":"http:\/\/www.rockpixx.com\/wordpress\/wp-json\/wp\/v2\/types\/post"}],"author":[{"embeddable":true,"href":"http:\/\/www.rockpixx.com\/wordpress\/wp-json\/wp\/v2\/users\/2"}],"replies":[{"embeddable":true,"href":"http:\/\/www.rockpixx.com\/wordpress\/wp-json\/wp\/v2\/comments?post=14674"}],"version-history":[{"count":0,"href":"http:\/\/www.rockpixx.com\/wordpress\/wp-json\/wp\/v2\/posts\/14674\/revisions"}],"wp:featuredmedia":[{"embeddable":true,"href":"http:\/\/www.rockpixx.com\/wordpress\/wp-json\/wp\/v2\/media\/14698"}],"wp:attachment":[{"href":"http:\/\/www.rockpixx.com\/wordpress\/wp-json\/wp\/v2\/media?parent=14674"}],"wp:term":[{"taxonomy":"category","embeddable":true,"href":"http:\/\/www.rockpixx.com\/wordpress\/wp-json\/wp\/v2\/categories?post=14674"},{"taxonomy":"post_tag","embeddable":true,"href":"http:\/\/www.rockpixx.com\/wordpress\/wp-json\/wp\/v2\/tags?post=14674"}],"curies":[{"name":"wp","href":"https:\/\/api.w.org\/{rel}","templated":true}]}}