{"id":14792,"date":"2014-06-26T20:59:13","date_gmt":"2014-06-26T19:59:13","guid":{"rendered":"http:\/\/rockpixx.com\/wordpress\/?p=14792"},"modified":"2014-07-03T21:23:17","modified_gmt":"2014-07-03T20:23:17","slug":"thees-ulmann-25-06-2014-kiel-r-sh-buehne","status":"publish","type":"post","link":"http:\/\/www.rockpixx.com\/wordpress\/thees-ulmann-25-06-2014-kiel-r-sh-buehne\/","title":{"rendered":"Thees Ulmann, 25.06.2014, Kiel, R.SH-B\u00fchne"},"content":{"rendered":"<p>Thees Uhlmann, ein Multitalent! Mitbegr\u00fcnder von \u201eTomte\u201c, Autor, Schauspieler, Musiker\u2026 Und jetzt steht er mit seinem Soloprojekt vor mir auf der R.SH-B\u00fchne.<!--more--><\/p>\n<p>Sein Auftritt ist unspektakul\u00e4r und dennoch eindringlich pr\u00e4sent. V\u00f6llig ungek\u00fcnstelt verbreitet er eine Aura des \u201eehrlichen Chronisten seiner Zeit und Umwelt\u201c. Er beobachtet die sogenannten \u201ekleinen Leute\u201c und beschreibt sein und ihr Leben. Nie kommt der Eindruck auf, dass da jemand aus seiner Luxus-Hotelsuite heraus meint, sich mit dem gemeinen Volk auf eine Stufe zu stellen und um seine Aufmerksamkeit buhlen zu m\u00fcssen. Eher das Gegenteil ist der Fall: Ich nehme ihm ab, dass er einen Gro\u00dfteil dessen, wovon er singt, selbst oder mittelbar erlebt hat. Und dementsprechend unpr\u00e4tenti\u00f6s kommt sein gesamter Auftritt daher. Gleiches gilt f\u00fcr seine Mitmusiker.<\/p>\n<p>Fazit: Bei Thees Uhlmann lohnt das genaue Hinh\u00f6ren und die Musik ist nicht das bef\u00fcrchtete \u201eLiedermacher-Herz-Schmerz-Betroffenheits-Geklampfe\u201c, sondern hat durchaus Drive und Pep. Empfehlenswert!<\/p>\n<p style=\"text-align: right;\">Fotos: <a href=\"mailto:info@rockpixx.com?subject=Thees%20Ulmann,%2026.06.2014,%20Kiel,%20R.SH-B\u00fchne\">Alex<\/a> | Text: <a href=\"mailto:info@rockpixx.com?subject=Thees%20Ulmann,%2026.06.2014,%20Kiel,%20R.SH-B\u00fchne\">Alex<\/a><\/p>\n<p style=\"text-align: left;\"><div class=\"eat-left eat-right\"><div class=\"thumbs-masonry isotope\"><div class=\"isotope-item block-2 block-h-2\"><a href=\"http:\/\/www.rockpixx.com\/wordpress\/wp-content\/uploads\/2014\/07\/20140625-01-0061.jpg\" rel=\"prettyPhoto[postgal_14851]\" class=\"show-hover-link block-h-2\"\"><img decoding=\"async\" src=\"http:\/\/www.rockpixx.com\/wordpress\/wp-content\/uploads\/2014\/07\/20140625-01-0061-480x480.jpg\" alt=\"Thees Ulmann, 25.06.2014, Kiel, R.SH-B\u00fchne\"\/><span class=\"before\"><\/span><span class=\"after\"><\/span><\/a><\/div><div class=\"isotope-item block-1 block-h-1\"><a href=\"http:\/\/www.rockpixx.com\/wordpress\/wp-content\/uploads\/2014\/07\/20140625-01-015.jpg\" rel=\"prettyPhoto[postgal_14851]\" class=\"show-hover-link block-h-1\"\"><img decoding=\"async\" src=\"http:\/\/www.rockpixx.com\/wordpress\/wp-content\/uploads\/2014\/07\/20140625-01-015-480x480.jpg\" alt=\"Thees Ulmann, 25.06.2014, Kiel, R.SH-B\u00fchne\"\/><span class=\"before\"><\/span><span class=\"after\"><\/span><\/a><\/div><div class=\"isotope-item block-1 block-h-1\"><a href=\"http:\/\/www.rockpixx.com\/wordpress\/wp-content\/uploads\/2014\/07\/20140625-01-018.jpg\" rel=\"prettyPhoto[postgal_14851]\" class=\"show-hover-link block-h-1\"\"><img decoding=\"async\" src=\"http:\/\/www.rockpixx.com\/wordpress\/wp-content\/uploads\/2014\/07\/20140625-01-018-480x480.jpg\" alt=\"Thees Ulmann, 25.06.2014, Kiel, R.SH-B\u00fchne\"\/><span class=\"before\"><\/span><span class=\"after\"><\/span><\/a><\/div><div class=\"isotope-item block-2 block-h-2\"><a href=\"http:\/\/www.rockpixx.com\/wordpress\/wp-content\/uploads\/2014\/07\/20140625-01-021.jpg\" rel=\"prettyPhoto[postgal_14851]\" class=\"show-hover-link block-h-2\"\"><img decoding=\"async\" src=\"http:\/\/www.rockpixx.com\/wordpress\/wp-content\/uploads\/2014\/07\/20140625-01-021-480x480.jpg\" alt=\"Thees Ulmann, 25.06.2014, Kiel, R.SH-B\u00fchne\"\/><span class=\"before\"><\/span><span class=\"after\"><\/span><\/a><\/div><div class=\"isotope-item block-1 block-h-1\"><a href=\"http:\/\/www.rockpixx.com\/wordpress\/wp-content\/uploads\/2014\/07\/20140625-01-023.jpg\" rel=\"prettyPhoto[postgal_14851]\" class=\"show-hover-link block-h-1\"\"><img decoding=\"async\" src=\"http:\/\/www.rockpixx.com\/wordpress\/wp-content\/uploads\/2014\/07\/20140625-01-023-480x480.jpg\" alt=\"Thees Ulmann, 25.06.2014, Kiel, R.SH-B\u00fchne\"\/><span class=\"before\"><\/span><span class=\"after\"><\/span><\/a><\/div><div class=\"isotope-item block-1 block-h-1\"><a href=\"http:\/\/www.rockpixx.com\/wordpress\/wp-content\/uploads\/2014\/07\/20140625-01-028.jpg\" rel=\"prettyPhoto[postgal_14851]\" class=\"show-hover-link block-h-1\"\"><img decoding=\"async\" src=\"http:\/\/www.rockpixx.com\/wordpress\/wp-content\/uploads\/2014\/07\/20140625-01-028-480x480.jpg\" alt=\"Thees Ulmann, 25.06.2014, Kiel, R.SH-B\u00fchne\"\/><span class=\"before\"><\/span><span class=\"after\"><\/span><\/a><\/div><div class=\"isotope-item block-2 block-h-2\"><a href=\"http:\/\/www.rockpixx.com\/wordpress\/wp-content\/uploads\/2014\/07\/20140625-01-041.jpg\" rel=\"prettyPhoto[postgal_14851]\" class=\"show-hover-link block-h-2\"\"><img decoding=\"async\" src=\"http:\/\/www.rockpixx.com\/wordpress\/wp-content\/uploads\/2014\/07\/20140625-01-041-480x480.jpg\" alt=\"Thees Ulmann, 25.06.2014, Kiel, R.SH-B\u00fchne\"\/><span class=\"before\"><\/span><span class=\"after\"><\/span><\/a><\/div><div class=\"isotope-item block-1 block-h-1\"><a href=\"http:\/\/www.rockpixx.com\/wordpress\/wp-content\/uploads\/2014\/07\/20140625-01-045.jpg\" rel=\"prettyPhoto[postgal_14851]\" class=\"show-hover-link block-h-1\"\"><img decoding=\"async\" src=\"http:\/\/www.rockpixx.com\/wordpress\/wp-content\/uploads\/2014\/07\/20140625-01-045-480x480.jpg\" alt=\"Thees Ulmann, 25.06.2014, Kiel, R.SH-B\u00fchne\"\/><span class=\"before\"><\/span><span class=\"after\"><\/span><\/a><\/div><div class=\"isotope-item block-1 block-h-1\"><a href=\"http:\/\/www.rockpixx.com\/wordpress\/wp-content\/uploads\/2014\/07\/20140625-01-050.jpg\" rel=\"prettyPhoto[postgal_14851]\" class=\"show-hover-link block-h-1\"\"><img decoding=\"async\" src=\"http:\/\/www.rockpixx.com\/wordpress\/wp-content\/uploads\/2014\/07\/20140625-01-050-480x480.jpg\" alt=\"Thees Ulmann, 25.06.2014, Kiel, R.SH-B\u00fchne\"\/><span class=\"before\"><\/span><span class=\"after\"><\/span><\/a><\/div><div class=\"isotope-item block-2 block-h-2\"><a href=\"http:\/\/www.rockpixx.com\/wordpress\/wp-content\/uploads\/2014\/07\/20140625-01-053.jpg\" rel=\"prettyPhoto[postgal_14851]\" class=\"show-hover-link block-h-2\"\"><img decoding=\"async\" src=\"http:\/\/www.rockpixx.com\/wordpress\/wp-content\/uploads\/2014\/07\/20140625-01-053-480x480.jpg\" alt=\"Thees Ulmann, 25.06.2014, Kiel, R.SH-B\u00fchne\"\/><span class=\"before\"><\/span><span class=\"after\"><\/span><\/a><\/div><div class=\"isotope-item block-1 block-h-1\"><a href=\"http:\/\/www.rockpixx.com\/wordpress\/wp-content\/uploads\/2014\/07\/20140625-01-056.jpg\" rel=\"prettyPhoto[postgal_14851]\" class=\"show-hover-link block-h-1\"\"><img decoding=\"async\" src=\"http:\/\/www.rockpixx.com\/wordpress\/wp-content\/uploads\/2014\/07\/20140625-01-056-480x480.jpg\" alt=\"Thees Ulmann, 25.06.2014, Kiel, R.SH-B\u00fchne\"\/><span class=\"before\"><\/span><span class=\"after\"><\/span><\/a><\/div><div class=\"isotope-item block-1 block-h-1\"><a href=\"http:\/\/www.rockpixx.com\/wordpress\/wp-content\/uploads\/2014\/07\/20140625-01-061.jpg\" rel=\"prettyPhoto[postgal_14851]\" class=\"show-hover-link block-h-1\"\"><img decoding=\"async\" src=\"http:\/\/www.rockpixx.com\/wordpress\/wp-content\/uploads\/2014\/07\/20140625-01-061-480x480.jpg\" alt=\"Thees Ulmann, 25.06.2014, Kiel, R.SH-B\u00fchne\"\/><span class=\"before\"><\/span><span class=\"after\"><\/span><\/a><\/div><\/div><\/div><\/p>\n","protected":false},"excerpt":{"rendered":"<p>Thees Uhlmann, ein Multitalent! Mitbegr\u00fcnder von \u201eTomte\u201c, Autor, Schauspieler, Musiker\u2026 Und jetzt steht er mit <a href=\"http:\/\/www.rockpixx.com\/wordpress\/thees-ulmann-25-06-2014-kiel-r-sh-buehne\/\">Read more<\/a><\/p>\n","protected":false},"author":2,"featured_media":14852,"comment_status":"open","ping_status":"open","sticky":false,"template":"","format":"standard","meta":{"_jetpack_memberships_contains_paid_content":false,"footnotes":"","jetpack_publicize_message":"#TheesUlmann, 26.06.2014, Kiel, R.SH-B\u00fchne, #KielerWoche","jetpack_publicize_feature_enabled":true,"jetpack_social_post_already_shared":true,"jetpack_social_options":{"image_generator_settings":{"template":"highway","default_image_id":0,"font":"","enabled":false},"version":2}},"categories":[34,1627],"tags":[2291,133,1735,138,1411,1421],"class_list":["post-14792","post","type-post","status-publish","format-standard","has-post-thumbnail","hentry","category-acts","category-thees-uhlmann","tag-2291","tag-festivals","tag-kiel","tag-kieler-woche","tag-r-sh-buehne","tag-thees-uhlmann"],"aioseo_notices":[],"jetpack_publicize_connections":[],"jetpack_featured_media_url":"http:\/\/www.rockpixx.com\/wordpress\/wp-content\/uploads\/2014\/07\/20140625-01-045_thees-uhlmann_Artikel.jpg","jetpack-related-posts":[{"id":14304,"url":"http:\/\/www.rockpixx.com\/wordpress\/andreas-bourani-20-06-2014-kiel-r-sh-buehne\/","url_meta":{"origin":14792,"position":0},"title":"Andreas Bourani, 20.06.2014, Kiel, R.SH-B\u00fchne","author":"admin","date":"21. Juni 2014","format":false,"excerpt":"Die R.SH-B\u00fchne ist zur\u00fcck auf der Kieler Woche\u2026 und man merkt es an der Menschenmenge. Es tut dem Musikprogramm der Kieler Woche gut, dass am Ende der H\u00f6rn wieder eine gro\u00dfe Musikb\u00fchne for free steht. Aber zur\u00fcck zum heutigen Sound-Check-Freitag und dem ersten K\u00fcnstler auf der R.SH-B\u00fchne - Andreas Bourani\u2026","rel":"","context":"In &quot;Acts&quot;","block_context":{"text":"Acts","link":"http:\/\/www.rockpixx.com\/wordpress\/category\/acts\/"},"img":{"alt_text":"Andreas Bourani, 20.06.2014, Kiel, H\u00f6rnb\u00fchne","src":"https:\/\/i0.wp.com\/www.rockpixx.com\/wordpress\/wp-content\/uploads\/2014\/06\/20140620-02-022_andreas-bourani_Artikel.jpg?resize=350%2C200","width":350,"height":200,"srcset":"https:\/\/i0.wp.com\/www.rockpixx.com\/wordpress\/wp-content\/uploads\/2014\/06\/20140620-02-022_andreas-bourani_Artikel.jpg?resize=350%2C200 1x, https:\/\/i0.wp.com\/www.rockpixx.com\/wordpress\/wp-content\/uploads\/2014\/06\/20140620-02-022_andreas-bourani_Artikel.jpg?resize=525%2C300 1.5x, https:\/\/i0.wp.com\/www.rockpixx.com\/wordpress\/wp-content\/uploads\/2014\/06\/20140620-02-022_andreas-bourani_Artikel.jpg?resize=700%2C400 2x"},"classes":[]},{"id":14528,"url":"http:\/\/www.rockpixx.com\/wordpress\/marlon-roudette-22-06-2014-kiel-r-sh-buehne\/","url_meta":{"origin":14792,"position":1},"title":"Marlon Roudette, 22.06.2014, Kiel, R.SH-B\u00fchne","author":"Anja","date":"23. Juni 2014","format":false,"excerpt":"Von Marlon Roudette kannte ich bisher nur \u201eBig City Life\u201c aus der Zeit bei \u201eMattafix\u201c und \u201eNew Age\u201c, welches in Europa durch den Film \u201eWhat a Man\u201c mit Matthias Schweigh\u00f6fer mediales Interesse erregte. Ein recht entspannter Marlon Roudette betrat die B\u00fchne und gleichzeitig tauchte die Nachmittagssonne die B\u00fchne und den\u2026","rel":"","context":"In &quot;Acts&quot;","block_context":{"text":"Acts","link":"http:\/\/www.rockpixx.com\/wordpress\/category\/acts\/"},"img":{"alt_text":"Marlon Roudette, 22.06.2014, Kiel, H\u00f6rnb\u00fchne","src":"https:\/\/i0.wp.com\/www.rockpixx.com\/wordpress\/wp-content\/uploads\/2014\/06\/20140622-03-028_marlon-roudette_Artikel2.jpg?resize=350%2C200","width":350,"height":200,"srcset":"https:\/\/i0.wp.com\/www.rockpixx.com\/wordpress\/wp-content\/uploads\/2014\/06\/20140622-03-028_marlon-roudette_Artikel2.jpg?resize=350%2C200 1x, https:\/\/i0.wp.com\/www.rockpixx.com\/wordpress\/wp-content\/uploads\/2014\/06\/20140622-03-028_marlon-roudette_Artikel2.jpg?resize=525%2C300 1.5x, https:\/\/i0.wp.com\/www.rockpixx.com\/wordpress\/wp-content\/uploads\/2014\/06\/20140622-03-028_marlon-roudette_Artikel2.jpg?resize=700%2C400 2x"},"classes":[]},{"id":14421,"url":"http:\/\/www.rockpixx.com\/wordpress\/roman-lob-21-06-2014-kiel-r-sh-buehne\/","url_meta":{"origin":14792,"position":2},"title":"Roman Lob, 21.06.2014, Kiel, R.SH-B\u00fchne","author":"Anja","date":"22. Juni 2014","format":false,"excerpt":"Wieder ein Teilnehmer eines Songcontests am heutigen Abend auf der R.SH-B\u00fchne. Diesmal ist es Roman Lob, der Deutschland 2012 in Baku vertrat. Fast w\u00e4ren dieses Review und die Bilder ins Wasser gefallen\u2026 und diesmal h\u00e4tte es nicht am sprichw\u00f6rtlichen Kieler Woche Wetter gelegen, sondern an der fehlenden Kommunikation zwischen Pressebetreuung\u2026","rel":"","context":"In &quot;Acts&quot;","block_context":{"text":"Acts","link":"http:\/\/www.rockpixx.com\/wordpress\/category\/acts\/"},"img":{"alt_text":"Roman Lob, 21.06.2014, Kiel, H\u00f6rnb\u00fchne","src":"https:\/\/i0.wp.com\/www.rockpixx.com\/wordpress\/wp-content\/uploads\/2014\/06\/20140621-02-030_roman-lob_Artikel.jpg?resize=350%2C200","width":350,"height":200,"srcset":"https:\/\/i0.wp.com\/www.rockpixx.com\/wordpress\/wp-content\/uploads\/2014\/06\/20140621-02-030_roman-lob_Artikel.jpg?resize=350%2C200 1x, https:\/\/i0.wp.com\/www.rockpixx.com\/wordpress\/wp-content\/uploads\/2014\/06\/20140621-02-030_roman-lob_Artikel.jpg?resize=525%2C300 1.5x, https:\/\/i0.wp.com\/www.rockpixx.com\/wordpress\/wp-content\/uploads\/2014\/06\/20140621-02-030_roman-lob_Artikel.jpg?resize=700%2C400 2x"},"classes":[]},{"id":14674,"url":"http:\/\/www.rockpixx.com\/wordpress\/juli-23-06-2014-kiel-r-sh-buehne\/","url_meta":{"origin":14792,"position":3},"title":"Juli, 23.06.2014, Kiel, R.SH-B\u00fchne","author":"Anja","date":"24. Juni 2014","format":false,"excerpt":"Jetzt mal ein ganz flaches Wortspiel: \u201eJuli\u201c im Juni. Bl\u00f6d, nicht wahr? Ok, dann etwas Ansageprosa von der B\u00fchne: \u201eSeit 10 Jahren rocken sie Deutschland. Schon 2005 standen sie bei uns auf der B\u00fchne und haben eine gigantische Party veranstaltet. Das wollen wir dieses Jahr noch toppen! (Und au\u00dferdem kommt\u2026","rel":"","context":"In &quot;Acts&quot;","block_context":{"text":"Acts","link":"http:\/\/www.rockpixx.com\/wordpress\/category\/acts\/"},"img":{"alt_text":"Juli, 23.06.2014, Kiel, H\u00f6rnb\u00fchne","src":"https:\/\/i0.wp.com\/www.rockpixx.com\/wordpress\/wp-content\/uploads\/2014\/06\/20140623-02-026_juli_Artikel.jpg?resize=350%2C200","width":350,"height":200,"srcset":"https:\/\/i0.wp.com\/www.rockpixx.com\/wordpress\/wp-content\/uploads\/2014\/06\/20140623-02-026_juli_Artikel.jpg?resize=350%2C200 1x, https:\/\/i0.wp.com\/www.rockpixx.com\/wordpress\/wp-content\/uploads\/2014\/06\/20140623-02-026_juli_Artikel.jpg?resize=525%2C300 1.5x, https:\/\/i0.wp.com\/www.rockpixx.com\/wordpress\/wp-content\/uploads\/2014\/06\/20140623-02-026_juli_Artikel.jpg?resize=700%2C400 2x"},"classes":[]},{"id":14747,"url":"http:\/\/www.rockpixx.com\/wordpress\/merqury-23-06-2014-kiel-maxbuehne\/","url_meta":{"origin":14792,"position":4},"title":"MerQury, 23.06.2014, Kiel, MAXB\u00fchne","author":"admin","date":"24. Juni 2014","format":false,"excerpt":"Frage: \u201eWarum sollen wir eigentlich immer wieder das Gleiche \u00fcber die tollen Konzerte von\u00a0\u2192 \u201aMerQury\u2018 schreiben?\u201c Lassen wir stattdessen doch einmal die internationale Presse zu Wort kommen: \u201eDeine Stars aus Rock und Pop\u201c schreibt: \u201eDas Aus bei MerQury? Volker schie\u00dft auf Falk! Beim gestrigen Auftritt von MerQury auf der MAXB\u00fchne\u2026","rel":"","context":"In &quot;Acts&quot;","block_context":{"text":"Acts","link":"http:\/\/www.rockpixx.com\/wordpress\/category\/acts\/"},"img":{"alt_text":"MerQury, 23.06.2014, Kiel, MAXB\u00fchne","src":"https:\/\/i0.wp.com\/www.rockpixx.com\/wordpress\/wp-content\/uploads\/2014\/06\/20140623-05-053_merqury_Artikel.jpg?resize=350%2C200","width":350,"height":200,"srcset":"https:\/\/i0.wp.com\/www.rockpixx.com\/wordpress\/wp-content\/uploads\/2014\/06\/20140623-05-053_merqury_Artikel.jpg?resize=350%2C200 1x, https:\/\/i0.wp.com\/www.rockpixx.com\/wordpress\/wp-content\/uploads\/2014\/06\/20140623-05-053_merqury_Artikel.jpg?resize=525%2C300 1.5x, https:\/\/i0.wp.com\/www.rockpixx.com\/wordpress\/wp-content\/uploads\/2014\/06\/20140623-05-053_merqury_Artikel.jpg?resize=700%2C400 2x"},"classes":[]},{"id":18642,"url":"http:\/\/www.rockpixx.com\/wordpress\/merqury-24-06-2015-kieler-woche-hoern-buehne-kiel\/","url_meta":{"origin":14792,"position":5},"title":"MerQury, 24.06.2015, Kieler Woche, H\u00f6rn-B\u00fchne, Kiel","author":"Anja","date":"25. Juni 2015","format":false,"excerpt":"Kieler Woche und \u201eMerQury\u201c die Zweite \u2013 nach dem Auftritt am \u2192 Montag auf der NetUSE-B\u00fchne erleben wir heute die Musiker auf der H\u00f6rn-B\u00fchne vor einem gro\u00dfen und begeisterten Publikum. W\u00e4hrend wir Backstage warteten, weil Anastacia noch auf der B\u00fchne war, versprach ich Johnny, Falk, Volker und Norbert diesmal das\u2026","rel":"","context":"In &quot;Acts&quot;","block_context":{"text":"Acts","link":"http:\/\/www.rockpixx.com\/wordpress\/category\/acts\/"},"img":{"alt_text":"MerQury, H\u00f6rn-B\u00fchne, Kiel, 24.06.2015","src":"https:\/\/i0.wp.com\/www.rockpixx.com\/wordpress\/wp-content\/uploads\/2015\/06\/20150624-02-415_merqury_Artikel.jpg?resize=350%2C200","width":350,"height":200,"srcset":"https:\/\/i0.wp.com\/www.rockpixx.com\/wordpress\/wp-content\/uploads\/2015\/06\/20150624-02-415_merqury_Artikel.jpg?resize=350%2C200 1x, https:\/\/i0.wp.com\/www.rockpixx.com\/wordpress\/wp-content\/uploads\/2015\/06\/20150624-02-415_merqury_Artikel.jpg?resize=525%2C300 1.5x, https:\/\/i0.wp.com\/www.rockpixx.com\/wordpress\/wp-content\/uploads\/2015\/06\/20150624-02-415_merqury_Artikel.jpg?resize=700%2C400 2x"},"classes":[]}],"jetpack_sharing_enabled":true,"publishpress_future_action":{"enabled":false,"date":"2026-05-08 23:13:55","action":"change-status","newStatus":"draft","terms":[],"taxonomy":"category","extraData":[]},"publishpress_future_workflow_manual_trigger":{"enabledWorkflows":[]},"_links":{"self":[{"href":"http:\/\/www.rockpixx.com\/wordpress\/wp-json\/wp\/v2\/posts\/14792","targetHints":{"allow":["GET"]}}],"collection":[{"href":"http:\/\/www.rockpixx.com\/wordpress\/wp-json\/wp\/v2\/posts"}],"about":[{"href":"http:\/\/www.rockpixx.com\/wordpress\/wp-json\/wp\/v2\/types\/post"}],"author":[{"embeddable":true,"href":"http:\/\/www.rockpixx.com\/wordpress\/wp-json\/wp\/v2\/users\/2"}],"replies":[{"embeddable":true,"href":"http:\/\/www.rockpixx.com\/wordpress\/wp-json\/wp\/v2\/comments?post=14792"}],"version-history":[{"count":0,"href":"http:\/\/www.rockpixx.com\/wordpress\/wp-json\/wp\/v2\/posts\/14792\/revisions"}],"wp:featuredmedia":[{"embeddable":true,"href":"http:\/\/www.rockpixx.com\/wordpress\/wp-json\/wp\/v2\/media\/14852"}],"wp:attachment":[{"href":"http:\/\/www.rockpixx.com\/wordpress\/wp-json\/wp\/v2\/media?parent=14792"}],"wp:term":[{"taxonomy":"category","embeddable":true,"href":"http:\/\/www.rockpixx.com\/wordpress\/wp-json\/wp\/v2\/categories?post=14792"},{"taxonomy":"post_tag","embeddable":true,"href":"http:\/\/www.rockpixx.com\/wordpress\/wp-json\/wp\/v2\/tags?post=14792"}],"curies":[{"name":"wp","href":"https:\/\/api.w.org\/{rel}","templated":true}]}}