{"id":14794,"date":"2014-06-26T21:00:47","date_gmt":"2014-06-26T20:00:47","guid":{"rendered":"http:\/\/rockpixx.com\/wordpress\/?p=14794"},"modified":"2014-07-03T21:34:58","modified_gmt":"2014-07-03T20:34:58","slug":"iggy-and-the-german-kids-25-06-2014-kiel-ndr-buehne","status":"publish","type":"post","link":"http:\/\/www.rockpixx.com\/wordpress\/iggy-and-the-german-kids-25-06-2014-kiel-ndr-buehne\/","title":{"rendered":"Iggy and The German Kids, 25.06.2014, Kiel, NDR-B\u00fchne"},"content":{"rendered":"<p class=\"Normal\" style=\"margin-bottom: 6.0pt;\">Eigentlich stand f\u00fcr diesen Zeitpunkt meines Arbeitstages \u2192 \u201e<a title=\"Illegal 2001 auf rockpixx.com\" href=\"http:\/\/rockpixx.com\/wordpress\/category\/acts\/andere-bands\/andere-i\/illegal-2001\/\">Illegal 2001<\/a>\u201c im Kieler Woche Musikzelt auf dem Programm, aber leider hat sich die Zeit f\u00fcr den Auftritt um eine Stunde nach hinten verschoben und da kollidieren sie\u00a0 mit dem Auftritt von \u2192 \u201e<a title=\"Madcon auf rockpixx.com\" href=\"http:\/\/rockpixx.com\/wordpress\/category\/acts\/topacts\/top-m\/madcon\/\">Madcon<\/a>\u201c auf der NDR-B\u00fchne. Also bin ich gem\u00fctlich die Kiellinie entlang geschlendert \u2013 Wann hab ich daf\u00fcr das letzte Mal eigentlich Zeit gehabt?<!--more--><\/p>\n<p class=\"Normal\" style=\"margin-bottom: 6.0pt;\">So kam es, dass ich \u201eIggy and the German Kids\u201c noch mitnehmen konnte. Die Band besteht aus einem Drummer, Keyboarder, Gitarristen und Bassist, der auch gleichzeitig der S\u00e4nger ist. Dass ich vom S\u00e4nger leider nur Portraits im Graben schie\u00dfen konnte, sah ich gleich zu Anfang, denn sein Mikro und der Bass standen gleich am Anfang des ca. 2 m hohen Catwalks \u2013 das h\u00e4tte von vorne nur \u201eNasenhaar-Bilder\u201c bzw. \u201eZahnplomben-Bilder\u201c gegeben, \u00fcber die sich h\u00f6chstens die Zahnmedizinklasse gefreut h\u00e4tte.<\/p>\n<p class=\"Normal\" style=\"margin-bottom: 6.0pt;\">Musikalisch war es zuckers\u00fc\u00dfer Pop, der durch druckvolle Passagen rockig r\u00fcberkommen wollte, aber letztendlich sind es doch nur schmalzige Songs, bei denen die kleinen M\u00e4dchen vom M\u00e4rchenprinzen tr\u00e4umen. Mein Fall war es nicht, aber ich geh\u00f6re ja auch nicht zur Zielgruppe von N-Joy, dem Jugendsender des NDR.<\/p>\n<p style=\"text-align: right;\">Fotos: <a href=\"mailto:a.roselt@rockpixx.com?subject=Iggy%20and%20the%20German%20Kids,%2026.06.2014,%20Kiel,%20NDR-B\u00fchne\">Anja<\/a> | Text: <a href=\"mailto:a.roselt@rockpixx.com?subject=Iggy%20and%20the%20German%20Kids,%2026.06.2014,%20Kiel,%20NDR-B\u00fchne\">Anja<\/a><\/p>\n<div class=\"eat-left eat-right\"><div class=\"thumbs-masonry isotope\"><div class=\"isotope-item block-2 block-h-2\"><a href=\"http:\/\/www.rockpixx.com\/wordpress\/wp-content\/uploads\/2014\/07\/20140625-02-002.jpg\" rel=\"prettyPhoto[postgal_14868]\" class=\"show-hover-link block-h-2\"\"><img decoding=\"async\" src=\"http:\/\/www.rockpixx.com\/wordpress\/wp-content\/uploads\/2014\/07\/20140625-02-002-480x480.jpg\" alt=\"Iggy and The German Kids, 25.06.2014, Kiel, NDR-B\u00fchne\"\/><span class=\"before\"><\/span><span class=\"after\"><\/span><\/a><\/div><div class=\"isotope-item block-1 block-h-1\"><a href=\"http:\/\/www.rockpixx.com\/wordpress\/wp-content\/uploads\/2014\/07\/20140625-02-011.jpg\" rel=\"prettyPhoto[postgal_14868]\" class=\"show-hover-link block-h-1\"\"><img decoding=\"async\" src=\"http:\/\/www.rockpixx.com\/wordpress\/wp-content\/uploads\/2014\/07\/20140625-02-011-480x480.jpg\" alt=\"Iggy and The German Kids, 25.06.2014, Kiel, NDR-B\u00fchne\"\/><span class=\"before\"><\/span><span class=\"after\"><\/span><\/a><\/div><div class=\"isotope-item block-1 block-h-1\"><a href=\"http:\/\/www.rockpixx.com\/wordpress\/wp-content\/uploads\/2014\/07\/20140625-02-014.jpg\" rel=\"prettyPhoto[postgal_14868]\" class=\"show-hover-link block-h-1\"\"><img decoding=\"async\" src=\"http:\/\/www.rockpixx.com\/wordpress\/wp-content\/uploads\/2014\/07\/20140625-02-014-480x480.jpg\" alt=\"Iggy and The German Kids, 25.06.2014, Kiel, NDR-B\u00fchne\"\/><span class=\"before\"><\/span><span class=\"after\"><\/span><\/a><\/div><div class=\"isotope-item block-2 block-h-2\"><a href=\"http:\/\/www.rockpixx.com\/wordpress\/wp-content\/uploads\/2014\/07\/20140625-02-0151.jpg\" rel=\"prettyPhoto[postgal_14868]\" class=\"show-hover-link block-h-2\"\"><img decoding=\"async\" src=\"http:\/\/www.rockpixx.com\/wordpress\/wp-content\/uploads\/2014\/07\/20140625-02-0151-480x480.jpg\" alt=\"Iggy and the German Kids, 25.06.2014, Kiel, NDR-B\u00fchne\"\/><span class=\"before\"><\/span><span class=\"after\"><\/span><\/a><\/div><div class=\"isotope-item block-1 block-h-1\"><a href=\"http:\/\/www.rockpixx.com\/wordpress\/wp-content\/uploads\/2014\/07\/20140625-02-017.jpg\" rel=\"prettyPhoto[postgal_14868]\" class=\"show-hover-link block-h-1\"\"><img decoding=\"async\" src=\"http:\/\/www.rockpixx.com\/wordpress\/wp-content\/uploads\/2014\/07\/20140625-02-017-480x480.jpg\" alt=\"Iggy and The German Kids, 25.06.2014, Kiel, NDR-B\u00fchne\"\/><span class=\"before\"><\/span><span class=\"after\"><\/span><\/a><\/div><div class=\"isotope-item block-1 block-h-1\"><a href=\"http:\/\/www.rockpixx.com\/wordpress\/wp-content\/uploads\/2014\/07\/20140625-02-018.jpg\" rel=\"prettyPhoto[postgal_14868]\" class=\"show-hover-link block-h-1\"\"><img decoding=\"async\" src=\"http:\/\/www.rockpixx.com\/wordpress\/wp-content\/uploads\/2014\/07\/20140625-02-018-480x480.jpg\" alt=\"Iggy and The German Kids, 25.06.2014, Kiel, NDR-B\u00fchne\"\/><span class=\"before\"><\/span><span class=\"after\"><\/span><\/a><\/div><div class=\"isotope-item block-2 block-h-2\"><a href=\"http:\/\/www.rockpixx.com\/wordpress\/wp-content\/uploads\/2014\/07\/20140625-02-025.jpg\" rel=\"prettyPhoto[postgal_14868]\" class=\"show-hover-link block-h-2\"\"><img decoding=\"async\" src=\"http:\/\/www.rockpixx.com\/wordpress\/wp-content\/uploads\/2014\/07\/20140625-02-025-480x480.jpg\" alt=\"Iggy and the German Kids, 25.06.2014, Kiel, NDR-B\u00fchne\"\/><span class=\"before\"><\/span><span class=\"after\"><\/span><\/a><\/div><div class=\"isotope-item block-1 block-h-1\"><a href=\"http:\/\/www.rockpixx.com\/wordpress\/wp-content\/uploads\/2014\/07\/20140625-02-034.jpg\" rel=\"prettyPhoto[postgal_14868]\" class=\"show-hover-link block-h-1\"\"><img decoding=\"async\" src=\"http:\/\/www.rockpixx.com\/wordpress\/wp-content\/uploads\/2014\/07\/20140625-02-034-480x480.jpg\" alt=\"Iggy and The German Kids, 25.06.2014, Kiel, NDR-B\u00fchne\"\/><span class=\"before\"><\/span><span class=\"after\"><\/span><\/a><\/div><div class=\"isotope-item block-1 block-h-1\"><a href=\"http:\/\/www.rockpixx.com\/wordpress\/wp-content\/uploads\/2014\/07\/20140625-02-036.jpg\" rel=\"prettyPhoto[postgal_14868]\" class=\"show-hover-link block-h-1\"\"><img decoding=\"async\" src=\"http:\/\/www.rockpixx.com\/wordpress\/wp-content\/uploads\/2014\/07\/20140625-02-036-480x480.jpg\" alt=\"Iggy and The German Kids, 25.06.2014, Kiel, NDR-B\u00fchne\"\/><span class=\"before\"><\/span><span class=\"after\"><\/span><\/a><\/div><div class=\"isotope-item block-2 block-h-2\"><a href=\"http:\/\/www.rockpixx.com\/wordpress\/wp-content\/uploads\/2014\/07\/20140625-02-046.jpg\" rel=\"prettyPhoto[postgal_14868]\" class=\"show-hover-link block-h-2\"\"><img decoding=\"async\" src=\"http:\/\/www.rockpixx.com\/wordpress\/wp-content\/uploads\/2014\/07\/20140625-02-046-480x480.jpg\" alt=\"Iggy and The German Kids, 25.06.2014, Kiel, NDR-B\u00fchne\"\/><span class=\"before\"><\/span><span class=\"after\"><\/span><\/a><\/div><\/div><\/div>\n<p>&nbsp;<\/p>\n<p class=\"Normal\" style=\"margin-bottom: 6pt; text-align: left;\">\n","protected":false},"excerpt":{"rendered":"<p>Eigentlich stand f\u00fcr diesen Zeitpunkt meines Arbeitstages \u2192 \u201eIllegal 2001\u201c im Kieler Woche Musikzelt auf <a href=\"http:\/\/www.rockpixx.com\/wordpress\/iggy-and-the-german-kids-25-06-2014-kiel-ndr-buehne\/\">Read more<\/a><\/p>\n","protected":false},"author":2,"featured_media":14869,"comment_status":"open","ping_status":"open","sticky":false,"template":"","format":"standard","meta":{"_jetpack_memberships_contains_paid_content":false,"footnotes":"","jetpack_publicize_message":"#Iggy and The German Kids, 25.06.2014, Kiel, NDR-B\u00fchne, #KielerWoche","jetpack_publicize_feature_enabled":true,"jetpack_social_post_already_shared":true,"jetpack_social_options":{"image_generator_settings":{"template":"highway","default_image_id":0,"font":"","enabled":false},"version":2}},"categories":[34,1422],"tags":[2291,133,2362,1735,138,1775],"class_list":["post-14794","post","type-post","status-publish","format-standard","has-post-thumbnail","hentry","category-acts","category-iggy-and-the-german-kids","tag-2291","tag-festivals","tag-iggy-and-the-german-kids","tag-kiel","tag-kieler-woche","tag-ndr-buhne"],"aioseo_notices":[],"jetpack_publicize_connections":[],"jetpack_featured_media_url":"http:\/\/www.rockpixx.com\/wordpress\/wp-content\/uploads\/2014\/07\/20140625-02-025_iggy-and-the-german-kids_Artikel.jpg","jetpack-related-posts":[{"id":8510,"url":"http:\/\/www.rockpixx.com\/wordpress\/kim-wilde-18-06-2012-kiel-ndr-buhne\/","url_meta":{"origin":14794,"position":0},"title":"Kim Wilde, 18.06.2012, Kiel, NDR-B\u00fchne","author":"Anja","date":"18. Juni 2012","format":false,"excerpt":"Kim Wilde, darauf hab ich mich schon die ganze Zeit gefreut, als es hie\u00df wir gehen zur Kieler Woche. Also habe ich die interne Pokermeisterschaft bei rockpixx.com gewonnen und durfte zu Kim Wilde auf der NDR-B\u00fchne. Als ich wie gewohnt f\u00fcr die Bilder in den Graben wollte, hie\u00df es von\u2026","rel":"","context":"In &quot;Acts&quot;","block_context":{"text":"Acts","link":"http:\/\/www.rockpixx.com\/wordpress\/category\/acts\/"},"img":{"alt_text":"Kim Wilde, 18.06.2012, Kiel, NDR-B\u00fchne","src":"https:\/\/i0.wp.com\/www.rockpixx.com\/wordpress\/wp-content\/uploads\/2013\/02\/20120618-04-kim-wilde-Artikel.jpg?resize=350%2C200","width":350,"height":200,"srcset":"https:\/\/i0.wp.com\/www.rockpixx.com\/wordpress\/wp-content\/uploads\/2013\/02\/20120618-04-kim-wilde-Artikel.jpg?resize=350%2C200 1x, https:\/\/i0.wp.com\/www.rockpixx.com\/wordpress\/wp-content\/uploads\/2013\/02\/20120618-04-kim-wilde-Artikel.jpg?resize=525%2C300 1.5x, https:\/\/i0.wp.com\/www.rockpixx.com\/wordpress\/wp-content\/uploads\/2013\/02\/20120618-04-kim-wilde-Artikel.jpg?resize=700%2C400 2x"},"classes":[]},{"id":6933,"url":"http:\/\/www.rockpixx.com\/wordpress\/hermes-house-band-25-06-2010-kiel-ndr-buhne\/","url_meta":{"origin":14794,"position":1},"title":"Hermes House Band, 25.06.2010, Kiel, NDR-B\u00fchne","author":"Anja","date":"25. Juni 2010","format":false,"excerpt":"\u201eEuropas beste Partyband\u201c \u2013 sp\u00e4testens, seitdem sie John Denver\u2019s \u201eCountry Rose\u201c recycled haben, kennt man sie als professionelle Lieferanten ausgelassener Partystimmung: Die Rede ist von der \u201eHermes House Band\u201c aus Holland. So auch auf der NDR-B\u00fchne: Schon mit den ersten Kl\u00e4ngen des Openers \u201eAmarillo\u201c war klar, dass auch hier wieder\u2026","rel":"","context":"In &quot;Acts&quot;","block_context":{"text":"Acts","link":"http:\/\/www.rockpixx.com\/wordpress\/category\/acts\/"},"img":{"alt_text":"Hermes House Band, 25.06.2010, Kiel, NDR-B\u00fchne","src":"https:\/\/i0.wp.com\/www.rockpixx.com\/wordpress\/wp-content\/uploads\/2013\/01\/20100625-02-hermes-house-band-Artikel.jpg?resize=350%2C200","width":350,"height":200,"srcset":"https:\/\/i0.wp.com\/www.rockpixx.com\/wordpress\/wp-content\/uploads\/2013\/01\/20100625-02-hermes-house-band-Artikel.jpg?resize=350%2C200 1x, https:\/\/i0.wp.com\/www.rockpixx.com\/wordpress\/wp-content\/uploads\/2013\/01\/20100625-02-hermes-house-band-Artikel.jpg?resize=525%2C300 1.5x, https:\/\/i0.wp.com\/www.rockpixx.com\/wordpress\/wp-content\/uploads\/2013\/01\/20100625-02-hermes-house-band-Artikel.jpg?resize=700%2C400 2x"},"classes":[]},{"id":18195,"url":"http:\/\/www.rockpixx.com\/wordpress\/glasperlenspiel-19-06-2015-kieler-woche-ndr-buehne-kiel\/","url_meta":{"origin":14794,"position":2},"title":"Glasperlenspiel, 19.06.2015, Kieler Woche, NDR-B\u00fchne, Kiel","author":"Anja","date":"20. Juni 2015","format":false,"excerpt":"\u201eGlasperlenspiel\u201c auf der diesj\u00e4hrigen Kieler Woche verdanken wir dem nicht so sch\u00f6nen Umstand, dass der eigentlich geplante S\u00e4nger \u201eDotan\u201c krankheitsbedingt absagen muss, auf diesem Weg gute Besserung. Nat\u00fcrlich freute ich mich pers\u00f6nlich dar\u00fcber, dass Glasperlenspiel so kurzfristig eingesprungen sind, zum einen weil sie sicherlich neben ihren bekannten Hits wie \u201eIch\u2026","rel":"","context":"In &quot;Acts&quot;","block_context":{"text":"Acts","link":"http:\/\/www.rockpixx.com\/wordpress\/category\/acts\/"},"img":{"alt_text":"Glasperlenspiel, 19.06.2015, NDR-B\u00fchne, Kiel","src":"https:\/\/i0.wp.com\/www.rockpixx.com\/wordpress\/wp-content\/uploads\/2015\/06\/20150619-05-025_glasperlenspiel_Artikel.jpg?resize=350%2C200","width":350,"height":200,"srcset":"https:\/\/i0.wp.com\/www.rockpixx.com\/wordpress\/wp-content\/uploads\/2015\/06\/20150619-05-025_glasperlenspiel_Artikel.jpg?resize=350%2C200 1x, https:\/\/i0.wp.com\/www.rockpixx.com\/wordpress\/wp-content\/uploads\/2015\/06\/20150619-05-025_glasperlenspiel_Artikel.jpg?resize=525%2C300 1.5x, https:\/\/i0.wp.com\/www.rockpixx.com\/wordpress\/wp-content\/uploads\/2015\/06\/20150619-05-025_glasperlenspiel_Artikel.jpg?resize=700%2C400 2x"},"classes":[]},{"id":7663,"url":"http:\/\/www.rockpixx.com\/wordpress\/the-hooters-17-06-2011-kiel-ndr-buhne\/","url_meta":{"origin":14794,"position":3},"title":"The Hooters, 17.06.2011, Kiel, NDR-B\u00fchne","author":"Anja","date":"17. Juni 2011","format":false,"excerpt":"Und dann \u201eThe Hooters\u201c \u2013 wieder zur\u00fcck an der NDR-B\u00fchne. Es ist bereits das dritte Mal, dass ich diese \u00e4u\u00dferst spielfreudige Band live erlebe. Der letzte Auftritt war vor fast genau 2 Jahren im \u2192\u00a0 Sommer 2009 in M\u00fchldorf am Inn. Der Platz vor der B\u00fchne ist gut voll und\u2026","rel":"","context":"In &quot;Acts&quot;","block_context":{"text":"Acts","link":"http:\/\/www.rockpixx.com\/wordpress\/category\/acts\/"},"img":{"alt_text":"The Hooters, 17.06.2011, Kiel, NDR-B\u00fchne","src":"https:\/\/i0.wp.com\/www.rockpixx.com\/wordpress\/wp-content\/uploads\/2013\/01\/20110617-07-hooters-Artikel.jpg?resize=350%2C200","width":350,"height":200,"srcset":"https:\/\/i0.wp.com\/www.rockpixx.com\/wordpress\/wp-content\/uploads\/2013\/01\/20110617-07-hooters-Artikel.jpg?resize=350%2C200 1x, https:\/\/i0.wp.com\/www.rockpixx.com\/wordpress\/wp-content\/uploads\/2013\/01\/20110617-07-hooters-Artikel.jpg?resize=525%2C300 1.5x, https:\/\/i0.wp.com\/www.rockpixx.com\/wordpress\/wp-content\/uploads\/2013\/01\/20110617-07-hooters-Artikel.jpg?resize=700%2C400 2x"},"classes":[]},{"id":11256,"url":"http:\/\/www.rockpixx.com\/wordpress\/stanfour-28-06-2013-kiel-ndr-buhne\/","url_meta":{"origin":14794,"position":4},"title":"Stanfour, 28.06.2013, Kiel, NDR-B\u00fchne","author":"Anja","date":"29. Juni 2013","format":false,"excerpt":"Der Arbeitstag im Graben begann f\u00fcr mich im dicksten Nebel, so dass ich mir w\u00fcnschte, ein Nebelhorn zur Hand zu haben. Ich konnte nicht mal mehr das Kamerapodest vom NDR sehen, obwohl ich nur einen knappen Meter davor gestanden habe. Zum Gl\u00fcck war etwas Wind, denn schlie\u00dflich sollte man ja\u2026","rel":"","context":"In &quot;Acts&quot;","block_context":{"text":"Acts","link":"http:\/\/www.rockpixx.com\/wordpress\/category\/acts\/"},"img":{"alt_text":"","src":"https:\/\/i0.wp.com\/www.rockpixx.com\/wordpress\/wp-content\/uploads\/2013\/06\/20130628-02-013_stanfour-Artikel.jpg?resize=350%2C200","width":350,"height":200,"srcset":"https:\/\/i0.wp.com\/www.rockpixx.com\/wordpress\/wp-content\/uploads\/2013\/06\/20130628-02-013_stanfour-Artikel.jpg?resize=350%2C200 1x, https:\/\/i0.wp.com\/www.rockpixx.com\/wordpress\/wp-content\/uploads\/2013\/06\/20130628-02-013_stanfour-Artikel.jpg?resize=525%2C300 1.5x, https:\/\/i0.wp.com\/www.rockpixx.com\/wordpress\/wp-content\/uploads\/2013\/06\/20130628-02-013_stanfour-Artikel.jpg?resize=700%2C400 2x"},"classes":[]},{"id":5498,"url":"http:\/\/www.rockpixx.com\/wordpress\/right-said-fred-26-06-2009-kiel-ndr-buhne\/","url_meta":{"origin":14794,"position":5},"title":"Right Said Fred, 26.06.2009, Kiel, NDR-B\u00fchne","author":"Anja","date":"26. Juni 2009","format":false,"excerpt":"Heute durfte ich zwei Energieb\u00fcndel aus England ablichten. Die Jungs st\u00fcrmten auf die B\u00fchne und brachten mit Ihrem Song \u201eWe are the Freds\u201c gute Laune und Partystimmung mit. Ganz die Profis merkte man ihrem Auftritt an, dass es ihr Ziel ist, das Publikum zu unterhalten und gute Laune zu verbreiten.\u2026","rel":"","context":"In &quot;Acts&quot;","block_context":{"text":"Acts","link":"http:\/\/www.rockpixx.com\/wordpress\/category\/acts\/"},"img":{"alt_text":"Right Said Fred, 26.06.2009, Kiel, NDR-B\u00fchne","src":"https:\/\/i0.wp.com\/www.rockpixx.com\/wordpress\/wp-content\/uploads\/2013\/01\/20090626-02-right-said-fred-Artikel.jpg?resize=350%2C200","width":350,"height":200,"srcset":"https:\/\/i0.wp.com\/www.rockpixx.com\/wordpress\/wp-content\/uploads\/2013\/01\/20090626-02-right-said-fred-Artikel.jpg?resize=350%2C200 1x, https:\/\/i0.wp.com\/www.rockpixx.com\/wordpress\/wp-content\/uploads\/2013\/01\/20090626-02-right-said-fred-Artikel.jpg?resize=525%2C300 1.5x, https:\/\/i0.wp.com\/www.rockpixx.com\/wordpress\/wp-content\/uploads\/2013\/01\/20090626-02-right-said-fred-Artikel.jpg?resize=700%2C400 2x"},"classes":[]}],"jetpack_sharing_enabled":true,"publishpress_future_action":{"enabled":false,"date":"2026-05-09 01:06:46","action":"change-status","newStatus":"draft","terms":[],"taxonomy":"category","extraData":[]},"publishpress_future_workflow_manual_trigger":{"enabledWorkflows":[]},"_links":{"self":[{"href":"http:\/\/www.rockpixx.com\/wordpress\/wp-json\/wp\/v2\/posts\/14794","targetHints":{"allow":["GET"]}}],"collection":[{"href":"http:\/\/www.rockpixx.com\/wordpress\/wp-json\/wp\/v2\/posts"}],"about":[{"href":"http:\/\/www.rockpixx.com\/wordpress\/wp-json\/wp\/v2\/types\/post"}],"author":[{"embeddable":true,"href":"http:\/\/www.rockpixx.com\/wordpress\/wp-json\/wp\/v2\/users\/2"}],"replies":[{"embeddable":true,"href":"http:\/\/www.rockpixx.com\/wordpress\/wp-json\/wp\/v2\/comments?post=14794"}],"version-history":[{"count":0,"href":"http:\/\/www.rockpixx.com\/wordpress\/wp-json\/wp\/v2\/posts\/14794\/revisions"}],"wp:featuredmedia":[{"embeddable":true,"href":"http:\/\/www.rockpixx.com\/wordpress\/wp-json\/wp\/v2\/media\/14869"}],"wp:attachment":[{"href":"http:\/\/www.rockpixx.com\/wordpress\/wp-json\/wp\/v2\/media?parent=14794"}],"wp:term":[{"taxonomy":"category","embeddable":true,"href":"http:\/\/www.rockpixx.com\/wordpress\/wp-json\/wp\/v2\/categories?post=14794"},{"taxonomy":"post_tag","embeddable":true,"href":"http:\/\/www.rockpixx.com\/wordpress\/wp-json\/wp\/v2\/tags?post=14794"}],"curies":[{"name":"wp","href":"https:\/\/api.w.org\/{rel}","templated":true}]}}