{"id":14809,"date":"2014-06-26T13:32:36","date_gmt":"2014-06-26T12:32:36","guid":{"rendered":"http:\/\/rockpixx.com\/wordpress\/?p=14809"},"modified":"2014-06-26T13:56:36","modified_gmt":"2014-06-26T12:56:36","slug":"wir-nennen-hier-keine-namen","status":"publish","type":"post","link":"http:\/\/www.rockpixx.com\/wordpress\/wir-nennen-hier-keine-namen\/","title":{"rendered":"Wir nennen hier keine Namen"},"content":{"rendered":"<p>Wir sind per offizieller Gesch\u00e4fts-Mail mit Lesebest\u00e4tigung und Fristsetzung aufgefordert worden, unsere \u201eRufmord-Parole\u201c zu einer bestimmten Band hier zu entfernen, anderenfalls w\u00e4ren von uns anwaltliche Konsequenzen zu tragen. Dieser Aufforderung kommen wir dankbar nach.<!--more--><\/p>\n<p>Wir gehen sogar noch einen Schritt weiter und bekennen \u00f6ffentlich: Selbstverst\u00e4ndlich hat uns niemand hier ein Bild geklaut, welches im urspr\u00fcnglichen Artikel zu dieser Band zu sehen gewesen ist. Und \u2013 um das noch einmal ganz deutlich zu machen: \u2013 ist uns das auch gleich noch in unendlicher G\u00fcte erkl\u00e4rt worden: Uns ist kein Bild geklaut worden, alle Bilder liegen ja immer noch in digitaler Form auf unserem Server. Wir bedanken uns mit vor Liebe \u00fcberstr\u00f6mendem Herzen f\u00fcr diese Erhellung unserer geistigen Dunkelheit.<\/p>\n<p>Wir sind sowas von zerknirscht und bitten untert\u00e4nigst, inst\u00e4ndigst und dem\u00fctigst um Verzeihung! Wir sch\u00e4men uns ganz furchtbar doll, dass wir so d\u00e4mlich sind, nicht den Unterschied zwischen Opfer und T\u00e4ter zu kennen.<\/p>\n<p style=\"text-align: right;\">Text: <a href=\"mailto:info@rockpixx.com\">Alex<\/a> | Keine Bilder: <a href=\"mailto:info@rockpixx.com\">Alex<\/a><\/p>\n<p style=\"text-align: right;\">\n","protected":false},"excerpt":{"rendered":"<p>Wir sind per offizieller Gesch\u00e4fts-Mail mit Lesebest\u00e4tigung und Fristsetzung aufgefordert worden, unsere \u201eRufmord-Parole\u201c zu einer <a href=\"http:\/\/www.rockpixx.com\/wordpress\/wir-nennen-hier-keine-namen\/\">Read more<\/a><\/p>\n","protected":false},"author":1,"featured_media":14813,"comment_status":"open","ping_status":"open","sticky":false,"template":"","format":"standard","meta":{"_jetpack_memberships_contains_paid_content":false,"footnotes":"","jetpack_publicize_message":"Wir nennen hier keine Namen, #Bilderklau","jetpack_publicize_feature_enabled":true,"jetpack_social_post_already_shared":true,"jetpack_social_options":{"image_generator_settings":{"template":"highway","default_image_id":0,"font":"","enabled":false},"version":2}},"categories":[1278,19],"tags":[2291],"class_list":["post-14809","post","type-post","status-publish","format-standard","has-post-thumbnail","hentry","category-1278","category-backstage","tag-2291"],"aioseo_notices":[],"jetpack_publicize_connections":[],"jetpack_featured_media_url":"http:\/\/www.rockpixx.com\/wordpress\/wp-content\/uploads\/2014\/06\/2014_wir-nennen-hier-keine-namen_Artikel.jpg","jetpack-related-posts":[{"id":1033,"url":"http:\/\/www.rockpixx.com\/wordpress\/musiker-und-deren-wunsch-nach-bildern\/","url_meta":{"origin":14809,"position":0},"title":"Musiker und deren Wunsch nach Bildern","author":"admin","date":"4. Juli 2010","format":false,"excerpt":"Moin, in Nachbetrachtung der diesj\u00e4hrigen \u201eKieler Woche\u201c m\u00f6chte ich einmal ein paar Beispiele f\u00fcr die Vorbringung von Bilderw\u00fcnschen seitens einiger Bands \/ Musiker \/ Managements \/ Veranstalter vorstellen. Ich werde hier absichtlich keinerlei Namen nennen, einige Texte sprechen f\u00fcr sich\u2026 Beispiel-1: Hallo hallo!!! Super-Fotos habt ihr gemacht. Die gefallen uns\u2026","rel":"","context":"In &quot;2010&quot;","block_context":{"text":"2010","link":"http:\/\/www.rockpixx.com\/wordpress\/category\/backstage\/2010\/"},"img":{"alt_text":"","src":"","width":0,"height":0},"classes":[]},{"id":1074,"url":"http:\/\/www.rockpixx.com\/wordpress\/das-war-2011\/","url_meta":{"origin":14809,"position":1},"title":"Das war 2011","author":"admin","date":"29. Dezember 2011","format":false,"excerpt":"Ein ereignisreiches Jahr neigt sich dem Ende zu. Es war f\u00fcr uns das Jahr, in dem wir die bisher meisten Acts fotografiert haben: Erstmals haben wir die Hunderter-Marke mit insgesamt 116 Acts geknackt! In der Gesamtheit ist ja alles auf \u2192 rockpixx.com nachzulesen \u2013 hier soll dagegen unser pers\u00f6nliches Fazit\u2026","rel":"","context":"In &quot;2011&quot;","block_context":{"text":"2011","link":"http:\/\/www.rockpixx.com\/wordpress\/category\/backstage\/2011\/"},"img":{"alt_text":"Konzertposter 2011","src":"https:\/\/i0.wp.com\/www.rockpixx.com\/wordpress\/wp-content\/uploads\/2013\/03\/20111229-Konzerte-2011-100x70.jpg?resize=350%2C200","width":350,"height":200,"srcset":"https:\/\/i0.wp.com\/www.rockpixx.com\/wordpress\/wp-content\/uploads\/2013\/03\/20111229-Konzerte-2011-100x70.jpg?resize=350%2C200 1x, https:\/\/i0.wp.com\/www.rockpixx.com\/wordpress\/wp-content\/uploads\/2013\/03\/20111229-Konzerte-2011-100x70.jpg?resize=525%2C300 1.5x, https:\/\/i0.wp.com\/www.rockpixx.com\/wordpress\/wp-content\/uploads\/2013\/03\/20111229-Konzerte-2011-100x70.jpg?resize=700%2C400 2x"},"classes":[]},{"id":12864,"url":"http:\/\/www.rockpixx.com\/wordpress\/eins-und-zwei-gleich-vier\/","url_meta":{"origin":14809,"position":2},"title":"Eins und Zwei gleich Vier","author":"admin","date":"21. April 2014","format":false,"excerpt":"Ein Konzert, zwei Fotografen, zwei Bearbeitungsstile. Wir haben ein interessantes Experiment gewagt! Frank Dudek von \u2192 LichtTakt und Alexander Hahl von rockpixx.com haben einmal wieder das gleiche Konzert fotografiert. Unsere Sehweisen des Geschehens auf der B\u00fchne sind mitunter recht \u00e4hnlich \u2013 die Bearbeitungsweisen unterscheiden sich zum Teil aber recht deutlich.\u2026","rel":"","context":"In &quot;2014&quot;","block_context":{"text":"2014","link":"http:\/\/www.rockpixx.com\/wordpress\/category\/backstage\/2014\/"},"img":{"alt_text":"Alive & Kicking, 17.04.2014, Lutterbek, Lutterbeker |","src":"https:\/\/i0.wp.com\/www.rockpixx.com\/wordpress\/wp-content\/uploads\/2014\/04\/20140417-0612.jpg?resize=350%2C200","width":350,"height":200,"srcset":"https:\/\/i0.wp.com\/www.rockpixx.com\/wordpress\/wp-content\/uploads\/2014\/04\/20140417-0612.jpg?resize=350%2C200 1x, https:\/\/i0.wp.com\/www.rockpixx.com\/wordpress\/wp-content\/uploads\/2014\/04\/20140417-0612.jpg?resize=525%2C300 1.5x, https:\/\/i0.wp.com\/www.rockpixx.com\/wordpress\/wp-content\/uploads\/2014\/04\/20140417-0612.jpg?resize=700%2C400 2x"},"classes":[]},{"id":1019,"url":"http:\/\/www.rockpixx.com\/wordpress\/kieler-woche-2010-2\/","url_meta":{"origin":14809,"position":3},"title":"Kieler Woche 2010","author":"admin","date":"5. Juni 2010","format":false,"excerpt":"Moin! So, es geht in ein paar Tagen los! Diese Kieler Woche steht dieses Jahr unter einem ganz besonderen Stern: Erstmals ist rockpixx.com Medienpartner einer der gro\u00dfen B\u00fchnen auf der diesj\u00e4hrigen Kieler Woche. Mit der \u201eMAXB\u00fchne\u201c verbindet uns seit 2008 ja eine besondere Beziehung: Wir haben dort backstage gewisserma\u00dfen \u201egewohnt\u201c\u2026","rel":"","context":"In &quot;2010&quot;","block_context":{"text":"2010","link":"http:\/\/www.rockpixx.com\/wordpress\/category\/backstage\/2010\/"},"img":{"alt_text":"","src":"","width":0,"height":0},"classes":[]},{"id":1034,"url":"http:\/\/www.rockpixx.com\/wordpress\/50-gigs-10-tage-2-fotografen-wie-schafft-man-das\/","url_meta":{"origin":14809,"position":4},"title":"50 Gigs, 10 Tage, 2 Fotografen: Wie schafft man das?","author":"admin","date":"9. Juli 2010","format":false,"excerpt":"Vorbemerkung Die \u201eKieler Woche\u201c 2010 sah das Team von rockpixx.com wieder im Einsatz. Um die ausgesuchten Acts ablichten und tagesaktuell auf unsere Seite bringen zu k\u00f6nnen, war sowohl im Vorfeld als auch t\u00e4glich auf der \u201eKieler Woche\u201c eine etwas ausf\u00fchrlichere Planung notwendig. Einige unserer Arbeitsabl\u00e4ufe und manche der zum Einsatz\u2026","rel":"","context":"In &quot;2010&quot;","block_context":{"text":"2010","link":"http:\/\/www.rockpixx.com\/wordpress\/category\/backstage\/2010\/"},"img":{"alt_text":"Workflow Kieler Woche 2010","src":"https:\/\/i0.wp.com\/www.rockpixx.com\/wordpress\/wp-content\/uploads\/2010\/07\/20100709-workflow-kiwo-2010.jpg?resize=350%2C200","width":350,"height":200,"srcset":"https:\/\/i0.wp.com\/www.rockpixx.com\/wordpress\/wp-content\/uploads\/2010\/07\/20100709-workflow-kiwo-2010.jpg?resize=350%2C200 1x, https:\/\/i0.wp.com\/www.rockpixx.com\/wordpress\/wp-content\/uploads\/2010\/07\/20100709-workflow-kiwo-2010.jpg?resize=525%2C300 1.5x, https:\/\/i0.wp.com\/www.rockpixx.com\/wordpress\/wp-content\/uploads\/2010\/07\/20100709-workflow-kiwo-2010.jpg?resize=700%2C400 2x"},"classes":[]},{"id":1049,"url":"http:\/\/www.rockpixx.com\/wordpress\/kieler-woche-2011-tag-null\/","url_meta":{"origin":14809,"position":5},"title":"Kieler Woche 2011, Tag -1","author":"admin","date":"16. Juni 2011","format":false,"excerpt":"Moin, angekommen im Norden sind wir irgendwie so \u00fcberdreht, dass auch nach einer Wachperiode von knapp 30 Stunden kein Schlaf kommen will. Also Aufbauen und Verkabeln der gesamten EDV. Sorge bereitet der Internetzugang \u2013 hier ist seit dem letzten Sommer umgebaut worden. Entweder finden wir unseren Server oder wir kommen\u2026","rel":"","context":"In &quot;2011&quot;","block_context":{"text":"2011","link":"http:\/\/www.rockpixx.com\/wordpress\/category\/backstage\/2011\/"},"img":{"alt_text":"Kieler Woche 2011, lost & found","src":"https:\/\/i0.wp.com\/www.rockpixx.com\/wordpress\/wp-content\/uploads\/2011\/06\/20110616-2011-06_Kieler-Woche-0011.jpg?resize=350%2C200","width":350,"height":200,"srcset":"https:\/\/i0.wp.com\/www.rockpixx.com\/wordpress\/wp-content\/uploads\/2011\/06\/20110616-2011-06_Kieler-Woche-0011.jpg?resize=350%2C200 1x, https:\/\/i0.wp.com\/www.rockpixx.com\/wordpress\/wp-content\/uploads\/2011\/06\/20110616-2011-06_Kieler-Woche-0011.jpg?resize=525%2C300 1.5x, https:\/\/i0.wp.com\/www.rockpixx.com\/wordpress\/wp-content\/uploads\/2011\/06\/20110616-2011-06_Kieler-Woche-0011.jpg?resize=700%2C400 2x"},"classes":[]}],"jetpack_sharing_enabled":true,"publishpress_future_action":{"enabled":false,"date":"2026-05-07 15:16:50","action":"change-status","newStatus":"draft","terms":[],"taxonomy":"category","extraData":[]},"publishpress_future_workflow_manual_trigger":{"enabledWorkflows":[]},"_links":{"self":[{"href":"http:\/\/www.rockpixx.com\/wordpress\/wp-json\/wp\/v2\/posts\/14809","targetHints":{"allow":["GET"]}}],"collection":[{"href":"http:\/\/www.rockpixx.com\/wordpress\/wp-json\/wp\/v2\/posts"}],"about":[{"href":"http:\/\/www.rockpixx.com\/wordpress\/wp-json\/wp\/v2\/types\/post"}],"author":[{"embeddable":true,"href":"http:\/\/www.rockpixx.com\/wordpress\/wp-json\/wp\/v2\/users\/1"}],"replies":[{"embeddable":true,"href":"http:\/\/www.rockpixx.com\/wordpress\/wp-json\/wp\/v2\/comments?post=14809"}],"version-history":[{"count":0,"href":"http:\/\/www.rockpixx.com\/wordpress\/wp-json\/wp\/v2\/posts\/14809\/revisions"}],"wp:featuredmedia":[{"embeddable":true,"href":"http:\/\/www.rockpixx.com\/wordpress\/wp-json\/wp\/v2\/media\/14813"}],"wp:attachment":[{"href":"http:\/\/www.rockpixx.com\/wordpress\/wp-json\/wp\/v2\/media?parent=14809"}],"wp:term":[{"taxonomy":"category","embeddable":true,"href":"http:\/\/www.rockpixx.com\/wordpress\/wp-json\/wp\/v2\/categories?post=14809"},{"taxonomy":"post_tag","embeddable":true,"href":"http:\/\/www.rockpixx.com\/wordpress\/wp-json\/wp\/v2\/tags?post=14809"}],"curies":[{"name":"wp","href":"https:\/\/api.w.org\/{rel}","templated":true}]}}