{"id":14873,"date":"2014-06-26T22:00:06","date_gmt":"2014-06-26T21:00:06","guid":{"rendered":"http:\/\/rockpixx.com\/wordpress\/?p=14873"},"modified":"2014-07-08T12:02:42","modified_gmt":"2014-07-08T11:02:42","slug":"madcon-25-06-2014-kiel-ndr-buehne","status":"publish","type":"post","link":"http:\/\/www.rockpixx.com\/wordpress\/madcon-25-06-2014-kiel-ndr-buehne\/","title":{"rendered":"Madcon, 25.06.2014, Kiel, NDR-B\u00fchne"},"content":{"rendered":"<p>Als ich das \u2192 <a title=\"Madcon, 25.06.2009, Kiel, NDR-B\u00fchne\" href=\"http:\/\/rockpixx.com\/wordpress\/madcon-25-06-2009-kiel-ndr-buhne\/\">letzte Mal \u201eMadcon\u201c<\/a> vor der Kamera hatte war die NDR-B\u00fchne noch am alten Olympiahafen und es hatte gesch\u00fcttet wie aus K\u00fcbeln, sprich es waren schon Fische drinnen. Damals ist \u201eMadcon\u201c super gut gelaunt und mit Regenschirmen aufgetreten, diese konnten sie heute in der Garderobe lassen, denn die Sonne schien \u00fcber der F\u00f6rde.<!--more-->Entsprechend viele Menschen waren heute in Kiel unterwegs \u2013 Kieler Woche und Sonne, das muss man nutzen. Vor der B\u00fchne am Ostseekai war der Platz unter dem gro\u00dfen \u201eUfo\u201c-Dach rasch voll und die Stimmung \u00b4im Publikum war gut.<\/p>\n<p>Die Musiker von \u201eMadcon\u201c sind gewohnt gutgelaunt auf die B\u00fchne gekommen und rissen das Publikum mit. Nat\u00fcrlich kommt man bei diesen Temperaturen ins Schwitzen, so dass sich Tshawe Baqwa von \u201eMadcon\u201c seines T-Shirts entledigte und den gr\u00f6\u00dften Teil des weiblichen Publikums damit zum hyperventilieren brachte. So kam ich heute auch zu meinem \u201eKehrseite-Bild des Tages\u201c \u2013 damit wir Fotografen nicht als sexistisch gelten, weil diese Bilder bisher meistens weibliche Kehrseiten zeigten, diesmal ein Augenschmaus f\u00fcr die M\u00e4dels.<\/p>\n<p style=\"text-align: right;\">Fotos: <a href=\"mailto:a.roselt@rockpixx.com?subject=Madcon,%2025.06.2014,%20Kiel,%20NDR-B\u00fchne\">Anja<\/a> | Text: <a href=\"mailto:a.roselt@rockpixx.com?subject=Madcon,%2025.06.2014,%20Kiel,%20NDR-B\u00fchne\">Anja<\/a><\/p>\n<p>&nbsp;<\/p>\n<div class=\"eat-left eat-right\"><div class=\"thumbs-masonry isotope\"><div class=\"isotope-item block-2 block-h-2\"><a href=\"http:\/\/www.rockpixx.com\/wordpress\/wp-content\/uploads\/2014\/07\/20140625-03-008.jpg\" rel=\"prettyPhoto[postgal_14891]\" class=\"show-hover-link block-h-2\"\"><img decoding=\"async\" src=\"http:\/\/www.rockpixx.com\/wordpress\/wp-content\/uploads\/2014\/07\/20140625-03-008-480x480.jpg\" alt=\"Madcon, 25.06.2014, Kiel, NDR-B\u00fchne\"\/><span class=\"before\"><\/span><span class=\"after\"><\/span><\/a><\/div><div class=\"isotope-item block-1 block-h-1\"><a href=\"http:\/\/www.rockpixx.com\/wordpress\/wp-content\/uploads\/2014\/07\/20140625-03-0171.jpg\" rel=\"prettyPhoto[postgal_14891]\" class=\"show-hover-link block-h-1\"\"><img decoding=\"async\" src=\"http:\/\/www.rockpixx.com\/wordpress\/wp-content\/uploads\/2014\/07\/20140625-03-0171-480x480.jpg\" alt=\"Madcon, 25.06.2014, Kiel, NDR-B\u00fchne\"\/><span class=\"before\"><\/span><span class=\"after\"><\/span><\/a><\/div><div class=\"isotope-item block-1 block-h-1\"><a href=\"http:\/\/www.rockpixx.com\/wordpress\/wp-content\/uploads\/2014\/07\/20140625-03-022.jpg\" rel=\"prettyPhoto[postgal_14891]\" class=\"show-hover-link block-h-1\"\"><img decoding=\"async\" src=\"http:\/\/www.rockpixx.com\/wordpress\/wp-content\/uploads\/2014\/07\/20140625-03-022-480x480.jpg\" alt=\"Madcon, 25.06.2014, Kiel, NDR-B\u00fchne\"\/><span class=\"before\"><\/span><span class=\"after\"><\/span><\/a><\/div><div class=\"isotope-item block-2 block-h-2\"><a href=\"http:\/\/www.rockpixx.com\/wordpress\/wp-content\/uploads\/2014\/07\/20140625-03-023.jpg\" rel=\"prettyPhoto[postgal_14891]\" class=\"show-hover-link block-h-2\"\"><img decoding=\"async\" src=\"http:\/\/www.rockpixx.com\/wordpress\/wp-content\/uploads\/2014\/07\/20140625-03-023-480x480.jpg\" alt=\"Madcon, 25.06.2014, Kiel, NDR-B\u00fchne\"\/><span class=\"before\"><\/span><span class=\"after\"><\/span><\/a><\/div><div class=\"isotope-item block-1 block-h-1\"><a href=\"http:\/\/www.rockpixx.com\/wordpress\/wp-content\/uploads\/2014\/07\/20140625-03-024.jpg\" rel=\"prettyPhoto[postgal_14891]\" class=\"show-hover-link block-h-1\"\"><img decoding=\"async\" src=\"http:\/\/www.rockpixx.com\/wordpress\/wp-content\/uploads\/2014\/07\/20140625-03-024-480x480.jpg\" alt=\"Madcon, 25.06.2014, Kiel, NDR-B\u00fchne\"\/><span class=\"before\"><\/span><span class=\"after\"><\/span><\/a><\/div><div class=\"isotope-item block-1 block-h-1\"><a href=\"http:\/\/www.rockpixx.com\/wordpress\/wp-content\/uploads\/2014\/07\/20140625-03-029.jpg\" rel=\"prettyPhoto[postgal_14891]\" class=\"show-hover-link block-h-1\"\"><img decoding=\"async\" src=\"http:\/\/www.rockpixx.com\/wordpress\/wp-content\/uploads\/2014\/07\/20140625-03-029-480x480.jpg\" alt=\"Madcon, 25.06.2014, Kiel, NDR-B\u00fchne\"\/><span class=\"before\"><\/span><span class=\"after\"><\/span><\/a><\/div><div class=\"isotope-item block-2 block-h-2\"><a href=\"http:\/\/www.rockpixx.com\/wordpress\/wp-content\/uploads\/2014\/07\/20140625-03-031.jpg\" rel=\"prettyPhoto[postgal_14891]\" class=\"show-hover-link block-h-2\"\"><img decoding=\"async\" src=\"http:\/\/www.rockpixx.com\/wordpress\/wp-content\/uploads\/2014\/07\/20140625-03-031-480x480.jpg\" alt=\"Madcon, 25.06.2014, Kiel, NDR-B\u00fchne\"\/><span class=\"before\"><\/span><span class=\"after\"><\/span><\/a><\/div><div class=\"isotope-item block-1 block-h-1\"><a href=\"http:\/\/www.rockpixx.com\/wordpress\/wp-content\/uploads\/2014\/07\/20140625-03-032.jpg\" rel=\"prettyPhoto[postgal_14891]\" class=\"show-hover-link block-h-1\"\"><img decoding=\"async\" src=\"http:\/\/www.rockpixx.com\/wordpress\/wp-content\/uploads\/2014\/07\/20140625-03-032-480x480.jpg\" alt=\"Madcon, 25.06.2014, Kiel, NDR-B\u00fchne\"\/><span class=\"before\"><\/span><span class=\"after\"><\/span><\/a><\/div><div class=\"isotope-item block-1 block-h-1\"><a href=\"http:\/\/www.rockpixx.com\/wordpress\/wp-content\/uploads\/2014\/07\/20140625-03-036.jpg\" rel=\"prettyPhoto[postgal_14891]\" class=\"show-hover-link block-h-1\"\"><img decoding=\"async\" src=\"http:\/\/www.rockpixx.com\/wordpress\/wp-content\/uploads\/2014\/07\/20140625-03-036-480x480.jpg\" alt=\"Madcon, 25.06.2014, Kiel, NDR-B\u00fchne\"\/><span class=\"before\"><\/span><span class=\"after\"><\/span><\/a><\/div><div class=\"isotope-item block-2 block-h-2\"><a href=\"http:\/\/www.rockpixx.com\/wordpress\/wp-content\/uploads\/2014\/07\/20140625-03-037.jpg\" rel=\"prettyPhoto[postgal_14891]\" class=\"show-hover-link block-h-2\"\"><img decoding=\"async\" src=\"http:\/\/www.rockpixx.com\/wordpress\/wp-content\/uploads\/2014\/07\/20140625-03-037-480x480.jpg\" alt=\"Madcon, 25.06.2014, Kiel, NDR-B\u00fchne\"\/><span class=\"before\"><\/span><span class=\"after\"><\/span><\/a><\/div><div class=\"isotope-item block-1 block-h-1\"><a href=\"http:\/\/www.rockpixx.com\/wordpress\/wp-content\/uploads\/2014\/07\/20140625-03-039.jpg\" rel=\"prettyPhoto[postgal_14891]\" class=\"show-hover-link block-h-1\"\"><img decoding=\"async\" src=\"http:\/\/www.rockpixx.com\/wordpress\/wp-content\/uploads\/2014\/07\/20140625-03-039-480x480.jpg\" alt=\"Madcon, 25.06.2014, Kiel, NDR-B\u00fchne\"\/><span class=\"before\"><\/span><span class=\"after\"><\/span><\/a><\/div><div class=\"isotope-item block-1 block-h-1\"><a href=\"http:\/\/www.rockpixx.com\/wordpress\/wp-content\/uploads\/2014\/07\/20140625-03-041.jpg\" rel=\"prettyPhoto[postgal_14891]\" class=\"show-hover-link block-h-1\"\"><img decoding=\"async\" src=\"http:\/\/www.rockpixx.com\/wordpress\/wp-content\/uploads\/2014\/07\/20140625-03-041-480x480.jpg\" alt=\"Madcon, 25.06.2014, Kiel, NDR-B\u00fchne\"\/><span class=\"before\"><\/span><span class=\"after\"><\/span><\/a><\/div><div class=\"isotope-item block-2 block-h-2\"><a href=\"http:\/\/www.rockpixx.com\/wordpress\/wp-content\/uploads\/2014\/07\/20140625-03-046.jpg\" rel=\"prettyPhoto[postgal_14891]\" class=\"show-hover-link block-h-2\"\"><img decoding=\"async\" src=\"http:\/\/www.rockpixx.com\/wordpress\/wp-content\/uploads\/2014\/07\/20140625-03-046-480x480.jpg\" alt=\"Madcon, 25.06.2014, Kiel, NDR-B\u00fchne\"\/><span class=\"before\"><\/span><span class=\"after\"><\/span><\/a><\/div><div class=\"isotope-item block-1 block-h-1\"><a href=\"http:\/\/www.rockpixx.com\/wordpress\/wp-content\/uploads\/2014\/07\/20140625-03-054.jpg\" rel=\"prettyPhoto[postgal_14891]\" class=\"show-hover-link block-h-1\"\"><img decoding=\"async\" src=\"http:\/\/www.rockpixx.com\/wordpress\/wp-content\/uploads\/2014\/07\/20140625-03-054-480x480.jpg\" alt=\"Madcon, 25.06.2014, Kiel, NDR-B\u00fchne\"\/><span class=\"before\"><\/span><span class=\"after\"><\/span><\/a><\/div><div class=\"isotope-item block-1 block-h-1\"><a href=\"http:\/\/www.rockpixx.com\/wordpress\/wp-content\/uploads\/2014\/07\/20140625-03-060.jpg\" rel=\"prettyPhoto[postgal_14891]\" class=\"show-hover-link block-h-1\"\"><img decoding=\"async\" src=\"http:\/\/www.rockpixx.com\/wordpress\/wp-content\/uploads\/2014\/07\/20140625-03-060-480x480.jpg\" alt=\"Madcon, 25.06.2014, Kiel, NDR-B\u00fchne\"\/><span class=\"before\"><\/span><span class=\"after\"><\/span><\/a><\/div><div class=\"isotope-item block-2 block-h-2\"><a href=\"http:\/\/www.rockpixx.com\/wordpress\/wp-content\/uploads\/2014\/07\/20140625-03-071.jpg\" rel=\"prettyPhoto[postgal_14891]\" class=\"show-hover-link block-h-2\"\"><img decoding=\"async\" src=\"http:\/\/www.rockpixx.com\/wordpress\/wp-content\/uploads\/2014\/07\/20140625-03-071-480x480.jpg\" alt=\"Madcon, 25.06.2014, Kiel, NDR-B\u00fchne\"\/><span class=\"before\"><\/span><span class=\"after\"><\/span><\/a><\/div><\/div><\/div>\n","protected":false},"excerpt":{"rendered":"<p>Als ich das \u2192 letzte Mal \u201eMadcon\u201c vor der Kamera hatte war die NDR-B\u00fchne noch <a href=\"http:\/\/www.rockpixx.com\/wordpress\/madcon-25-06-2014-kiel-ndr-buehne\/\">Read more<\/a><\/p>\n","protected":false},"author":2,"featured_media":14894,"comment_status":"open","ping_status":"open","sticky":false,"template":"","format":"standard","meta":{"_jetpack_memberships_contains_paid_content":false,"footnotes":"","jetpack_publicize_message":"#Madcon, 25.06.2014, Kiel, #NDR-B\u00fchne, #KielerWoche","jetpack_publicize_feature_enabled":true,"jetpack_social_post_already_shared":true,"jetpack_social_options":{"image_generator_settings":{"template":"highway","default_image_id":0,"font":"","enabled":false},"version":2}},"categories":[34,448],"tags":[2291,133,1735,138,1834,1775],"class_list":["post-14873","post","type-post","status-publish","format-standard","has-post-thumbnail","hentry","category-acts","category-madcon","tag-2291","tag-festivals","tag-kiel","tag-kieler-woche","tag-madcon","tag-ndr-buhne"],"aioseo_notices":[],"jetpack_publicize_connections":[],"jetpack_featured_media_url":"http:\/\/www.rockpixx.com\/wordpress\/wp-content\/uploads\/2014\/07\/20140625-03-071_madcon_Artikel2.jpg","jetpack-related-posts":[{"id":18694,"url":"http:\/\/www.rockpixx.com\/wordpress\/madcon-26-06-2015-kieler-woche-ndr-buehne-kiel\/","url_meta":{"origin":14873,"position":0},"title":"Madcon, 26.06.2015, Kieler Woche, NDR-B\u00fchne, Kiel","author":"Anja","date":"27. Juni 2015","format":false,"excerpt":"F\u00fcr mich war es das dritte Mal, dass ich die Musiker Tshawe Baqwa und Yosef Wolde-Mariam \u2013 einfacher gesagt \u201eMadcon\u201c vor der Linse hatte. Als ich am Ostseekai ankam, war dieser schon recht gut gef\u00fcllt, da vor \u201eMadcon\u201c noch \u201eTeesy\u201c auf der B\u00fchne stand. Die M\u00e4dels sind schier ausgerastet. Aber\u2026","rel":"","context":"In &quot;Acts&quot;","block_context":{"text":"Acts","link":"http:\/\/www.rockpixx.com\/wordpress\/category\/acts\/"},"img":{"alt_text":"Madcon, 26.06.2015, NDR-B\u00fchne, Kiel","src":"https:\/\/i0.wp.com\/www.rockpixx.com\/wordpress\/wp-content\/uploads\/2015\/06\/20150626-04-027_madcon_Artikel.jpg?resize=350%2C200","width":350,"height":200,"srcset":"https:\/\/i0.wp.com\/www.rockpixx.com\/wordpress\/wp-content\/uploads\/2015\/06\/20150626-04-027_madcon_Artikel.jpg?resize=350%2C200 1x, https:\/\/i0.wp.com\/www.rockpixx.com\/wordpress\/wp-content\/uploads\/2015\/06\/20150626-04-027_madcon_Artikel.jpg?resize=525%2C300 1.5x, https:\/\/i0.wp.com\/www.rockpixx.com\/wordpress\/wp-content\/uploads\/2015\/06\/20150626-04-027_madcon_Artikel.jpg?resize=700%2C400 2x"},"classes":[]},{"id":5429,"url":"http:\/\/www.rockpixx.com\/wordpress\/madcon-25-06-2009-kiel-ndr-buhne\/","url_meta":{"origin":14873,"position":1},"title":"Madcon, 25.06.2009, Kiel, NDR-B\u00fchne","author":"Anja","date":"25. Juni 2009","format":false,"excerpt":"Heute hatte Petrus kein Mitleid mit uns ... es goss wie aus K\u00fcbeln. Ich wartete in einem einigerma\u00dfen trockenen Platz auf den Beginn des Konzertes und hatte eigentlich keine Lust angesichts der str\u00f6menden und sturmartigen Sturzb\u00e4che, die da vom Himmel herabfielen, das Konzert zu fotografieren. Aber wie hei\u00dft es so\u2026","rel":"","context":"In &quot;Acts&quot;","block_context":{"text":"Acts","link":"http:\/\/www.rockpixx.com\/wordpress\/category\/acts\/"},"img":{"alt_text":"Madcon, 25.06.2009, Kiel, NDR-B\u00fchne","src":"https:\/\/i0.wp.com\/www.rockpixx.com\/wordpress\/wp-content\/uploads\/2013\/01\/20090625-01-madcon-Artikel.jpg?resize=350%2C200","width":350,"height":200,"srcset":"https:\/\/i0.wp.com\/www.rockpixx.com\/wordpress\/wp-content\/uploads\/2013\/01\/20090625-01-madcon-Artikel.jpg?resize=350%2C200 1x, https:\/\/i0.wp.com\/www.rockpixx.com\/wordpress\/wp-content\/uploads\/2013\/01\/20090625-01-madcon-Artikel.jpg?resize=525%2C300 1.5x, https:\/\/i0.wp.com\/www.rockpixx.com\/wordpress\/wp-content\/uploads\/2013\/01\/20090625-01-madcon-Artikel.jpg?resize=700%2C400 2x"},"classes":[]},{"id":14794,"url":"http:\/\/www.rockpixx.com\/wordpress\/iggy-and-the-german-kids-25-06-2014-kiel-ndr-buehne\/","url_meta":{"origin":14873,"position":2},"title":"Iggy and The German Kids, 25.06.2014, Kiel, NDR-B\u00fchne","author":"Anja","date":"26. Juni 2014","format":false,"excerpt":"Eigentlich stand f\u00fcr diesen Zeitpunkt meines Arbeitstages \u2192 \u201eIllegal 2001\u201c im Kieler Woche Musikzelt auf dem Programm, aber leider hat sich die Zeit f\u00fcr den Auftritt um eine Stunde nach hinten verschoben und da kollidieren sie\u00a0 mit dem Auftritt von \u2192 \u201eMadcon\u201c auf der NDR-B\u00fchne. Also bin ich gem\u00fctlich die\u2026","rel":"","context":"In &quot;Acts&quot;","block_context":{"text":"Acts","link":"http:\/\/www.rockpixx.com\/wordpress\/category\/acts\/"},"img":{"alt_text":"Iggy and The German Kids, 25.06.2014, Kiel, NDR-B\u00fchne","src":"https:\/\/i0.wp.com\/www.rockpixx.com\/wordpress\/wp-content\/uploads\/2014\/07\/20140625-02-025_iggy-and-the-german-kids_Artikel.jpg?resize=350%2C200","width":350,"height":200,"srcset":"https:\/\/i0.wp.com\/www.rockpixx.com\/wordpress\/wp-content\/uploads\/2014\/07\/20140625-02-025_iggy-and-the-german-kids_Artikel.jpg?resize=350%2C200 1x, https:\/\/i0.wp.com\/www.rockpixx.com\/wordpress\/wp-content\/uploads\/2014\/07\/20140625-02-025_iggy-and-the-german-kids_Artikel.jpg?resize=525%2C300 1.5x, https:\/\/i0.wp.com\/www.rockpixx.com\/wordpress\/wp-content\/uploads\/2014\/07\/20140625-02-025_iggy-and-the-german-kids_Artikel.jpg?resize=700%2C400 2x"},"classes":[]},{"id":18689,"url":"http:\/\/www.rockpixx.com\/wordpress\/coverline-26-06-2015-kieler-woche-netuse-buehne-kiel\/","url_meta":{"origin":14873,"position":3},"title":"CoverLine, 26.06.2015, Kieler Woche, NetUSE-B\u00fchne, Kiel","author":"Anja","date":"27. Juni 2015","format":false,"excerpt":"Das Abendprogramm auf der NetUSE-B\u00fchne bestreiten diesmal \u201eCoverLine\u201c. Lange begleitet diese Band unsere Kieler Woche-Berichte und oft hatte sich f\u00fcr uns durch den Mitgliederwechsel die Optik und die Akustik ge\u00e4ndert. Dieses Mal nicht \u2013 wir treffen die gleiche Formation wie letztes Jahr an und freuen uns, dass die Kontinuit\u00e4t sich\u2026","rel":"","context":"In &quot;Acts&quot;","block_context":{"text":"Acts","link":"http:\/\/www.rockpixx.com\/wordpress\/category\/acts\/"},"img":{"alt_text":"","src":"https:\/\/i0.wp.com\/www.rockpixx.com\/wordpress\/wp-content\/uploads\/2015\/06\/20150626-02-003_coverline_Artikel.jpg?resize=350%2C200","width":350,"height":200,"srcset":"https:\/\/i0.wp.com\/www.rockpixx.com\/wordpress\/wp-content\/uploads\/2015\/06\/20150626-02-003_coverline_Artikel.jpg?resize=350%2C200 1x, https:\/\/i0.wp.com\/www.rockpixx.com\/wordpress\/wp-content\/uploads\/2015\/06\/20150626-02-003_coverline_Artikel.jpg?resize=525%2C300 1.5x, https:\/\/i0.wp.com\/www.rockpixx.com\/wordpress\/wp-content\/uploads\/2015\/06\/20150626-02-003_coverline_Artikel.jpg?resize=700%2C400 2x"},"classes":[]},{"id":51,"url":"http:\/\/www.rockpixx.com\/wordpress\/feucht-nass-landunter-kieler-woche\/","url_meta":{"origin":14873,"position":4},"title":"feucht\u2026 nass\u2026 landunter\u2026 Kieler Woche!","author":"admin","date":"25. Juni 2009","format":false,"excerpt":"Moin, heute Abend war's nass, aber so richtig. So feucht, dass sogar das Warten auf Marianne Rosenberg nach einer Stunde abgebrochen werden musste \u2013 mehr Feuchtigkeit (von au\u00dfen) konnte meine Hose einfach nicht mehr aufsaugen \u2013 schade eigentlich. Nicht mal ein Foto des Regenschirm-Meeres vor der B\u00fchne mochte ich einer\u2026","rel":"","context":"In &quot;2009&quot;","block_context":{"text":"2009","link":"http:\/\/www.rockpixx.com\/wordpress\/category\/backstage\/2009\/"},"img":{"alt_text":"","src":"","width":0,"height":0},"classes":[]},{"id":7940,"url":"http:\/\/www.rockpixx.com\/wordpress\/bosse-23-06-2011-kiel-ndr-buhne\/","url_meta":{"origin":14873,"position":5},"title":"Bosse, 23.06.2011, Kiel, NDR-B\u00fchne","author":"Anja","date":"23. Juni 2011","format":false,"excerpt":"Nach einem verregneten Donnerstag ist es heute trocken und zeitweise kommt die Sonne auch raus. So macht doch das Arbeiten wieder Spa\u00df. Das ist auch gut so, denn ein volles Programm erwartet mich heute. Los geht es mit Bosse an der NDR-B\u00fchne und ich muss sagen, dass ich positiv \u00fcberrascht\u2026","rel":"","context":"In &quot;Acts&quot;","block_context":{"text":"Acts","link":"http:\/\/www.rockpixx.com\/wordpress\/category\/acts\/"},"img":{"alt_text":"Bosse, 23.06.2011, Kiel, NDR-B\u00fchne","src":"https:\/\/i0.wp.com\/www.rockpixx.com\/wordpress\/wp-content\/uploads\/2013\/02\/20110623-02-bosse-Artikel.jpg?resize=350%2C200","width":350,"height":200,"srcset":"https:\/\/i0.wp.com\/www.rockpixx.com\/wordpress\/wp-content\/uploads\/2013\/02\/20110623-02-bosse-Artikel.jpg?resize=350%2C200 1x, https:\/\/i0.wp.com\/www.rockpixx.com\/wordpress\/wp-content\/uploads\/2013\/02\/20110623-02-bosse-Artikel.jpg?resize=525%2C300 1.5x, https:\/\/i0.wp.com\/www.rockpixx.com\/wordpress\/wp-content\/uploads\/2013\/02\/20110623-02-bosse-Artikel.jpg?resize=700%2C400 2x"},"classes":[]}],"jetpack_sharing_enabled":true,"publishpress_future_action":{"enabled":false,"date":"2026-05-06 17:47:09","action":"change-status","newStatus":"draft","terms":[],"taxonomy":"category","extraData":[]},"publishpress_future_workflow_manual_trigger":{"enabledWorkflows":[]},"_links":{"self":[{"href":"http:\/\/www.rockpixx.com\/wordpress\/wp-json\/wp\/v2\/posts\/14873","targetHints":{"allow":["GET"]}}],"collection":[{"href":"http:\/\/www.rockpixx.com\/wordpress\/wp-json\/wp\/v2\/posts"}],"about":[{"href":"http:\/\/www.rockpixx.com\/wordpress\/wp-json\/wp\/v2\/types\/post"}],"author":[{"embeddable":true,"href":"http:\/\/www.rockpixx.com\/wordpress\/wp-json\/wp\/v2\/users\/2"}],"replies":[{"embeddable":true,"href":"http:\/\/www.rockpixx.com\/wordpress\/wp-json\/wp\/v2\/comments?post=14873"}],"version-history":[{"count":0,"href":"http:\/\/www.rockpixx.com\/wordpress\/wp-json\/wp\/v2\/posts\/14873\/revisions"}],"wp:featuredmedia":[{"embeddable":true,"href":"http:\/\/www.rockpixx.com\/wordpress\/wp-json\/wp\/v2\/media\/14894"}],"wp:attachment":[{"href":"http:\/\/www.rockpixx.com\/wordpress\/wp-json\/wp\/v2\/media?parent=14873"}],"wp:term":[{"taxonomy":"category","embeddable":true,"href":"http:\/\/www.rockpixx.com\/wordpress\/wp-json\/wp\/v2\/categories?post=14873"},{"taxonomy":"post_tag","embeddable":true,"href":"http:\/\/www.rockpixx.com\/wordpress\/wp-json\/wp\/v2\/tags?post=14873"}],"curies":[{"name":"wp","href":"https:\/\/api.w.org\/{rel}","templated":true}]}}