{"id":15074,"date":"2014-07-07T18:36:57","date_gmt":"2014-07-07T17:36:57","guid":{"rendered":"http:\/\/rockpixx.com\/wordpress\/?p=15074"},"modified":"2014-07-07T18:36:57","modified_gmt":"2014-07-07T17:36:57","slug":"alphaville-05-06-2014-suedstrand-eckernfoerde-radio-nora-sommer-open-air","status":"publish","type":"post","link":"http:\/\/www.rockpixx.com\/wordpress\/alphaville-05-06-2014-suedstrand-eckernfoerde-radio-nora-sommer-open-air\/","title":{"rendered":"Alphaville, 05.06.2014, S\u00fcdstrand, Eckernf\u00f6rde, Radio NORA Sommer Open Air"},"content":{"rendered":"<p>Vor einiger Zeit hatte ich \u201eAlphaville\u201c ja schon einmal \u2192 <a title=\"Alphaville, 18.06.2011, Kiel, Rathausb\u00fchne\" href=\"http:\/\/rockpixx.com\/wordpress\/alphaville-18-06-2011-kiel-rathausbuhne\/\">in Kiel<\/a> vor den Kameras \u2013 damals noch mit ihrem langj\u00e4hrigen Keyboarder Martin Lister. Leider ist Martin vor weniger als zwei Monaten verstorben und die diesj\u00e4hrigen Auftritte von \u201eAlphaville\u201c standen kurzzeitig in Frage\u2026<!--more--><\/p>\n<p>Zum Gl\u00fcck fand sich doch ein Ersatz an den Tasten und es w\u00e4re bestimmt auch nicht im Sinne von Martin Lister gewesen, wenn nun alle Live-Aktivit\u00e4ten eingestellt worden w\u00e4ren. Immerhin feiert die Band um das letzte Gr\u00fcndungsmitglied Marian Gold in diesem Jahr ihr 30-j\u00e4hriges Bestehen. Ich kann mich noch gut an die ersten Auftritte bei \u201eFormel Eins\u201c im TV erinnern: Da erklangen seltsam vertraute Synthiepop-Kl\u00e4nge mit Titeln wie \u201eBig in Japan\u201c, \u201eSounds like a Melody\u201c oder \u201eForever Young\u201c und das Sensationelle daran war, dass die Band aus Deutschland kam. F\u00fcr viele Fans der damaligen Zeit konnte Bands wie \u201eDepeche Mode\u201c, \u2192 \u201e<a title=\"Heaven 17, 10.12.2009, M\u00fcnchen, Olympiahalle\" href=\"http:\/\/rockpixx.com\/wordpress\/heaven-17-10-12-2009-munchen-olympiahalle\/\">Heaven 17<\/a>\u201c oder \u2192 \u201e<a title=\"The Human League, 21.06.2011, Kiel, Unser Norden-B\u00fchne\" href=\"http:\/\/rockpixx.com\/wordpress\/the-human-league-21-06-2011-kiel-unser-norden-buhne\/\">The Human League<\/a>\u201c somit einpacken.<\/p>\n<p>Auch heute noch klingen \u201eAlphaville\u201c keinesfalls angestaubt, die Band hat sich in all den Jahren trotz \u2013 oder wegen \u2013 ihrer Umbesetzungen kontinuierlich weiterentwickelt und bringt auch ihre \u201eKlassiker\u201c im modernen Gewand druckvoll und frisch live auf die B\u00fchne. Und sp\u00e4testens wenn bei \u201eForever Young\u201c im Publikum die Wunderkerzen angehen, dann haben sie die Herzen ihrer Fans immer noch in Besitz.<\/p>\n<p style=\"text-align: right;\">Fotos: <a href=\"mailto:info@rockpixx.com?subject=Alphaville.,%2005.07.2014,%20S\u00fcdstand,%20Eckernf\u00f6rde\">Alex<\/a> | Text: <a href=\"mailto:info@rockpixx.com?subject=Alphaville.,%2005.07.2014,%20S\u00fcdstand,%20Eckernf\u00f6rde\">Alex<\/a><\/p>\n<p>&nbsp;<\/p>\n<p>&nbsp;<\/p>\n<div class=\"eat-left eat-right\"><div class=\"thumbs-masonry isotope\"><div class=\"isotope-item block-2 block-h-2\"><a href=\"http:\/\/www.rockpixx.com\/wordpress\/wp-content\/uploads\/2014\/07\/20140705-04-0041.jpg\" rel=\"prettyPhoto[postgal_15092]\" class=\"show-hover-link block-h-2\"\"><img decoding=\"async\" src=\"http:\/\/www.rockpixx.com\/wordpress\/wp-content\/uploads\/2014\/07\/20140705-04-0041-480x480.jpg\" alt=\"Alphaville, 05.07.2014, Radio NORA Sommer Open Air, S\u00fcdstrand, Eckernf\u00f6rde\"\/><span class=\"before\"><\/span><span class=\"after\"><\/span><\/a><\/div><div class=\"isotope-item block-1 block-h-1\"><a href=\"http:\/\/www.rockpixx.com\/wordpress\/wp-content\/uploads\/2014\/07\/20140705-04-0061.jpg\" rel=\"prettyPhoto[postgal_15092]\" class=\"show-hover-link block-h-1\"\"><img decoding=\"async\" src=\"http:\/\/www.rockpixx.com\/wordpress\/wp-content\/uploads\/2014\/07\/20140705-04-0061-480x480.jpg\" alt=\"Alphaville, 05.07.2014, Radio NORA Sommer Open Air, S\u00fcdstrand, Eckernf\u00f6rde\"\/><span class=\"before\"><\/span><span class=\"after\"><\/span><\/a><\/div><div class=\"isotope-item block-1 block-h-1\"><a href=\"http:\/\/www.rockpixx.com\/wordpress\/wp-content\/uploads\/2014\/07\/20140705-04-010.jpg\" rel=\"prettyPhoto[postgal_15092]\" class=\"show-hover-link block-h-1\"\"><img decoding=\"async\" src=\"http:\/\/www.rockpixx.com\/wordpress\/wp-content\/uploads\/2014\/07\/20140705-04-010-480x480.jpg\" alt=\"Alphaville, 05.07.2014, Radio NORA Sommer Open Air, S\u00fcdstrand, Eckernf\u00f6rde\"\/><span class=\"before\"><\/span><span class=\"after\"><\/span><\/a><\/div><div class=\"isotope-item block-2 block-h-2\"><a href=\"http:\/\/www.rockpixx.com\/wordpress\/wp-content\/uploads\/2014\/07\/20140705-04-011.jpg\" rel=\"prettyPhoto[postgal_15092]\" class=\"show-hover-link block-h-2\"\"><img decoding=\"async\" src=\"http:\/\/www.rockpixx.com\/wordpress\/wp-content\/uploads\/2014\/07\/20140705-04-011-480x480.jpg\" alt=\"Alphaville, 05.07.2014, Radio NORA Sommer Open Air, S\u00fcdstrand, Eckernf\u00f6rde\"\/><span class=\"before\"><\/span><span class=\"after\"><\/span><\/a><\/div><div class=\"isotope-item block-1 block-h-1\"><a href=\"http:\/\/www.rockpixx.com\/wordpress\/wp-content\/uploads\/2014\/07\/20140705-04-014.jpg\" rel=\"prettyPhoto[postgal_15092]\" class=\"show-hover-link block-h-1\"\"><img decoding=\"async\" src=\"http:\/\/www.rockpixx.com\/wordpress\/wp-content\/uploads\/2014\/07\/20140705-04-014-480x480.jpg\" alt=\"Alphaville, 05.07.2014, Radio NORA Sommer Open Air, S\u00fcdstrand, Eckernf\u00f6rde\"\/><span class=\"before\"><\/span><span class=\"after\"><\/span><\/a><\/div><div class=\"isotope-item block-1 block-h-1\"><a href=\"http:\/\/www.rockpixx.com\/wordpress\/wp-content\/uploads\/2014\/07\/20140705-04-018.jpg\" rel=\"prettyPhoto[postgal_15092]\" class=\"show-hover-link block-h-1\"\"><img decoding=\"async\" src=\"http:\/\/www.rockpixx.com\/wordpress\/wp-content\/uploads\/2014\/07\/20140705-04-018-480x480.jpg\" alt=\"Alphaville, 05.07.2014, Radio NORA Sommer Open Air, S\u00fcdstrand, Eckernf\u00f6rde\"\/><span class=\"before\"><\/span><span class=\"after\"><\/span><\/a><\/div><div class=\"isotope-item block-2 block-h-2\"><a href=\"http:\/\/www.rockpixx.com\/wordpress\/wp-content\/uploads\/2014\/07\/20140705-04-0191.jpg\" rel=\"prettyPhoto[postgal_15092]\" class=\"show-hover-link block-h-2\"\"><img decoding=\"async\" src=\"http:\/\/www.rockpixx.com\/wordpress\/wp-content\/uploads\/2014\/07\/20140705-04-0191-480x480.jpg\" alt=\"Alphaville, 05.07.2014, Radio NORA Sommer Open Air, S\u00fcdstrand, Eckernf\u00f6rde\"\/><span class=\"before\"><\/span><span class=\"after\"><\/span><\/a><\/div><div class=\"isotope-item block-1 block-h-1\"><a href=\"http:\/\/www.rockpixx.com\/wordpress\/wp-content\/uploads\/2014\/07\/20140705-04-021.jpg\" rel=\"prettyPhoto[postgal_15092]\" class=\"show-hover-link block-h-1\"\"><img decoding=\"async\" src=\"http:\/\/www.rockpixx.com\/wordpress\/wp-content\/uploads\/2014\/07\/20140705-04-021-480x480.jpg\" alt=\"Alphaville, 05.07.2014, Radio NORA Sommer Open Air, S\u00fcdstrand, Eckernf\u00f6rde\"\/><span class=\"before\"><\/span><span class=\"after\"><\/span><\/a><\/div><div class=\"isotope-item block-1 block-h-1\"><a href=\"http:\/\/www.rockpixx.com\/wordpress\/wp-content\/uploads\/2014\/07\/20140705-04-031.jpg\" rel=\"prettyPhoto[postgal_15092]\" class=\"show-hover-link block-h-1\"\"><img decoding=\"async\" src=\"http:\/\/www.rockpixx.com\/wordpress\/wp-content\/uploads\/2014\/07\/20140705-04-031-480x480.jpg\" alt=\"Alphaville, 05.07.2014, Radio NORA Sommer Open Air, S\u00fcdstrand, Eckernf\u00f6rde\"\/><span class=\"before\"><\/span><span class=\"after\"><\/span><\/a><\/div><div class=\"isotope-item block-2 block-h-2\"><a href=\"http:\/\/www.rockpixx.com\/wordpress\/wp-content\/uploads\/2014\/07\/20140705-04-034.jpg\" rel=\"prettyPhoto[postgal_15092]\" class=\"show-hover-link block-h-2\"\"><img decoding=\"async\" src=\"http:\/\/www.rockpixx.com\/wordpress\/wp-content\/uploads\/2014\/07\/20140705-04-034-480x480.jpg\" alt=\"Alphaville, 05.07.2014, Radio NORA Sommer Open Air, S\u00fcdstrand, Eckernf\u00f6rde\"\/><span class=\"before\"><\/span><span class=\"after\"><\/span><\/a><\/div><div class=\"isotope-item block-1 block-h-1\"><a href=\"http:\/\/www.rockpixx.com\/wordpress\/wp-content\/uploads\/2014\/07\/20140705-04-040.jpg\" rel=\"prettyPhoto[postgal_15092]\" class=\"show-hover-link block-h-1\"\"><img decoding=\"async\" src=\"http:\/\/www.rockpixx.com\/wordpress\/wp-content\/uploads\/2014\/07\/20140705-04-040-480x480.jpg\" alt=\"Alphaville, 05.07.2014, Radio NORA Sommer Open Air, S\u00fcdstrand, Eckernf\u00f6rde\"\/><span class=\"before\"><\/span><span class=\"after\"><\/span><\/a><\/div><div class=\"isotope-item block-1 block-h-1\"><a href=\"http:\/\/www.rockpixx.com\/wordpress\/wp-content\/uploads\/2014\/07\/20140705-04-052.jpg\" rel=\"prettyPhoto[postgal_15092]\" class=\"show-hover-link block-h-1\"\"><img decoding=\"async\" src=\"http:\/\/www.rockpixx.com\/wordpress\/wp-content\/uploads\/2014\/07\/20140705-04-052-480x480.jpg\" alt=\"Alphaville, 05.07.2014, Radio NORA Sommer Open Air, S\u00fcdstrand, Eckernf\u00f6rde\"\/><span class=\"before\"><\/span><span class=\"after\"><\/span><\/a><\/div><div class=\"isotope-item block-2 block-h-2\"><a href=\"http:\/\/www.rockpixx.com\/wordpress\/wp-content\/uploads\/2014\/07\/20140705-04-053.jpg\" rel=\"prettyPhoto[postgal_15092]\" class=\"show-hover-link block-h-2\"\"><img decoding=\"async\" src=\"http:\/\/www.rockpixx.com\/wordpress\/wp-content\/uploads\/2014\/07\/20140705-04-053-480x480.jpg\" alt=\"Alphaville, 05.07.2014, Radio NORA Sommer Open Air, S\u00fcdstrand, Eckernf\u00f6rde\"\/><span class=\"before\"><\/span><span class=\"after\"><\/span><\/a><\/div><\/div><\/div>\n<p style=\"text-align: right;\">\n","protected":false},"excerpt":{"rendered":"<p>Vor einiger Zeit hatte ich \u201eAlphaville\u201c ja schon einmal \u2192 in Kiel vor den Kameras <a href=\"http:\/\/www.rockpixx.com\/wordpress\/alphaville-05-06-2014-suedstrand-eckernfoerde-radio-nora-sommer-open-air\/\">Read more<\/a><\/p>\n","protected":false},"author":1,"featured_media":15094,"comment_status":"open","ping_status":"open","sticky":false,"template":"","format":"standard","meta":{"_jetpack_memberships_contains_paid_content":false,"footnotes":"","jetpack_publicize_message":"#Alphaville, 05.06.2014, S\u00fcdstrand, #Eckernf\u00f6rde, #RadioNORASommerOpenAir, #RadioNORA","jetpack_publicize_feature_enabled":true,"jetpack_social_post_already_shared":true,"jetpack_social_options":{"image_generator_settings":{"template":"highway","default_image_id":0,"font":"","enabled":false},"version":2}},"categories":[34,557],"tags":[2291,1924,874,1428,875],"class_list":["post-15074","post","type-post","status-publish","format-standard","has-post-thumbnail","hentry","category-acts","category-alphaville","tag-2291","tag-alphaville","tag-eckernforde","tag-radio-nora-sommer-open-air","tag-sudstrand"],"aioseo_notices":[],"jetpack_publicize_connections":[],"jetpack_featured_media_url":"http:\/\/www.rockpixx.com\/wordpress\/wp-content\/uploads\/2014\/07\/20140705-04-006_alphaville_Artikel.jpg","jetpack-related-posts":[{"id":14996,"url":"http:\/\/www.rockpixx.com\/wordpress\/the-weather-girls-05-06-2014-suedstrand-eckernfoerde\/","url_meta":{"origin":15074,"position":0},"title":"The Weather Girls 05.06.2014, S\u00fcdstrand, Eckernf\u00f6rde, Radio NORA Sommer Open Air","author":"Anja","date":"6. Juli 2014","format":false,"excerpt":"Das Radio NORA Sommer Open Air 2014 am S\u00fcdstrand startet auf Tonnen von Sand mit \u201eTwo Tons of Fun\u201c \u2013 bekannter unter dem Namen \u201eThe Weather Girls\u201c. Halbwegs \u201eoriginal\u201c ist ja eigentlich nur noch Dynelle Rhodes, die Tochter von einer der beiden Ur-S\u00e4ngerinnen Izora Rhodes Armstead. Komplettiert wird das jetzige\u2026","rel":"","context":"In &quot;Acts&quot;","block_context":{"text":"Acts","link":"http:\/\/www.rockpixx.com\/wordpress\/category\/acts\/"},"img":{"alt_text":"The Weather Girls, 05.07.2014, Radio NORA Sommer Open Air, S\u00fcdstrand, Eckernf\u00f6rde","src":"https:\/\/i0.wp.com\/www.rockpixx.com\/wordpress\/wp-content\/uploads\/2014\/07\/20140705-01-042_weather-girls_Artikel.jpg?resize=350%2C200","width":350,"height":200,"srcset":"https:\/\/i0.wp.com\/www.rockpixx.com\/wordpress\/wp-content\/uploads\/2014\/07\/20140705-01-042_weather-girls_Artikel.jpg?resize=350%2C200 1x, https:\/\/i0.wp.com\/www.rockpixx.com\/wordpress\/wp-content\/uploads\/2014\/07\/20140705-01-042_weather-girls_Artikel.jpg?resize=525%2C300 1.5x, https:\/\/i0.wp.com\/www.rockpixx.com\/wordpress\/wp-content\/uploads\/2014\/07\/20140705-01-042_weather-girls_Artikel.jpg?resize=700%2C400 2x"},"classes":[]},{"id":15109,"url":"http:\/\/www.rockpixx.com\/wordpress\/smokie-05-06-2014-suedstrand-eckernfoerde-radio-nora-sommer-open-air\/","url_meta":{"origin":15074,"position":1},"title":"Smokie, 05.06.2014, S\u00fcdstrand, Eckernf\u00f6rde, Radio NORA Sommer Open Air","author":"Anja","date":"8. Juli 2014","format":false,"excerpt":"Und noch einmal \u201eHelden meiner Jugend\u201c: Zum Abschluss des Radio NORA Sommer Open Airs standen \u201eSmokie\u201c auf der B\u00fchne am Eckernf\u00f6rder S\u00fcdstrand. Es gab eine Zeit, da hatte ich die \u201eGreatest Hits\u201c von \u201eSmokie\u201c in Dauerschleife in meinem Kassetten-Recorder laufen \u2013 sehr lange ist das her. \u2192 Und \u201eSmokie\u201c war\u2026","rel":"","context":"In &quot;Acts&quot;","block_context":{"text":"Acts","link":"http:\/\/www.rockpixx.com\/wordpress\/category\/acts\/"},"img":{"alt_text":"Smokie, 05.07.2014, Radio NORA Sommer Open Air, S\u00fcdstrand, Eckernf\u00f6rde","src":"https:\/\/i0.wp.com\/www.rockpixx.com\/wordpress\/wp-content\/uploads\/2014\/07\/20140705-05-064_smokie_Artikel1.jpg?resize=350%2C200","width":350,"height":200,"srcset":"https:\/\/i0.wp.com\/www.rockpixx.com\/wordpress\/wp-content\/uploads\/2014\/07\/20140705-05-064_smokie_Artikel1.jpg?resize=350%2C200 1x, https:\/\/i0.wp.com\/www.rockpixx.com\/wordpress\/wp-content\/uploads\/2014\/07\/20140705-05-064_smokie_Artikel1.jpg?resize=525%2C300 1.5x, https:\/\/i0.wp.com\/www.rockpixx.com\/wordpress\/wp-content\/uploads\/2014\/07\/20140705-05-064_smokie_Artikel1.jpg?resize=700%2C400 2x"},"classes":[]},{"id":20427,"url":"http:\/\/www.rockpixx.com\/wordpress\/hermes-house-band-02-07-2016-radio-nora-sommer-open-air-eckernfoerde\/","url_meta":{"origin":15074,"position":2},"title":"Hermes House Band, 02.07.2016, Radio NORA Sommer Open Air, Eckernf\u00f6rde","author":"A. Hahl","date":"5. Juli 2016","format":false,"excerpt":"Man kennt die Situation: \u00dcberall dort, wo eine bekannte Band gut gelaunt Party- und Top 40-Musik verstr\u00f6men soll und auch ein etwas gr\u00f6\u00dferes Budget vorhanden ist, als es ein kleineres Stadtfest zur Verf\u00fcgung hat, da kommt Musik aus Holland aus den Boxen. So auch bei der diesj\u00e4hrigen Auflage des \u201eRadio\u2026","rel":"","context":"In &quot;Acts&quot;","block_context":{"text":"Acts","link":"http:\/\/www.rockpixx.com\/wordpress\/category\/acts\/"},"img":{"alt_text":"Hermes House Band, 02.07.2016, Radio NORA Sommer Open Air, Eckernf\u00f6rde","src":"https:\/\/i0.wp.com\/www.rockpixx.com\/wordpress\/wp-content\/uploads\/2016\/07\/20160702-01-035.jpg?resize=350%2C200","width":350,"height":200,"srcset":"https:\/\/i0.wp.com\/www.rockpixx.com\/wordpress\/wp-content\/uploads\/2016\/07\/20160702-01-035.jpg?resize=350%2C200 1x, https:\/\/i0.wp.com\/www.rockpixx.com\/wordpress\/wp-content\/uploads\/2016\/07\/20160702-01-035.jpg?resize=525%2C300 1.5x, https:\/\/i0.wp.com\/www.rockpixx.com\/wordpress\/wp-content\/uploads\/2016\/07\/20160702-01-035.jpg?resize=700%2C400 2x"},"classes":[]},{"id":15034,"url":"http:\/\/www.rockpixx.com\/wordpress\/the-sweet-05-06-2014-suedstrand-eckernfoerde\/","url_meta":{"origin":15074,"position":3},"title":"The Sweet, 05.06.2014, S\u00fcdstrand, Eckernf\u00f6rde, Radio NORA Sommer Open Air","author":"Anja","date":"6. Juli 2014","format":false,"excerpt":"Einer der h\u00e4ufigsten Suchbegriffe auf rockpixx.com ist schon seit Jahren \u201eAndy Scott Per\u00fccke\u201c und wir k\u00f6nnen uns das beim besten Willen nicht erkl\u00e4ren, warum das so ist. Die Helden meiner Jugend sind nat\u00fcrlich auch ein wenig \u00e4lter geworden. Eigentlich ist es ja nur noch ein Held: Andy Scott tourt unter\u2026","rel":"","context":"In &quot;Acts&quot;","block_context":{"text":"Acts","link":"http:\/\/www.rockpixx.com\/wordpress\/category\/acts\/"},"img":{"alt_text":"The Sweet, 05.07.2014, Radio NORA Sommer Open Air, S\u00fcdstrand, Eckernf\u00f6rde","src":"https:\/\/i0.wp.com\/www.rockpixx.com\/wordpress\/wp-content\/uploads\/2014\/07\/20140705-02-041_the-sweet_Artikel.jpg?resize=350%2C200","width":350,"height":200,"srcset":"https:\/\/i0.wp.com\/www.rockpixx.com\/wordpress\/wp-content\/uploads\/2014\/07\/20140705-02-041_the-sweet_Artikel.jpg?resize=350%2C200 1x, https:\/\/i0.wp.com\/www.rockpixx.com\/wordpress\/wp-content\/uploads\/2014\/07\/20140705-02-041_the-sweet_Artikel.jpg?resize=525%2C300 1.5x, https:\/\/i0.wp.com\/www.rockpixx.com\/wordpress\/wp-content\/uploads\/2014\/07\/20140705-02-041_the-sweet_Artikel.jpg?resize=700%2C400 2x"},"classes":[]},{"id":15071,"url":"http:\/\/www.rockpixx.com\/wordpress\/boney-m-feat-liz-mitchell-05-06-2014-suedstrand-eckernfoerde-radio-nora-sommer-open-air\/","url_meta":{"origin":15074,"position":4},"title":"Boney M. feat. Liz Mitchell, 05.06.2014, S\u00fcdstrand, Eckernf\u00f6rde, Radio NORA Sommer Open Air","author":"admin","date":"7. Juli 2014","format":false,"excerpt":"\u2192 \u201eBoney M.\u201c kennt der Besucher unserer Seiten ja auch schon. Hier also wieder einmal Liz Mitchell und ihre Mitstreiter in einer Umgebung, die durchaus zu Songs wie \u201eSunny\u201c passt\u2026 Wie bei \u2192 \u201eThe Weather Girls\u201c kommt auch hier die Musik wieder vom Band, aber Liz Mitchell macht eingangs alleine\u2026","rel":"","context":"In &quot;Acts&quot;","block_context":{"text":"Acts","link":"http:\/\/www.rockpixx.com\/wordpress\/category\/acts\/"},"img":{"alt_text":"Boney M. feat. Liz Mitchell, 05.07.2014, Radio NORA Sommer Open Air, S\u00fcdstrand, Eckernf\u00f6rde","src":"https:\/\/i0.wp.com\/www.rockpixx.com\/wordpress\/wp-content\/uploads\/2014\/07\/20140705-03-068_boney-m_Artikel.jpg?resize=350%2C200","width":350,"height":200,"srcset":"https:\/\/i0.wp.com\/www.rockpixx.com\/wordpress\/wp-content\/uploads\/2014\/07\/20140705-03-068_boney-m_Artikel.jpg?resize=350%2C200 1x, https:\/\/i0.wp.com\/www.rockpixx.com\/wordpress\/wp-content\/uploads\/2014\/07\/20140705-03-068_boney-m_Artikel.jpg?resize=525%2C300 1.5x, https:\/\/i0.wp.com\/www.rockpixx.com\/wordpress\/wp-content\/uploads\/2014\/07\/20140705-03-068_boney-m_Artikel.jpg?resize=700%2C400 2x"},"classes":[]},{"id":7728,"url":"http:\/\/www.rockpixx.com\/wordpress\/alphaville-18-06-2011-kiel-rathausbuhne\/","url_meta":{"origin":15074,"position":5},"title":"Alphaville, 18.06.2011, Kiel, Rathausb\u00fchne","author":"Anja","date":"18. Juni 2011","format":false,"excerpt":"Es ist eigentlich wie immer: Der Kieler Rathausplatz ist gerammelt voll, mal regnet es mehr, mal weniger \u2013 dieses Mal war ich zwischen zwei Schauern da. Dann kommt NDR-Moderator Christian Schr\u00f6der, spricht, \u00fcbergibt das Mikro an Ministerpr\u00e4sident Peter Harry Carstensen, der wird ausgepfiffen, anschlie\u00dfend Kiels OB Torsten Albig, der wird\u2026","rel":"","context":"In &quot;Acts&quot;","block_context":{"text":"Acts","link":"http:\/\/www.rockpixx.com\/wordpress\/category\/acts\/"},"img":{"alt_text":"Alphaville","src":"https:\/\/i0.wp.com\/www.rockpixx.com\/wordpress\/wp-content\/uploads\/2013\/01\/20110618-03-alphaville-Artikel.jpg?resize=350%2C200","width":350,"height":200,"srcset":"https:\/\/i0.wp.com\/www.rockpixx.com\/wordpress\/wp-content\/uploads\/2013\/01\/20110618-03-alphaville-Artikel.jpg?resize=350%2C200 1x, https:\/\/i0.wp.com\/www.rockpixx.com\/wordpress\/wp-content\/uploads\/2013\/01\/20110618-03-alphaville-Artikel.jpg?resize=525%2C300 1.5x, https:\/\/i0.wp.com\/www.rockpixx.com\/wordpress\/wp-content\/uploads\/2013\/01\/20110618-03-alphaville-Artikel.jpg?resize=700%2C400 2x"},"classes":[]}],"jetpack_sharing_enabled":true,"publishpress_future_action":{"enabled":false,"date":"2026-05-07 07:46:03","action":"change-status","newStatus":"draft","terms":[],"taxonomy":"category","extraData":[]},"publishpress_future_workflow_manual_trigger":{"enabledWorkflows":[]},"_links":{"self":[{"href":"http:\/\/www.rockpixx.com\/wordpress\/wp-json\/wp\/v2\/posts\/15074","targetHints":{"allow":["GET"]}}],"collection":[{"href":"http:\/\/www.rockpixx.com\/wordpress\/wp-json\/wp\/v2\/posts"}],"about":[{"href":"http:\/\/www.rockpixx.com\/wordpress\/wp-json\/wp\/v2\/types\/post"}],"author":[{"embeddable":true,"href":"http:\/\/www.rockpixx.com\/wordpress\/wp-json\/wp\/v2\/users\/1"}],"replies":[{"embeddable":true,"href":"http:\/\/www.rockpixx.com\/wordpress\/wp-json\/wp\/v2\/comments?post=15074"}],"version-history":[{"count":0,"href":"http:\/\/www.rockpixx.com\/wordpress\/wp-json\/wp\/v2\/posts\/15074\/revisions"}],"wp:featuredmedia":[{"embeddable":true,"href":"http:\/\/www.rockpixx.com\/wordpress\/wp-json\/wp\/v2\/media\/15094"}],"wp:attachment":[{"href":"http:\/\/www.rockpixx.com\/wordpress\/wp-json\/wp\/v2\/media?parent=15074"}],"wp:term":[{"taxonomy":"category","embeddable":true,"href":"http:\/\/www.rockpixx.com\/wordpress\/wp-json\/wp\/v2\/categories?post=15074"},{"taxonomy":"post_tag","embeddable":true,"href":"http:\/\/www.rockpixx.com\/wordpress\/wp-json\/wp\/v2\/tags?post=15074"}],"curies":[{"name":"wp","href":"https:\/\/api.w.org\/{rel}","templated":true}]}}