{"id":15177,"date":"2014-07-18T21:26:26","date_gmt":"2014-07-18T20:26:26","guid":{"rendered":"http:\/\/rockpixx.com\/wordpress\/?p=15177"},"modified":"2014-08-21T22:46:08","modified_gmt":"2014-08-21T21:46:08","slug":"samy-delux-18-07-2014-deichbrand-festival-nordholz","status":"publish","type":"post","link":"http:\/\/www.rockpixx.com\/wordpress\/samy-delux-18-07-2014-deichbrand-festival-nordholz\/","title":{"rendered":"Samy Deluxe, 18.07.2014, Deichbrand Festival, Nordholz"},"content":{"rendered":"<p>Und gleich im Anschluss an \u2192 \u201ePrinz Pi\u201c und \u2192 \u201e<a title=\"Cro, 18.07.2014, Deichbrand Festival, Nordholz\" href=\"http:\/\/rockpixx.com\/wordpress\/cro-18-07-2014-deichbrand-festival-nordholz\/\">Cro<\/a>\u201c noch einmal Rap, dieses Mal aus Hamburg. Samy Deluxe steht mit seiner DLX Band auf der Waterstage.<!--more--><\/p>\n<p>Auch hier kann ich lediglich anerkennen, dass die Musiker voller Elan bei der Sache sind und sich und dem Publikum bei der M\u00f6rderhitze keine Schonung gew\u00e4hren. Zur Musik selbst kann ich nichts Erhellendes beitragen \u2013 es ist einfach nicht mein Ding. Was mir aber dennoch als sehr st\u00f6rend im Ged\u00e4chtnis bleiben wird, das sind die v\u00f6llig \u00fcbersteuerten und verzerrten B\u00e4sse, die einem im Graben schon fast k\u00f6rperliche Schmerzen bereiten. Das muss auch anders gehen und es hat auch eher etwas mit mangelndem Willen zur gescheiten Sound-Aussteuerung denn mit nicht vorhandener Sympathie f\u00fcr eine bestimmte Musikrichtung zu tun.<\/p>\n<p style=\"text-align: right;\">Fotos: <a href=\"mailto:info@rockpixx.com?subject=Samy%20Delux,%2018.07.2014,%20Deichbrand%20Festival,%20Nordholz\">Alex<\/a> | Text: <a href=\"mailto:info@rockpixx.com?subject=Samy%20Delux,%2018.07.2014,%20Deichbrand%20Festival,%20Nordholz\">Alex<\/a><\/p>\n<p style=\"text-align: left;\"><div class=\"eat-left eat-right\"><div class=\"thumbs-masonry isotope\"><div class=\"isotope-item block-2 block-h-2\"><a href=\"http:\/\/www.rockpixx.com\/wordpress\/wp-content\/uploads\/2014\/07\/20140718-06-003.jpg\" rel=\"prettyPhoto[postgal_15449]\" class=\"show-hover-link block-h-2\"\"><img decoding=\"async\" src=\"http:\/\/www.rockpixx.com\/wordpress\/wp-content\/uploads\/2014\/07\/20140718-06-003-480x480.jpg\" alt=\"Samy Deluxe, 18.07.2014, Deichbrand Open Air, Seeflughafen, Nordholz\"\/><span class=\"before\"><\/span><span class=\"after\"><\/span><\/a><\/div><div class=\"isotope-item block-1 block-h-1\"><a href=\"http:\/\/www.rockpixx.com\/wordpress\/wp-content\/uploads\/2014\/07\/20140718-06-004.jpg\" rel=\"prettyPhoto[postgal_15449]\" class=\"show-hover-link block-h-1\"\"><img decoding=\"async\" src=\"http:\/\/www.rockpixx.com\/wordpress\/wp-content\/uploads\/2014\/07\/20140718-06-004-480x480.jpg\" alt=\"Samy Deluxe, 18.07.2014, Deichbrand Open Air, Seeflughafen, Nordholz\"\/><span class=\"before\"><\/span><span class=\"after\"><\/span><\/a><\/div><div class=\"isotope-item block-1 block-h-1\"><a href=\"http:\/\/www.rockpixx.com\/wordpress\/wp-content\/uploads\/2014\/07\/20140718-06-006.jpg\" rel=\"prettyPhoto[postgal_15449]\" class=\"show-hover-link block-h-1\"\"><img decoding=\"async\" src=\"http:\/\/www.rockpixx.com\/wordpress\/wp-content\/uploads\/2014\/07\/20140718-06-006-480x480.jpg\" alt=\"Samy Deluxe, 18.07.2014, Deichbrand Open Air, Seeflughafen, Nordholz\"\/><span class=\"before\"><\/span><span class=\"after\"><\/span><\/a><\/div><div class=\"isotope-item block-2 block-h-2\"><a href=\"http:\/\/www.rockpixx.com\/wordpress\/wp-content\/uploads\/2014\/07\/20140718-06-011.jpg\" rel=\"prettyPhoto[postgal_15449]\" class=\"show-hover-link block-h-2\"\"><img decoding=\"async\" src=\"http:\/\/www.rockpixx.com\/wordpress\/wp-content\/uploads\/2014\/07\/20140718-06-011-480x480.jpg\" alt=\"Samy Deluxe, 18.07.2014, Deichbrand Open Air, Seeflughafen, Nordholz\"\/><span class=\"before\"><\/span><span class=\"after\"><\/span><\/a><\/div><div class=\"isotope-item block-1 block-h-1\"><a href=\"http:\/\/www.rockpixx.com\/wordpress\/wp-content\/uploads\/2014\/07\/20140718-06-013.jpg\" rel=\"prettyPhoto[postgal_15449]\" class=\"show-hover-link block-h-1\"\"><img decoding=\"async\" src=\"http:\/\/www.rockpixx.com\/wordpress\/wp-content\/uploads\/2014\/07\/20140718-06-013-480x480.jpg\" alt=\"Samy Deluxe, 18.07.2014, Deichbrand Open Air, Seeflughafen, Nordholz\"\/><span class=\"before\"><\/span><span class=\"after\"><\/span><\/a><\/div><div class=\"isotope-item block-1 block-h-1\"><a href=\"http:\/\/www.rockpixx.com\/wordpress\/wp-content\/uploads\/2014\/07\/20140718-06-021.jpg\" rel=\"prettyPhoto[postgal_15449]\" class=\"show-hover-link block-h-1\"\"><img decoding=\"async\" src=\"http:\/\/www.rockpixx.com\/wordpress\/wp-content\/uploads\/2014\/07\/20140718-06-021-480x480.jpg\" alt=\"Samy Deluxe, 18.07.2014, Deichbrand Open Air, Seeflughafen, Nordholz\"\/><span class=\"before\"><\/span><span class=\"after\"><\/span><\/a><\/div><div class=\"isotope-item block-2 block-h-2\"><a href=\"http:\/\/www.rockpixx.com\/wordpress\/wp-content\/uploads\/2014\/07\/20140718-06-028.jpg\" rel=\"prettyPhoto[postgal_15449]\" class=\"show-hover-link block-h-2\"\"><img decoding=\"async\" src=\"http:\/\/www.rockpixx.com\/wordpress\/wp-content\/uploads\/2014\/07\/20140718-06-028-480x480.jpg\" alt=\"Samy Deluxe, 18.07.2014, Deichbrand Open Air, Seeflughafen, Nordholz\"\/><span class=\"before\"><\/span><span class=\"after\"><\/span><\/a><\/div><div class=\"isotope-item block-1 block-h-1\"><a href=\"http:\/\/www.rockpixx.com\/wordpress\/wp-content\/uploads\/2014\/07\/20140718-06-032.jpg\" rel=\"prettyPhoto[postgal_15449]\" class=\"show-hover-link block-h-1\"\"><img decoding=\"async\" src=\"http:\/\/www.rockpixx.com\/wordpress\/wp-content\/uploads\/2014\/07\/20140718-06-032-480x480.jpg\" alt=\"Samy Deluxe, 18.07.2014, Deichbrand Open Air, Seeflughafen, Nordholz\"\/><span class=\"before\"><\/span><span class=\"after\"><\/span><\/a><\/div><div class=\"isotope-item block-1 block-h-1\"><a href=\"http:\/\/www.rockpixx.com\/wordpress\/wp-content\/uploads\/2014\/07\/20140718-06-035.jpg\" rel=\"prettyPhoto[postgal_15449]\" class=\"show-hover-link block-h-1\"\"><img decoding=\"async\" src=\"http:\/\/www.rockpixx.com\/wordpress\/wp-content\/uploads\/2014\/07\/20140718-06-035-480x480.jpg\" alt=\"Samy Deluxe, 18.07.2014, Deichbrand Open Air, Seeflughafen, Nordholz\"\/><span class=\"before\"><\/span><span class=\"after\"><\/span><\/a><\/div><div class=\"isotope-item block-2 block-h-2\"><a href=\"http:\/\/www.rockpixx.com\/wordpress\/wp-content\/uploads\/2014\/07\/20140718-06-0371.jpg\" rel=\"prettyPhoto[postgal_15449]\" class=\"show-hover-link block-h-2\"\"><img decoding=\"async\" src=\"http:\/\/www.rockpixx.com\/wordpress\/wp-content\/uploads\/2014\/07\/20140718-06-0371-480x480.jpg\" alt=\"Samy Deluxe, 18.07.2014, Deichbrand Open Air, Seeflughafen, Nordholz\"\/><span class=\"before\"><\/span><span class=\"after\"><\/span><\/a><\/div><div class=\"isotope-item block-1 block-h-1\"><a href=\"http:\/\/www.rockpixx.com\/wordpress\/wp-content\/uploads\/2014\/07\/20140718-06-042.jpg\" rel=\"prettyPhoto[postgal_15449]\" class=\"show-hover-link block-h-1\"\"><img decoding=\"async\" src=\"http:\/\/www.rockpixx.com\/wordpress\/wp-content\/uploads\/2014\/07\/20140718-06-042-480x480.jpg\" alt=\"Samy Deluxe, 18.07.2014, Deichbrand Open Air, Seeflughafen, Nordholz\"\/><span class=\"before\"><\/span><span class=\"after\"><\/span><\/a><\/div><div class=\"isotope-item block-1 block-h-1\"><a href=\"http:\/\/www.rockpixx.com\/wordpress\/wp-content\/uploads\/2014\/07\/20140718-06-063.jpg\" rel=\"prettyPhoto[postgal_15449]\" class=\"show-hover-link block-h-1\"\"><img decoding=\"async\" src=\"http:\/\/www.rockpixx.com\/wordpress\/wp-content\/uploads\/2014\/07\/20140718-06-063-480x480.jpg\" alt=\"Samy Deluxe, 18.07.2014, Deichbrand Open Air, Seeflughafen, Nordholz\"\/><span class=\"before\"><\/span><span class=\"after\"><\/span><\/a><\/div><\/div><\/div><\/p>\n","protected":false},"excerpt":{"rendered":"<p>Und gleich im Anschluss an \u2192 \u201ePrinz Pi\u201c und \u2192 \u201eCro\u201c noch einmal Rap, dieses <a href=\"http:\/\/www.rockpixx.com\/wordpress\/samy-delux-18-07-2014-deichbrand-festival-nordholz\/\">Read more<\/a><\/p>\n","protected":false},"author":1,"featured_media":15472,"comment_status":"open","ping_status":"open","sticky":false,"template":"","format":"standard","meta":{"_jetpack_memberships_contains_paid_content":false,"footnotes":"","jetpack_publicize_message":"#SamyDelux, 18.07.2014, #DeichbrandFestival, Nordholz","jetpack_publicize_feature_enabled":true,"jetpack_social_post_already_shared":true,"jetpack_social_options":{"image_generator_settings":{"template":"highway","default_image_id":0,"font":"","enabled":false},"version":2}},"categories":[34,662],"tags":[2291,844,2058,2019],"class_list":["post-15177","post","type-post","status-publish","format-standard","has-post-thumbnail","hentry","category-acts","category-samy-deluxe","tag-2291","tag-deichbrand-festival","tag-nordholz","tag-samy-deluxe"],"aioseo_notices":[],"jetpack_publicize_connections":[],"jetpack_featured_media_url":"http:\/\/www.rockpixx.com\/wordpress\/wp-content\/uploads\/2014\/07\/20140718-06-035_samy-deluxe_Artikel2.jpg","jetpack-related-posts":[{"id":8802,"url":"http:\/\/www.rockpixx.com\/wordpress\/samy-deluxe-20-07-2012-nordholz-deichbrand-festival\/","url_meta":{"origin":15177,"position":0},"title":"Samy Deluxe, 20.07.2012, Nordholz, Deichbrand Festival","author":"Anja","date":"20. Juli 2012","format":false,"excerpt":"Und nun sind wir an der frischen Luft \u2013 ab 20:00 Uhr geht\u2019s endlich los \u2013- mit \u201eSamy Deluxe & Band\u201c. Die Zuschauer d\u00fcrfen zwar nur in den hinteren Teil vom Infield (am ersten Wellenbrecher ist Schluss) und vorne stehen auch noch diverse Stapler vor der einen B\u00fchne w\u00e4hrend die\u2026","rel":"","context":"In &quot;Acts&quot;","block_context":{"text":"Acts","link":"http:\/\/www.rockpixx.com\/wordpress\/category\/acts\/"},"img":{"alt_text":"Samy Deluxe, 20.07.2012, Nordholz, Deichbrand Festival","src":"https:\/\/i0.wp.com\/www.rockpixx.com\/wordpress\/wp-content\/uploads\/2013\/02\/20120720-03-samy-deluxe-Artikel.jpg?resize=350%2C200","width":350,"height":200,"srcset":"https:\/\/i0.wp.com\/www.rockpixx.com\/wordpress\/wp-content\/uploads\/2013\/02\/20120720-03-samy-deluxe-Artikel.jpg?resize=350%2C200 1x, https:\/\/i0.wp.com\/www.rockpixx.com\/wordpress\/wp-content\/uploads\/2013\/02\/20120720-03-samy-deluxe-Artikel.jpg?resize=525%2C300 1.5x, https:\/\/i0.wp.com\/www.rockpixx.com\/wordpress\/wp-content\/uploads\/2013\/02\/20120720-03-samy-deluxe-Artikel.jpg?resize=700%2C400 2x"},"classes":[]},{"id":15139,"url":"http:\/\/www.rockpixx.com\/wordpress\/the-intersphere-17-07-2014-deichbrand-festival-nordholz\/","url_meta":{"origin":15177,"position":1},"title":"The Intersphere, 17.07.2014, Deichbrand Festival, Nordholz","author":"admin","date":"18. Juli 2014","format":false,"excerpt":"\u00a0 So, da w\u00e4re ich nun also auf dem diesj\u00e4hrigen Deichbrand Festival an der Nordsee \u2013 \u00fcbrigens zum vierten Mal in Folge. Den Auftakt machen am ersten Abend traditionell einige Bands im Palastzelt und so fange ich heute also mit \u201eThe Intersphere\u201c an. Bands im Palastzelt zu fotografieren hei\u00dft eigentlich\u2026","rel":"","context":"In &quot;Acts&quot;","block_context":{"text":"Acts","link":"http:\/\/www.rockpixx.com\/wordpress\/category\/acts\/"},"img":{"alt_text":"The Intersphere, 17.07.2014, Deichbrand Open Air, Seeflughafen, Nordholz","src":"https:\/\/i0.wp.com\/www.rockpixx.com\/wordpress\/wp-content\/uploads\/2014\/07\/20140717-01-011_the-intersphere_Artikel1.jpg?resize=350%2C200","width":350,"height":200,"srcset":"https:\/\/i0.wp.com\/www.rockpixx.com\/wordpress\/wp-content\/uploads\/2014\/07\/20140717-01-011_the-intersphere_Artikel1.jpg?resize=350%2C200 1x, https:\/\/i0.wp.com\/www.rockpixx.com\/wordpress\/wp-content\/uploads\/2014\/07\/20140717-01-011_the-intersphere_Artikel1.jpg?resize=525%2C300 1.5x, https:\/\/i0.wp.com\/www.rockpixx.com\/wordpress\/wp-content\/uploads\/2014\/07\/20140717-01-011_the-intersphere_Artikel1.jpg?resize=700%2C400 2x"},"classes":[]},{"id":15143,"url":"http:\/\/www.rockpixx.com\/wordpress\/blackmail-17-07-2014-deichbrand-festival-nordholz\/","url_meta":{"origin":15177,"position":2},"title":"Blackmail, 17.07.2014, Deichbrand Festival, Nordholz","author":"admin","date":"18. Juli 2014","format":false,"excerpt":"\u201eBlackmail\u201c hatte ich ja \u2192 bereits 2011 auf dem Deichbrand vor den Kameras gehabt: Outdoor und bei schlechtem Wetter. Dieses Mal also im Zelt, bei Sommerwetter und miesem Licht. Die Band wei\u00df immer noch live m\u00e4chtig zu beeindrucken und legt recht druckvoll los. Man merkt es ihnen an, dass sie\u2026","rel":"","context":"In &quot;Acts&quot;","block_context":{"text":"Acts","link":"http:\/\/www.rockpixx.com\/wordpress\/category\/acts\/"},"img":{"alt_text":"Blackmail, 17.07.2014, Deichbrand Open Air, Seeflughafen, Nordholz","src":"https:\/\/i0.wp.com\/www.rockpixx.com\/wordpress\/wp-content\/uploads\/2014\/07\/20140717-02-008_blackmail_Artikel1.jpg?resize=350%2C200","width":350,"height":200,"srcset":"https:\/\/i0.wp.com\/www.rockpixx.com\/wordpress\/wp-content\/uploads\/2014\/07\/20140717-02-008_blackmail_Artikel1.jpg?resize=350%2C200 1x, https:\/\/i0.wp.com\/www.rockpixx.com\/wordpress\/wp-content\/uploads\/2014\/07\/20140717-02-008_blackmail_Artikel1.jpg?resize=525%2C300 1.5x, https:\/\/i0.wp.com\/www.rockpixx.com\/wordpress\/wp-content\/uploads\/2014\/07\/20140717-02-008_blackmail_Artikel1.jpg?resize=700%2C400 2x"},"classes":[]},{"id":15152,"url":"http:\/\/www.rockpixx.com\/wordpress\/die-apokalyptischen-reiter-17-07-2014-deichbrand-festival-nordholz\/","url_meta":{"origin":15177,"position":3},"title":"Die Apokalyptischen Reiter, 17.07.2014, Deichbrand Festival, Nordholz","author":"admin","date":"18. Juli 2014","format":false,"excerpt":"Den heutigen Schlusspunkt im Zelt setzen dann \u201eDie Apokalypitischen Reiter\u201c \u2013 sp\u00e4testens seit \u2192 Wacken 2013 f\u00fcr mich auch keine fremde Band mehr. Mit dem neuen Album \u201eTief. Tiefer\u201c im Gep\u00e4ck tourt es sich nat\u00fcrlich gleich noch mal besser und so erklingen die gewohnten Kl\u00e4nge der etwas h\u00e4rteren Art und\u2026","rel":"","context":"In &quot;Acts&quot;","block_context":{"text":"Acts","link":"http:\/\/www.rockpixx.com\/wordpress\/category\/acts\/"},"img":{"alt_text":"Die Apokalyptischen Reiter, 17.07.2014, Deichbrand Open Air, Seeflughafen, Nordholz","src":"https:\/\/i0.wp.com\/www.rockpixx.com\/wordpress\/wp-content\/uploads\/2014\/07\/20140717-04-105_die-apokalyptischen-Reiter_Artikel.jpg?resize=350%2C200","width":350,"height":200,"srcset":"https:\/\/i0.wp.com\/www.rockpixx.com\/wordpress\/wp-content\/uploads\/2014\/07\/20140717-04-105_die-apokalyptischen-Reiter_Artikel.jpg?resize=350%2C200 1x, https:\/\/i0.wp.com\/www.rockpixx.com\/wordpress\/wp-content\/uploads\/2014\/07\/20140717-04-105_die-apokalyptischen-Reiter_Artikel.jpg?resize=525%2C300 1.5x, https:\/\/i0.wp.com\/www.rockpixx.com\/wordpress\/wp-content\/uploads\/2014\/07\/20140717-04-105_die-apokalyptischen-Reiter_Artikel.jpg?resize=700%2C400 2x"},"classes":[]},{"id":8191,"url":"http:\/\/www.rockpixx.com\/wordpress\/in-extremo-23-07-2011-nordholz-deichbrand-festival\/","url_meta":{"origin":15177,"position":4},"title":"In Extremo, 23.07.2011, Nordholz, Deichbrand Festival","author":"Anja","date":"23. Juli 2011","format":false,"excerpt":"Wieder im Pressezelt erfahre ich via facebook, dass ich wohl soeben im Fernsehen auf N3 in einem Bericht \u00fcber das Deichbrand Festival zu sehen gewesen bin. Toll - mit meinem \u201elila Strampelanzug\u201c werde ich noch zur Modeikone unter den Konzertfotografen dieser Welt. (Allerdings muss ich einr\u00e4umen, dass ich dar\u00fcber noch\u2026","rel":"","context":"In &quot;Acts&quot;","block_context":{"text":"Acts","link":"http:\/\/www.rockpixx.com\/wordpress\/category\/acts\/"},"img":{"alt_text":"In Extremo","src":"https:\/\/i0.wp.com\/www.rockpixx.com\/wordpress\/wp-content\/uploads\/2013\/02\/20110723-08-in-extremo-Artikel.jpg?resize=350%2C200","width":350,"height":200,"srcset":"https:\/\/i0.wp.com\/www.rockpixx.com\/wordpress\/wp-content\/uploads\/2013\/02\/20110723-08-in-extremo-Artikel.jpg?resize=350%2C200 1x, https:\/\/i0.wp.com\/www.rockpixx.com\/wordpress\/wp-content\/uploads\/2013\/02\/20110723-08-in-extremo-Artikel.jpg?resize=525%2C300 1.5x, https:\/\/i0.wp.com\/www.rockpixx.com\/wordpress\/wp-content\/uploads\/2013\/02\/20110723-08-in-extremo-Artikel.jpg?resize=700%2C400 2x"},"classes":[]},{"id":8201,"url":"http:\/\/www.rockpixx.com\/wordpress\/guano-apes-23-07-2011-nordholz-deichbrand-festival\/","url_meta":{"origin":15177,"position":5},"title":"Guano Apes, 23.07.2011, Nordholz, Deichbrand Festival","author":"Anja","date":"23. Juli 2011","format":false,"excerpt":"Und nun die absoluten Headliner des Sonnabends: Die \u201eGuano Apes\u201c stehen auf der B\u00fchne, nachdem sie sich nach 5\u00a0Jahren Pause eindrucksvoll mit dem neuen Album \u201eBel Air\u201c zur\u00fcckgemeldet haben. Vor der B\u00fchne herrscht Alarmstufe 1: Noch mehr Securities, die Wellenbrecher werden noch einmal ausgebaut, wir d\u00fcrfen nur noch durch den\u2026","rel":"","context":"In &quot;Acts&quot;","block_context":{"text":"Acts","link":"http:\/\/www.rockpixx.com\/wordpress\/category\/acts\/"},"img":{"alt_text":"Guano Apes, 23.07.2011, Nordholz, Deichbrand Festival","src":"https:\/\/i0.wp.com\/www.rockpixx.com\/wordpress\/wp-content\/uploads\/2013\/02\/20110723-10-guano-apes-Artikel.jpg?resize=350%2C200","width":350,"height":200,"srcset":"https:\/\/i0.wp.com\/www.rockpixx.com\/wordpress\/wp-content\/uploads\/2013\/02\/20110723-10-guano-apes-Artikel.jpg?resize=350%2C200 1x, https:\/\/i0.wp.com\/www.rockpixx.com\/wordpress\/wp-content\/uploads\/2013\/02\/20110723-10-guano-apes-Artikel.jpg?resize=525%2C300 1.5x, https:\/\/i0.wp.com\/www.rockpixx.com\/wordpress\/wp-content\/uploads\/2013\/02\/20110723-10-guano-apes-Artikel.jpg?resize=700%2C400 2x"},"classes":[]}],"jetpack_sharing_enabled":true,"publishpress_future_action":{"enabled":false,"date":"2026-05-08 11:35:10","action":"change-status","newStatus":"draft","terms":[],"taxonomy":"category","extraData":[]},"publishpress_future_workflow_manual_trigger":{"enabledWorkflows":[]},"_links":{"self":[{"href":"http:\/\/www.rockpixx.com\/wordpress\/wp-json\/wp\/v2\/posts\/15177","targetHints":{"allow":["GET"]}}],"collection":[{"href":"http:\/\/www.rockpixx.com\/wordpress\/wp-json\/wp\/v2\/posts"}],"about":[{"href":"http:\/\/www.rockpixx.com\/wordpress\/wp-json\/wp\/v2\/types\/post"}],"author":[{"embeddable":true,"href":"http:\/\/www.rockpixx.com\/wordpress\/wp-json\/wp\/v2\/users\/1"}],"replies":[{"embeddable":true,"href":"http:\/\/www.rockpixx.com\/wordpress\/wp-json\/wp\/v2\/comments?post=15177"}],"version-history":[{"count":0,"href":"http:\/\/www.rockpixx.com\/wordpress\/wp-json\/wp\/v2\/posts\/15177\/revisions"}],"wp:featuredmedia":[{"embeddable":true,"href":"http:\/\/www.rockpixx.com\/wordpress\/wp-json\/wp\/v2\/media\/15472"}],"wp:attachment":[{"href":"http:\/\/www.rockpixx.com\/wordpress\/wp-json\/wp\/v2\/media?parent=15177"}],"wp:term":[{"taxonomy":"category","embeddable":true,"href":"http:\/\/www.rockpixx.com\/wordpress\/wp-json\/wp\/v2\/categories?post=15177"},{"taxonomy":"post_tag","embeddable":true,"href":"http:\/\/www.rockpixx.com\/wordpress\/wp-json\/wp\/v2\/tags?post=15177"}],"curies":[{"name":"wp","href":"https:\/\/api.w.org\/{rel}","templated":true}]}}