{"id":15198,"date":"2014-07-19T15:45:47","date_gmt":"2014-07-19T14:45:47","guid":{"rendered":"http:\/\/rockpixx.com\/wordpress\/?p=15198"},"modified":"2014-07-26T13:48:27","modified_gmt":"2014-07-26T12:48:27","slug":"callejon-19-07-2014-deichbrand-festival-nordholz","status":"publish","type":"post","link":"http:\/\/www.rockpixx.com\/wordpress\/callejon-19-07-2014-deichbrand-festival-nordholz\/","title":{"rendered":"Callejon, 19.07.2014, Deichbrand Festival, Nordholz"},"content":{"rendered":"<p>Wer im Jahr 2014 Supportact f\u00fcr \u2192 \u201e<a title=\"Bullet for my Valentine auf rockpixx.com\" href=\"http:\/\/rockpixx.com\/wordpress\/category\/acts\/topacts\/top-b\/bullet-for-my-valentine\/\">Bullet for my Valentine<\/a>\u201c ist, der macht bestimmt keinen vor Betroffenheit triefenden Liedermacher-Singsang. Und wer auf der Firestage auf dem Deichbrand steht, der auch nicht. Insofern \u00fcberrascht es nicht, wenn Kl\u00e4nge der etwas weniger weichgesp\u00fclten Art dort vor mir von \u201eCallejon\u201c zelebriert werden.<!--more--><\/p>\n<p>Es ist wieder etwas hei\u00dfer geworden, es steht wieder etwas mehr Publikum vor der B\u00fchne und ich stehe wieder schwei\u00df\u00fcberstr\u00f6mt im Graben. Dort knapp \u00fcber und vor mir geht die Post auf der B\u00fchne ab und \u201eCallejon\u201c brauchen auch keine Aufw\u00e4rmzeit, um sofort voll los zu rocken. Ich bewundere nur Frontmann und S\u00e4nger Basti Sobtzick, dass er sich nicht mit seinem Mikrofonkabel verheddert, so wie er damit hantiert. Aber vielleicht ist es auch besser, ihn an der \u201elangen Leine\u201c zu halten, ich mag mir nicht ausmalen, wo er noch \u00fcberall auftauchen k\u00f6nnte, w\u00fcrde er losgelassen werden\u2026<\/p>\n<p>Fazit: Wieder eine interessante Band gesehen, die ich bislang noch nicht kannte \u2013 Wiederholung durchaus vorstellbar.<\/p>\n<p style=\"text-align: right;\">\u00a0Fotos: <a href=\"mailto:info@rockpixx.com?subject=Callejon,%2019.07.2014,%20Deichbrand%20Festival,%20Nordholz\">Alex<\/a> | Text: <a href=\"mailto:info@rockpixx.com?subject=Callejon,%2019.07.2014,%20Deichbrand%20Festival,%20Nordholz\">Alex<\/a><\/p>\n<p style=\"text-align: left;\">\n<p style=\"text-align: left;\"><div class=\"eat-left eat-right\"><div class=\"thumbs-masonry isotope\"><div class=\"isotope-item block-2 block-h-2\"><a href=\"http:\/\/www.rockpixx.com\/wordpress\/wp-content\/uploads\/2014\/07\/20140719-02-001.jpg\" rel=\"prettyPhoto[postgal_15579]\" class=\"show-hover-link block-h-2\"\"><img decoding=\"async\" src=\"http:\/\/www.rockpixx.com\/wordpress\/wp-content\/uploads\/2014\/07\/20140719-02-001-480x480.jpg\" alt=\"Callejon, 19.07.2014, Deichbrand Open Air, Seeflughafen, Nordholz\"\/><span class=\"before\"><\/span><span class=\"after\"><\/span><\/a><\/div><div class=\"isotope-item block-1 block-h-1\"><a href=\"http:\/\/www.rockpixx.com\/wordpress\/wp-content\/uploads\/2014\/07\/20140719-02-002.jpg\" rel=\"prettyPhoto[postgal_15579]\" class=\"show-hover-link block-h-1\"\"><img decoding=\"async\" src=\"http:\/\/www.rockpixx.com\/wordpress\/wp-content\/uploads\/2014\/07\/20140719-02-002-480x480.jpg\" alt=\"Callejon, 19.07.2014, Deichbrand Open Air, Seeflughafen, Nordholz\"\/><span class=\"before\"><\/span><span class=\"after\"><\/span><\/a><\/div><div class=\"isotope-item block-1 block-h-1\"><a href=\"http:\/\/www.rockpixx.com\/wordpress\/wp-content\/uploads\/2014\/07\/20140719-02-003.jpg\" rel=\"prettyPhoto[postgal_15579]\" class=\"show-hover-link block-h-1\"\"><img decoding=\"async\" src=\"http:\/\/www.rockpixx.com\/wordpress\/wp-content\/uploads\/2014\/07\/20140719-02-003-480x480.jpg\" alt=\"Callejon, 19.07.2014, Deichbrand Open Air, Seeflughafen, Nordholz\"\/><span class=\"before\"><\/span><span class=\"after\"><\/span><\/a><\/div><div class=\"isotope-item block-2 block-h-2\"><a href=\"http:\/\/www.rockpixx.com\/wordpress\/wp-content\/uploads\/2014\/07\/20140719-02-005.jpg\" rel=\"prettyPhoto[postgal_15579]\" class=\"show-hover-link block-h-2\"\"><img decoding=\"async\" src=\"http:\/\/www.rockpixx.com\/wordpress\/wp-content\/uploads\/2014\/07\/20140719-02-005-480x480.jpg\" alt=\"Callejon, 19.07.2014, Deichbrand Open Air, Seeflughafen, Nordholz\"\/><span class=\"before\"><\/span><span class=\"after\"><\/span><\/a><\/div><div class=\"isotope-item block-1 block-h-1\"><a href=\"http:\/\/www.rockpixx.com\/wordpress\/wp-content\/uploads\/2014\/07\/20140719-02-007.jpg\" rel=\"prettyPhoto[postgal_15579]\" class=\"show-hover-link block-h-1\"\"><img decoding=\"async\" src=\"http:\/\/www.rockpixx.com\/wordpress\/wp-content\/uploads\/2014\/07\/20140719-02-007-480x480.jpg\" alt=\"Callejon, 19.07.2014, Deichbrand Open Air, Seeflughafen, Nordholz\"\/><span class=\"before\"><\/span><span class=\"after\"><\/span><\/a><\/div><div class=\"isotope-item block-1 block-h-1\"><a href=\"http:\/\/www.rockpixx.com\/wordpress\/wp-content\/uploads\/2014\/07\/20140719-02-010.jpg\" rel=\"prettyPhoto[postgal_15579]\" class=\"show-hover-link block-h-1\"\"><img decoding=\"async\" src=\"http:\/\/www.rockpixx.com\/wordpress\/wp-content\/uploads\/2014\/07\/20140719-02-010-480x480.jpg\" alt=\"Callejon, 19.07.2014, Deichbrand Open Air, Seeflughafen, Nordholz\"\/><span class=\"before\"><\/span><span class=\"after\"><\/span><\/a><\/div><div class=\"isotope-item block-2 block-h-2\"><a href=\"http:\/\/www.rockpixx.com\/wordpress\/wp-content\/uploads\/2014\/07\/20140719-02-011.jpg\" rel=\"prettyPhoto[postgal_15579]\" class=\"show-hover-link block-h-2\"\"><img decoding=\"async\" src=\"http:\/\/www.rockpixx.com\/wordpress\/wp-content\/uploads\/2014\/07\/20140719-02-011-480x480.jpg\" alt=\"Callejon, 19.07.2014, Deichbrand Open Air, Seeflughafen, Nordholz\"\/><span class=\"before\"><\/span><span class=\"after\"><\/span><\/a><\/div><div class=\"isotope-item block-1 block-h-1\"><a href=\"http:\/\/www.rockpixx.com\/wordpress\/wp-content\/uploads\/2014\/07\/20140719-02-015.jpg\" rel=\"prettyPhoto[postgal_15579]\" class=\"show-hover-link block-h-1\"\"><img decoding=\"async\" src=\"http:\/\/www.rockpixx.com\/wordpress\/wp-content\/uploads\/2014\/07\/20140719-02-015-480x480.jpg\" alt=\"Callejon, 19.07.2014, Deichbrand Open Air, Seeflughafen, Nordholz\"\/><span class=\"before\"><\/span><span class=\"after\"><\/span><\/a><\/div><div class=\"isotope-item block-1 block-h-1\"><a href=\"http:\/\/www.rockpixx.com\/wordpress\/wp-content\/uploads\/2014\/07\/20140719-02-023.jpg\" rel=\"prettyPhoto[postgal_15579]\" class=\"show-hover-link block-h-1\"\"><img decoding=\"async\" src=\"http:\/\/www.rockpixx.com\/wordpress\/wp-content\/uploads\/2014\/07\/20140719-02-023-480x480.jpg\" alt=\"Callejon, 19.07.2014, Deichbrand Open Air, Seeflughafen, Nordholz\"\/><span class=\"before\"><\/span><span class=\"after\"><\/span><\/a><\/div><div class=\"isotope-item block-2 block-h-2\"><a href=\"http:\/\/www.rockpixx.com\/wordpress\/wp-content\/uploads\/2014\/07\/20140719-02-026.jpg\" rel=\"prettyPhoto[postgal_15579]\" class=\"show-hover-link block-h-2\"\"><img decoding=\"async\" src=\"http:\/\/www.rockpixx.com\/wordpress\/wp-content\/uploads\/2014\/07\/20140719-02-026-480x480.jpg\" alt=\"Callejon, 19.07.2014, Deichbrand Open Air, Seeflughafen, Nordholz\"\/><span class=\"before\"><\/span><span class=\"after\"><\/span><\/a><\/div><div class=\"isotope-item block-1 block-h-1\"><a href=\"http:\/\/www.rockpixx.com\/wordpress\/wp-content\/uploads\/2014\/07\/20140719-02-030.jpg\" rel=\"prettyPhoto[postgal_15579]\" class=\"show-hover-link block-h-1\"\"><img decoding=\"async\" src=\"http:\/\/www.rockpixx.com\/wordpress\/wp-content\/uploads\/2014\/07\/20140719-02-030-480x480.jpg\" alt=\"Callejon, 19.07.2014, Deichbrand Open Air, Seeflughafen, Nordholz\"\/><span class=\"before\"><\/span><span class=\"after\"><\/span><\/a><\/div><\/div><\/div><\/p>\n","protected":false},"excerpt":{"rendered":"<p>Wer im Jahr 2014 Supportact f\u00fcr \u2192 \u201eBullet for my Valentine\u201c ist, der macht bestimmt <a href=\"http:\/\/www.rockpixx.com\/wordpress\/callejon-19-07-2014-deichbrand-festival-nordholz\/\">Read more<\/a><\/p>\n","protected":false},"author":1,"featured_media":15199,"comment_status":"open","ping_status":"open","sticky":false,"template":"","format":"standard","meta":{"_jetpack_memberships_contains_paid_content":false,"footnotes":"","jetpack_publicize_message":"#Callejon, 19.07.2014, #DeichbrandFestival, Nordholz","jetpack_publicize_feature_enabled":true,"jetpack_social_post_already_shared":true,"jetpack_social_options":{"image_generator_settings":{"template":"highway","default_image_id":0,"font":"","enabled":false},"version":2}},"categories":[34,1440],"tags":[2291,2369,844,2058],"class_list":["post-15198","post","type-post","status-publish","format-standard","has-post-thumbnail","hentry","category-acts","category-callejon","tag-2291","tag-callejon","tag-deichbrand-festival","tag-nordholz"],"aioseo_notices":[],"jetpack_publicize_connections":[],"jetpack_featured_media_url":"http:\/\/www.rockpixx.com\/wordpress\/wp-content\/uploads\/2014\/07\/20140719-02-030_callejon_Artikel.jpg","jetpack-related-posts":[{"id":8809,"url":"http:\/\/www.rockpixx.com\/wordpress\/deichkind-20-07-2012-nordholz-deichbrand-festival\/","url_meta":{"origin":15198,"position":0},"title":"Deichkind, 20.07.2012, Nordholz, Deichbrand Festival","author":"Anja","date":"20. Juli 2012","format":false,"excerpt":"Und dann endlich auf der \u201eFire Stage\u201c: Die Herren mit den bunten leuchtenden H\u00fcten und der netten Choreografie treten auf. Anweisung: \u201eSongs 2, 3 und 4\u201c. Ok, Zeit also den ersten Song unseres 300. Artists vor dem gro\u00dfen wei\u00dfen Bettlaken ohne Kameras im Anschlag von der Seite aus zu verfolgen\u2026\u2026","rel":"","context":"In &quot;Acts&quot;","block_context":{"text":"Acts","link":"http:\/\/www.rockpixx.com\/wordpress\/category\/acts\/"},"img":{"alt_text":"Deichkind, 20.07.2012, Nordholz, Deichbrand Festival","src":"https:\/\/i0.wp.com\/www.rockpixx.com\/wordpress\/wp-content\/uploads\/2013\/02\/20120720-06-deichkind-Artikel.jpg?resize=350%2C200","width":350,"height":200,"srcset":"https:\/\/i0.wp.com\/www.rockpixx.com\/wordpress\/wp-content\/uploads\/2013\/02\/20120720-06-deichkind-Artikel.jpg?resize=350%2C200 1x, https:\/\/i0.wp.com\/www.rockpixx.com\/wordpress\/wp-content\/uploads\/2013\/02\/20120720-06-deichkind-Artikel.jpg?resize=525%2C300 1.5x, https:\/\/i0.wp.com\/www.rockpixx.com\/wordpress\/wp-content\/uploads\/2013\/02\/20120720-06-deichkind-Artikel.jpg?resize=700%2C400 2x"},"classes":[]},{"id":15185,"url":"http:\/\/www.rockpixx.com\/wordpress\/maximo-park-18-07-2014-deichbrand-festival-nordholz\/","url_meta":{"origin":15198,"position":1},"title":"Max\u00efmo Park, 18.07.2014, Deichbrand Festival, Nordholz","author":"admin","date":"19. Juli 2014","format":false,"excerpt":"\u201eIndie Rock? Hmmm\u2026 das sind doch meistens welche, die in abgerissenen Klamotten auf der B\u00fchne stehen und mehr oder minder gut losrumpeln.\u201c Von wegen! Zumindest, was \u201eMax\u00efmo Park\u201c angeht. Ich stehe im Graben der Waterstage und bin \u00fcberrascht. Vor mir mit Mikrost\u00e4nder ein junger Mann in Anzug mit wei\u00dfem Hemd\u2026","rel":"","context":"In &quot;Acts&quot;","block_context":{"text":"Acts","link":"http:\/\/www.rockpixx.com\/wordpress\/category\/acts\/"},"img":{"alt_text":"Maximo Park, 18.07.2014, Deichbrand Open Air, Seeflughafen, Nordholz","src":"https:\/\/i0.wp.com\/www.rockpixx.com\/wordpress\/wp-content\/uploads\/2014\/07\/20140718-09-016_maximo-park_Artikel.jpg?resize=350%2C200","width":350,"height":200,"srcset":"https:\/\/i0.wp.com\/www.rockpixx.com\/wordpress\/wp-content\/uploads\/2014\/07\/20140718-09-016_maximo-park_Artikel.jpg?resize=350%2C200 1x, https:\/\/i0.wp.com\/www.rockpixx.com\/wordpress\/wp-content\/uploads\/2014\/07\/20140718-09-016_maximo-park_Artikel.jpg?resize=525%2C300 1.5x, https:\/\/i0.wp.com\/www.rockpixx.com\/wordpress\/wp-content\/uploads\/2014\/07\/20140718-09-016_maximo-park_Artikel.jpg?resize=700%2C400 2x"},"classes":[]},{"id":8191,"url":"http:\/\/www.rockpixx.com\/wordpress\/in-extremo-23-07-2011-nordholz-deichbrand-festival\/","url_meta":{"origin":15198,"position":2},"title":"In Extremo, 23.07.2011, Nordholz, Deichbrand Festival","author":"Anja","date":"23. Juli 2011","format":false,"excerpt":"Wieder im Pressezelt erfahre ich via facebook, dass ich wohl soeben im Fernsehen auf N3 in einem Bericht \u00fcber das Deichbrand Festival zu sehen gewesen bin. Toll - mit meinem \u201elila Strampelanzug\u201c werde ich noch zur Modeikone unter den Konzertfotografen dieser Welt. (Allerdings muss ich einr\u00e4umen, dass ich dar\u00fcber noch\u2026","rel":"","context":"In &quot;Acts&quot;","block_context":{"text":"Acts","link":"http:\/\/www.rockpixx.com\/wordpress\/category\/acts\/"},"img":{"alt_text":"In Extremo","src":"https:\/\/i0.wp.com\/www.rockpixx.com\/wordpress\/wp-content\/uploads\/2013\/02\/20110723-08-in-extremo-Artikel.jpg?resize=350%2C200","width":350,"height":200,"srcset":"https:\/\/i0.wp.com\/www.rockpixx.com\/wordpress\/wp-content\/uploads\/2013\/02\/20110723-08-in-extremo-Artikel.jpg?resize=350%2C200 1x, https:\/\/i0.wp.com\/www.rockpixx.com\/wordpress\/wp-content\/uploads\/2013\/02\/20110723-08-in-extremo-Artikel.jpg?resize=525%2C300 1.5x, https:\/\/i0.wp.com\/www.rockpixx.com\/wordpress\/wp-content\/uploads\/2013\/02\/20110723-08-in-extremo-Artikel.jpg?resize=700%2C400 2x"},"classes":[]},{"id":15228,"url":"http:\/\/www.rockpixx.com\/wordpress\/marteria-19-07-2014-deichbrand-festival-nordholz\/","url_meta":{"origin":15198,"position":3},"title":"Marteria, 19.07.2014, Deichbrand Festival, Nordholz","author":"admin","date":"20. Juli 2014","format":false,"excerpt":"Was habe ich heute nicht schon alles geh\u00f6rt: Folk, Mittelalter-Rock, Metal und jetzt? Ein Rap-Dance-Act aus deutschen Landen steht vor mir auf der B\u00fchne: \u201eMarteria\u201c. Ey Digga, da knallen mir ja gleich voll fett \u00fcbersteuerte B\u00e4sse das Resthirn in die Hose. Und da raven auch noch ein paar geile Chicks\u2026","rel":"","context":"In &quot;Acts&quot;","block_context":{"text":"Acts","link":"http:\/\/www.rockpixx.com\/wordpress\/category\/acts\/"},"img":{"alt_text":"Marteria, 19.07.2014, Deichbrand Open Air, Seeflughafen, Nordholz","src":"https:\/\/i0.wp.com\/www.rockpixx.com\/wordpress\/wp-content\/uploads\/2014\/07\/20140719-09-055_marteria_Artikel.jpg?resize=350%2C200","width":350,"height":200,"srcset":"https:\/\/i0.wp.com\/www.rockpixx.com\/wordpress\/wp-content\/uploads\/2014\/07\/20140719-09-055_marteria_Artikel.jpg?resize=350%2C200 1x, https:\/\/i0.wp.com\/www.rockpixx.com\/wordpress\/wp-content\/uploads\/2014\/07\/20140719-09-055_marteria_Artikel.jpg?resize=525%2C300 1.5x, https:\/\/i0.wp.com\/www.rockpixx.com\/wordpress\/wp-content\/uploads\/2014\/07\/20140719-09-055_marteria_Artikel.jpg?resize=700%2C400 2x"},"classes":[]},{"id":15193,"url":"http:\/\/www.rockpixx.com\/wordpress\/russkaja-19-07-2014-deichbrand-festival-nordholz\/","url_meta":{"origin":15198,"position":4},"title":"Russkaja, 19.07.2014, Deichbrand Festival, Nordholz","author":"admin","date":"19. Juli 2014","format":false,"excerpt":"Schrieb ich bei der ersten Begegnung mit \u2192 \u201eRusskaja\u201c noch etwas von \u201eIvan Rebroff auf Ecstasy\u201c, so muss ich nun meine Meinung revidieren: Die ganze Truppe hat mehr als genug \u201eEnergia!\u201c (so auch der Name ihres aktuellen Albums), um selbst in gro\u00dfer Hitze \u00fcber die B\u00fchne zu toben. \u201eRusskaja\u201c machen\u2026","rel":"","context":"In &quot;Acts&quot;","block_context":{"text":"Acts","link":"http:\/\/www.rockpixx.com\/wordpress\/category\/acts\/"},"img":{"alt_text":"Russkaja, 19.07.2014, Deichbrand Open Air, Seeflughafen, Nordholz","src":"https:\/\/i0.wp.com\/www.rockpixx.com\/wordpress\/wp-content\/uploads\/2014\/07\/20140719-01-053_russkaja_Artikel1.jpg?resize=350%2C200","width":350,"height":200,"srcset":"https:\/\/i0.wp.com\/www.rockpixx.com\/wordpress\/wp-content\/uploads\/2014\/07\/20140719-01-053_russkaja_Artikel1.jpg?resize=350%2C200 1x, https:\/\/i0.wp.com\/www.rockpixx.com\/wordpress\/wp-content\/uploads\/2014\/07\/20140719-01-053_russkaja_Artikel1.jpg?resize=525%2C300 1.5x, https:\/\/i0.wp.com\/www.rockpixx.com\/wordpress\/wp-content\/uploads\/2014\/07\/20140719-01-053_russkaja_Artikel1.jpg?resize=700%2C400 2x"},"classes":[]},{"id":8201,"url":"http:\/\/www.rockpixx.com\/wordpress\/guano-apes-23-07-2011-nordholz-deichbrand-festival\/","url_meta":{"origin":15198,"position":5},"title":"Guano Apes, 23.07.2011, Nordholz, Deichbrand Festival","author":"Anja","date":"23. Juli 2011","format":false,"excerpt":"Und nun die absoluten Headliner des Sonnabends: Die \u201eGuano Apes\u201c stehen auf der B\u00fchne, nachdem sie sich nach 5\u00a0Jahren Pause eindrucksvoll mit dem neuen Album \u201eBel Air\u201c zur\u00fcckgemeldet haben. Vor der B\u00fchne herrscht Alarmstufe 1: Noch mehr Securities, die Wellenbrecher werden noch einmal ausgebaut, wir d\u00fcrfen nur noch durch den\u2026","rel":"","context":"In &quot;Acts&quot;","block_context":{"text":"Acts","link":"http:\/\/www.rockpixx.com\/wordpress\/category\/acts\/"},"img":{"alt_text":"Guano Apes, 23.07.2011, Nordholz, Deichbrand Festival","src":"https:\/\/i0.wp.com\/www.rockpixx.com\/wordpress\/wp-content\/uploads\/2013\/02\/20110723-10-guano-apes-Artikel.jpg?resize=350%2C200","width":350,"height":200,"srcset":"https:\/\/i0.wp.com\/www.rockpixx.com\/wordpress\/wp-content\/uploads\/2013\/02\/20110723-10-guano-apes-Artikel.jpg?resize=350%2C200 1x, https:\/\/i0.wp.com\/www.rockpixx.com\/wordpress\/wp-content\/uploads\/2013\/02\/20110723-10-guano-apes-Artikel.jpg?resize=525%2C300 1.5x, https:\/\/i0.wp.com\/www.rockpixx.com\/wordpress\/wp-content\/uploads\/2013\/02\/20110723-10-guano-apes-Artikel.jpg?resize=700%2C400 2x"},"classes":[]}],"jetpack_sharing_enabled":true,"publishpress_future_action":{"enabled":false,"date":"2026-05-07 07:47:18","action":"change-status","newStatus":"draft","terms":[],"taxonomy":"category","extraData":[]},"publishpress_future_workflow_manual_trigger":{"enabledWorkflows":[]},"_links":{"self":[{"href":"http:\/\/www.rockpixx.com\/wordpress\/wp-json\/wp\/v2\/posts\/15198","targetHints":{"allow":["GET"]}}],"collection":[{"href":"http:\/\/www.rockpixx.com\/wordpress\/wp-json\/wp\/v2\/posts"}],"about":[{"href":"http:\/\/www.rockpixx.com\/wordpress\/wp-json\/wp\/v2\/types\/post"}],"author":[{"embeddable":true,"href":"http:\/\/www.rockpixx.com\/wordpress\/wp-json\/wp\/v2\/users\/1"}],"replies":[{"embeddable":true,"href":"http:\/\/www.rockpixx.com\/wordpress\/wp-json\/wp\/v2\/comments?post=15198"}],"version-history":[{"count":0,"href":"http:\/\/www.rockpixx.com\/wordpress\/wp-json\/wp\/v2\/posts\/15198\/revisions"}],"wp:featuredmedia":[{"embeddable":true,"href":"http:\/\/www.rockpixx.com\/wordpress\/wp-json\/wp\/v2\/media\/15199"}],"wp:attachment":[{"href":"http:\/\/www.rockpixx.com\/wordpress\/wp-json\/wp\/v2\/media?parent=15198"}],"wp:term":[{"taxonomy":"category","embeddable":true,"href":"http:\/\/www.rockpixx.com\/wordpress\/wp-json\/wp\/v2\/categories?post=15198"},{"taxonomy":"post_tag","embeddable":true,"href":"http:\/\/www.rockpixx.com\/wordpress\/wp-json\/wp\/v2\/tags?post=15198"}],"curies":[{"name":"wp","href":"https:\/\/api.w.org\/{rel}","templated":true}]}}