{"id":15239,"date":"2014-07-20T12:04:20","date_gmt":"2014-07-20T11:04:20","guid":{"rendered":"http:\/\/rockpixx.com\/wordpress\/?p=15239"},"modified":"2014-07-30T17:55:32","modified_gmt":"2014-07-30T16:55:32","slug":"das-pack-20-07-2014-deichbrand-festival-nordholz","status":"publish","type":"post","link":"http:\/\/www.rockpixx.com\/wordpress\/das-pack-20-07-2014-deichbrand-festival-nordholz\/","title":{"rendered":"DAS PACK, 20.07.2014, Deichbrand Festival, Nordholz"},"content":{"rendered":"<p>Sonntag, letzter Tag auf dem Deichbrand, die Wetterg\u00f6tter haben ein Einsehen: Es brennt nicht mehr so gnadenlos von oben herab. Vor der Waterstage: Ein \u00fcberm\u00fcdetes Publikum. Auf der B\u00fchne: Die zwei Musiker von \u201eDAS PACK\u201c.<!--more--><\/p>\n<p>E-Gitarre, Drums und zwei Vocals lassen nat\u00fcrlich kein brachiales Soundgewitter erwarten, aber es lohnt sich, auf die Ansagen zwischen den Texten zu achten. Kostprobe gef\u00e4llig? Bittesch\u00f6n. \u201eEs folgt eine Hymne f\u00fcr die Veganer. Wenn man n\u00e4mlich einer Kuh ein Steak aus den Rippen schneidet, dann ist auf alle Zeiten ihr \u201eFahradfahr-Gleichgewichtssinn\u201c irreparabel zerst\u00f6rt. Das ist nicht hinnehmbar!\u201c<\/p>\n<p>In diesem Sinne\u2026<\/p>\n<p style=\"text-align: right;\">Fotos: <a href=\"mailto:info@rockpixx.com?subject=DAS%20PACK,%2020.07.2014,%20Deichbrand%20Festival,%20Nordholz\">Alex<\/a> | Text: <a href=\"mailto:info@rockpixx.com?subject=Das%20Pack,%2020.07.2014,%20Deichbrand%20Festival,%20Nordholz\">Alex<\/a><\/p>\n<p>&nbsp;<\/p>\n<div class=\"eat-left eat-right\"><div class=\"thumbs-masonry isotope\"><div class=\"isotope-item block-2 block-h-2\"><a href=\"http:\/\/www.rockpixx.com\/wordpress\/wp-content\/uploads\/2014\/07\/20140720-01-0021.jpg\" rel=\"prettyPhoto[postgal_15825]\" class=\"show-hover-link block-h-2\"\"><img decoding=\"async\" src=\"http:\/\/www.rockpixx.com\/wordpress\/wp-content\/uploads\/2014\/07\/20140720-01-0021-480x480.jpg\" alt=\"Das Pack, 20.07.2014, Deichbrand Open Air, Seeflughafen, Nordholz\"\/><span class=\"before\"><\/span><span class=\"after\"><\/span><\/a><\/div><div class=\"isotope-item block-2 block-h-2\"><a href=\"http:\/\/www.rockpixx.com\/wordpress\/wp-content\/uploads\/2014\/07\/20140720-01-010.jpg\" rel=\"prettyPhoto[postgal_15825]\" class=\"show-hover-link block-h-2\"\"><img decoding=\"async\" src=\"http:\/\/www.rockpixx.com\/wordpress\/wp-content\/uploads\/2014\/07\/20140720-01-010-480x480.jpg\" alt=\"Das Pack, 20.07.2014, Deichbrand Open Air, Seeflughafen, Nordholz\"\/><span class=\"before\"><\/span><span class=\"after\"><\/span><\/a><\/div><div class=\"isotope-item block-1 block-h-1\"><a href=\"http:\/\/www.rockpixx.com\/wordpress\/wp-content\/uploads\/2014\/07\/20140720-01-012.jpg\" rel=\"prettyPhoto[postgal_15825]\" class=\"show-hover-link block-h-1\"\"><img decoding=\"async\" src=\"http:\/\/www.rockpixx.com\/wordpress\/wp-content\/uploads\/2014\/07\/20140720-01-012-480x480.jpg\" alt=\"Das Pack, 20.07.2014, Deichbrand Open Air, Seeflughafen, Nordholz\"\/><span class=\"before\"><\/span><span class=\"after\"><\/span><\/a><\/div><div class=\"isotope-item block-1 block-h-1\"><a href=\"http:\/\/www.rockpixx.com\/wordpress\/wp-content\/uploads\/2014\/07\/20140720-01-016.jpg\" rel=\"prettyPhoto[postgal_15825]\" class=\"show-hover-link block-h-1\"\"><img decoding=\"async\" src=\"http:\/\/www.rockpixx.com\/wordpress\/wp-content\/uploads\/2014\/07\/20140720-01-016-480x480.jpg\" alt=\"Das Pack, 20.07.2014, Deichbrand Open Air, Seeflughafen, Nordholz\"\/><span class=\"before\"><\/span><span class=\"after\"><\/span><\/a><\/div><div class=\"isotope-item block-1 block-h-1\"><a href=\"http:\/\/www.rockpixx.com\/wordpress\/wp-content\/uploads\/2014\/07\/20140720-01-019.jpg\" rel=\"prettyPhoto[postgal_15825]\" class=\"show-hover-link block-h-1\"\"><img decoding=\"async\" src=\"http:\/\/www.rockpixx.com\/wordpress\/wp-content\/uploads\/2014\/07\/20140720-01-019-480x480.jpg\" alt=\"Das Pack, 20.07.2014, Deichbrand Open Air, Seeflughafen, Nordholz\"\/><span class=\"before\"><\/span><span class=\"after\"><\/span><\/a><\/div><div class=\"isotope-item block-1 block-h-1\"><a href=\"http:\/\/www.rockpixx.com\/wordpress\/wp-content\/uploads\/2014\/07\/20140720-01-020.jpg\" rel=\"prettyPhoto[postgal_15825]\" class=\"show-hover-link block-h-1\"\"><img decoding=\"async\" src=\"http:\/\/www.rockpixx.com\/wordpress\/wp-content\/uploads\/2014\/07\/20140720-01-020-480x480.jpg\" alt=\"Das Pack, 20.07.2014, Deichbrand Open Air, Seeflughafen, Nordholz\"\/><span class=\"before\"><\/span><span class=\"after\"><\/span><\/a><\/div><\/div><\/div>\n","protected":false},"excerpt":{"rendered":"<p>Sonntag, letzter Tag auf dem Deichbrand, die Wetterg\u00f6tter haben ein Einsehen: Es brennt nicht mehr <a href=\"http:\/\/www.rockpixx.com\/wordpress\/das-pack-20-07-2014-deichbrand-festival-nordholz\/\">Read more<\/a><\/p>\n","protected":false},"author":1,"featured_media":15242,"comment_status":"open","ping_status":"open","sticky":false,"template":"","format":"standard","meta":{"_jetpack_memberships_contains_paid_content":false,"footnotes":"","jetpack_publicize_message":"","jetpack_publicize_feature_enabled":true,"jetpack_social_post_already_shared":true,"jetpack_social_options":{"image_generator_settings":{"template":"highway","default_image_id":0,"font":"","enabled":false},"version":2}},"categories":[34,1449],"tags":[2291,2374,844,2058],"class_list":["post-15239","post","type-post","status-publish","format-standard","has-post-thumbnail","hentry","category-acts","category-das-pack","tag-2291","tag-das-pack","tag-deichbrand-festival","tag-nordholz"],"aioseo_notices":[],"jetpack_publicize_connections":[],"jetpack_featured_media_url":"http:\/\/www.rockpixx.com\/wordpress\/wp-content\/uploads\/2014\/07\/20140720-01-002_das-pack_Artikel2.jpg","jetpack-related-posts":[{"id":15214,"url":"http:\/\/www.rockpixx.com\/wordpress\/in-extremo-19-07-2014-deichbrand-festival-nordholz\/","url_meta":{"origin":15239,"position":0},"title":"In Extremo, 19.07.2014, Deichbrand Festival, Nordholz","author":"admin","date":"19. Juli 2014","format":false,"excerpt":"Erste Ansage noch am Grabeneingang: \u201eZuerst gibt\u2019s extreme B\u00f6ller, da ist Geh\u00f6rschutz Pflicht. Dann gibt\u2019s Flames und ab Song zwei k\u00f6nnt Ihr dann f\u00fcr zwei Lieder rein.\u201c Ok, Flames also, die k\u00f6nnen gar nicht so hei\u00df sein, wie die Temperaturen auf dem Gel\u00e4nde. Freuen wir uns also nach \u2192 \u201eFAUN\u201c\u2026","rel":"","context":"In &quot;Acts&quot;","block_context":{"text":"Acts","link":"http:\/\/www.rockpixx.com\/wordpress\/category\/acts\/"},"img":{"alt_text":"In Extremo, 19.07.2014, Deichbrand Open Air, Seeflughafen, Nordholz","src":"https:\/\/i0.wp.com\/www.rockpixx.com\/wordpress\/wp-content\/uploads\/2014\/07\/20140719-06-015_in-extremo_Artikel1.jpg?resize=350%2C200","width":350,"height":200,"srcset":"https:\/\/i0.wp.com\/www.rockpixx.com\/wordpress\/wp-content\/uploads\/2014\/07\/20140719-06-015_in-extremo_Artikel1.jpg?resize=350%2C200 1x, https:\/\/i0.wp.com\/www.rockpixx.com\/wordpress\/wp-content\/uploads\/2014\/07\/20140719-06-015_in-extremo_Artikel1.jpg?resize=525%2C300 1.5x, https:\/\/i0.wp.com\/www.rockpixx.com\/wordpress\/wp-content\/uploads\/2014\/07\/20140719-06-015_in-extremo_Artikel1.jpg?resize=700%2C400 2x"},"classes":[]},{"id":8085,"url":"http:\/\/www.rockpixx.com\/wordpress\/ghost-of-tom-joad-22-07-2011-nordholz-deichbrand-festival\/","url_meta":{"origin":15239,"position":1},"title":"Ghost of Tom Joad, 22.07.2011, Nordholz, Deichbrand Festival","author":"Anja","date":"22. Juli 2011","format":false,"excerpt":"Indie-Pop als N\u00e4chstes: Die Jungs von \u201eGhost of Tom Joad\u201c haben sich nach einem Song von Bruce Springsteen benannt. Die Musik ist melodischer als bei den vorangegangenen zwei Acts und auch nicht ganz so laut (vielleicht haben sich aber auch nur meine Ohren inzwischen an die Soundkulisse gew\u00f6hnt). Eigentlich gef\u00e4llt\u2026","rel":"","context":"In &quot;Acts&quot;","block_context":{"text":"Acts","link":"http:\/\/www.rockpixx.com\/wordpress\/category\/acts\/"},"img":{"alt_text":"Ghost of Tom Joad, 22.07.2011, Nordholz, Deichbrand Festival","src":"https:\/\/i0.wp.com\/www.rockpixx.com\/wordpress\/wp-content\/uploads\/2013\/02\/20110722-03-ghost-of-tom-joad-Artikel.jpg?resize=350%2C200","width":350,"height":200,"srcset":"https:\/\/i0.wp.com\/www.rockpixx.com\/wordpress\/wp-content\/uploads\/2013\/02\/20110722-03-ghost-of-tom-joad-Artikel.jpg?resize=350%2C200 1x, https:\/\/i0.wp.com\/www.rockpixx.com\/wordpress\/wp-content\/uploads\/2013\/02\/20110722-03-ghost-of-tom-joad-Artikel.jpg?resize=525%2C300 1.5x, https:\/\/i0.wp.com\/www.rockpixx.com\/wordpress\/wp-content\/uploads\/2013\/02\/20110722-03-ghost-of-tom-joad-Artikel.jpg?resize=700%2C400 2x"},"classes":[]},{"id":15167,"url":"http:\/\/www.rockpixx.com\/wordpress\/prinz-pi-18-07-2014-deichbrand-festival-nordholz\/","url_meta":{"origin":15239,"position":2},"title":"Prinz Pi, 18.07.2014, Deichbrand Festival, Nordholz","author":"admin","date":"18. Juli 2014","format":false,"excerpt":"Gerade eben noch Mittelalterrock auf der Firestage mit \u2192 \u201eSubway to Sally\u201c, jetzt deutscher Rap auf der Waterstage mit \u201ePrinz Pi\u201c \u2013 so abwechslungsreich geht es auf dem Deichbrand zu. Zugegeben, meine Musik ist das nie gewesen und wird es auch nie werden, aber dennoch kommt die Begleitband um den\u2026","rel":"","context":"In &quot;Acts&quot;","block_context":{"text":"Acts","link":"http:\/\/www.rockpixx.com\/wordpress\/category\/acts\/"},"img":{"alt_text":"Prinz Pi, 18.07.2014, Deichbrand Open Air, Seeflughafen, Nordholz","src":"https:\/\/i0.wp.com\/www.rockpixx.com\/wordpress\/wp-content\/uploads\/2014\/07\/20140718-04-013_prinz-pi_Artikl.jpg?resize=350%2C200","width":350,"height":200,"srcset":"https:\/\/i0.wp.com\/www.rockpixx.com\/wordpress\/wp-content\/uploads\/2014\/07\/20140718-04-013_prinz-pi_Artikl.jpg?resize=350%2C200 1x, https:\/\/i0.wp.com\/www.rockpixx.com\/wordpress\/wp-content\/uploads\/2014\/07\/20140718-04-013_prinz-pi_Artikl.jpg?resize=525%2C300 1.5x, https:\/\/i0.wp.com\/www.rockpixx.com\/wordpress\/wp-content\/uploads\/2014\/07\/20140718-04-013_prinz-pi_Artikl.jpg?resize=700%2C400 2x"},"classes":[]},{"id":11667,"url":"http:\/\/www.rockpixx.com\/wordpress\/in-flames-19-07-2013-deichbrand-festival-nordholz\/","url_meta":{"origin":15239,"position":3},"title":"In Flames, 19.07.2013, Deichbrand Festival, Nordholz","author":"Anja","date":"25. Juli 2013","format":false,"excerpt":"Eine dreiundzwanzigj\u00e4hrige Erfolgsgeschichte mit drei Grammies, 10 Alben und davon haben sie \u00fcber 2,5 Millionen Scheiben verkauft. Das Geheimnis ihres Erfolges\u00a0 und ihr Markenzeichen sind zwei perfekt harmonierende Leadgitarren. Ihre Wurzeln haben \u201eIn Flames\u201c im Melodic Metal, im Laufe ihrer Bandgeschichte haben sie eine eigene Stilrichtung entwickelt, die sich in\u2026","rel":"","context":"In &quot;Acts&quot;","block_context":{"text":"Acts","link":"http:\/\/www.rockpixx.com\/wordpress\/category\/acts\/"},"img":{"alt_text":"In Flames","src":"https:\/\/i0.wp.com\/www.rockpixx.com\/wordpress\/wp-content\/uploads\/2013\/07\/20130719-09-058_in-flames-Artikel.jpg?resize=350%2C200","width":350,"height":200,"srcset":"https:\/\/i0.wp.com\/www.rockpixx.com\/wordpress\/wp-content\/uploads\/2013\/07\/20130719-09-058_in-flames-Artikel.jpg?resize=350%2C200 1x, https:\/\/i0.wp.com\/www.rockpixx.com\/wordpress\/wp-content\/uploads\/2013\/07\/20130719-09-058_in-flames-Artikel.jpg?resize=525%2C300 1.5x, https:\/\/i0.wp.com\/www.rockpixx.com\/wordpress\/wp-content\/uploads\/2013\/07\/20130719-09-058_in-flames-Artikel.jpg?resize=700%2C400 2x"},"classes":[]},{"id":8201,"url":"http:\/\/www.rockpixx.com\/wordpress\/guano-apes-23-07-2011-nordholz-deichbrand-festival\/","url_meta":{"origin":15239,"position":4},"title":"Guano Apes, 23.07.2011, Nordholz, Deichbrand Festival","author":"Anja","date":"23. Juli 2011","format":false,"excerpt":"Und nun die absoluten Headliner des Sonnabends: Die \u201eGuano Apes\u201c stehen auf der B\u00fchne, nachdem sie sich nach 5\u00a0Jahren Pause eindrucksvoll mit dem neuen Album \u201eBel Air\u201c zur\u00fcckgemeldet haben. Vor der B\u00fchne herrscht Alarmstufe 1: Noch mehr Securities, die Wellenbrecher werden noch einmal ausgebaut, wir d\u00fcrfen nur noch durch den\u2026","rel":"","context":"In &quot;Acts&quot;","block_context":{"text":"Acts","link":"http:\/\/www.rockpixx.com\/wordpress\/category\/acts\/"},"img":{"alt_text":"Guano Apes, 23.07.2011, Nordholz, Deichbrand Festival","src":"https:\/\/i0.wp.com\/www.rockpixx.com\/wordpress\/wp-content\/uploads\/2013\/02\/20110723-10-guano-apes-Artikel.jpg?resize=350%2C200","width":350,"height":200,"srcset":"https:\/\/i0.wp.com\/www.rockpixx.com\/wordpress\/wp-content\/uploads\/2013\/02\/20110723-10-guano-apes-Artikel.jpg?resize=350%2C200 1x, https:\/\/i0.wp.com\/www.rockpixx.com\/wordpress\/wp-content\/uploads\/2013\/02\/20110723-10-guano-apes-Artikel.jpg?resize=525%2C300 1.5x, https:\/\/i0.wp.com\/www.rockpixx.com\/wordpress\/wp-content\/uploads\/2013\/02\/20110723-10-guano-apes-Artikel.jpg?resize=700%2C400 2x"},"classes":[]},{"id":15156,"url":"http:\/\/www.rockpixx.com\/wordpress\/exclusive-17-07-2014-deichbrand-festival-nordholz\/","url_meta":{"origin":15239,"position":5},"title":"Exclusive, 17.07.2014, Deichbrand Festival, Nordholz","author":"admin","date":"18. Juli 2014","format":false,"excerpt":"Jetzt geht\u2019s los. Zweiter Tag auf dem Deichbrand, endlich werden die beiden gro\u00dfen B\u00fchnen bespielt, den Anfang macht fr\u00fchmorgens gegen 14:00 die M\u00fcnchner Band \u201eExclusive\u201c auf der Firestage. Und das l\u00e4sst sich schon mal gut an, es geht doch nichts \u00fcber gutes Sonnenlicht, wenn man Konzerte fotografieren will \u2013 kein\u2026","rel":"","context":"In &quot;Acts&quot;","block_context":{"text":"Acts","link":"http:\/\/www.rockpixx.com\/wordpress\/category\/acts\/"},"img":{"alt_text":"Exclusive, 18.07.2014, Deichbrand Open Air, Seeflughafen, Nordholz","src":"https:\/\/i0.wp.com\/www.rockpixx.com\/wordpress\/wp-content\/uploads\/2014\/07\/20140718-01-027_exclusive_Artikel1.jpg?resize=350%2C200","width":350,"height":200,"srcset":"https:\/\/i0.wp.com\/www.rockpixx.com\/wordpress\/wp-content\/uploads\/2014\/07\/20140718-01-027_exclusive_Artikel1.jpg?resize=350%2C200 1x, https:\/\/i0.wp.com\/www.rockpixx.com\/wordpress\/wp-content\/uploads\/2014\/07\/20140718-01-027_exclusive_Artikel1.jpg?resize=525%2C300 1.5x, https:\/\/i0.wp.com\/www.rockpixx.com\/wordpress\/wp-content\/uploads\/2014\/07\/20140718-01-027_exclusive_Artikel1.jpg?resize=700%2C400 2x"},"classes":[]}],"jetpack_sharing_enabled":true,"publishpress_future_action":{"enabled":false,"date":"2026-05-06 06:19:32","action":"change-status","newStatus":"draft","terms":[],"taxonomy":"category","extraData":[]},"publishpress_future_workflow_manual_trigger":{"enabledWorkflows":[]},"_links":{"self":[{"href":"http:\/\/www.rockpixx.com\/wordpress\/wp-json\/wp\/v2\/posts\/15239","targetHints":{"allow":["GET"]}}],"collection":[{"href":"http:\/\/www.rockpixx.com\/wordpress\/wp-json\/wp\/v2\/posts"}],"about":[{"href":"http:\/\/www.rockpixx.com\/wordpress\/wp-json\/wp\/v2\/types\/post"}],"author":[{"embeddable":true,"href":"http:\/\/www.rockpixx.com\/wordpress\/wp-json\/wp\/v2\/users\/1"}],"replies":[{"embeddable":true,"href":"http:\/\/www.rockpixx.com\/wordpress\/wp-json\/wp\/v2\/comments?post=15239"}],"version-history":[{"count":0,"href":"http:\/\/www.rockpixx.com\/wordpress\/wp-json\/wp\/v2\/posts\/15239\/revisions"}],"wp:featuredmedia":[{"embeddable":true,"href":"http:\/\/www.rockpixx.com\/wordpress\/wp-json\/wp\/v2\/media\/15242"}],"wp:attachment":[{"href":"http:\/\/www.rockpixx.com\/wordpress\/wp-json\/wp\/v2\/media?parent=15239"}],"wp:term":[{"taxonomy":"category","embeddable":true,"href":"http:\/\/www.rockpixx.com\/wordpress\/wp-json\/wp\/v2\/categories?post=15239"},{"taxonomy":"post_tag","embeddable":true,"href":"http:\/\/www.rockpixx.com\/wordpress\/wp-json\/wp\/v2\/tags?post=15239"}],"curies":[{"name":"wp","href":"https:\/\/api.w.org\/{rel}","templated":true}]}}