{"id":15541,"date":"2014-07-25T14:43:28","date_gmt":"2014-07-25T13:43:28","guid":{"rendered":"http:\/\/rockpixx.com\/wordpress\/?p=15541"},"modified":"2016-08-02T13:29:27","modified_gmt":"2016-08-02T12:29:27","slug":"rockpixx-com-berichtet-nicht-ueber-das-festival-am-08-10-08-2014","status":"publish","type":"post","link":"http:\/\/www.rockpixx.com\/wordpress\/rockpixx-com-berichtet-nicht-ueber-das-festival-am-08-10-08-2014\/","title":{"rendered":"rockpixx.com berichtet nicht \u00fcber das Festival am 08.\u201310.08.2014"},"content":{"rendered":"<p>Wir sind soeben per Telefon und Mail dar\u00fcber aufgekl\u00e4rt worden, dass die Abbildung des Plakates eines Festivals durch uns eine Urheberrechtsverletzung darstellt. Eine Anwaltskanzlei werde sich unser annehmen und die beteiligten K\u00fcnstler w\u00fcrden informiert, damit diese rechtliche Konsequenzen pr\u00fcfen k\u00f6nnten.<!--more--><\/p>\n<p>Das Plakat hatten wir unbeanstandet mehrere Monate auf unserer Webseite im Rahmen der Vorberichterstattung. Nachdem wir allerdings nicht damit einverstanden waren, alle gemachten Bilder in voller Gr\u00f6\u00dfe und ohne Branding dem Veranstalter zum Nulltarif f\u00fcr r\u00e4umlich und zeitlich unbefristete Nutzung zur Verf\u00fcgung zu stellen und auf eine Akkreditierung verzichtet haben, stellt nun die Verwendung des Plakates eine Urheberrechtsverletzung durch uns dar.<\/p>\n<p>Wir sind der Meinung, dass es sich nicht mehr lohnt, \u00fcberhaupt noch Weiteres zu Events dieses Veranstalters zu schreiben.<\/p>\n<p><strong>Nachtrag vom 02.08.2014:<\/strong><\/p>\n<p>Wir sind ersch\u00fcttert und tief betroffen \u2013 um nicht zu sagen aufgew\u00fchlt bis ins innerste Mark! Da ist doch tats\u00e4chlich eine Woche vor Beginn einer der Hauptsponsoren des Festival abgesprungen. Es ergeht also \u00fcber die \u00fcblichen Kan\u00e4le der flehentliche Aufruf des Veranstalters, dass die Leute doch bitte, bitte, bitte alle ganz schnell noch Karten \u00fcber den Vorverkauf erwerben m\u00f6gen (und nicht \u00fcber die Tageskasse), da die Banken auch keine Freunde von Festivals seien. Ganz ehrlich? Ich als potenzieller Festvalbesucher w\u00fcrde da erst mal hinfahren und gucken, ob das Festival \u00fcberhaupt noch stattfindet und mir erst dann eine Karte an der Tageskasse kaufen. Und als Veranstalter w\u00fcrde ich dem Sponsor kr\u00e4ftig mit dem Anwalt drohen, so ein Verhalten ist bestimmt genau so eine Urheberrechtsverletzung, wie wir sie begangen haben sollen.<\/p>\n<p><strong>Nachtrag 2016:<\/strong><\/p>\n<p>Nachdem das Festival nach dem ersten Tag abgebrochen worden ist (genannter Grund war ein \u201eUnwetter\u201c, tats\u00e4chlicher Grund waren wohl eher die mauen Besucherzahlen), hoffte der Veranstalter, die aufgelaufenen Kosten seiner Versicherung in Rechnung stellen zu k\u00f6nnen. Die spielte allerdings nicht mit. Insofern ist die nachfolgende Insolvenz nur logisch. Schade &#8211; schon wieder ist eine sch\u00f6ne Location mit gro\u00dfartiger Festival-Tradition von \u201eVeranstaltern\u201c verbrannt worden.<\/p>\n","protected":false},"excerpt":{"rendered":"<p>Wir sind soeben per Telefon und Mail dar\u00fcber aufgekl\u00e4rt worden, dass die Abbildung des Plakates <a href=\"http:\/\/www.rockpixx.com\/wordpress\/rockpixx-com-berichtet-nicht-ueber-das-festival-am-08-10-08-2014\/\">Read more<\/a><\/p>\n","protected":false},"author":1,"featured_media":15540,"comment_status":"open","ping_status":"open","sticky":false,"template":"","format":"standard","meta":{"_jetpack_memberships_contains_paid_content":false,"footnotes":"","jetpack_publicize_message":"","jetpack_publicize_feature_enabled":true,"jetpack_social_post_already_shared":true,"jetpack_social_options":{"image_generator_settings":{"template":"highway","default_image_id":0,"font":"","enabled":false},"version":2}},"categories":[1278,19],"tags":[161],"class_list":["post-15541","post","type-post","status-publish","format-standard","has-post-thumbnail","hentry","category-1278","category-backstage","tag-akkreditierung"],"aioseo_notices":[],"jetpack_publicize_connections":[],"jetpack_featured_media_url":"http:\/\/www.rockpixx.com\/wordpress\/wp-content\/uploads\/2014\/07\/Artikel_Juebek-2014-31.png","jetpack-related-posts":[{"id":1035,"url":"http:\/\/www.rockpixx.com\/wordpress\/bandfotografen-only\/","url_meta":{"origin":15541,"position":0},"title":"Bandfotografen only!","author":"admin","date":"21. Juli 2010","format":false,"excerpt":"Moin, irgendwie entwickelt sich der Sommer 2010 zu einem Sommer der Widrigkeiten (oder, um es mit der Sprache von MAD auszudr\u00fccken: \u201eNeulich, beim Telefonat mit dem Veranstalter\u2026\u201c): Ein sch\u00f6nes zweit\u00e4giges Tribute-Festival steht vor der T\u00fcr mit mehreren Top-Acts aus diesem Genre. Die H\u00e4lfte der Bands dort kennen wir, sie kennen\u2026","rel":"","context":"In &quot;2010&quot;","block_context":{"text":"2010","link":"http:\/\/www.rockpixx.com\/wordpress\/category\/backstage\/2010\/"},"img":{"alt_text":"","src":"","width":0,"height":0},"classes":[]},{"id":1068,"url":"http:\/\/www.rockpixx.com\/wordpress\/summerdays-festival-in-arbon\/","url_meta":{"origin":15541,"position":1},"title":"Summerdays Festival in Arbon","author":"admin","date":"1. September 2011","format":false,"excerpt":"Es ist das letzte Augustwochenende und wir hoffen, dass uns das Wetter nicht im Stich l\u00e4sst. Die vorherige Woche st\u00f6hnte ganz Mitteleuropa unter der tropischen Hitze und so war f\u00fcr das Wochenende Regen angesagt. Davon lie\u00dfen wir uns nicht unterkriegen und sind am Freitag Richtung Bodensee aufgebrochen. So wie letztes\u2026","rel":"","context":"In &quot;2011&quot;","block_context":{"text":"2011","link":"http:\/\/www.rockpixx.com\/wordpress\/category\/backstage\/2011\/"},"img":{"alt_text":"Miniaturgitarren in Bregenz","src":"https:\/\/i0.wp.com\/www.rockpixx.com\/wordpress\/wp-content\/uploads\/2013\/03\/20110901-20110826-IMG_1955.jpg?resize=350%2C200","width":350,"height":200,"srcset":"https:\/\/i0.wp.com\/www.rockpixx.com\/wordpress\/wp-content\/uploads\/2013\/03\/20110901-20110826-IMG_1955.jpg?resize=350%2C200 1x, https:\/\/i0.wp.com\/www.rockpixx.com\/wordpress\/wp-content\/uploads\/2013\/03\/20110901-20110826-IMG_1955.jpg?resize=525%2C300 1.5x, https:\/\/i0.wp.com\/www.rockpixx.com\/wordpress\/wp-content\/uploads\/2013\/03\/20110901-20110826-IMG_1955.jpg?resize=700%2C400 2x"},"classes":[]},{"id":12762,"url":"http:\/\/www.rockpixx.com\/wordpress\/in-eigener-sache-honky-tonk-husum-12-04-2014\/","url_meta":{"origin":15541,"position":2},"title":"\u2026 in eigener Sache: Honky Tonk Husum, 12.04.2014","author":"admin","date":"14. April 2014","format":false,"excerpt":"Moin, einige von Euch warten schon auf die Bilder vom \u201eHonky Tonk 2014\u201c in Husum. Damit k\u00f6nnen wir dieses Jahr leider nicht dienen. Bei der Akkreditierung f\u00fcr diese Veranstaltung ist dem lokalen Beauftragten des Veranstalters ein organisatorisches Missgeschick unterlaufen, welches dazu f\u00fchrte, dass wir vor Ort ohne Fotopass wieder umkehen\u2026","rel":"","context":"In &quot;2014&quot;","block_context":{"text":"2014","link":"http:\/\/www.rockpixx.com\/wordpress\/category\/backstage\/2014\/"},"img":{"alt_text":"","src":"https:\/\/i0.wp.com\/www.rockpixx.com\/wordpress\/wp-content\/uploads\/2014\/04\/Artikel_Honky-Tonk-Husum-2014_no.png?resize=350%2C200","width":350,"height":200,"srcset":"https:\/\/i0.wp.com\/www.rockpixx.com\/wordpress\/wp-content\/uploads\/2014\/04\/Artikel_Honky-Tonk-Husum-2014_no.png?resize=350%2C200 1x, https:\/\/i0.wp.com\/www.rockpixx.com\/wordpress\/wp-content\/uploads\/2014\/04\/Artikel_Honky-Tonk-Husum-2014_no.png?resize=525%2C300 1.5x, https:\/\/i0.wp.com\/www.rockpixx.com\/wordpress\/wp-content\/uploads\/2014\/04\/Artikel_Honky-Tonk-Husum-2014_no.png?resize=700%2C400 2x"},"classes":[]},{"id":6835,"url":"http:\/\/www.rockpixx.com\/wordpress\/silbermond-24-06-2010-kiel-ndr-buhne\/","url_meta":{"origin":15541,"position":3},"title":"Silbermond, 24.06.2010, Kiel, NDR-B\u00fchne","author":"Anja","date":"24. Juni 2010","format":false,"excerpt":"So, die n\u00e4chste Band nach Selig, denen wir feierlich das bew\u00e4hrte schwarze Konzertbild aus dem Hause rockpixx.com \u00fcberreichen\u2026 Unsere Akkreditierung f\u00fcr den Gig lag vom NDR als Veranstalter vor, das Management hat diese dann kurz vor Konzertbeginn gekippt. So etwas ist \u00e4rgerlich! Nicht, weil wir keine Bilder machen konnten, das\u2026","rel":"","context":"In &quot;Acts&quot;","block_context":{"text":"Acts","link":"http:\/\/www.rockpixx.com\/wordpress\/category\/acts\/"},"img":{"alt_text":"Silbermond, 24.06.2010, Kiel, NDR-B\u00fchne","src":"https:\/\/i0.wp.com\/www.rockpixx.com\/wordpress\/wp-content\/uploads\/2013\/01\/20100624-00-silbermond-Artikel.jpg?resize=350%2C200","width":350,"height":200,"srcset":"https:\/\/i0.wp.com\/www.rockpixx.com\/wordpress\/wp-content\/uploads\/2013\/01\/20100624-00-silbermond-Artikel.jpg?resize=350%2C200 1x, https:\/\/i0.wp.com\/www.rockpixx.com\/wordpress\/wp-content\/uploads\/2013\/01\/20100624-00-silbermond-Artikel.jpg?resize=525%2C300 1.5x, https:\/\/i0.wp.com\/www.rockpixx.com\/wordpress\/wp-content\/uploads\/2013\/01\/20100624-00-silbermond-Artikel.jpg?resize=700%2C400 2x"},"classes":[]},{"id":10588,"url":"http:\/\/www.rockpixx.com\/wordpress\/fotopass-recycling\/","url_meta":{"origin":15541,"position":4},"title":"Fotopass-Recycling?!?","author":"admin","date":"3. Mai 2013","format":false,"excerpt":"Moin, gerade hatte ich ein nettes Telefonat bez\u00fcglich einer Foto-Akkreditierung. Vom Veranstalter erfahre ich, dass f\u00fcr die im n\u00e4chsten Monat stattfindende Veranstaltung noch keine Vorbereitungen hinsichtlich Akkreditierung und Ver\u00f6ffentlichung des Programmes getroffen worden sind und eigentlich auch keine gesonderte Foto-Akkreditierung notwendig sei. Ich stelle daraufhin die Frage, wie wir es\u2026","rel":"","context":"In &quot;2013&quot;","block_context":{"text":"2013","link":"http:\/\/www.rockpixx.com\/wordpress\/category\/backstage\/2013\/"},"img":{"alt_text":"rockpixx.com, Pitp\u00e4sse","src":"https:\/\/i0.wp.com\/www.rockpixx.com\/wordpress\/wp-content\/uploads\/2012\/12\/20121213-001.jpg?resize=350%2C200","width":350,"height":200,"srcset":"https:\/\/i0.wp.com\/www.rockpixx.com\/wordpress\/wp-content\/uploads\/2012\/12\/20121213-001.jpg?resize=350%2C200 1x, https:\/\/i0.wp.com\/www.rockpixx.com\/wordpress\/wp-content\/uploads\/2012\/12\/20121213-001.jpg?resize=525%2C300 1.5x, https:\/\/i0.wp.com\/www.rockpixx.com\/wordpress\/wp-content\/uploads\/2012\/12\/20121213-001.jpg?resize=700%2C400 2x"},"classes":[]},{"id":1034,"url":"http:\/\/www.rockpixx.com\/wordpress\/50-gigs-10-tage-2-fotografen-wie-schafft-man-das\/","url_meta":{"origin":15541,"position":5},"title":"50 Gigs, 10 Tage, 2 Fotografen: Wie schafft man das?","author":"admin","date":"9. Juli 2010","format":false,"excerpt":"Vorbemerkung Die \u201eKieler Woche\u201c 2010 sah das Team von rockpixx.com wieder im Einsatz. Um die ausgesuchten Acts ablichten und tagesaktuell auf unsere Seite bringen zu k\u00f6nnen, war sowohl im Vorfeld als auch t\u00e4glich auf der \u201eKieler Woche\u201c eine etwas ausf\u00fchrlichere Planung notwendig. Einige unserer Arbeitsabl\u00e4ufe und manche der zum Einsatz\u2026","rel":"","context":"In &quot;2010&quot;","block_context":{"text":"2010","link":"http:\/\/www.rockpixx.com\/wordpress\/category\/backstage\/2010\/"},"img":{"alt_text":"Workflow Kieler Woche 2010","src":"https:\/\/i0.wp.com\/www.rockpixx.com\/wordpress\/wp-content\/uploads\/2010\/07\/20100709-workflow-kiwo-2010.jpg?resize=350%2C200","width":350,"height":200,"srcset":"https:\/\/i0.wp.com\/www.rockpixx.com\/wordpress\/wp-content\/uploads\/2010\/07\/20100709-workflow-kiwo-2010.jpg?resize=350%2C200 1x, https:\/\/i0.wp.com\/www.rockpixx.com\/wordpress\/wp-content\/uploads\/2010\/07\/20100709-workflow-kiwo-2010.jpg?resize=525%2C300 1.5x, https:\/\/i0.wp.com\/www.rockpixx.com\/wordpress\/wp-content\/uploads\/2010\/07\/20100709-workflow-kiwo-2010.jpg?resize=700%2C400 2x"},"classes":[]}],"jetpack_sharing_enabled":true,"publishpress_future_action":{"enabled":false,"date":"2026-05-07 13:13:18","action":"change-status","newStatus":"draft","terms":[],"taxonomy":"category","extraData":[]},"publishpress_future_workflow_manual_trigger":{"enabledWorkflows":[]},"_links":{"self":[{"href":"http:\/\/www.rockpixx.com\/wordpress\/wp-json\/wp\/v2\/posts\/15541","targetHints":{"allow":["GET"]}}],"collection":[{"href":"http:\/\/www.rockpixx.com\/wordpress\/wp-json\/wp\/v2\/posts"}],"about":[{"href":"http:\/\/www.rockpixx.com\/wordpress\/wp-json\/wp\/v2\/types\/post"}],"author":[{"embeddable":true,"href":"http:\/\/www.rockpixx.com\/wordpress\/wp-json\/wp\/v2\/users\/1"}],"replies":[{"embeddable":true,"href":"http:\/\/www.rockpixx.com\/wordpress\/wp-json\/wp\/v2\/comments?post=15541"}],"version-history":[{"count":0,"href":"http:\/\/www.rockpixx.com\/wordpress\/wp-json\/wp\/v2\/posts\/15541\/revisions"}],"wp:featuredmedia":[{"embeddable":true,"href":"http:\/\/www.rockpixx.com\/wordpress\/wp-json\/wp\/v2\/media\/15540"}],"wp:attachment":[{"href":"http:\/\/www.rockpixx.com\/wordpress\/wp-json\/wp\/v2\/media?parent=15541"}],"wp:term":[{"taxonomy":"category","embeddable":true,"href":"http:\/\/www.rockpixx.com\/wordpress\/wp-json\/wp\/v2\/categories?post=15541"},{"taxonomy":"post_tag","embeddable":true,"href":"http:\/\/www.rockpixx.com\/wordpress\/wp-json\/wp\/v2\/tags?post=15541"}],"curies":[{"name":"wp","href":"https:\/\/api.w.org\/{rel}","templated":true}]}}