{"id":15646,"date":"2014-07-27T10:27:41","date_gmt":"2014-07-27T09:27:41","guid":{"rendered":"http:\/\/rockpixx.com\/wordpress\/?p=15646"},"modified":"2014-07-27T10:33:25","modified_gmt":"2014-07-27T09:33:25","slug":"one-inch-clan-26-07-2014-kiel-bootshafensommer","status":"publish","type":"post","link":"http:\/\/www.rockpixx.com\/wordpress\/one-inch-clan-26-07-2014-kiel-bootshafensommer\/","title":{"rendered":"One Inch Clan, 26.07.2014, Kiel, Bootshafensommer"},"content":{"rendered":"<p>Bootshafensommer in Kiel, die zweite Nacht. Eigentlich sind wir darauf gepolt, erst etwas sp\u00e4ter dort \u2192 \u201e<a title=\"Corporate ID auf rockpixx.com\" href=\"http:\/\/rockpixx.com\/wordpress\/category\/acts\/andere-bands\/andere-c\/corporate-id\/\">Corporate ID<\/a>\u201c zu fotografieren, aber wir erleben eine Weltpremiere: Der erste Auftritt von \u201eOne Inch Clan\u201c findet statt.<\/p>\n<p><!--more--><\/p>\n<p>So kurz wie der Gig (drei Songs) f\u00e4llt auch unser Res\u00fcmee aus: Die Jungs rocken gepflegt los und bereiten den Boden (und das zahlreich erschienene Publikum) f\u00fcr den folgenden Auftritt von \u201eDas Beben\u201c gut vor. Man darf gespannt sein, ob das eine einmalige Sache war oder ob es Fortsetzungen geben wird. Mein Tipp: Wiederholungen durchaus sinnvoll.<\/p>\n<p style=\"text-align: right;\">Fotos: <a href=\"mailto:info@rockpixx.com?subject=One%20Inch%20Clan,%2026.07.2014,%20Kiel,%20Bootshafensommer\">Alex<\/a> | Text: <a href=\"mailto:info@rockpixx.com?subject=One%20Inch%20Clan,%2026.07.2014,%20Kiel,%20Bootshafensommer\">Alex<\/a><\/p>\n<div class=\"eat-left eat-right\"><div class=\"thumbs-masonry isotope\"><div class=\"isotope-item block-2 block-h-2\"><a href=\"http:\/\/www.rockpixx.com\/wordpress\/wp-content\/uploads\/2014\/07\/20140726-01-0021.jpg\" rel=\"prettyPhoto[postgal_15613]\" class=\"show-hover-link block-h-2\"\"><img decoding=\"async\" src=\"http:\/\/www.rockpixx.com\/wordpress\/wp-content\/uploads\/2014\/07\/20140726-01-0021-480x480.jpg\" alt=\"One Inch Clan, 26.07.2014, Kiel, Bootshafensommer\"\/><span class=\"before\"><\/span><span class=\"after\"><\/span><\/a><\/div><div class=\"isotope-item block-1 block-h-1\"><a href=\"http:\/\/www.rockpixx.com\/wordpress\/wp-content\/uploads\/2014\/07\/20140726-01-003.jpg\" rel=\"prettyPhoto[postgal_15613]\" class=\"show-hover-link block-h-1\"\"><img decoding=\"async\" src=\"http:\/\/www.rockpixx.com\/wordpress\/wp-content\/uploads\/2014\/07\/20140726-01-003-480x480.jpg\" alt=\"One Inch Clan, 26.07.2014, Kiel, Bootshafensommer\"\/><span class=\"before\"><\/span><span class=\"after\"><\/span><\/a><\/div><div class=\"isotope-item block-1 block-h-1\"><a href=\"http:\/\/www.rockpixx.com\/wordpress\/wp-content\/uploads\/2014\/07\/20140726-01-005.jpg\" rel=\"prettyPhoto[postgal_15613]\" class=\"show-hover-link block-h-1\"\"><img decoding=\"async\" src=\"http:\/\/www.rockpixx.com\/wordpress\/wp-content\/uploads\/2014\/07\/20140726-01-005-480x480.jpg\" alt=\"One Inch Clan, 26.07.2014, Kiel, Bootshafensommer\"\/><span class=\"before\"><\/span><span class=\"after\"><\/span><\/a><\/div><div class=\"isotope-item block-2 block-h-2\"><a href=\"http:\/\/www.rockpixx.com\/wordpress\/wp-content\/uploads\/2014\/07\/20140726-01-009.jpg\" rel=\"prettyPhoto[postgal_15613]\" class=\"show-hover-link block-h-2\"\"><img decoding=\"async\" src=\"http:\/\/www.rockpixx.com\/wordpress\/wp-content\/uploads\/2014\/07\/20140726-01-009-480x480.jpg\" alt=\"One Inch Clan, 26.07.2014, Kiel, Bootshafensommer\"\/><span class=\"before\"><\/span><span class=\"after\"><\/span><\/a><\/div><div class=\"isotope-item block-1 block-h-1\"><a href=\"http:\/\/www.rockpixx.com\/wordpress\/wp-content\/uploads\/2014\/07\/20140726-01-013.jpg\" rel=\"prettyPhoto[postgal_15613]\" class=\"show-hover-link block-h-1\"\"><img decoding=\"async\" src=\"http:\/\/www.rockpixx.com\/wordpress\/wp-content\/uploads\/2014\/07\/20140726-01-013-480x480.jpg\" alt=\"One Inch Clan, 26.07.2014, Kiel, Bootshafensommer\"\/><span class=\"before\"><\/span><span class=\"after\"><\/span><\/a><\/div><div class=\"isotope-item block-1 block-h-1\"><a href=\"http:\/\/www.rockpixx.com\/wordpress\/wp-content\/uploads\/2014\/07\/20140726-01-014.jpg\" rel=\"prettyPhoto[postgal_15613]\" class=\"show-hover-link block-h-1\"\"><img decoding=\"async\" src=\"http:\/\/www.rockpixx.com\/wordpress\/wp-content\/uploads\/2014\/07\/20140726-01-014-480x480.jpg\" alt=\"One Inch Clan, 26.07.2014, Kiel, Bootshafensommer\"\/><span class=\"before\"><\/span><span class=\"after\"><\/span><\/a><\/div><div class=\"isotope-item block-2 block-h-2\"><a href=\"http:\/\/www.rockpixx.com\/wordpress\/wp-content\/uploads\/2014\/07\/20140726-01-016.jpg\" rel=\"prettyPhoto[postgal_15613]\" class=\"show-hover-link block-h-2\"\"><img decoding=\"async\" src=\"http:\/\/www.rockpixx.com\/wordpress\/wp-content\/uploads\/2014\/07\/20140726-01-016-480x480.jpg\" alt=\"One Inch Clan, 26.07.2014, Kiel, Bootshafensommer\"\/><span class=\"before\"><\/span><span class=\"after\"><\/span><\/a><\/div><\/div><\/div>\n","protected":false},"excerpt":{"rendered":"<p>Bootshafensommer in Kiel, die zweite Nacht. Eigentlich sind wir darauf gepolt, erst etwas sp\u00e4ter dort <a href=\"http:\/\/www.rockpixx.com\/wordpress\/one-inch-clan-26-07-2014-kiel-bootshafensommer\/\">Read more<\/a><\/p>\n","protected":false},"author":1,"featured_media":15647,"comment_status":"open","ping_status":"open","sticky":false,"template":"","format":"standard","meta":{"_jetpack_memberships_contains_paid_content":false,"footnotes":"","jetpack_publicize_message":"One Inch Clan, 26.07.2014, Kiel, Bootshafensommer","jetpack_publicize_feature_enabled":true,"jetpack_social_post_already_shared":true,"jetpack_social_options":{"image_generator_settings":{"template":"highway","default_image_id":0,"font":"","enabled":false},"version":2}},"categories":[34,1457],"tags":[2291,1455,1735,2378],"class_list":["post-15646","post","type-post","status-publish","format-standard","has-post-thumbnail","hentry","category-acts","category-one-inch-clan","tag-2291","tag-bootshafensommer","tag-kiel","tag-one-inch-clan"],"aioseo_notices":[],"jetpack_publicize_connections":[],"jetpack_featured_media_url":"http:\/\/www.rockpixx.com\/wordpress\/wp-content\/uploads\/2014\/07\/20140726-01-002_one-inch-clan_Artikel.jpg","jetpack-related-posts":[{"id":15656,"url":"http:\/\/www.rockpixx.com\/wordpress\/corporate-id-26-07-2014-kiel-bootshafensommer\/","url_meta":{"origin":15646,"position":0},"title":"Corporate ID, 26.07.2014, Kiel, Bootshafensommer","author":"admin","date":"27. Juli 2014","format":false,"excerpt":"Als ich vor kurzem \u201eCorporate ID\u201c in der R\u00e4ucherei im Rahmen des \u2192 \u201eMetal Attack\u201c fotografiert hatte, da wurde mir der heutige Auftritt beim Bootshafensommer schon angek\u00fcndigt. Klar, dass wir da auch dabei sein w\u00fcrden. Wir haben \u201eCorporate ID\u201c ja schon \u2192 einige Male gesehen, geh\u00f6rt, fotografiert und dar\u00fcber geschrieben.\u2026","rel":"","context":"In &quot;Acts&quot;","block_context":{"text":"Acts","link":"http:\/\/www.rockpixx.com\/wordpress\/category\/acts\/"},"img":{"alt_text":"Corporate ID, 26.07.2014, Kiel, Bootshafensommer","src":"https:\/\/i0.wp.com\/www.rockpixx.com\/wordpress\/wp-content\/uploads\/2014\/07\/20140726-03-010_corporate-id_Artikel.jpg?resize=350%2C200","width":350,"height":200,"srcset":"https:\/\/i0.wp.com\/www.rockpixx.com\/wordpress\/wp-content\/uploads\/2014\/07\/20140726-03-010_corporate-id_Artikel.jpg?resize=350%2C200 1x, https:\/\/i0.wp.com\/www.rockpixx.com\/wordpress\/wp-content\/uploads\/2014\/07\/20140726-03-010_corporate-id_Artikel.jpg?resize=525%2C300 1.5x, https:\/\/i0.wp.com\/www.rockpixx.com\/wordpress\/wp-content\/uploads\/2014\/07\/20140726-03-010_corporate-id_Artikel.jpg?resize=700%2C400 2x"},"classes":[]},{"id":15601,"url":"http:\/\/www.rockpixx.com\/wordpress\/axn-sex-26-07-2014-kiel-bootshafensommer\/","url_meta":{"origin":15646,"position":1},"title":"Ax\u2019n Sex, 25.07.2014, Kiel, Bootshafensommer","author":"admin","date":"26. Juli 2014","format":false,"excerpt":"\u201eWarming up for Wacken\u201c oder \u201eso schnell sieht man sich wieder\u201c. V\u00f6llig unverhofft treffen wir ein paar Tage vor dem eigentlich angepeilten Termin auf dem W:O:A \u201eAx\u2019n Sex\u201c in Kiel auf dem Bootshafensommer wieder \u2013 und das kam so: Eigentlich stand Frontfrau Suzie mit ihrer Freundin und Mitstreiterin Caro, die\u2026","rel":"","context":"In &quot;Acts&quot;","block_context":{"text":"Acts","link":"http:\/\/www.rockpixx.com\/wordpress\/category\/acts\/"},"img":{"alt_text":"Ax'n Sex, 25.07.2014, Kiel, Bootshafensommer","src":"https:\/\/i0.wp.com\/www.rockpixx.com\/wordpress\/wp-content\/uploads\/2014\/07\/20140725-009_ax-n-sex_Artikel.jpg?resize=350%2C200","width":350,"height":200,"srcset":"https:\/\/i0.wp.com\/www.rockpixx.com\/wordpress\/wp-content\/uploads\/2014\/07\/20140725-009_ax-n-sex_Artikel.jpg?resize=350%2C200 1x, https:\/\/i0.wp.com\/www.rockpixx.com\/wordpress\/wp-content\/uploads\/2014\/07\/20140725-009_ax-n-sex_Artikel.jpg?resize=525%2C300 1.5x, https:\/\/i0.wp.com\/www.rockpixx.com\/wordpress\/wp-content\/uploads\/2014\/07\/20140725-009_ax-n-sex_Artikel.jpg?resize=700%2C400 2x"},"classes":[]},{"id":15651,"url":"http:\/\/www.rockpixx.com\/wordpress\/das-beben-26-07-2014-kiel-bootshafensommer\/","url_meta":{"origin":15646,"position":2},"title":"Das Beben, 26.07.2014, Kiel, Bootshafensommer","author":"admin","date":"27. Juli 2014","format":false,"excerpt":"\u201eDas Beben\u201c kommt nach kurzer Umbaupause LineUp-gerecht auf die B\u00fchne und macht ansatzlos weiter. Frontmann \u201eMaschine\u201c verzichtet angesichts der sommerlichen Temperaturen gleich auf sein Shirt und testet immer wieder aus, wie lang das Mikrokabel wohl ist. Bis ganz zum Rathaus kommt er zwar nicht, aber die Technik l\u00e4sst ihn schon\u2026","rel":"","context":"In &quot;Acts&quot;","block_context":{"text":"Acts","link":"http:\/\/www.rockpixx.com\/wordpress\/category\/acts\/"},"img":{"alt_text":"Das Beben, 26.07.2014, Kiel, Bootshafensommer","src":"https:\/\/i0.wp.com\/www.rockpixx.com\/wordpress\/wp-content\/uploads\/2014\/07\/20140726-02-055_das-beben_Artikel1.jpg?resize=350%2C200","width":350,"height":200,"srcset":"https:\/\/i0.wp.com\/www.rockpixx.com\/wordpress\/wp-content\/uploads\/2014\/07\/20140726-02-055_das-beben_Artikel1.jpg?resize=350%2C200 1x, https:\/\/i0.wp.com\/www.rockpixx.com\/wordpress\/wp-content\/uploads\/2014\/07\/20140726-02-055_das-beben_Artikel1.jpg?resize=525%2C300 1.5x, https:\/\/i0.wp.com\/www.rockpixx.com\/wordpress\/wp-content\/uploads\/2014\/07\/20140726-02-055_das-beben_Artikel1.jpg?resize=700%2C400 2x"},"classes":[]},{"id":14481,"url":"http:\/\/www.rockpixx.com\/wordpress\/d-e-p-21-06-2014-kiel-maxbuehne\/","url_meta":{"origin":15646,"position":3},"title":"D.E.P., 21.06.2014, Kiel, MAXB\u00fchne","author":"admin","date":"22. Juni 2014","format":false,"excerpt":"\u201eD.E.P.\u201c kennen wir ja schon vom letzten Jahr auf der MAXB\u00fchne. Unser Review endete damals mit dem folgenden Satz: \u2192 \u201eKonzerte von D.E.P. gefallen und die Jungs sind eine Wiederholung wert.\u201c Das hat immer noch G\u00fcltigkeit. Zum aktuellen Auftritt kann das Folgende geschrieben werden: Die Musik: Laut und von etwas\u2026","rel":"","context":"In &quot;Acts&quot;","block_context":{"text":"Acts","link":"http:\/\/www.rockpixx.com\/wordpress\/category\/acts\/"},"img":{"alt_text":"D.E.P., 21.06.2014, Kiel, MAXB\u00fchne","src":"https:\/\/i0.wp.com\/www.rockpixx.com\/wordpress\/wp-content\/uploads\/2014\/06\/20140621-03-022.jpg?resize=350%2C200","width":350,"height":200,"srcset":"https:\/\/i0.wp.com\/www.rockpixx.com\/wordpress\/wp-content\/uploads\/2014\/06\/20140621-03-022.jpg?resize=350%2C200 1x, https:\/\/i0.wp.com\/www.rockpixx.com\/wordpress\/wp-content\/uploads\/2014\/06\/20140621-03-022.jpg?resize=525%2C300 1.5x, https:\/\/i0.wp.com\/www.rockpixx.com\/wordpress\/wp-content\/uploads\/2014\/06\/20140621-03-022.jpg?resize=700%2C400 2x"},"classes":[]},{"id":14747,"url":"http:\/\/www.rockpixx.com\/wordpress\/merqury-23-06-2014-kiel-maxbuehne\/","url_meta":{"origin":15646,"position":4},"title":"MerQury, 23.06.2014, Kiel, MAXB\u00fchne","author":"admin","date":"24. Juni 2014","format":false,"excerpt":"Frage: \u201eWarum sollen wir eigentlich immer wieder das Gleiche \u00fcber die tollen Konzerte von\u00a0\u2192 \u201aMerQury\u2018 schreiben?\u201c Lassen wir stattdessen doch einmal die internationale Presse zu Wort kommen: \u201eDeine Stars aus Rock und Pop\u201c schreibt: \u201eDas Aus bei MerQury? Volker schie\u00dft auf Falk! Beim gestrigen Auftritt von MerQury auf der MAXB\u00fchne\u2026","rel":"","context":"In &quot;Acts&quot;","block_context":{"text":"Acts","link":"http:\/\/www.rockpixx.com\/wordpress\/category\/acts\/"},"img":{"alt_text":"MerQury, 23.06.2014, Kiel, MAXB\u00fchne","src":"https:\/\/i0.wp.com\/www.rockpixx.com\/wordpress\/wp-content\/uploads\/2014\/06\/20140623-05-053_merqury_Artikel.jpg?resize=350%2C200","width":350,"height":200,"srcset":"https:\/\/i0.wp.com\/www.rockpixx.com\/wordpress\/wp-content\/uploads\/2014\/06\/20140623-05-053_merqury_Artikel.jpg?resize=350%2C200 1x, https:\/\/i0.wp.com\/www.rockpixx.com\/wordpress\/wp-content\/uploads\/2014\/06\/20140623-05-053_merqury_Artikel.jpg?resize=525%2C300 1.5x, https:\/\/i0.wp.com\/www.rockpixx.com\/wordpress\/wp-content\/uploads\/2014\/06\/20140623-05-053_merqury_Artikel.jpg?resize=700%2C400 2x"},"classes":[]},{"id":18642,"url":"http:\/\/www.rockpixx.com\/wordpress\/merqury-24-06-2015-kieler-woche-hoern-buehne-kiel\/","url_meta":{"origin":15646,"position":5},"title":"MerQury, 24.06.2015, Kieler Woche, H\u00f6rn-B\u00fchne, Kiel","author":"Anja","date":"25. Juni 2015","format":false,"excerpt":"Kieler Woche und \u201eMerQury\u201c die Zweite \u2013 nach dem Auftritt am \u2192 Montag auf der NetUSE-B\u00fchne erleben wir heute die Musiker auf der H\u00f6rn-B\u00fchne vor einem gro\u00dfen und begeisterten Publikum. W\u00e4hrend wir Backstage warteten, weil Anastacia noch auf der B\u00fchne war, versprach ich Johnny, Falk, Volker und Norbert diesmal das\u2026","rel":"","context":"In &quot;Acts&quot;","block_context":{"text":"Acts","link":"http:\/\/www.rockpixx.com\/wordpress\/category\/acts\/"},"img":{"alt_text":"MerQury, H\u00f6rn-B\u00fchne, Kiel, 24.06.2015","src":"https:\/\/i0.wp.com\/www.rockpixx.com\/wordpress\/wp-content\/uploads\/2015\/06\/20150624-02-415_merqury_Artikel.jpg?resize=350%2C200","width":350,"height":200,"srcset":"https:\/\/i0.wp.com\/www.rockpixx.com\/wordpress\/wp-content\/uploads\/2015\/06\/20150624-02-415_merqury_Artikel.jpg?resize=350%2C200 1x, https:\/\/i0.wp.com\/www.rockpixx.com\/wordpress\/wp-content\/uploads\/2015\/06\/20150624-02-415_merqury_Artikel.jpg?resize=525%2C300 1.5x, https:\/\/i0.wp.com\/www.rockpixx.com\/wordpress\/wp-content\/uploads\/2015\/06\/20150624-02-415_merqury_Artikel.jpg?resize=700%2C400 2x"},"classes":[]}],"jetpack_sharing_enabled":true,"publishpress_future_action":{"enabled":false,"date":"2026-05-06 20:45:36","action":"change-status","newStatus":"draft","terms":[],"taxonomy":"category","extraData":[]},"publishpress_future_workflow_manual_trigger":{"enabledWorkflows":[]},"_links":{"self":[{"href":"http:\/\/www.rockpixx.com\/wordpress\/wp-json\/wp\/v2\/posts\/15646","targetHints":{"allow":["GET"]}}],"collection":[{"href":"http:\/\/www.rockpixx.com\/wordpress\/wp-json\/wp\/v2\/posts"}],"about":[{"href":"http:\/\/www.rockpixx.com\/wordpress\/wp-json\/wp\/v2\/types\/post"}],"author":[{"embeddable":true,"href":"http:\/\/www.rockpixx.com\/wordpress\/wp-json\/wp\/v2\/users\/1"}],"replies":[{"embeddable":true,"href":"http:\/\/www.rockpixx.com\/wordpress\/wp-json\/wp\/v2\/comments?post=15646"}],"version-history":[{"count":0,"href":"http:\/\/www.rockpixx.com\/wordpress\/wp-json\/wp\/v2\/posts\/15646\/revisions"}],"wp:featuredmedia":[{"embeddable":true,"href":"http:\/\/www.rockpixx.com\/wordpress\/wp-json\/wp\/v2\/media\/15647"}],"wp:attachment":[{"href":"http:\/\/www.rockpixx.com\/wordpress\/wp-json\/wp\/v2\/media?parent=15646"}],"wp:term":[{"taxonomy":"category","embeddable":true,"href":"http:\/\/www.rockpixx.com\/wordpress\/wp-json\/wp\/v2\/categories?post=15646"},{"taxonomy":"post_tag","embeddable":true,"href":"http:\/\/www.rockpixx.com\/wordpress\/wp-json\/wp\/v2\/tags?post=15646"}],"curies":[{"name":"wp","href":"https:\/\/api.w.org\/{rel}","templated":true}]}}