{"id":15977,"date":"2014-08-01T14:35:04","date_gmt":"2014-08-01T13:35:04","guid":{"rendered":"http:\/\/rockpixx.com\/wordpress\/?p=15977"},"modified":"2014-08-05T13:12:37","modified_gmt":"2014-08-05T12:12:37","slug":"skyline-31-07-2014-wacken-woa-2014","status":"publish","type":"post","link":"http:\/\/www.rockpixx.com\/wordpress\/skyline-31-07-2014-wacken-woa-2014\/","title":{"rendered":"Skyline, 31.07.2014, Wacken, W:O:A 2014"},"content":{"rendered":"<p>Das 25. Jubil\u00e4um f\u00fcr Wacken ist wie ein Klassentreffen: Es gibt Bands, die kommen extra f\u00fcr diese Veranstaltung wieder zusammen wie \u2192 \u201e<a title=\"An'n Sex auf rockpixx.com\" href=\"http:\/\/rockpixx.com\/wordpress\/category\/acts\/andere-bands\/andere-a\/axn-sex\/\">Ax\u2019n Sex<\/a>\u201c und es gibt Bands, die sind jedes Mal dort. Nein, ich rede hier jetzt nicht von der Kapelle der \u201eWacken Firefighters\u201c, sondern von \u2192 <a title=\"Skyline auf rockpixx.com\" href=\"http:\/\/rockpixx.com\/wordpress\/category\/acts\/andere-bands\/andere-s\/skyline\/\">Skyline<\/a>.<\/p>\n<p><!--more--><\/p>\n<p>Traditionell er\u00f6ffnet \u201eSkyline\u201c die Shows auf den gro\u00dfen B\u00fchnen im Infield, so auch in diesem Jahr als erster Acts auf der Black Stage. Es ist laut, rockig und gen\u00fcgend Zuschauer und Fotografen sind ebenfalls vorhanden. Ein Auftakt nach Ma\u00df und alles ist irgendwie vertraut. Jetzt wei\u00df man als Fotograf, dass man in Wacken angekommen ist und kann sich auf die kommenden Tage einstimmen.<\/p>\n<p style=\"text-align: right;\">Fotos: <a href=\"mailto:info@rockpixx.com?subject=Skyline,%2031.07.2014,%20Wacken,%20W:O:A%202014\">Alex<\/a> | Text: <a href=\"mailto:info@rockpixx.com?subject=Skyline,%2031.07.2014,%20Wacken,%20W:O:A%202014\">Alex<\/a><\/p>\n<p style=\"text-align: left;\"><div class=\"eat-left eat-right\"><div class=\"thumbs-masonry isotope\"><div class=\"isotope-item block-2 block-h-2\"><a href=\"http:\/\/www.rockpixx.com\/wordpress\/wp-content\/uploads\/2014\/08\/20140731-01-002.jpg\" rel=\"prettyPhoto[postgal_16051]\" class=\"show-hover-link block-h-2\"\"><img decoding=\"async\" src=\"http:\/\/www.rockpixx.com\/wordpress\/wp-content\/uploads\/2014\/08\/20140731-01-002-480x480.jpg\" alt=\"Skyline, 31.07.2014, Wacken, Wacken Open Air\"\/><span class=\"before\"><\/span><span class=\"after\"><\/span><\/a><\/div><div class=\"isotope-item block-1 block-h-1\"><a href=\"http:\/\/www.rockpixx.com\/wordpress\/wp-content\/uploads\/2014\/08\/20140731-01-006.jpg\" rel=\"prettyPhoto[postgal_16051]\" class=\"show-hover-link block-h-1\"\"><img decoding=\"async\" src=\"http:\/\/www.rockpixx.com\/wordpress\/wp-content\/uploads\/2014\/08\/20140731-01-006-480x480.jpg\" alt=\"Skyline, 31.07.2014, Wacken, Wacken Open Air\"\/><span class=\"before\"><\/span><span class=\"after\"><\/span><\/a><\/div><div class=\"isotope-item block-1 block-h-1\"><a href=\"http:\/\/www.rockpixx.com\/wordpress\/wp-content\/uploads\/2014\/08\/20140731-01-011.jpg\" rel=\"prettyPhoto[postgal_16051]\" class=\"show-hover-link block-h-1\"\"><img decoding=\"async\" src=\"http:\/\/www.rockpixx.com\/wordpress\/wp-content\/uploads\/2014\/08\/20140731-01-011-480x480.jpg\" alt=\"Skyline, 31.07.2014, Wacken, Wacken Open Air\"\/><span class=\"before\"><\/span><span class=\"after\"><\/span><\/a><\/div><div class=\"isotope-item block-2 block-h-2\"><a href=\"http:\/\/www.rockpixx.com\/wordpress\/wp-content\/uploads\/2014\/08\/20140731-01-023.jpg\" rel=\"prettyPhoto[postgal_16051]\" class=\"show-hover-link block-h-2\"\"><img decoding=\"async\" src=\"http:\/\/www.rockpixx.com\/wordpress\/wp-content\/uploads\/2014\/08\/20140731-01-023-480x480.jpg\" alt=\"Skyline, 31.07.2014, Wacken, Wacken Open Air\"\/><span class=\"before\"><\/span><span class=\"after\"><\/span><\/a><\/div><div class=\"isotope-item block-1 block-h-1\"><a href=\"http:\/\/www.rockpixx.com\/wordpress\/wp-content\/uploads\/2014\/08\/20140731-01-024.jpg\" rel=\"prettyPhoto[postgal_16051]\" class=\"show-hover-link block-h-1\"\"><img decoding=\"async\" src=\"http:\/\/www.rockpixx.com\/wordpress\/wp-content\/uploads\/2014\/08\/20140731-01-024-480x480.jpg\" alt=\"Skyline, 31.07.2014, Wacken, Wacken Open Air\"\/><span class=\"before\"><\/span><span class=\"after\"><\/span><\/a><\/div><div class=\"isotope-item block-1 block-h-1\"><a href=\"http:\/\/www.rockpixx.com\/wordpress\/wp-content\/uploads\/2014\/08\/20140731-01-025.jpg\" rel=\"prettyPhoto[postgal_16051]\" class=\"show-hover-link block-h-1\"\"><img decoding=\"async\" src=\"http:\/\/www.rockpixx.com\/wordpress\/wp-content\/uploads\/2014\/08\/20140731-01-025-480x480.jpg\" alt=\"Skyline, 31.07.2014, Wacken, Wacken Open Air\"\/><span class=\"before\"><\/span><span class=\"after\"><\/span><\/a><\/div><div class=\"isotope-item block-2 block-h-2\"><a href=\"http:\/\/www.rockpixx.com\/wordpress\/wp-content\/uploads\/2014\/08\/20140731-01-028.jpg\" rel=\"prettyPhoto[postgal_16051]\" class=\"show-hover-link block-h-2\"\"><img decoding=\"async\" src=\"http:\/\/www.rockpixx.com\/wordpress\/wp-content\/uploads\/2014\/08\/20140731-01-028-480x480.jpg\" alt=\"Skyline, 31.07.2014, Wacken, Wacken Open Air\"\/><span class=\"before\"><\/span><span class=\"after\"><\/span><\/a><\/div><div class=\"isotope-item block-1 block-h-1\"><a href=\"http:\/\/www.rockpixx.com\/wordpress\/wp-content\/uploads\/2014\/08\/20140731-01-030.jpg\" rel=\"prettyPhoto[postgal_16051]\" class=\"show-hover-link block-h-1\"\"><img decoding=\"async\" src=\"http:\/\/www.rockpixx.com\/wordpress\/wp-content\/uploads\/2014\/08\/20140731-01-030-480x480.jpg\" alt=\"Skyline, 31.07.2014, Wacken, Wacken Open Air\"\/><span class=\"before\"><\/span><span class=\"after\"><\/span><\/a><\/div><div class=\"isotope-item block-1 block-h-1\"><a href=\"http:\/\/www.rockpixx.com\/wordpress\/wp-content\/uploads\/2014\/08\/20140731-01-0341.jpg\" rel=\"prettyPhoto[postgal_16051]\" class=\"show-hover-link block-h-1\"\"><img decoding=\"async\" src=\"http:\/\/www.rockpixx.com\/wordpress\/wp-content\/uploads\/2014\/08\/20140731-01-0341-480x480.jpg\" alt=\"Skyline, 31.07.2014, Wacken, Wacken Open Air\"\/><span class=\"before\"><\/span><span class=\"after\"><\/span><\/a><\/div><div class=\"isotope-item block-2 block-h-2\"><a href=\"http:\/\/www.rockpixx.com\/wordpress\/wp-content\/uploads\/2014\/08\/20140731-01-036.jpg\" rel=\"prettyPhoto[postgal_16051]\" class=\"show-hover-link block-h-2\"\"><img decoding=\"async\" src=\"http:\/\/www.rockpixx.com\/wordpress\/wp-content\/uploads\/2014\/08\/20140731-01-036-480x480.jpg\" alt=\"Skyline, 31.07.2014, Wacken, Wacken Open Air\"\/><span class=\"before\"><\/span><span class=\"after\"><\/span><\/a><\/div><div class=\"isotope-item block-1 block-h-1\"><a href=\"http:\/\/www.rockpixx.com\/wordpress\/wp-content\/uploads\/2014\/08\/20140731-01-042.jpg\" rel=\"prettyPhoto[postgal_16051]\" class=\"show-hover-link block-h-1\"\"><img decoding=\"async\" src=\"http:\/\/www.rockpixx.com\/wordpress\/wp-content\/uploads\/2014\/08\/20140731-01-042-480x480.jpg\" alt=\"Skyline, 31.07.2014, Wacken, Wacken Open Air\"\/><span class=\"before\"><\/span><span class=\"after\"><\/span><\/a><\/div><\/div><\/div><\/p>\n","protected":false},"excerpt":{"rendered":"<p>Das 25. Jubil\u00e4um f\u00fcr Wacken ist wie ein Klassentreffen: Es gibt Bands, die kommen extra <a href=\"http:\/\/www.rockpixx.com\/wordpress\/skyline-31-07-2014-wacken-woa-2014\/\">Read more<\/a><\/p>\n","protected":false},"author":1,"featured_media":15978,"comment_status":"open","ping_status":"open","sticky":false,"template":"","format":"standard","meta":{"_jetpack_memberships_contains_paid_content":false,"footnotes":"","jetpack_publicize_message":"#Skyline, 31.07.2014, #Wacken, W:O:A 2014","jetpack_publicize_feature_enabled":true,"jetpack_social_post_already_shared":true,"jetpack_social_options":{"image_generator_settings":{"template":"highway","default_image_id":0,"font":"","enabled":false},"version":2}},"categories":[34,685],"tags":[2291,133,2038,883,2061,885],"class_list":["post-15977","post","type-post","status-publish","format-standard","has-post-thumbnail","hentry","category-acts","category-skyline","tag-2291","tag-festivals","tag-skyline","tag-woa","tag-wacken","tag-wacken-open-air"],"aioseo_notices":[],"jetpack_publicize_connections":[],"jetpack_featured_media_url":"http:\/\/www.rockpixx.com\/wordpress\/wp-content\/uploads\/2014\/08\/20140731-01-011._skyline_Artikel.jpg","jetpack-related-posts":[{"id":8916,"url":"http:\/\/www.rockpixx.com\/wordpress\/skyline-02-08-2012-wacken-woa-2012\/","url_meta":{"origin":15977,"position":0},"title":"Skyline, 02.08.2012, Wacken, W:O:A 2012","author":"Anja","date":"2. August 2012","format":false,"excerpt":"Nun ist das Infield ge\u00f6ffnet, Zehntausende str\u00f6men vor eine der beiden gro\u00dfen B\u00fchnen. Auch etliche Fotografen rotten sich bereits am Grabeneingang zusammen\u2026 Im Gewusel sind zwei Dinge bemerkenswert: 1. Es sind anscheinend zu viele Fotografen mit Pit-Pass anwesend, also wird nach eineinhalb Songs mit Schichtwechsel fotografiert. 2. Ich treffe Heiko\u2026","rel":"","context":"In &quot;Acts&quot;","block_context":{"text":"Acts","link":"http:\/\/www.rockpixx.com\/wordpress\/category\/acts\/"},"img":{"alt_text":"Skyline, 02.08.2012, Wacken, W:O:A 2012","src":"https:\/\/i0.wp.com\/www.rockpixx.com\/wordpress\/wp-content\/uploads\/2013\/02\/20120802-04-skyline-Artikel.jpg?resize=350%2C200","width":350,"height":200,"srcset":"https:\/\/i0.wp.com\/www.rockpixx.com\/wordpress\/wp-content\/uploads\/2013\/02\/20120802-04-skyline-Artikel.jpg?resize=350%2C200 1x, https:\/\/i0.wp.com\/www.rockpixx.com\/wordpress\/wp-content\/uploads\/2013\/02\/20120802-04-skyline-Artikel.jpg?resize=525%2C300 1.5x, https:\/\/i0.wp.com\/www.rockpixx.com\/wordpress\/wp-content\/uploads\/2013\/02\/20120802-04-skyline-Artikel.jpg?resize=700%2C400 2x"},"classes":[]},{"id":11837,"url":"http:\/\/www.rockpixx.com\/wordpress\/skyline-01-08-2013-wacken-woa-2013\/","url_meta":{"origin":15977,"position":1},"title":"Skyline, 01.08.2013, Wacken, W:O:A 2013","author":"Anja","date":"2. August 2013","format":false,"excerpt":"Neben den \u201eWacken Firefighters\u201c gibt es eine weitere Institution auf dem W:O:A und das sind \u201eSkyline\u201c. Diese Band spielte schon auf dem 1. Wacken Open Air (wie auch \u2192\u00a05th Avenue) mit Festivalgr\u00fcnder Thomas Jensen am Bass und wird vermutlich auch noch in 26. Jahren zum \u201eGoldenen Jubil\u00e4um\u201c dort auftreten und\u2026","rel":"","context":"In &quot;Acts&quot;","block_context":{"text":"Acts","link":"http:\/\/www.rockpixx.com\/wordpress\/category\/acts\/"},"img":{"alt_text":"","src":"https:\/\/i0.wp.com\/www.rockpixx.com\/wordpress\/wp-content\/uploads\/2013\/08\/20130801-01-017_skyline-Artikel.jpg?resize=350%2C200","width":350,"height":200,"srcset":"https:\/\/i0.wp.com\/www.rockpixx.com\/wordpress\/wp-content\/uploads\/2013\/08\/20130801-01-017_skyline-Artikel.jpg?resize=350%2C200 1x, https:\/\/i0.wp.com\/www.rockpixx.com\/wordpress\/wp-content\/uploads\/2013\/08\/20130801-01-017_skyline-Artikel.jpg?resize=525%2C300 1.5x, https:\/\/i0.wp.com\/www.rockpixx.com\/wordpress\/wp-content\/uploads\/2013\/08\/20130801-01-017_skyline-Artikel.jpg?resize=700%2C400 2x"},"classes":[]},{"id":19018,"url":"http:\/\/www.rockpixx.com\/wordpress\/powerwolf-01-08-2015-wacken-woa-2015\/","url_meta":{"origin":15977,"position":2},"title":"Powerwolf, 01.08.2015, Wacken, W:O:A 2015","author":"Anja","date":"9. August 2015","format":false,"excerpt":"\u201e\u2018Powerwolf\u2018 musst Du unbedingt fotografieren und Dir auch den Rest des Konzertes anschauen, die bringen Spa\u00df.\u201c \u2013 Diese Worte bekam ich noch von meinem Kollegen von rockpixx.com mit, den ich krankheitsbedingt auf dem diesj\u00e4hrigen Wacken Open Air vertreten habe. Also ging ich mit einer gewissen Erwartungshaltung in den Graben. Ich\u2026","rel":"","context":"In &quot;Acts&quot;","block_context":{"text":"Acts","link":"http:\/\/www.rockpixx.com\/wordpress\/category\/acts\/"},"img":{"alt_text":"Powerwolf, 01.08.2015, Wacken, Wacken Open Air 2015","src":"https:\/\/i0.wp.com\/www.rockpixx.com\/wordpress\/wp-content\/uploads\/2015\/08\/20150801-01-069.jpg?resize=350%2C200","width":350,"height":200,"srcset":"https:\/\/i0.wp.com\/www.rockpixx.com\/wordpress\/wp-content\/uploads\/2015\/08\/20150801-01-069.jpg?resize=350%2C200 1x, https:\/\/i0.wp.com\/www.rockpixx.com\/wordpress\/wp-content\/uploads\/2015\/08\/20150801-01-069.jpg?resize=525%2C300 1.5x, https:\/\/i0.wp.com\/www.rockpixx.com\/wordpress\/wp-content\/uploads\/2015\/08\/20150801-01-069.jpg?resize=700%2C400 2x"},"classes":[]},{"id":19051,"url":"http:\/\/www.rockpixx.com\/wordpress\/amorphis-01-08-2015-wacken-woa-2015\/","url_meta":{"origin":15977,"position":3},"title":"Amorphis, 01.08.2015, Wacken, W:O:A 2015","author":"Anja","date":"11. August 2015","format":false,"excerpt":"F\u00fcr Amorphis erhielt ich von unserem Fotografen \u2013 \u2192 der Amorphis bereits auf dem Metal Hammer Paradise vor der Linse hatte \u2013 die Information: Das Gesicht des S\u00e4ngers ist ganz schwer zu erwischen, da meist ein \u201eabenteuerliches\u201c Mikro mit zwei seitlichen Haltegriffen davor h\u00e4ngt. Beim Headbangen wirst Du eher \u201eFlying\u2026","rel":"","context":"In &quot;Acts&quot;","block_context":{"text":"Acts","link":"http:\/\/www.rockpixx.com\/wordpress\/category\/acts\/"},"img":{"alt_text":"Amorphis, 01.08.2015, Wacken, Wacken Open Air 2015","src":"https:\/\/i0.wp.com\/www.rockpixx.com\/wordpress\/wp-content\/uploads\/2015\/08\/20150801-02-065.jpg?resize=350%2C200","width":350,"height":200,"srcset":"https:\/\/i0.wp.com\/www.rockpixx.com\/wordpress\/wp-content\/uploads\/2015\/08\/20150801-02-065.jpg?resize=350%2C200 1x, https:\/\/i0.wp.com\/www.rockpixx.com\/wordpress\/wp-content\/uploads\/2015\/08\/20150801-02-065.jpg?resize=525%2C300 1.5x, https:\/\/i0.wp.com\/www.rockpixx.com\/wordpress\/wp-content\/uploads\/2015\/08\/20150801-02-065.jpg?resize=700%2C400 2x"},"classes":[]},{"id":15981,"url":"http:\/\/www.rockpixx.com\/wordpress\/fiddlers-green-31-07-2014-wacken-woa-2014\/","url_meta":{"origin":15977,"position":4},"title":"Fiddler\u2019s Green, 31.07.2014, Wacken, W:O:A 2014","author":"admin","date":"1. August 2014","format":false,"excerpt":"Bevor ich mir nun einen sog. \u201eComedian\u201c aus dem Fundus der Fernsehsender bildungsferner Bev\u00f6lkerungsschichten auf der True Metal Stage antue, gehe ich lieber gleich zur Wackinger Stage. Dort sind meistens recht interessante Bands zu finden, die im Schatten der Mainacts der gro\u00dfen B\u00fchnen stehen. Vor ein paar Jahren habe ich\u2026","rel":"","context":"In &quot;Acts&quot;","block_context":{"text":"Acts","link":"http:\/\/www.rockpixx.com\/wordpress\/category\/acts\/"},"img":{"alt_text":"Fiddler's Green, 31.07.2014, Wacken, Wacken Open Air","src":"https:\/\/i0.wp.com\/www.rockpixx.com\/wordpress\/wp-content\/uploads\/2014\/08\/20140731-02-026_fiddlers-green_Artikel.jpg?resize=350%2C200","width":350,"height":200,"srcset":"https:\/\/i0.wp.com\/www.rockpixx.com\/wordpress\/wp-content\/uploads\/2014\/08\/20140731-02-026_fiddlers-green_Artikel.jpg?resize=350%2C200 1x, https:\/\/i0.wp.com\/www.rockpixx.com\/wordpress\/wp-content\/uploads\/2014\/08\/20140731-02-026_fiddlers-green_Artikel.jpg?resize=525%2C300 1.5x, https:\/\/i0.wp.com\/www.rockpixx.com\/wordpress\/wp-content\/uploads\/2014\/08\/20140731-02-026_fiddlers-green_Artikel.jpg?resize=700%2C400 2x"},"classes":[]},{"id":16003,"url":"http:\/\/www.rockpixx.com\/wordpress\/bring-me-the-horizon-01-08-2014-wacken-woa-2014\/","url_meta":{"origin":15977,"position":5},"title":"Bring me the Horizon, 01.08.2014, Wacken, W:O:A 2014","author":"admin","date":"2. August 2014","format":false,"excerpt":"Es gibt Bands, da frage ich mich ernsthaft, warum diese anstatt anderer auf einer der gro\u00dfen B\u00fchnen spielen. \u201eBring me the Horizon\u201c f\u00e4llt f\u00fcr mich pers\u00f6nlich in diese Kategorie. Rein optisch betrachtet steht \u2013 und ich meine wirklich \u201esteht\u201c \u2013 da eine Sch\u00fclerband auf der B\u00fchne, die sich als Frontmann\u2026","rel":"","context":"In &quot;Acts&quot;","block_context":{"text":"Acts","link":"http:\/\/www.rockpixx.com\/wordpress\/category\/acts\/"},"img":{"alt_text":"Bring me the Horizon, 01.08.2014, Wacken, Wacken Open Air 2014","src":"https:\/\/i0.wp.com\/www.rockpixx.com\/wordpress\/wp-content\/uploads\/2014\/08\/20140801-03-004_bring-me-the-horizon_Artikel.jpg?resize=350%2C200","width":350,"height":200,"srcset":"https:\/\/i0.wp.com\/www.rockpixx.com\/wordpress\/wp-content\/uploads\/2014\/08\/20140801-03-004_bring-me-the-horizon_Artikel.jpg?resize=350%2C200 1x, https:\/\/i0.wp.com\/www.rockpixx.com\/wordpress\/wp-content\/uploads\/2014\/08\/20140801-03-004_bring-me-the-horizon_Artikel.jpg?resize=525%2C300 1.5x, https:\/\/i0.wp.com\/www.rockpixx.com\/wordpress\/wp-content\/uploads\/2014\/08\/20140801-03-004_bring-me-the-horizon_Artikel.jpg?resize=700%2C400 2x"},"classes":[]}],"jetpack_sharing_enabled":true,"publishpress_future_action":{"enabled":false,"date":"2026-05-06 13:39:23","action":"change-status","newStatus":"draft","terms":[],"taxonomy":"category","extraData":[]},"publishpress_future_workflow_manual_trigger":{"enabledWorkflows":[]},"_links":{"self":[{"href":"http:\/\/www.rockpixx.com\/wordpress\/wp-json\/wp\/v2\/posts\/15977","targetHints":{"allow":["GET"]}}],"collection":[{"href":"http:\/\/www.rockpixx.com\/wordpress\/wp-json\/wp\/v2\/posts"}],"about":[{"href":"http:\/\/www.rockpixx.com\/wordpress\/wp-json\/wp\/v2\/types\/post"}],"author":[{"embeddable":true,"href":"http:\/\/www.rockpixx.com\/wordpress\/wp-json\/wp\/v2\/users\/1"}],"replies":[{"embeddable":true,"href":"http:\/\/www.rockpixx.com\/wordpress\/wp-json\/wp\/v2\/comments?post=15977"}],"version-history":[{"count":0,"href":"http:\/\/www.rockpixx.com\/wordpress\/wp-json\/wp\/v2\/posts\/15977\/revisions"}],"wp:featuredmedia":[{"embeddable":true,"href":"http:\/\/www.rockpixx.com\/wordpress\/wp-json\/wp\/v2\/media\/15978"}],"wp:attachment":[{"href":"http:\/\/www.rockpixx.com\/wordpress\/wp-json\/wp\/v2\/media?parent=15977"}],"wp:term":[{"taxonomy":"category","embeddable":true,"href":"http:\/\/www.rockpixx.com\/wordpress\/wp-json\/wp\/v2\/categories?post=15977"},{"taxonomy":"post_tag","embeddable":true,"href":"http:\/\/www.rockpixx.com\/wordpress\/wp-json\/wp\/v2\/tags?post=15977"}],"curies":[{"name":"wp","href":"https:\/\/api.w.org\/{rel}","templated":true}]}}