{"id":15991,"date":"2014-08-01T17:40:36","date_gmt":"2014-08-01T16:40:36","guid":{"rendered":"http:\/\/rockpixx.com\/wordpress\/?p=15991"},"modified":"2016-06-26T01:05:16","modified_gmt":"2016-06-26T00:05:16","slug":"saxon-31-07-2014-wacken-woa-2014","status":"publish","type":"post","link":"http:\/\/www.rockpixx.com\/wordpress\/saxon-31-07-2014-wacken-woa-2014\/","title":{"rendered":"Saxon, 31.07.2014, Wacken, W:O:A 2014"},"content":{"rendered":"<p>\u2192 \u201e<a title=\"Saxon auf rockpixx.com\" href=\"http:\/\/rockpixx.com\/wordpress\/category\/acts\/topacts\/top-s\/saxon\/\">Saxon<\/a>\u201c sind sowohl bei uns als auch auf dem W:O:A Wiederholungst\u00e4ter. Insofern freute ich mich, die britischen Urgesteine des Heavy Metal wiederzusehen.<!--more--><\/p>\n<p>Der Auftritt verz\u00f6gert sich leider um knapp 15 Minuten, weil \u2013 unplangem\u00e4\u00df zwei Zauberk\u00fcnstler auf der True Metal Stage sich noch ein wenig produzieren m\u00fcssen. Das Resultat sind Pfiffe, Buhrufe und \u201eSAXON, SAXON\u201c-Rufe aus dem Publikum. Berechtigt! Die \u201eEhrlich Brothers\u201c sind noch nicht mal in die Kategorie \u201eSiegfried &amp; Roy f\u00fcr Arme\u201c einzuordnen, das ist einfach nur tuntiger, billiger, sich ans Publikum anbiedernder M\u00fcll. Sogar der Himmel f\u00e4ngt an zu weinen \u2013 zum einzigen Mal w\u00e4hrend des gesamten Festivals.<\/p>\n<p>Zur\u00fcck zu \u201eSaxon\u201c, die dann endlich auftreten d\u00fcrfen: Biff Byford l\u00e4sst sich stilgerecht auf einer Harley auf die B\u00fchne fahren, mit selbiger versucht der Chauffeur anschlie\u00dfend noch einen Burnout hinzulegen. (So etwas stinkt gewaltig, wenn man unmittelbar darunter steht.)<\/p>\n<p>\u201eSaxon\u201c haben dieses Mal Ihre Show um einige Violonistinnen erweitert, die im vorher verborgenen hinteren Teil der B\u00fchne erh\u00f6ht auf einer Empore stehen und spielen. Sehr beeindruckend, leider aber au\u00dferhalb der ersten drei Songs, so dass es davon auch keine Bilder gibt. Soundm\u00e4\u00dfig h\u00f6rt sich das aber alles ausgezeichnet an, sowohl im Graben als auch weit drau\u00dfen im Infield. Lichtm\u00e4\u00dfig bin ich nicht so zufrieden, alles ist irgendwie leicht matschig und diffus r\u00f6tlich anzusehen. Eine Erfahrung, die ich an diesem Wochenende bei den Mainacts noch h\u00e4ufiger machen werde\u2026<\/p>\n<p>Fazit: \u201eSaxon\u201c gibt es nicht ohne Grund bereits seit 1976 \u2013 die k\u00f6nnen es live immer noch.<\/p>\n<p style=\"text-align: right;\">Fotos: <a href=\"mailto:info@rockpixx.com?subject=Saxon,%2031.07.2014,%20Wacken,%20W:O:A%202014\">Alex<\/a> | Text: <a href=\"mailto:info@rockpixx.com?subject=Saxon,%2031.07.2014,%20Wacken,%20W:O:A%202014\">Alex<\/a><\/p>\n<div class=\"eat-left eat-right\"><div class=\"thumbs-masonry isotope\"><div class=\"isotope-item block-2 block-h-2\"><a href=\"http:\/\/www.rockpixx.com\/wordpress\/wp-content\/uploads\/2014\/08\/20140731-05-006.jpg\" rel=\"prettyPhoto[postgal_16125]\" class=\"show-hover-link block-h-2\"\"><img decoding=\"async\" src=\"http:\/\/www.rockpixx.com\/wordpress\/wp-content\/uploads\/2014\/08\/20140731-05-006-480x480.jpg\" alt=\"Saxon, 31.07.2014, Wacken, Wacken Open Air\"\/><span class=\"before\"><\/span><span class=\"after\"><\/span><\/a><\/div><div class=\"isotope-item block-1 block-h-1\"><a href=\"http:\/\/www.rockpixx.com\/wordpress\/wp-content\/uploads\/2014\/08\/20140731-05-008.jpg\" rel=\"prettyPhoto[postgal_16125]\" class=\"show-hover-link block-h-1\"\"><img decoding=\"async\" src=\"http:\/\/www.rockpixx.com\/wordpress\/wp-content\/uploads\/2014\/08\/20140731-05-008-480x480.jpg\" alt=\"Saxon, 31.07.2014, Wacken, Wacken Open Air\"\/><span class=\"before\"><\/span><span class=\"after\"><\/span><\/a><\/div><div class=\"isotope-item block-1 block-h-1\"><a href=\"http:\/\/www.rockpixx.com\/wordpress\/wp-content\/uploads\/2014\/08\/20140731-05-009.jpg\" rel=\"prettyPhoto[postgal_16125]\" class=\"show-hover-link block-h-1\"\"><img decoding=\"async\" src=\"http:\/\/www.rockpixx.com\/wordpress\/wp-content\/uploads\/2014\/08\/20140731-05-009-480x480.jpg\" alt=\"Saxon, 31.07.2014, Wacken, Wacken Open Air\"\/><span class=\"before\"><\/span><span class=\"after\"><\/span><\/a><\/div><div class=\"isotope-item block-2 block-h-2\"><a href=\"http:\/\/www.rockpixx.com\/wordpress\/wp-content\/uploads\/2014\/08\/20140731-05-012.jpg\" rel=\"prettyPhoto[postgal_16125]\" class=\"show-hover-link block-h-2\"\"><img decoding=\"async\" src=\"http:\/\/www.rockpixx.com\/wordpress\/wp-content\/uploads\/2014\/08\/20140731-05-012-480x480.jpg\" alt=\"Saxon, 31.07.2014, Wacken, Wacken Open Air\"\/><span class=\"before\"><\/span><span class=\"after\"><\/span><\/a><\/div><div class=\"isotope-item block-1 block-h-1\"><a href=\"http:\/\/www.rockpixx.com\/wordpress\/wp-content\/uploads\/2014\/08\/20140731-05-025.jpg\" rel=\"prettyPhoto[postgal_16125]\" class=\"show-hover-link block-h-1\"\"><img decoding=\"async\" src=\"http:\/\/www.rockpixx.com\/wordpress\/wp-content\/uploads\/2014\/08\/20140731-05-025-480x480.jpg\" alt=\"Saxon, 31.07.2014, Wacken, Wacken Open Air\"\/><span class=\"before\"><\/span><span class=\"after\"><\/span><\/a><\/div><div class=\"isotope-item block-1 block-h-1\"><a href=\"http:\/\/www.rockpixx.com\/wordpress\/wp-content\/uploads\/2014\/08\/20140731-05-056.jpg\" rel=\"prettyPhoto[postgal_16125]\" class=\"show-hover-link block-h-1\"\"><img decoding=\"async\" src=\"http:\/\/www.rockpixx.com\/wordpress\/wp-content\/uploads\/2014\/08\/20140731-05-056-480x480.jpg\" alt=\"Saxon, 31.07.2014, Wacken, Wacken Open Air\"\/><span class=\"before\"><\/span><span class=\"after\"><\/span><\/a><\/div><div class=\"isotope-item block-2 block-h-2\"><a href=\"http:\/\/www.rockpixx.com\/wordpress\/wp-content\/uploads\/2014\/08\/20140731-05-057.jpg\" rel=\"prettyPhoto[postgal_16125]\" class=\"show-hover-link block-h-2\"\"><img decoding=\"async\" src=\"http:\/\/www.rockpixx.com\/wordpress\/wp-content\/uploads\/2014\/08\/20140731-05-057-480x480.jpg\" alt=\"Saxon, 31.07.2014, Wacken, Wacken Open Air\"\/><span class=\"before\"><\/span><span class=\"after\"><\/span><\/a><\/div><div class=\"isotope-item block-1 block-h-1\"><a href=\"http:\/\/www.rockpixx.com\/wordpress\/wp-content\/uploads\/2014\/08\/20140731-05-058.jpg\" rel=\"prettyPhoto[postgal_16125]\" class=\"show-hover-link block-h-1\"\"><img decoding=\"async\" src=\"http:\/\/www.rockpixx.com\/wordpress\/wp-content\/uploads\/2014\/08\/20140731-05-058-480x480.jpg\" alt=\"Saxon, 31.07.2014, Wacken, Wacken Open Air\"\/><span class=\"before\"><\/span><span class=\"after\"><\/span><\/a><\/div><div class=\"isotope-item block-1 block-h-1\"><a href=\"http:\/\/www.rockpixx.com\/wordpress\/wp-content\/uploads\/2014\/08\/20140731-05-064.jpg\" rel=\"prettyPhoto[postgal_16125]\" class=\"show-hover-link block-h-1\"\"><img decoding=\"async\" src=\"http:\/\/www.rockpixx.com\/wordpress\/wp-content\/uploads\/2014\/08\/20140731-05-064-480x480.jpg\" alt=\"Saxon, 31.07.2014, Wacken, Wacken Open Air\"\/><span class=\"before\"><\/span><span class=\"after\"><\/span><\/a><\/div><div class=\"isotope-item block-2 block-h-2\"><a href=\"http:\/\/www.rockpixx.com\/wordpress\/wp-content\/uploads\/2014\/08\/20140731-05-067.jpg\" rel=\"prettyPhoto[postgal_16125]\" class=\"show-hover-link block-h-2\"\"><img decoding=\"async\" src=\"http:\/\/www.rockpixx.com\/wordpress\/wp-content\/uploads\/2014\/08\/20140731-05-067-480x480.jpg\" alt=\"Saxon, 31.07.2014, Wacken, Wacken Open Air\"\/><span class=\"before\"><\/span><span class=\"after\"><\/span><\/a><\/div><div class=\"isotope-item block-1 block-h-1\"><a href=\"http:\/\/www.rockpixx.com\/wordpress\/wp-content\/uploads\/2014\/08\/20140731-05-069.jpg\" rel=\"prettyPhoto[postgal_16125]\" class=\"show-hover-link block-h-1\"\"><img decoding=\"async\" src=\"http:\/\/www.rockpixx.com\/wordpress\/wp-content\/uploads\/2014\/08\/20140731-05-069-480x480.jpg\" alt=\"Saxon, 31.07.2014, Wacken, Wacken Open Air\"\/><span class=\"before\"><\/span><span class=\"after\"><\/span><\/a><\/div><div class=\"isotope-item block-1 block-h-1\"><a href=\"http:\/\/www.rockpixx.com\/wordpress\/wp-content\/uploads\/2014\/08\/20140731-05-078.jpg\" rel=\"prettyPhoto[postgal_16125]\" class=\"show-hover-link block-h-1\"\"><img decoding=\"async\" src=\"http:\/\/www.rockpixx.com\/wordpress\/wp-content\/uploads\/2014\/08\/20140731-05-078-480x480.jpg\" alt=\"Saxon, 31.07.2014, Wacken, Wacken Open Air\"\/><span class=\"before\"><\/span><span class=\"after\"><\/span><\/a><\/div><div class=\"isotope-item block-2 block-h-2\"><a href=\"http:\/\/www.rockpixx.com\/wordpress\/wp-content\/uploads\/2014\/08\/20140731-05-084.jpg\" rel=\"prettyPhoto[postgal_16125]\" class=\"show-hover-link block-h-2\"\"><img decoding=\"async\" src=\"http:\/\/www.rockpixx.com\/wordpress\/wp-content\/uploads\/2014\/08\/20140731-05-084-480x480.jpg\" alt=\"Saxon, 31.07.2014, Wacken, Wacken Open Air\"\/><span class=\"before\"><\/span><span class=\"after\"><\/span><\/a><\/div><\/div><\/div>\n","protected":false},"excerpt":{"rendered":"<p>\u2192 \u201eSaxon\u201c sind sowohl bei uns als auch auf dem W:O:A Wiederholungst\u00e4ter. Insofern freute ich <a href=\"http:\/\/www.rockpixx.com\/wordpress\/saxon-31-07-2014-wacken-woa-2014\/\">Read more<\/a><\/p>\n","protected":false},"author":1,"featured_media":16155,"comment_status":"open","ping_status":"open","sticky":false,"template":"","format":"standard","meta":{"_jetpack_memberships_contains_paid_content":false,"footnotes":"","jetpack_publicize_message":"#Saxon, 31.07.2014, #Wacken, #WOA 2014, #WackenOpenAir","jetpack_publicize_feature_enabled":true,"jetpack_social_post_already_shared":true,"jetpack_social_options":{"image_generator_settings":{"template":"highway","default_image_id":0,"font":"","enabled":false},"version":2}},"categories":[34,687],"tags":[2291,133,2041,883,2061,885],"class_list":["post-15991","post","type-post","status-publish","format-standard","has-post-thumbnail","hentry","category-acts","category-saxon","tag-2291","tag-festivals","tag-saxon","tag-woa","tag-wacken","tag-wacken-open-air"],"aioseo_notices":[],"jetpack_publicize_connections":[],"jetpack_featured_media_url":"http:\/\/www.rockpixx.com\/wordpress\/wp-content\/uploads\/2014\/08\/20140731-05-078_saxon_Artikel.jpg","jetpack-related-posts":[{"id":8925,"url":"http:\/\/www.rockpixx.com\/wordpress\/saxon-02-08-2012-wacken-woa-2012\/","url_meta":{"origin":15991,"position":0},"title":"Saxon, 02.08.2012, Wacken, W:O:A 2012","author":"Anja","date":"2. August 2012","format":false,"excerpt":"Und wieder \u201eHeavy Metal\u201c \u2013 jetzt von den Legenden aus Yorkshire, \u201eSaxon\u201c. Es ist witzig, aber als ich 1986 als Leiter eines Sch\u00fcler-Sprachreise dort gewesen bin, h\u00e4tte ich mir nie vorstellen k\u00f6nnen, einmal eine Band aus dieser Gegend 26 Jahre sp\u00e4ter auf dem weltgr\u00f6\u00dften Metal-Festival vor meinen Kameras zu haben\u2026","rel":"","context":"In &quot;Acts&quot;","block_context":{"text":"Acts","link":"http:\/\/www.rockpixx.com\/wordpress\/category\/acts\/"},"img":{"alt_text":"Saxon, 02.08.2012, Wacken, W:O:A 2012","src":"https:\/\/i0.wp.com\/www.rockpixx.com\/wordpress\/wp-content\/uploads\/2013\/02\/20120802-07-saxon-Artikel.jpg?resize=350%2C200","width":350,"height":200,"srcset":"https:\/\/i0.wp.com\/www.rockpixx.com\/wordpress\/wp-content\/uploads\/2013\/02\/20120802-07-saxon-Artikel.jpg?resize=350%2C200 1x, https:\/\/i0.wp.com\/www.rockpixx.com\/wordpress\/wp-content\/uploads\/2013\/02\/20120802-07-saxon-Artikel.jpg?resize=525%2C300 1.5x, https:\/\/i0.wp.com\/www.rockpixx.com\/wordpress\/wp-content\/uploads\/2013\/02\/20120802-07-saxon-Artikel.jpg?resize=700%2C400 2x"},"classes":[]},{"id":12387,"url":"http:\/\/www.rockpixx.com\/wordpress\/saxon-15-11-2013-weissenhaeuser-strand-metal-hammer-paradise-maximum-metal-stage\/","url_meta":{"origin":15991,"position":1},"title":"Saxon, 15.11.2013, Weissenh\u00e4user Strand, \u201eMetal Hammer Paradise\u201c, Maximum Metal Stage","author":"admin","date":"14. Dezember 2013","format":false,"excerpt":"Die britschen Hartmetall-Urgesteine von \u201eSaxon\u201c erwarten mich als n\u00e4chstes. Bereits 2012 hatte ich sie ja auf dem \u2192 \u201eW:O:A\u201c fotografiert und so hegte ich die leise Hoffnung, einen Zusammenhang zwischen Co-Headliner und gutem Licht kontruieren zu k\u00f6nnen\u2026Aber auch die Hoffnung kann sterben! Es war zwar schon ein wenig heller als\u2026","rel":"","context":"In &quot;Acts&quot;","block_context":{"text":"Acts","link":"http:\/\/www.rockpixx.com\/wordpress\/category\/acts\/"},"img":{"alt_text":"Saxon, 15.11.2013, Metal Hammer Paradise, Weissenh\u00e4user Strand","src":"https:\/\/i0.wp.com\/www.rockpixx.com\/wordpress\/wp-content\/uploads\/2013\/12\/20131115-05-049_saxon-Artikel.jpg?resize=350%2C200","width":350,"height":200,"srcset":"https:\/\/i0.wp.com\/www.rockpixx.com\/wordpress\/wp-content\/uploads\/2013\/12\/20131115-05-049_saxon-Artikel.jpg?resize=350%2C200 1x, https:\/\/i0.wp.com\/www.rockpixx.com\/wordpress\/wp-content\/uploads\/2013\/12\/20131115-05-049_saxon-Artikel.jpg?resize=525%2C300 1.5x, https:\/\/i0.wp.com\/www.rockpixx.com\/wordpress\/wp-content\/uploads\/2013\/12\/20131115-05-049_saxon-Artikel.jpg?resize=700%2C400 2x"},"classes":[]},{"id":8919,"url":"http:\/\/www.rockpixx.com\/wordpress\/sepultura-02-08-2012-wacken-woa-2012\/","url_meta":{"origin":15991,"position":2},"title":"Sepultura, 02.08.2012, Wacken, W:O:A 2012","author":"Anja","date":"2. August 2012","format":false,"excerpt":"Zwischenzeitlich gab\u2018s noch eine Pressekonferenz mit den Herren von \u2192\u201eSaxon\u201c, die am sp\u00e4teren Abend noch spielen sollen. Ganz konnte ich sie nicht verfolgen, da es mich schon wieder vor die Black Stage zog, \u201eSepultura\u201c & \u201eLes Tamboures Du Bronx\u201c als special guests spielten auf. Letztere sind ein Trommelkollektiv (\u2192\u00a0\u201eRusskaja\u201c\u00a0wirken irgendwie\u2026","rel":"","context":"In &quot;Acts&quot;","block_context":{"text":"Acts","link":"http:\/\/www.rockpixx.com\/wordpress\/category\/acts\/"},"img":{"alt_text":"Sepultura, 02.08.2012, Wacken, W:O:A 2012","src":"https:\/\/i0.wp.com\/www.rockpixx.com\/wordpress\/wp-content\/uploads\/2013\/02\/20120802-05-sepultura-Artikel.jpg?resize=350%2C200","width":350,"height":200,"srcset":"https:\/\/i0.wp.com\/www.rockpixx.com\/wordpress\/wp-content\/uploads\/2013\/02\/20120802-05-sepultura-Artikel.jpg?resize=350%2C200 1x, https:\/\/i0.wp.com\/www.rockpixx.com\/wordpress\/wp-content\/uploads\/2013\/02\/20120802-05-sepultura-Artikel.jpg?resize=525%2C300 1.5x, https:\/\/i0.wp.com\/www.rockpixx.com\/wordpress\/wp-content\/uploads\/2013\/02\/20120802-05-sepultura-Artikel.jpg?resize=700%2C400 2x"},"classes":[]},{"id":15994,"url":"http:\/\/www.rockpixx.com\/wordpress\/accept-31-07-2014-wacken-woa-2014\/","url_meta":{"origin":15991,"position":3},"title":"Accept, 31.07.2014, Wacken, W:O:A 2014","author":"admin","date":"1. August 2014","format":false,"excerpt":"Der letzte Act an diesem ersten Tag ist f\u00fcr mich deutsches Metal-Urgestein aus Solingen. Nein, keine Messer mit feinen Klingen, sondern \u201eAccept\u201c stehen auf der True Metal Stage. Manchmal dauert alles etwas l\u00e4nger. 2005 hatte ich bereits eine \u201eAccept\u201c-Tributeband fotografiert: \u2192 \u201eAxxept\u201c im Nepomuk in Altenkunstadt. Nun stehen also endlich\u2026","rel":"","context":"In &quot;Accept&quot;","block_context":{"text":"Accept","link":"http:\/\/www.rockpixx.com\/wordpress\/category\/acts\/accept\/"},"img":{"alt_text":"Accept, 31.07.2014, Wacken, Wacken Open Air","src":"https:\/\/i0.wp.com\/www.rockpixx.com\/wordpress\/wp-content\/uploads\/2014\/08\/20140731-06-079_accept_Artikel1.jpg?resize=350%2C200","width":350,"height":200,"srcset":"https:\/\/i0.wp.com\/www.rockpixx.com\/wordpress\/wp-content\/uploads\/2014\/08\/20140731-06-079_accept_Artikel1.jpg?resize=350%2C200 1x, https:\/\/i0.wp.com\/www.rockpixx.com\/wordpress\/wp-content\/uploads\/2014\/08\/20140731-06-079_accept_Artikel1.jpg?resize=525%2C300 1.5x, https:\/\/i0.wp.com\/www.rockpixx.com\/wordpress\/wp-content\/uploads\/2014\/08\/20140731-06-079_accept_Artikel1.jpg?resize=700%2C400 2x"},"classes":[]},{"id":11965,"url":"http:\/\/www.rockpixx.com\/wordpress\/doro-02-08-2013-wacken-woa-2013\/","url_meta":{"origin":15991,"position":4},"title":"Doro, 02.08.2013, Wacken, W:O:A 2013","author":"Anja","date":"6. August 2013","format":false,"excerpt":"Doro Pesch komponiert ja nicht nur die Hymnen f\u00fcr Ihre Freundin die Boxerin Regina Halmich, sondern ist nat\u00fcrlich auch so etwas wie die \u201eMetal-Queen\u201c in der gesamten Szene. In diesem Jahr begeht sie ihr 30-j\u00e4hriges B\u00fchnenjubil\u00e4um und so etwas will nat\u00fcrlich standesgem\u00e4\u00df in Wacken zelebriert werden. Also st\u00fcrmt sie nach\u2026","rel":"","context":"In &quot;Acts&quot;","block_context":{"text":"Acts","link":"http:\/\/www.rockpixx.com\/wordpress\/category\/acts\/"},"img":{"alt_text":"","src":"https:\/\/i0.wp.com\/www.rockpixx.com\/wordpress\/wp-content\/uploads\/2013\/08\/20130802-06-387_doro.jpg?resize=350%2C200","width":350,"height":200,"srcset":"https:\/\/i0.wp.com\/www.rockpixx.com\/wordpress\/wp-content\/uploads\/2013\/08\/20130802-06-387_doro.jpg?resize=350%2C200 1x, https:\/\/i0.wp.com\/www.rockpixx.com\/wordpress\/wp-content\/uploads\/2013\/08\/20130802-06-387_doro.jpg?resize=525%2C300 1.5x, https:\/\/i0.wp.com\/www.rockpixx.com\/wordpress\/wp-content\/uploads\/2013\/08\/20130802-06-387_doro.jpg?resize=700%2C400 2x"},"classes":[]},{"id":16691,"url":"http:\/\/www.rockpixx.com\/wordpress\/5th-avenue-30-08-2014-baltic-open-air-schleswig\/","url_meta":{"origin":15991,"position":5},"title":"5th Avenue, 30.08.2014, Baltic Open Air, Schleswig","author":"admin","date":"6. September 2014","format":false,"excerpt":"Wacken-Legenden, die auch schon als Support f\u00fcr \u2192 \u201eSaxon\u201c und \u2192 \u201eD.A.D.\u201c unterwegs waren, zwischenzeitlich aufgel\u00f6st, seit 2012 wieder zusammengefunden \u2013 (Hamburger) Rockgeschichte steht auf der Second Stage vor uns. Richtig, die Rede ist von \u201e5th Avenue\u201c. 2013 erlebten wir sie \u2192 zum ersten Mal auf der MAXB\u00fchne anl\u00e4sslich der\u2026","rel":"","context":"In &quot;5th Avenue&quot;","block_context":{"text":"5th Avenue","link":"http:\/\/www.rockpixx.com\/wordpress\/category\/acts\/5th-avenue\/"},"img":{"alt_text":"5th Avenue, 30.08.2014, Baltic Open Air, Schleswig","src":"https:\/\/i0.wp.com\/www.rockpixx.com\/wordpress\/wp-content\/uploads\/2014\/09\/20140830-03-111.jpg?resize=350%2C200","width":350,"height":200,"srcset":"https:\/\/i0.wp.com\/www.rockpixx.com\/wordpress\/wp-content\/uploads\/2014\/09\/20140830-03-111.jpg?resize=350%2C200 1x, https:\/\/i0.wp.com\/www.rockpixx.com\/wordpress\/wp-content\/uploads\/2014\/09\/20140830-03-111.jpg?resize=525%2C300 1.5x, https:\/\/i0.wp.com\/www.rockpixx.com\/wordpress\/wp-content\/uploads\/2014\/09\/20140830-03-111.jpg?resize=700%2C400 2x"},"classes":[]}],"jetpack_sharing_enabled":true,"publishpress_future_action":{"enabled":false,"date":"2026-05-06 13:39:16","action":"change-status","newStatus":"draft","terms":[],"taxonomy":"category","extraData":[]},"publishpress_future_workflow_manual_trigger":{"enabledWorkflows":[]},"_links":{"self":[{"href":"http:\/\/www.rockpixx.com\/wordpress\/wp-json\/wp\/v2\/posts\/15991","targetHints":{"allow":["GET"]}}],"collection":[{"href":"http:\/\/www.rockpixx.com\/wordpress\/wp-json\/wp\/v2\/posts"}],"about":[{"href":"http:\/\/www.rockpixx.com\/wordpress\/wp-json\/wp\/v2\/types\/post"}],"author":[{"embeddable":true,"href":"http:\/\/www.rockpixx.com\/wordpress\/wp-json\/wp\/v2\/users\/1"}],"replies":[{"embeddable":true,"href":"http:\/\/www.rockpixx.com\/wordpress\/wp-json\/wp\/v2\/comments?post=15991"}],"version-history":[{"count":0,"href":"http:\/\/www.rockpixx.com\/wordpress\/wp-json\/wp\/v2\/posts\/15991\/revisions"}],"wp:featuredmedia":[{"embeddable":true,"href":"http:\/\/www.rockpixx.com\/wordpress\/wp-json\/wp\/v2\/media\/16155"}],"wp:attachment":[{"href":"http:\/\/www.rockpixx.com\/wordpress\/wp-json\/wp\/v2\/media?parent=15991"}],"wp:term":[{"taxonomy":"category","embeddable":true,"href":"http:\/\/www.rockpixx.com\/wordpress\/wp-json\/wp\/v2\/categories?post=15991"},{"taxonomy":"post_tag","embeddable":true,"href":"http:\/\/www.rockpixx.com\/wordpress\/wp-json\/wp\/v2\/tags?post=15991"}],"curies":[{"name":"wp","href":"https:\/\/api.w.org\/{rel}","templated":true}]}}