{"id":15997,"date":"2014-08-02T15:22:09","date_gmt":"2014-08-02T14:22:09","guid":{"rendered":"http:\/\/rockpixx.com\/wordpress\/?p=15997"},"modified":"2016-07-06T17:28:47","modified_gmt":"2016-07-06T16:28:47","slug":"knorkator-01-08-2014-wacken-woa-2014","status":"publish","type":"post","link":"http:\/\/www.rockpixx.com\/wordpress\/knorkator-01-08-2014-wacken-woa-2014\/","title":{"rendered":"Knorkator, 01.08.2014, Wacken, W:O:A 2014"},"content":{"rendered":"<p>Meine erste Begegnung mit \u201eDeutschlands meiste Band\u201c steht an, also auf zur Party Stage, wo mich ein Herr im schicken Lack-Outfit erwartet. Richtig, \u201eKnorkator\u201c spielen zum Tanze auf.<\/p>\n<p><!--more--><\/p>\n<p>Die Requisiten auf der B\u00fchne \u2013 gerade an den Keyboards von Alf Ator \u2013 sprechen f\u00fcr sich und Frontmann \u201eStumpen\u201c l\u00e4sst sich noch w\u00e4hrend des Beginns vom freundlichen Gitarristen nebenan aus dem Lackanzug helfen und bef\u00f6rdert diesen mit weitem Schwung ins Publikum \u2013 dankbare Abnehmer sind garantiert, er h\u00e4tte auch hunderte von Lackanz\u00fcgen werfen k\u00f6nnen. Nun steht er also im knallpinken Latexh\u00f6schen vor uns und l\u00e4sst uns an der Pracht seiner Tattoos teilhaben. \u201eSteht\u201c ist vielleicht nicht ganz korrekt formuliert, das ist n\u00e4mlich das Einzige, was er nicht macht. Vielmehr h\u00fcpft, rennt, fliegt er \u00fcber die B\u00fchne, in den Graben, zu den Zuschauern, krabbelt wieder \u00fcber die Boxen zur\u00fcck auf die B\u00fchne, \u2026 keine Millisekunde Stillstand lautet die Devise. Dabei singt, schreit, fl\u00fcstert er \u2013 teilweise ohne Luft zu holen, so scheint es.<\/p>\n<p>Zum zweiten Song kommt dann noch Jen Majura an der Gitarre als Verst\u00e4rkung dazu, ein wirklicher optischer Leckerbissen, der sich dennoch harmonisch in das ansonsten schr\u00e4ge Aussehen der anderen Bandmitglieder einf\u00fcgt.<\/p>\n<p>Fazit: So eine Performance wirkt live am besten und bietet einen hohen Spa\u00dffaktor. Wer sich dann noch die M\u00fche macht, einmal auf die Texte zu achten, der wird entdecken, dass da einiges an Substanz hintersteckt.<\/p>\n<p style=\"text-align: right;\">Fotos: <a href=\"mailto:info@rockpixx.com?subject=Knorkator,%2001.08.2014,%20Wacken,%20W:O:A%202014\">Alex<\/a> | Text: <a href=\"mailto:info@rockpixx.com?subject=Knorkator,%2001.08.2014,%20Wacken,%20W:O:A%202014\">Alex<\/a><\/p>\n<div class=\"eat-left eat-right\"><div class=\"thumbs-masonry isotope\"><div class=\"isotope-item block-2 block-h-2\"><a href=\"http:\/\/www.rockpixx.com\/wordpress\/wp-content\/uploads\/2016\/07\/20140801-01-080.jpg\" rel=\"prettyPhoto[postgal_20535]\" class=\"show-hover-link block-h-2\"\"><img decoding=\"async\" src=\"http:\/\/www.rockpixx.com\/wordpress\/wp-content\/uploads\/2016\/07\/20140801-01-080-480x480.jpg\" alt=\"Knorkator, 01.08.2014, Wacken, Wacken Open Air 2014\"\/><span class=\"before\"><\/span><span class=\"after\"><\/span><\/a><\/div><div class=\"isotope-item block-1 block-h-1\"><a href=\"http:\/\/www.rockpixx.com\/wordpress\/wp-content\/uploads\/2016\/07\/20140801-01-110.jpg\" rel=\"prettyPhoto[postgal_20535]\" class=\"show-hover-link block-h-1\"\"><img decoding=\"async\" src=\"http:\/\/www.rockpixx.com\/wordpress\/wp-content\/uploads\/2016\/07\/20140801-01-110-480x480.jpg\" alt=\"Knorkator, 01.08.2014, Wacken, Wacken Open Air 2014\"\/><span class=\"before\"><\/span><span class=\"after\"><\/span><\/a><\/div><div class=\"isotope-item block-1 block-h-1\"><a href=\"http:\/\/www.rockpixx.com\/wordpress\/wp-content\/uploads\/2016\/07\/20140801-01-108.jpg\" rel=\"prettyPhoto[postgal_20535]\" class=\"show-hover-link block-h-1\"\"><img decoding=\"async\" src=\"http:\/\/www.rockpixx.com\/wordpress\/wp-content\/uploads\/2016\/07\/20140801-01-108-480x480.jpg\" alt=\"Knorkator, 01.08.2014, Wacken, Wacken Open Air 2014\"\/><span class=\"before\"><\/span><span class=\"after\"><\/span><\/a><\/div><div class=\"isotope-item block-2 block-h-2\"><a href=\"http:\/\/www.rockpixx.com\/wordpress\/wp-content\/uploads\/2016\/07\/20140801-01-107.jpg\" rel=\"prettyPhoto[postgal_20535]\" class=\"show-hover-link block-h-2\"\"><img decoding=\"async\" src=\"http:\/\/www.rockpixx.com\/wordpress\/wp-content\/uploads\/2016\/07\/20140801-01-107-480x480.jpg\" alt=\"Knorkator, 01.08.2014, Wacken, Wacken Open Air 2014\"\/><span class=\"before\"><\/span><span class=\"after\"><\/span><\/a><\/div><div class=\"isotope-item block-1 block-h-1\"><a href=\"http:\/\/www.rockpixx.com\/wordpress\/wp-content\/uploads\/2016\/07\/20140801-01-102.jpg\" rel=\"prettyPhoto[postgal_20535]\" class=\"show-hover-link block-h-1\"\"><img decoding=\"async\" src=\"http:\/\/www.rockpixx.com\/wordpress\/wp-content\/uploads\/2016\/07\/20140801-01-102-480x480.jpg\" alt=\"Knorkator, 01.08.2014, Wacken, Wacken Open Air 2014\"\/><span class=\"before\"><\/span><span class=\"after\"><\/span><\/a><\/div><div class=\"isotope-item block-1 block-h-1\"><a href=\"http:\/\/www.rockpixx.com\/wordpress\/wp-content\/uploads\/2016\/07\/20140801-01-095.jpg\" rel=\"prettyPhoto[postgal_20535]\" class=\"show-hover-link block-h-1\"\"><img decoding=\"async\" src=\"http:\/\/www.rockpixx.com\/wordpress\/wp-content\/uploads\/2016\/07\/20140801-01-095-480x480.jpg\" alt=\"Knorkator, 01.08.2014, Wacken, Wacken Open Air 2014\"\/><span class=\"before\"><\/span><span class=\"after\"><\/span><\/a><\/div><div class=\"isotope-item block-2 block-h-2\"><a href=\"http:\/\/www.rockpixx.com\/wordpress\/wp-content\/uploads\/2016\/07\/20140801-01-094.jpg\" rel=\"prettyPhoto[postgal_20535]\" class=\"show-hover-link block-h-2\"\"><img decoding=\"async\" src=\"http:\/\/www.rockpixx.com\/wordpress\/wp-content\/uploads\/2016\/07\/20140801-01-094-480x480.jpg\" alt=\"Knorkator, 01.08.2014, Wacken, Wacken Open Air 2014\"\/><span class=\"before\"><\/span><span class=\"after\"><\/span><\/a><\/div><div class=\"isotope-item block-1 block-h-1\"><a href=\"http:\/\/www.rockpixx.com\/wordpress\/wp-content\/uploads\/2016\/07\/20140801-01-085.jpg\" rel=\"prettyPhoto[postgal_20535]\" class=\"show-hover-link block-h-1\"\"><img decoding=\"async\" src=\"http:\/\/www.rockpixx.com\/wordpress\/wp-content\/uploads\/2016\/07\/20140801-01-085-480x480.jpg\" alt=\"Knorkator, 01.08.2014, Wacken, Wacken Open Air 2014\"\/><span class=\"before\"><\/span><span class=\"after\"><\/span><\/a><\/div><div class=\"isotope-item block-1 block-h-1\"><a href=\"http:\/\/www.rockpixx.com\/wordpress\/wp-content\/uploads\/2016\/07\/20140801-01-082.jpg\" rel=\"prettyPhoto[postgal_20535]\" class=\"show-hover-link block-h-1\"\"><img decoding=\"async\" src=\"http:\/\/www.rockpixx.com\/wordpress\/wp-content\/uploads\/2016\/07\/20140801-01-082-480x480.jpg\" alt=\"Knorkator, 01.08.2014, Wacken, Wacken Open Air 2014\"\/><span class=\"before\"><\/span><span class=\"after\"><\/span><\/a><\/div><div class=\"isotope-item block-2 block-h-2\"><a href=\"http:\/\/www.rockpixx.com\/wordpress\/wp-content\/uploads\/2016\/07\/20140801-01-081.jpg\" rel=\"prettyPhoto[postgal_20535]\" class=\"show-hover-link block-h-2\"\"><img decoding=\"async\" src=\"http:\/\/www.rockpixx.com\/wordpress\/wp-content\/uploads\/2016\/07\/20140801-01-081-480x480.jpg\" alt=\"Knorkator, 01.08.2014, Wacken, Wacken Open Air 2014\"\/><span class=\"before\"><\/span><span class=\"after\"><\/span><\/a><\/div><div class=\"isotope-item block-1 block-h-1\"><a href=\"http:\/\/www.rockpixx.com\/wordpress\/wp-content\/uploads\/2016\/07\/20140801-01-012.jpg\" rel=\"prettyPhoto[postgal_20535]\" class=\"show-hover-link block-h-1\"\"><img decoding=\"async\" src=\"http:\/\/www.rockpixx.com\/wordpress\/wp-content\/uploads\/2016\/07\/20140801-01-012-480x480.jpg\" alt=\"Knorkator, 01.08.2014, Wacken, Wacken Open Air 2014\"\/><span class=\"before\"><\/span><span class=\"after\"><\/span><\/a><\/div><div class=\"isotope-item block-1 block-h-1\"><a href=\"http:\/\/www.rockpixx.com\/wordpress\/wp-content\/uploads\/2016\/07\/20140801-01-077.jpg\" rel=\"prettyPhoto[postgal_20535]\" class=\"show-hover-link block-h-1\"\"><img decoding=\"async\" src=\"http:\/\/www.rockpixx.com\/wordpress\/wp-content\/uploads\/2016\/07\/20140801-01-077-480x480.jpg\" alt=\"Knorkator, 01.08.2014, Wacken, Wacken Open Air 2014\"\/><span class=\"before\"><\/span><span class=\"after\"><\/span><\/a><\/div><div class=\"isotope-item block-2 block-h-2\"><a href=\"http:\/\/www.rockpixx.com\/wordpress\/wp-content\/uploads\/2016\/07\/20140801-01-069.jpg\" rel=\"prettyPhoto[postgal_20535]\" class=\"show-hover-link block-h-2\"\"><img decoding=\"async\" src=\"http:\/\/www.rockpixx.com\/wordpress\/wp-content\/uploads\/2016\/07\/20140801-01-069-480x480.jpg\" alt=\"Knorkator, 01.08.2014, Wacken, Wacken Open Air 2014\"\/><span class=\"before\"><\/span><span class=\"after\"><\/span><\/a><\/div><div class=\"isotope-item block-1 block-h-1\"><a href=\"http:\/\/www.rockpixx.com\/wordpress\/wp-content\/uploads\/2016\/07\/20140801-01-062.jpg\" rel=\"prettyPhoto[postgal_20535]\" class=\"show-hover-link block-h-1\"\"><img decoding=\"async\" src=\"http:\/\/www.rockpixx.com\/wordpress\/wp-content\/uploads\/2016\/07\/20140801-01-062-480x480.jpg\" alt=\"Knorkator, 01.08.2014, Wacken, Wacken Open Air 2014\"\/><span class=\"before\"><\/span><span class=\"after\"><\/span><\/a><\/div><div class=\"isotope-item block-1 block-h-1\"><a href=\"http:\/\/www.rockpixx.com\/wordpress\/wp-content\/uploads\/2016\/07\/20140801-01-052.jpg\" rel=\"prettyPhoto[postgal_20535]\" class=\"show-hover-link block-h-1\"\"><img decoding=\"async\" src=\"http:\/\/www.rockpixx.com\/wordpress\/wp-content\/uploads\/2016\/07\/20140801-01-052-480x480.jpg\" alt=\"Knorkator, 01.08.2014, Wacken, Wacken Open Air 2014\"\/><span class=\"before\"><\/span><span class=\"after\"><\/span><\/a><\/div><div class=\"isotope-item block-2 block-h-2\"><a href=\"http:\/\/www.rockpixx.com\/wordpress\/wp-content\/uploads\/2016\/07\/20140801-01-047.jpg\" rel=\"prettyPhoto[postgal_20535]\" class=\"show-hover-link block-h-2\"\"><img decoding=\"async\" src=\"http:\/\/www.rockpixx.com\/wordpress\/wp-content\/uploads\/2016\/07\/20140801-01-047-480x480.jpg\" alt=\"Knorkator, 01.08.2014, Wacken, Wacken Open Air 2014\"\/><span class=\"before\"><\/span><span class=\"after\"><\/span><\/a><\/div><div class=\"isotope-item block-1 block-h-1\"><a href=\"http:\/\/www.rockpixx.com\/wordpress\/wp-content\/uploads\/2016\/07\/20140801-01-043.jpg\" rel=\"prettyPhoto[postgal_20535]\" class=\"show-hover-link block-h-1\"\"><img decoding=\"async\" src=\"http:\/\/www.rockpixx.com\/wordpress\/wp-content\/uploads\/2016\/07\/20140801-01-043-480x480.jpg\" alt=\"Knorkator, 01.08.2014, Wacken, Wacken Open Air 2014\"\/><span class=\"before\"><\/span><span class=\"after\"><\/span><\/a><\/div><div class=\"isotope-item block-1 block-h-1\"><a href=\"http:\/\/www.rockpixx.com\/wordpress\/wp-content\/uploads\/2016\/07\/20140801-01-036.jpg\" rel=\"prettyPhoto[postgal_20535]\" class=\"show-hover-link block-h-1\"\"><img decoding=\"async\" src=\"http:\/\/www.rockpixx.com\/wordpress\/wp-content\/uploads\/2016\/07\/20140801-01-036-480x480.jpg\" alt=\"Knorkator, 01.08.2014, Wacken, Wacken Open Air 2014\"\/><span class=\"before\"><\/span><span class=\"after\"><\/span><\/a><\/div><div class=\"isotope-item block-2 block-h-2\"><a href=\"http:\/\/www.rockpixx.com\/wordpress\/wp-content\/uploads\/2016\/07\/20140801-01-034.jpg\" rel=\"prettyPhoto[postgal_20535]\" class=\"show-hover-link block-h-2\"\"><img decoding=\"async\" src=\"http:\/\/www.rockpixx.com\/wordpress\/wp-content\/uploads\/2016\/07\/20140801-01-034-480x480.jpg\" alt=\"Knorkator, 01.08.2014, Wacken, Wacken Open Air 2014\"\/><span class=\"before\"><\/span><span class=\"after\"><\/span><\/a><\/div><\/div><\/div>\n","protected":false},"excerpt":{"rendered":"<p>Meine erste Begegnung mit \u201eDeutschlands meiste Band\u201c steht an, also auf zur Party Stage, wo <a href=\"http:\/\/www.rockpixx.com\/wordpress\/knorkator-01-08-2014-wacken-woa-2014\/\">Read more<\/a><\/p>\n","protected":false},"author":1,"featured_media":20547,"comment_status":"open","ping_status":"open","sticky":false,"template":"","format":"standard","meta":{"_jetpack_memberships_contains_paid_content":false,"footnotes":"","jetpack_publicize_message":"#Knorkator, 01.08.2014, #Wacken, #WOA 2014, #WackenOpenAir","jetpack_publicize_feature_enabled":true,"jetpack_social_post_already_shared":true,"jetpack_social_options":{"image_generator_settings":{"template":"highway","default_image_id":0,"font":"","enabled":false},"version":2}},"categories":[34,1463],"tags":[2291,133,2382,883,2061,885],"class_list":["post-15997","post","type-post","status-publish","format-standard","has-post-thumbnail","hentry","category-acts","category-knorkator","tag-2291","tag-festivals","tag-knorkator","tag-woa","tag-wacken","tag-wacken-open-air"],"aioseo_notices":[],"jetpack_publicize_connections":[],"jetpack_featured_media_url":"http:\/\/www.rockpixx.com\/wordpress\/wp-content\/uploads\/2016\/07\/20140801-01-082.jpg","jetpack-related-posts":[{"id":17358,"url":"http:\/\/www.rockpixx.com\/wordpress\/knorkator-14-11-2014-weissenhaeuser-strand-metal-hammer-paradise-maximum-metal-stage\/","url_meta":{"origin":15997,"position":0},"title":"Knorkator, 14.11.2014, Weissenh\u00e4user Strand, \u201eMetal Hammer Paradise\u201c, Maximum Metal Stage","author":"Anja","date":"17. November 2014","format":false,"excerpt":"Und da sind sie wieder: Meine Helden vom diesj\u00e4hrigen \u201eWacken Open Air\u201c: \u201eKnorkator\u201c. Auf die Band um Frontmann \u201eStumpen\u201c hatte ich mich besonders gefreut, sind sie doch stets ein zuverl\u00e4ssiger Garant f\u00fcr ausgefallene Fotos. So auch dieses Mal auf der \u201eMaximum Metal Stage\u201c im Zirkuszelt: Bei m\u00e4\u00dfigem Licht (vor allem\u2026","rel":"","context":"In &quot;Acts&quot;","block_context":{"text":"Acts","link":"http:\/\/www.rockpixx.com\/wordpress\/category\/acts\/"},"img":{"alt_text":"","src":"https:\/\/i0.wp.com\/www.rockpixx.com\/wordpress\/wp-content\/uploads\/2015\/02\/20141114-06-092_knorkator_Artikel.jpg?resize=350%2C200","width":350,"height":200,"srcset":"https:\/\/i0.wp.com\/www.rockpixx.com\/wordpress\/wp-content\/uploads\/2015\/02\/20141114-06-092_knorkator_Artikel.jpg?resize=350%2C200 1x, https:\/\/i0.wp.com\/www.rockpixx.com\/wordpress\/wp-content\/uploads\/2015\/02\/20141114-06-092_knorkator_Artikel.jpg?resize=525%2C300 1.5x, https:\/\/i0.wp.com\/www.rockpixx.com\/wordpress\/wp-content\/uploads\/2015\/02\/20141114-06-092_knorkator_Artikel.jpg?resize=700%2C400 2x"},"classes":[]},{"id":15991,"url":"http:\/\/www.rockpixx.com\/wordpress\/saxon-31-07-2014-wacken-woa-2014\/","url_meta":{"origin":15997,"position":1},"title":"Saxon, 31.07.2014, Wacken, W:O:A 2014","author":"admin","date":"1. August 2014","format":false,"excerpt":"\u2192 \u201eSaxon\u201c sind sowohl bei uns als auch auf dem W:O:A Wiederholungst\u00e4ter. Insofern freute ich mich, die britischen Urgesteine des Heavy Metal wiederzusehen. Der Auftritt verz\u00f6gert sich leider um knapp 15 Minuten, weil \u2013 unplangem\u00e4\u00df zwei Zauberk\u00fcnstler auf der True Metal Stage sich noch ein wenig produzieren m\u00fcssen. Das Resultat\u2026","rel":"","context":"In &quot;Acts&quot;","block_context":{"text":"Acts","link":"http:\/\/www.rockpixx.com\/wordpress\/category\/acts\/"},"img":{"alt_text":"Saxon, 31.07.2014, Wacken, Wacken Open Air","src":"https:\/\/i0.wp.com\/www.rockpixx.com\/wordpress\/wp-content\/uploads\/2014\/08\/20140731-05-078_saxon_Artikel.jpg?resize=350%2C200","width":350,"height":200,"srcset":"https:\/\/i0.wp.com\/www.rockpixx.com\/wordpress\/wp-content\/uploads\/2014\/08\/20140731-05-078_saxon_Artikel.jpg?resize=350%2C200 1x, https:\/\/i0.wp.com\/www.rockpixx.com\/wordpress\/wp-content\/uploads\/2014\/08\/20140731-05-078_saxon_Artikel.jpg?resize=525%2C300 1.5x, https:\/\/i0.wp.com\/www.rockpixx.com\/wordpress\/wp-content\/uploads\/2014\/08\/20140731-05-078_saxon_Artikel.jpg?resize=700%2C400 2x"},"classes":[]},{"id":16015,"url":"http:\/\/www.rockpixx.com\/wordpress\/motoerhead-01-08-2014-wacken-woa-2014\/","url_meta":{"origin":15997,"position":2},"title":"Mot\u00f6rhead, 01.08.2014, Wacken, W:O:A 2014","author":"admin","date":"2. August 2014","format":false,"excerpt":"Letztes Jahr in Wacken hatte Lemmy ja \u2192 nur einen kurzen Auftritt. Dank der Kunst der \u00c4rzte und Umstieg auf weniger harte alkoholische Getr\u00e4nke ist er nun wieder so weit fit, dass er erneut auf einer B\u00fchne stehen kann. Wie \u00fcblich, wird das Konzert mit dem Standardsatz \u201eWe are Mot\u00f6rhead.\u2026","rel":"","context":"In &quot;Acts&quot;","block_context":{"text":"Acts","link":"http:\/\/www.rockpixx.com\/wordpress\/category\/acts\/"},"img":{"alt_text":"Mot\u00f6rhead, 01.08.2014, Wacken, Wacken Open Air 2014","src":"https:\/\/i0.wp.com\/www.rockpixx.com\/wordpress\/wp-content\/uploads\/2014\/08\/20140801-07-133_mot%C3%B6rhead_Artikel.jpg?resize=350%2C200","width":350,"height":200,"srcset":"https:\/\/i0.wp.com\/www.rockpixx.com\/wordpress\/wp-content\/uploads\/2014\/08\/20140801-07-133_mot%C3%B6rhead_Artikel.jpg?resize=350%2C200 1x, https:\/\/i0.wp.com\/www.rockpixx.com\/wordpress\/wp-content\/uploads\/2014\/08\/20140801-07-133_mot%C3%B6rhead_Artikel.jpg?resize=525%2C300 1.5x, https:\/\/i0.wp.com\/www.rockpixx.com\/wordpress\/wp-content\/uploads\/2014\/08\/20140801-07-133_mot%C3%B6rhead_Artikel.jpg?resize=700%2C400 2x"},"classes":[]},{"id":11961,"url":"http:\/\/www.rockpixx.com\/wordpress\/motoerhead-02-08-2013-wacken-woa-2013\/","url_meta":{"origin":15997,"position":3},"title":"Mot\u00f6rhead, 02.08.2013, Wacken, W:O:A 2013","author":"Anja","date":"6. August 2013","format":false,"excerpt":"Seit 1995 spielen \u201eMot\u00f6rhead\u201c in der aktuellen Besetzung zusammen. Unmittelbar vor dem W:O:A ging das Ger\u00fccht um, dass der diesj\u00e4hrige Auftritt abgesagt werden m\u00fcsse aufgrund des Gesundheitszustandes von Frontmann Lemmy Kilmister. Zum Gl\u00fcck kam es nicht so weit und nun stehe ich also f\u00fcr die Dauer des ersten Songs im\u2026","rel":"","context":"In &quot;Acts&quot;","block_context":{"text":"Acts","link":"http:\/\/www.rockpixx.com\/wordpress\/category\/acts\/"},"img":{"alt_text":"","src":"https:\/\/i0.wp.com\/www.rockpixx.com\/wordpress\/wp-content\/uploads\/2013\/08\/20130802-05-110_motoerhead.jpg?resize=350%2C200","width":350,"height":200,"srcset":"https:\/\/i0.wp.com\/www.rockpixx.com\/wordpress\/wp-content\/uploads\/2013\/08\/20130802-05-110_motoerhead.jpg?resize=350%2C200 1x, https:\/\/i0.wp.com\/www.rockpixx.com\/wordpress\/wp-content\/uploads\/2013\/08\/20130802-05-110_motoerhead.jpg?resize=525%2C300 1.5x, https:\/\/i0.wp.com\/www.rockpixx.com\/wordpress\/wp-content\/uploads\/2013\/08\/20130802-05-110_motoerhead.jpg?resize=700%2C400 2x"},"classes":[]},{"id":16090,"url":"http:\/\/www.rockpixx.com\/wordpress\/kreator-02-08-2014-wacken-woa-2014\/","url_meta":{"origin":15997,"position":4},"title":"Kreator, 02.08.2014, Wacken, W:O:A 2014","author":"Anja","date":"3. August 2014","format":false,"excerpt":"Ok, auf zum Endspurt! Als letzte Band des diesj\u00e4hrigen W:O:A steht f\u00fcr mich \u201eKreator\u201c auf der Black Stage an. Vorab: Es ist relativ dunkel und die (mitunter extremen) Lichtverh\u00e4ltnisse wechseln schneller, als das Auge es erfassen kann. Und nicht zum ersten Mal an diesen drei Tagen w\u00fcnsche ich mir \u201eintelligente\u2026","rel":"","context":"In &quot;Acts&quot;","block_context":{"text":"Acts","link":"http:\/\/www.rockpixx.com\/wordpress\/category\/acts\/"},"img":{"alt_text":"Kreator, 02.08.2014, Wacken, Wacken Open Air 2014","src":"https:\/\/i0.wp.com\/www.rockpixx.com\/wordpress\/wp-content\/uploads\/2014\/08\/20140802-07-196.jpg?resize=350%2C200","width":350,"height":200,"srcset":"https:\/\/i0.wp.com\/www.rockpixx.com\/wordpress\/wp-content\/uploads\/2014\/08\/20140802-07-196.jpg?resize=350%2C200 1x, https:\/\/i0.wp.com\/www.rockpixx.com\/wordpress\/wp-content\/uploads\/2014\/08\/20140802-07-196.jpg?resize=525%2C300 1.5x, https:\/\/i0.wp.com\/www.rockpixx.com\/wordpress\/wp-content\/uploads\/2014\/08\/20140802-07-196.jpg?resize=700%2C400 2x"},"classes":[]},{"id":16019,"url":"http:\/\/www.rockpixx.com\/wordpress\/slayer-01-08-2014-wacken-woa-2014\/","url_meta":{"origin":15997,"position":5},"title":"Slayer, 01.08.2014, Wacken, W:O:A 2014","author":"admin","date":"2. August 2014","format":false,"excerpt":"Eine Band der \u201eGro\u00dfen Vier des Thrash Metal\u201c stehen vor mir zum Abschluss meines zweiten Wacken-Tages im d\u00fcsteren Rot auf der True Metal Stage: \u201eSlayer\u201c. Im Graben ist es entsprechend voll, es gilt zum wiederholten Male die Regel \u201eNur eineinhalb Songs, dann Wechsel der Fotografengruppen.\u201c Dennoch ist es mit ca.\u2026","rel":"","context":"In &quot;Acts&quot;","block_context":{"text":"Acts","link":"http:\/\/www.rockpixx.com\/wordpress\/category\/acts\/"},"img":{"alt_text":"Slayer, 01.08.2014, Wacken, Wacken Open Air 2014","src":"https:\/\/i0.wp.com\/www.rockpixx.com\/wordpress\/wp-content\/uploads\/2014\/08\/20140801-08-153.jpg?resize=350%2C200","width":350,"height":200,"srcset":"https:\/\/i0.wp.com\/www.rockpixx.com\/wordpress\/wp-content\/uploads\/2014\/08\/20140801-08-153.jpg?resize=350%2C200 1x, https:\/\/i0.wp.com\/www.rockpixx.com\/wordpress\/wp-content\/uploads\/2014\/08\/20140801-08-153.jpg?resize=525%2C300 1.5x, https:\/\/i0.wp.com\/www.rockpixx.com\/wordpress\/wp-content\/uploads\/2014\/08\/20140801-08-153.jpg?resize=700%2C400 2x"},"classes":[]}],"jetpack_sharing_enabled":true,"publishpress_future_action":{"enabled":false,"date":"2026-05-06 12:30:23","action":"change-status","newStatus":"draft","terms":[],"taxonomy":"category","extraData":[]},"publishpress_future_workflow_manual_trigger":{"enabledWorkflows":[]},"_links":{"self":[{"href":"http:\/\/www.rockpixx.com\/wordpress\/wp-json\/wp\/v2\/posts\/15997","targetHints":{"allow":["GET"]}}],"collection":[{"href":"http:\/\/www.rockpixx.com\/wordpress\/wp-json\/wp\/v2\/posts"}],"about":[{"href":"http:\/\/www.rockpixx.com\/wordpress\/wp-json\/wp\/v2\/types\/post"}],"author":[{"embeddable":true,"href":"http:\/\/www.rockpixx.com\/wordpress\/wp-json\/wp\/v2\/users\/1"}],"replies":[{"embeddable":true,"href":"http:\/\/www.rockpixx.com\/wordpress\/wp-json\/wp\/v2\/comments?post=15997"}],"version-history":[{"count":0,"href":"http:\/\/www.rockpixx.com\/wordpress\/wp-json\/wp\/v2\/posts\/15997\/revisions"}],"wp:featuredmedia":[{"embeddable":true,"href":"http:\/\/www.rockpixx.com\/wordpress\/wp-json\/wp\/v2\/media\/20547"}],"wp:attachment":[{"href":"http:\/\/www.rockpixx.com\/wordpress\/wp-json\/wp\/v2\/media?parent=15997"}],"wp:term":[{"taxonomy":"category","embeddable":true,"href":"http:\/\/www.rockpixx.com\/wordpress\/wp-json\/wp\/v2\/categories?post=15997"},{"taxonomy":"post_tag","embeddable":true,"href":"http:\/\/www.rockpixx.com\/wordpress\/wp-json\/wp\/v2\/tags?post=15997"}],"curies":[{"name":"wp","href":"https:\/\/api.w.org\/{rel}","templated":true}]}}