{"id":16,"date":"2005-06-22T01:00:27","date_gmt":"2005-06-21T23:00:27","guid":{"rendered":"http:\/\/rockpixx.com\/wordpress\/?p=16"},"modified":"2014-07-06T22:11:03","modified_gmt":"2014-07-06T21:11:03","slug":"andy-scotts-sweet-22-06-2005-kiel-radio-nora-buhne","status":"publish","type":"post","link":"http:\/\/www.rockpixx.com\/wordpress\/andy-scotts-sweet-22-06-2005-kiel-radio-nora-buhne\/","title":{"rendered":"Andy Scott\u2019s Sweet, 22.06.2005, Kiel, Radio NORA-B\u00fchne"},"content":{"rendered":"<p>Kieler Woche\u201c hei\u00dft auch immer Live-Bands f\u00fcr jeden Geschmack irgendwo auf einer der unz\u00e4hligen B\u00fchnen in der Landeshauptstadt.<!--more--> Es gibt auch Jahre, in denen es zur \u201eKieler Woche\u201c einmal nicht regnet \u2013 2005 hatte ich einen solchen Tag erwischt. Eigentlich wollte ich nur einmal von der Arbeit abgelenkt werden und nette Musik aus meinen Jugendzeiten wieder h\u00f6ren. Das ist mir auch gelungen, der Auftritt von Andy Scott (einer von zwei \u00dcberlebenden von \u201eThe Sweet\u201c) und seinen Musikern war nett. Selten habe ich einen Drummer gesehen, der mit solchen \u201eBaumst\u00e4mmen\u201c auf sein Drumset eingedroschen hat. Tja\u2026 und meine Kameras hatte ich eigentlich nur \u201ezuf\u00e4llig\u201c dabei.<\/p>\n<p style=\"text-align: right;\">Fotos: <a href=\"mailto:info@rockpixx.com?subject=Fotos%20von%20Andy%20Scott%27s%20Sweet,%20Kiel%20%E2%80%9ERadio%20NORA-B%C3%BChne%E2%80%9C,%2022.06.2005\">Alex<\/a> | Text: <a href=\"mailto:info@rockpixx.com?subject=Reviewtext%20von%20Andy%20Scott%27s%20Sweet,%20Kiel%20%E2%80%9ERadio%20NORA-B%C3%BChne%E2%80%9C,%2022.06.2005\">Alex<\/a><\/p>\n","protected":false},"excerpt":{"rendered":"<p>Kieler Woche\u201c hei\u00dft auch immer Live-Bands f\u00fcr jeden Geschmack irgendwo auf einer der unz\u00e4hligen B\u00fchnen <a href=\"http:\/\/www.rockpixx.com\/wordpress\/andy-scotts-sweet-22-06-2005-kiel-radio-nora-buhne\/\">Read more<\/a><\/p>\n","protected":false},"author":1,"featured_media":3165,"comment_status":"open","ping_status":"open","sticky":false,"template":"","format":"standard","meta":{"_jetpack_memberships_contains_paid_content":false,"footnotes":"","jetpack_publicize_message":"","jetpack_publicize_feature_enabled":true,"jetpack_social_post_already_shared":false,"jetpack_social_options":{"image_generator_settings":{"template":"highway","default_image_id":0,"font":"","enabled":false},"version":2}},"categories":[34,11],"tags":[35,133,1735,138,333,1429],"class_list":["post-16","post","type-post","status-publish","format-standard","has-post-thumbnail","hentry","category-acts","category-sweet-andi-scotts","tag-35","tag-festivals","tag-kiel","tag-kieler-woche","tag-radio-nora-buhne","tag-the-sweet"],"aioseo_notices":[],"jetpack_publicize_connections":[],"jetpack_featured_media_url":"http:\/\/www.rockpixx.com\/wordpress\/wp-content\/uploads\/2005\/06\/20050622-01-sweet-Artikel.jpg","jetpack-related-posts":[{"id":21,"url":"http:\/\/www.rockpixx.com\/wordpress\/hellsbelles-22-06-2005-kiel-radio-nora-buhne\/","url_meta":{"origin":16,"position":0},"title":"HellsBelles, 22.06.2005, Kiel, Radio NORA-B\u00fchne","author":"admin","date":"22. Juni 2005","format":false,"excerpt":"Meine erste Begegnung mit den M\u00e4dels. Eigentlich war \u201eKieler Woche\u201c und ich wollte nur ein wenig nette Live-Musik genie\u00dfen \u2013 zuvor hatte ich ja schon in der ersten Reihe vor der B\u00fchne von Radio NORA \u2192 \u201eAndy Scott\u2019s Sweet\u201c gesehen und geh\u00f6rt. Und dann kamen die \u201eHellsBelles\u201c und ich fotografierte\u2026","rel":"","context":"In &quot;AC\/DC&quot;","block_context":{"text":"AC\/DC","link":"http:\/\/www.rockpixx.com\/wordpress\/category\/acts\/tributebands\/acdc\/"},"img":{"alt_text":"HellsBelles","src":"https:\/\/i0.wp.com\/www.rockpixx.com\/wordpress\/wp-content\/uploads\/2005\/06\/20050622-02-hellsbelles-Artikel.jpg?resize=350%2C200","width":350,"height":200,"srcset":"https:\/\/i0.wp.com\/www.rockpixx.com\/wordpress\/wp-content\/uploads\/2005\/06\/20050622-02-hellsbelles-Artikel.jpg?resize=350%2C200 1x, https:\/\/i0.wp.com\/www.rockpixx.com\/wordpress\/wp-content\/uploads\/2005\/06\/20050622-02-hellsbelles-Artikel.jpg?resize=525%2C300 1.5x, https:\/\/i0.wp.com\/www.rockpixx.com\/wordpress\/wp-content\/uploads\/2005\/06\/20050622-02-hellsbelles-Artikel.jpg?resize=700%2C400 2x"},"classes":[]},{"id":18571,"url":"http:\/\/www.rockpixx.com\/wordpress\/the-subways-23-06-2015-kieler-woche-hoern-buehne-kiel\/","url_meta":{"origin":16,"position":1},"title":"The Subways, 23.06.2015, Kieler Woche, H\u00f6rn-B\u00fchne, Kiel","author":"Anja","date":"25. Juni 2015","format":false,"excerpt":"Zugegeben, ich tue mich immer etwas schwer, wenn ich Charlotte vor den Kameras habe: Welche Bilder soll ich denn nun rauswerfen? Eigentlich sind doch noch soooo viele mehr auch toll. Kenner haben es schon gemerkt, hier ist von Charlotte Cooper von \u201eThe Subways\u201c die Rede. Ich erlebe erneut, wie diese\u2026","rel":"","context":"In &quot;Acts&quot;","block_context":{"text":"Acts","link":"http:\/\/www.rockpixx.com\/wordpress\/category\/acts\/"},"img":{"alt_text":"The Subways, 23.06.2015, H\u00f6rn-B\u00fchne, Kiel","src":"https:\/\/i0.wp.com\/www.rockpixx.com\/wordpress\/wp-content\/uploads\/2015\/06\/20150623-10-036_the-subways_Artikel.jpg?resize=350%2C200","width":350,"height":200,"srcset":"https:\/\/i0.wp.com\/www.rockpixx.com\/wordpress\/wp-content\/uploads\/2015\/06\/20150623-10-036_the-subways_Artikel.jpg?resize=350%2C200 1x, https:\/\/i0.wp.com\/www.rockpixx.com\/wordpress\/wp-content\/uploads\/2015\/06\/20150623-10-036_the-subways_Artikel.jpg?resize=525%2C300 1.5x, https:\/\/i0.wp.com\/www.rockpixx.com\/wordpress\/wp-content\/uploads\/2015\/06\/20150623-10-036_the-subways_Artikel.jpg?resize=700%2C400 2x"},"classes":[]},{"id":4760,"url":"http:\/\/www.rockpixx.com\/wordpress\/robbie-and-the-williams-19-06-2009-kiel-kieler-woche-musikzelt\/","url_meta":{"origin":16,"position":2},"title":"Robbie and the Williams, 19.06.2009, Kiel, Kieler Woche Musikzelt","author":"Anja","date":"19. Juni 2009","format":false,"excerpt":"Die \u201eKieler Woche\u201c hat uns wieder! \u201eUns\u201c deshalb, weil rockpixx.com dieses Jahr mit zwei Fotografen anr\u00fcckt, um mit der Flut von Acts und neuen B\u00fchnen einigerma\u00dfen mithalten zu k\u00f6nnen. Hat unsere Fotografin ja weiter oben schon von \u201eLevel 42\u201c berichtet, so melde ich mich mit meinem ersten Beitrag aus dem\u2026","rel":"","context":"In &quot;Acts&quot;","block_context":{"text":"Acts","link":"http:\/\/www.rockpixx.com\/wordpress\/category\/acts\/"},"img":{"alt_text":"Robbie and the Williams, 19.06.2009, Kiel, Kieler Woche Musikzelt","src":"https:\/\/i0.wp.com\/www.rockpixx.com\/wordpress\/wp-content\/uploads\/2013\/01\/20090619-02-robbie-williams-coverband-Artikel.jpg?resize=350%2C200","width":350,"height":200,"srcset":"https:\/\/i0.wp.com\/www.rockpixx.com\/wordpress\/wp-content\/uploads\/2013\/01\/20090619-02-robbie-williams-coverband-Artikel.jpg?resize=350%2C200 1x, https:\/\/i0.wp.com\/www.rockpixx.com\/wordpress\/wp-content\/uploads\/2013\/01\/20090619-02-robbie-williams-coverband-Artikel.jpg?resize=525%2C300 1.5x, https:\/\/i0.wp.com\/www.rockpixx.com\/wordpress\/wp-content\/uploads\/2013\/01\/20090619-02-robbie-williams-coverband-Artikel.jpg?resize=700%2C400 2x"},"classes":[]},{"id":7946,"url":"http:\/\/www.rockpixx.com\/wordpress\/hit-radio-show-23-06-2011-kiel-lubzer-park-buhne\/","url_meta":{"origin":16,"position":3},"title":"Hit Radio Show, 23.06.2011, Kiel, L\u00fcbzer-Park-B\u00fchne","author":"Anja","date":"23. Juni 2011","format":false,"excerpt":"Eigentlich hatte ich heute genug vom Fotografieren, aber wenn man nach einem Konzert auf der Rathausb\u00fchne dann \u00fcber den Asmus-Bremer-Platz heiml\u00e4uft, kommt man zwangsl\u00e4ufig nicht um die L\u00fcbzer-Park-B\u00fchne herum. Dieses Mal wollte ich eigentlich nur schnell in unser Kieler-Woche-Wohnzimmer zur\u00fcck und hatte schon die Kameras wieder verstaut, als ich Tina\u2026","rel":"","context":"In &quot;Acts&quot;","block_context":{"text":"Acts","link":"http:\/\/www.rockpixx.com\/wordpress\/category\/acts\/"},"img":{"alt_text":"Hit Radio Show, 23.06.2011, Kiel, L\u00fcbzer-Park-B\u00fchne","src":"https:\/\/i0.wp.com\/www.rockpixx.com\/wordpress\/wp-content\/uploads\/2013\/02\/20110623-03-hit-radio-show-Artikel.jpg?resize=350%2C200","width":350,"height":200,"srcset":"https:\/\/i0.wp.com\/www.rockpixx.com\/wordpress\/wp-content\/uploads\/2013\/02\/20110623-03-hit-radio-show-Artikel.jpg?resize=350%2C200 1x, https:\/\/i0.wp.com\/www.rockpixx.com\/wordpress\/wp-content\/uploads\/2013\/02\/20110623-03-hit-radio-show-Artikel.jpg?resize=525%2C300 1.5x, https:\/\/i0.wp.com\/www.rockpixx.com\/wordpress\/wp-content\/uploads\/2013\/02\/20110623-03-hit-radio-show-Artikel.jpg?resize=700%2C400 2x"},"classes":[]},{"id":20208,"url":"http:\/\/www.rockpixx.com\/wordpress\/quo-18-06-2016-hoern-buehne-kieler-woche-kiel\/","url_meta":{"origin":16,"position":4},"title":"Quo, 18.06.2016, H\u00f6rn-B\u00fchne, Kieler Woche, Kiel","author":"A. Hahl","date":"18. Juni 2016","format":false,"excerpt":"F\u00fcr die Einen ist es Rockmusik, f\u00fcr die Anderen Boogie und wiederum Andere bem\u00e4ngeln, dass es ohnehin nur die immer gleichen drei Akkorde sind. Dieses Ph\u00e4nomen hat die Wissenschaft auf den Plan gerufen und sie hat nach einigen Jahrzehnten intensiver Forschung einen lateinischen Namen daf\u00fcr gefunden: \u2192 \u201eStatus Quo\u201c. In\u2026","rel":"","context":"In &quot;Acts&quot;","block_context":{"text":"Acts","link":"http:\/\/www.rockpixx.com\/wordpress\/category\/acts\/"},"img":{"alt_text":"Quo, 18.06.2016, Kiel, Kieler Woche, H\u00f6rnb\u00fchne","src":"https:\/\/i0.wp.com\/www.rockpixx.com\/wordpress\/wp-content\/uploads\/2016\/06\/20160618-01-039.jpg?resize=350%2C200","width":350,"height":200,"srcset":"https:\/\/i0.wp.com\/www.rockpixx.com\/wordpress\/wp-content\/uploads\/2016\/06\/20160618-01-039.jpg?resize=350%2C200 1x, https:\/\/i0.wp.com\/www.rockpixx.com\/wordpress\/wp-content\/uploads\/2016\/06\/20160618-01-039.jpg?resize=525%2C300 1.5x, https:\/\/i0.wp.com\/www.rockpixx.com\/wordpress\/wp-content\/uploads\/2016\/06\/20160618-01-039.jpg?resize=700%2C400 2x"},"classes":[]},{"id":2412,"url":"http:\/\/www.rockpixx.com\/wordpress\/jennifer-rush-20-06-2008-kiel-unser-norden-buhne\/","url_meta":{"origin":16,"position":5},"title":"Jennifer Rush, 20.06.2008, Kiel, Unser Norden-B\u00fchne","author":"Anja","date":"20. Juni 2008","format":false,"excerpt":"Ich bin wieder an meiner alten Wirkungsst\u00e4tte, in Kiel. Es ist \u201eKieler Woche\u201c und jede Menge Musiker sind auf vielen B\u00fchnen ebenfalls dort. Den Anfang (noch vor der eigentlichen Er\u00f6ffnung der \u201eKieler Woche\u201c) macht Jennifer Rush auf der Gemeinschaftsb\u00fchne der drei Radiosender \u201er.sh\u201c, \u201eRadio NORA\u201c und \u201edelta radio\u201c. Bange Frage:\u2026","rel":"","context":"In &quot;Acts&quot;","block_context":{"text":"Acts","link":"http:\/\/www.rockpixx.com\/wordpress\/category\/acts\/"},"img":{"alt_text":"Jennifer Rush, 20.06.2008, Kiel, Unser Norden-B\u00fchne","src":"https:\/\/i0.wp.com\/www.rockpixx.com\/wordpress\/wp-content\/uploads\/2008\/06\/20080620-01-jennifer-rush-Artikel.jpg?resize=350%2C200","width":350,"height":200,"srcset":"https:\/\/i0.wp.com\/www.rockpixx.com\/wordpress\/wp-content\/uploads\/2008\/06\/20080620-01-jennifer-rush-Artikel.jpg?resize=350%2C200 1x, https:\/\/i0.wp.com\/www.rockpixx.com\/wordpress\/wp-content\/uploads\/2008\/06\/20080620-01-jennifer-rush-Artikel.jpg?resize=525%2C300 1.5x, https:\/\/i0.wp.com\/www.rockpixx.com\/wordpress\/wp-content\/uploads\/2008\/06\/20080620-01-jennifer-rush-Artikel.jpg?resize=700%2C400 2x"},"classes":[]}],"jetpack_sharing_enabled":true,"publishpress_future_action":{"enabled":false,"date":"2026-05-08 12:38:43","action":"change-status","newStatus":"draft","terms":[],"taxonomy":"category","extraData":[]},"publishpress_future_workflow_manual_trigger":{"enabledWorkflows":[]},"_links":{"self":[{"href":"http:\/\/www.rockpixx.com\/wordpress\/wp-json\/wp\/v2\/posts\/16","targetHints":{"allow":["GET"]}}],"collection":[{"href":"http:\/\/www.rockpixx.com\/wordpress\/wp-json\/wp\/v2\/posts"}],"about":[{"href":"http:\/\/www.rockpixx.com\/wordpress\/wp-json\/wp\/v2\/types\/post"}],"author":[{"embeddable":true,"href":"http:\/\/www.rockpixx.com\/wordpress\/wp-json\/wp\/v2\/users\/1"}],"replies":[{"embeddable":true,"href":"http:\/\/www.rockpixx.com\/wordpress\/wp-json\/wp\/v2\/comments?post=16"}],"version-history":[{"count":0,"href":"http:\/\/www.rockpixx.com\/wordpress\/wp-json\/wp\/v2\/posts\/16\/revisions"}],"wp:featuredmedia":[{"embeddable":true,"href":"http:\/\/www.rockpixx.com\/wordpress\/wp-json\/wp\/v2\/media\/3165"}],"wp:attachment":[{"href":"http:\/\/www.rockpixx.com\/wordpress\/wp-json\/wp\/v2\/media?parent=16"}],"wp:term":[{"taxonomy":"category","embeddable":true,"href":"http:\/\/www.rockpixx.com\/wordpress\/wp-json\/wp\/v2\/categories?post=16"},{"taxonomy":"post_tag","embeddable":true,"href":"http:\/\/www.rockpixx.com\/wordpress\/wp-json\/wp\/v2\/tags?post=16"}],"curies":[{"name":"wp","href":"https:\/\/api.w.org\/{rel}","templated":true}]}}