{"id":16028,"date":"2014-08-03T15:53:02","date_gmt":"2014-08-03T14:53:02","guid":{"rendered":"http:\/\/rockpixx.com\/wordpress\/?p=16028"},"modified":"2014-08-12T20:03:26","modified_gmt":"2014-08-12T19:03:26","slug":"devin-townsend-project-02-08-2014-wacken-woa-2014","status":"publish","type":"post","link":"http:\/\/www.rockpixx.com\/wordpress\/devin-townsend-project-02-08-2014-wacken-woa-2014\/","title":{"rendered":"Devin Townsend Project, 02.08.2014, Wacken, W:O:A 2014"},"content":{"rendered":"<p>Beginnen wir mit einem Zitat des Haupt-Protagonisten der folgenden Band:<em> \u201eMan bezeichnet mich immer als den \u201aabgedrehten Professor\u2018, den \u201averr\u00fcckten Wissenschaftler\u2018 und \u201aPsycho-Devin\u2018. Das ist totaler Bullshit, weil ich \u00fcberhaupt nicht verr\u00fcckt bin. Ich bin die vern\u00fcnftigste Person, die ich kenne.\u201c<\/em> Dementsprechend gespannt war ich also auf das \u201eDevin Townsend Project\u201c.<\/p>\n<p><!--more--><\/p>\n<p>Akkurat gekleidete Musiker im \u201eFirmendress\u201c mit aufgesticktem Bandschriftzug betreten die B\u00fchne und r\u00e4umen ihrem Frontmann den geb\u00fchrenden Platz in der Mitte ein. Erste druckvolle Akkorde erklingen\u2026 So weit, so gut.<\/p>\n<p>Was mich dann aber doch fesselt, das ist die Stimme von Devin Townsend: Nach all dem gutturalen R\u00f6hren, Schrillen, Schreien, Grunzen, Br\u00fcllen der letzten Tage habe ich pl\u00f6tzlich das Gef\u00fchl, dass ich hier einem in klassischer Gesangstechnik ausgebildeten S\u00e4nger gegen\u00fcberstehe. Sehr klare und saubere Gesangslinien schweben schwerelos \u00fcber h\u00e4mmernden Basslinien, heftigen Drumbeats und s\u00e4genden Gitarrenakkorden. Ich bin verbl\u00fcfft! So etwas hatte ich nicht erwartet und schon gar nicht in dieser Qualit\u00e4t live vor zigtausenden von Zuschauern.<\/p>\n<p>Fazit: Es gibt doch immer wieder \u00dcberraschungen im gro\u00dfen und bunten Rock\u2019n Roll-Zirkus.<\/p>\n<p style=\"text-align: right;\">Fotos: <a href=\"mailto:info@rockpixx.com?subject=Devin%20Townsend%20Project,%2002.08.2014,%20Wacken,%20W:O:A%202014\">Alex<\/a> | Text: <a href=\"mailto:info@rockpixx.com?subject=Devin%20Townsend%20Project,%2002.08.2014,%20Wacken,%20W:O:A%202014\">Alex<\/a><\/p>\n<div class=\"eat-left eat-right\"><div class=\"thumbs-masonry isotope\"><div class=\"isotope-item block-2 block-h-2\"><a href=\"http:\/\/www.rockpixx.com\/wordpress\/wp-content\/uploads\/2014\/08\/20140802-02-0121.jpg\" rel=\"prettyPhoto[postgal_16318]\" class=\"show-hover-link block-h-2\"\"><img decoding=\"async\" src=\"http:\/\/www.rockpixx.com\/wordpress\/wp-content\/uploads\/2014\/08\/20140802-02-0121-480x480.jpg\" alt=\"Devin Townsend Project, 02.08.2014, Wacken, Wacken Open Air 2014\"\/><span class=\"before\"><\/span><span class=\"after\"><\/span><\/a><\/div><div class=\"isotope-item block-1 block-h-1\"><a href=\"http:\/\/www.rockpixx.com\/wordpress\/wp-content\/uploads\/2014\/08\/20140802-02-014.jpg\" rel=\"prettyPhoto[postgal_16318]\" class=\"show-hover-link block-h-1\"\"><img decoding=\"async\" src=\"http:\/\/www.rockpixx.com\/wordpress\/wp-content\/uploads\/2014\/08\/20140802-02-014-480x480.jpg\" alt=\"Devin Townsend Project, 02.08.2014, Wacken, Wacken Open Air 2014\"\/><span class=\"before\"><\/span><span class=\"after\"><\/span><\/a><\/div><div class=\"isotope-item block-1 block-h-1\"><a href=\"http:\/\/www.rockpixx.com\/wordpress\/wp-content\/uploads\/2014\/08\/20140802-02-0151.jpg\" rel=\"prettyPhoto[postgal_16318]\" class=\"show-hover-link block-h-1\"\"><img decoding=\"async\" src=\"http:\/\/www.rockpixx.com\/wordpress\/wp-content\/uploads\/2014\/08\/20140802-02-0151-480x480.jpg\" alt=\"Devin Townsend Project, 02.08.2014, Wacken, Wacken Open Air 2014\"\/><span class=\"before\"><\/span><span class=\"after\"><\/span><\/a><\/div><div class=\"isotope-item block-2 block-h-2\"><a href=\"http:\/\/www.rockpixx.com\/wordpress\/wp-content\/uploads\/2014\/08\/20140802-02-0161.jpg\" rel=\"prettyPhoto[postgal_16318]\" class=\"show-hover-link block-h-2\"\"><img decoding=\"async\" src=\"http:\/\/www.rockpixx.com\/wordpress\/wp-content\/uploads\/2014\/08\/20140802-02-0161-480x480.jpg\" alt=\"Devin Townsend Project, 02.08.2014, Wacken, Wacken Open Air 2014\"\/><span class=\"before\"><\/span><span class=\"after\"><\/span><\/a><\/div><div class=\"isotope-item block-1 block-h-1\"><a href=\"http:\/\/www.rockpixx.com\/wordpress\/wp-content\/uploads\/2014\/08\/20140802-02-019.jpg\" rel=\"prettyPhoto[postgal_16318]\" class=\"show-hover-link block-h-1\"\"><img decoding=\"async\" src=\"http:\/\/www.rockpixx.com\/wordpress\/wp-content\/uploads\/2014\/08\/20140802-02-019-480x480.jpg\" alt=\"Devin Townsend Project, 02.08.2014, Wacken, Wacken Open Air 2014\"\/><span class=\"before\"><\/span><span class=\"after\"><\/span><\/a><\/div><div class=\"isotope-item block-1 block-h-1\"><a href=\"http:\/\/www.rockpixx.com\/wordpress\/wp-content\/uploads\/2014\/08\/20140802-02-021.jpg\" rel=\"prettyPhoto[postgal_16318]\" class=\"show-hover-link block-h-1\"\"><img decoding=\"async\" src=\"http:\/\/www.rockpixx.com\/wordpress\/wp-content\/uploads\/2014\/08\/20140802-02-021-480x480.jpg\" alt=\"Devin Townsend Project, 02.08.2014, Wacken, Wacken Open Air 2014\"\/><span class=\"before\"><\/span><span class=\"after\"><\/span><\/a><\/div><div class=\"isotope-item block-2 block-h-2\"><a href=\"http:\/\/www.rockpixx.com\/wordpress\/wp-content\/uploads\/2014\/08\/20140802-02-026.jpg\" rel=\"prettyPhoto[postgal_16318]\" class=\"show-hover-link block-h-2\"\"><img decoding=\"async\" src=\"http:\/\/www.rockpixx.com\/wordpress\/wp-content\/uploads\/2014\/08\/20140802-02-026-480x480.jpg\" alt=\"Devin Townsend Project, 02.08.2014, Wacken, Wacken Open Air 2014\"\/><span class=\"before\"><\/span><span class=\"after\"><\/span><\/a><\/div><div class=\"isotope-item block-1 block-h-1\"><a href=\"http:\/\/www.rockpixx.com\/wordpress\/wp-content\/uploads\/2014\/08\/20140802-02-027.jpg\" rel=\"prettyPhoto[postgal_16318]\" class=\"show-hover-link block-h-1\"\"><img decoding=\"async\" src=\"http:\/\/www.rockpixx.com\/wordpress\/wp-content\/uploads\/2014\/08\/20140802-02-027-480x480.jpg\" alt=\"Devin Townsend Project, 02.08.2014, Wacken, Wacken Open Air 2014\"\/><span class=\"before\"><\/span><span class=\"after\"><\/span><\/a><\/div><div class=\"isotope-item block-1 block-h-1\"><a href=\"http:\/\/www.rockpixx.com\/wordpress\/wp-content\/uploads\/2014\/08\/20140802-02-034.jpg\" rel=\"prettyPhoto[postgal_16318]\" class=\"show-hover-link block-h-1\"\"><img decoding=\"async\" src=\"http:\/\/www.rockpixx.com\/wordpress\/wp-content\/uploads\/2014\/08\/20140802-02-034-480x480.jpg\" alt=\"Devin Townsend Project, 02.08.2014, Wacken, Wacken Open Air 2014\"\/><span class=\"before\"><\/span><span class=\"after\"><\/span><\/a><\/div><div class=\"isotope-item block-2 block-h-2\"><a href=\"http:\/\/www.rockpixx.com\/wordpress\/wp-content\/uploads\/2014\/08\/20140802-02-037.jpg\" rel=\"prettyPhoto[postgal_16318]\" class=\"show-hover-link block-h-2\"\"><img decoding=\"async\" src=\"http:\/\/www.rockpixx.com\/wordpress\/wp-content\/uploads\/2014\/08\/20140802-02-037-480x480.jpg\" alt=\"Devin Townsend Project, 02.08.2014, Wacken, Wacken Open Air 2014\"\/><span class=\"before\"><\/span><span class=\"after\"><\/span><\/a><\/div><div class=\"isotope-item block-1 block-h-1\"><a href=\"http:\/\/www.rockpixx.com\/wordpress\/wp-content\/uploads\/2014\/08\/20140802-02-046.jpg\" rel=\"prettyPhoto[postgal_16318]\" class=\"show-hover-link block-h-1\"\"><img decoding=\"async\" src=\"http:\/\/www.rockpixx.com\/wordpress\/wp-content\/uploads\/2014\/08\/20140802-02-046-480x480.jpg\" alt=\"Devin Townsend Project, 02.08.2014, Wacken, Wacken Open Air 2014\"\/><span class=\"before\"><\/span><span class=\"after\"><\/span><\/a><\/div><\/div><\/div>\n","protected":false},"excerpt":{"rendered":"<p>Beginnen wir mit einem Zitat des Haupt-Protagonisten der folgenden Band: \u201eMan bezeichnet mich immer als <a href=\"http:\/\/www.rockpixx.com\/wordpress\/devin-townsend-project-02-08-2014-wacken-woa-2014\/\">Read more<\/a><\/p>\n","protected":false},"author":2,"featured_media":16315,"comment_status":"open","ping_status":"open","sticky":false,"template":"","format":"standard","meta":{"_jetpack_memberships_contains_paid_content":false,"footnotes":"","jetpack_publicize_message":"#DevinTownsendProject, 02.08.2014, #Wacken, #WOA 2014, #WackenOpenAir","jetpack_publicize_feature_enabled":true,"jetpack_social_post_already_shared":true,"jetpack_social_options":{"image_generator_settings":{"template":"highway","default_image_id":0,"font":"","enabled":false},"version":2}},"categories":[34,1470],"tags":[2291,2387,133,883,2061,885],"class_list":["post-16028","post","type-post","status-publish","format-standard","has-post-thumbnail","hentry","category-acts","category-devin-townsend-project","tag-2291","tag-devin-townsend-project","tag-festivals","tag-woa","tag-wacken","tag-wacken-open-air"],"aioseo_notices":[],"jetpack_publicize_connections":[],"jetpack_featured_media_url":"http:\/\/www.rockpixx.com\/wordpress\/wp-content\/uploads\/2014\/08\/20140802-02-034.jpg","jetpack-related-posts":[{"id":19018,"url":"http:\/\/www.rockpixx.com\/wordpress\/powerwolf-01-08-2015-wacken-woa-2015\/","url_meta":{"origin":16028,"position":0},"title":"Powerwolf, 01.08.2015, Wacken, W:O:A 2015","author":"Anja","date":"9. August 2015","format":false,"excerpt":"\u201e\u2018Powerwolf\u2018 musst Du unbedingt fotografieren und Dir auch den Rest des Konzertes anschauen, die bringen Spa\u00df.\u201c \u2013 Diese Worte bekam ich noch von meinem Kollegen von rockpixx.com mit, den ich krankheitsbedingt auf dem diesj\u00e4hrigen Wacken Open Air vertreten habe. Also ging ich mit einer gewissen Erwartungshaltung in den Graben. Ich\u2026","rel":"","context":"In &quot;Acts&quot;","block_context":{"text":"Acts","link":"http:\/\/www.rockpixx.com\/wordpress\/category\/acts\/"},"img":{"alt_text":"Powerwolf, 01.08.2015, Wacken, Wacken Open Air 2015","src":"https:\/\/i0.wp.com\/www.rockpixx.com\/wordpress\/wp-content\/uploads\/2015\/08\/20150801-01-069.jpg?resize=350%2C200","width":350,"height":200,"srcset":"https:\/\/i0.wp.com\/www.rockpixx.com\/wordpress\/wp-content\/uploads\/2015\/08\/20150801-01-069.jpg?resize=350%2C200 1x, https:\/\/i0.wp.com\/www.rockpixx.com\/wordpress\/wp-content\/uploads\/2015\/08\/20150801-01-069.jpg?resize=525%2C300 1.5x, https:\/\/i0.wp.com\/www.rockpixx.com\/wordpress\/wp-content\/uploads\/2015\/08\/20150801-01-069.jpg?resize=700%2C400 2x"},"classes":[]},{"id":12003,"url":"http:\/\/www.rockpixx.com\/wordpress\/nightwish-03-08-2013-wacken-woa-2013\/","url_meta":{"origin":16028,"position":1},"title":"Nightwish, 03.08.2013, Wacken, W:O:A 2013","author":"admin","date":"8. August 2013","format":false,"excerpt":"\u2192 Tarja Turunen hatte ich ja schon 2010 in Kempten zusammen mit \u2192 Alice Cooper fotografiert. Und Tarja hatte mir damals ausnehmend gut gefallen. Warum ich Tarja hier so lobe und was das alles mit \u201eNightwish\u201c zu tun hat? Na ja, dr\u00fccken wir es einmal so aus: Es ist in\u2026","rel":"","context":"In &quot;Acts&quot;","block_context":{"text":"Acts","link":"http:\/\/www.rockpixx.com\/wordpress\/category\/acts\/"},"img":{"alt_text":"Nightwish, W:O:A 2013, 03.08.2013, Wacken","src":"https:\/\/i0.wp.com\/www.rockpixx.com\/wordpress\/wp-content\/uploads\/2013\/08\/20130803-06-013_nightwish-Artikel.jpg?resize=350%2C200","width":350,"height":200,"srcset":"https:\/\/i0.wp.com\/www.rockpixx.com\/wordpress\/wp-content\/uploads\/2013\/08\/20130803-06-013_nightwish-Artikel.jpg?resize=350%2C200 1x, https:\/\/i0.wp.com\/www.rockpixx.com\/wordpress\/wp-content\/uploads\/2013\/08\/20130803-06-013_nightwish-Artikel.jpg?resize=525%2C300 1.5x, https:\/\/i0.wp.com\/www.rockpixx.com\/wordpress\/wp-content\/uploads\/2013\/08\/20130803-06-013_nightwish-Artikel.jpg?resize=700%2C400 2x"},"classes":[]},{"id":8923,"url":"http:\/\/www.rockpixx.com\/wordpress\/u-d-o-02-08-2012-wacken-woa-2012\/","url_meta":{"origin":16028,"position":2},"title":"U.D.O., 02.08.2012, Wacken, W:O:A 2012","author":"Anja","date":"2. August 2012","format":false,"excerpt":"Udo Dirkschneider und seine Mannen stehen auf der B\u00fchne und zum ersten (und gl\u00fccklicherweise einzigen) Mal an diesem Abend sch\u00fcttet es w\u00e4hrend des Gigs wie aus K\u00fcbeln. Aber das kennen wir ja schon vom Deichbrand\u2026 Was ich da vom ehemaligen \u201eTeilzeit-Frontmann\u201c von \u201eAccept\u201c und seinen Mitstreitern zu h\u00f6ren bekomme, das\u2026","rel":"","context":"In &quot;Acts&quot;","block_context":{"text":"Acts","link":"http:\/\/www.rockpixx.com\/wordpress\/category\/acts\/"},"img":{"alt_text":"U.D.O., 02.08.2012, Wacken, W:O:A 2012","src":"https:\/\/i0.wp.com\/www.rockpixx.com\/wordpress\/wp-content\/uploads\/2013\/02\/20120802-06-udo-Artikel.jpg?resize=350%2C200","width":350,"height":200,"srcset":"https:\/\/i0.wp.com\/www.rockpixx.com\/wordpress\/wp-content\/uploads\/2013\/02\/20120802-06-udo-Artikel.jpg?resize=350%2C200 1x, https:\/\/i0.wp.com\/www.rockpixx.com\/wordpress\/wp-content\/uploads\/2013\/02\/20120802-06-udo-Artikel.jpg?resize=525%2C300 1.5x, https:\/\/i0.wp.com\/www.rockpixx.com\/wordpress\/wp-content\/uploads\/2013\/02\/20120802-06-udo-Artikel.jpg?resize=700%2C400 2x"},"classes":[]},{"id":8925,"url":"http:\/\/www.rockpixx.com\/wordpress\/saxon-02-08-2012-wacken-woa-2012\/","url_meta":{"origin":16028,"position":3},"title":"Saxon, 02.08.2012, Wacken, W:O:A 2012","author":"Anja","date":"2. August 2012","format":false,"excerpt":"Und wieder \u201eHeavy Metal\u201c \u2013 jetzt von den Legenden aus Yorkshire, \u201eSaxon\u201c. Es ist witzig, aber als ich 1986 als Leiter eines Sch\u00fcler-Sprachreise dort gewesen bin, h\u00e4tte ich mir nie vorstellen k\u00f6nnen, einmal eine Band aus dieser Gegend 26 Jahre sp\u00e4ter auf dem weltgr\u00f6\u00dften Metal-Festival vor meinen Kameras zu haben\u2026","rel":"","context":"In &quot;Acts&quot;","block_context":{"text":"Acts","link":"http:\/\/www.rockpixx.com\/wordpress\/category\/acts\/"},"img":{"alt_text":"Saxon, 02.08.2012, Wacken, W:O:A 2012","src":"https:\/\/i0.wp.com\/www.rockpixx.com\/wordpress\/wp-content\/uploads\/2013\/02\/20120802-07-saxon-Artikel.jpg?resize=350%2C200","width":350,"height":200,"srcset":"https:\/\/i0.wp.com\/www.rockpixx.com\/wordpress\/wp-content\/uploads\/2013\/02\/20120802-07-saxon-Artikel.jpg?resize=350%2C200 1x, https:\/\/i0.wp.com\/www.rockpixx.com\/wordpress\/wp-content\/uploads\/2013\/02\/20120802-07-saxon-Artikel.jpg?resize=525%2C300 1.5x, https:\/\/i0.wp.com\/www.rockpixx.com\/wordpress\/wp-content\/uploads\/2013\/02\/20120802-07-saxon-Artikel.jpg?resize=700%2C400 2x"},"classes":[]},{"id":8911,"url":"http:\/\/www.rockpixx.com\/wordpress\/santiano-02-08-2012-wacken-woa-2012\/","url_meta":{"origin":16028,"position":4},"title":"Santiano, 02.08.2012, Wacken, W:O:A 2012","author":"Anja","date":"2. August 2012","format":false,"excerpt":"Und dann beim Schlendern \u00fcber das Gel\u00e4nde entdecke ich \u201eSantiano\u201c, die wir ja auch \u2192\u00a0im Juni schon zur Kieler Woche\u00a0auf unserer Liste stehen hatten. Optisch nicht gerade spektakul\u00e4r (Aber welche Band ist das in der prallen Mittagssonne auf einer kleinen B\u00fchne schon?), aber akustisch richtig nett: \u201eAlle die mit uns\u2026","rel":"","context":"In &quot;Acts&quot;","block_context":{"text":"Acts","link":"http:\/\/www.rockpixx.com\/wordpress\/category\/acts\/"},"img":{"alt_text":"Santiano, 02.08.2012, Wacken, W:O:A 2012","src":"https:\/\/i0.wp.com\/www.rockpixx.com\/wordpress\/wp-content\/uploads\/2013\/02\/20120802-02-santiano-Artikel.jpg?resize=350%2C200","width":350,"height":200,"srcset":"https:\/\/i0.wp.com\/www.rockpixx.com\/wordpress\/wp-content\/uploads\/2013\/02\/20120802-02-santiano-Artikel.jpg?resize=350%2C200 1x, https:\/\/i0.wp.com\/www.rockpixx.com\/wordpress\/wp-content\/uploads\/2013\/02\/20120802-02-santiano-Artikel.jpg?resize=525%2C300 1.5x, https:\/\/i0.wp.com\/www.rockpixx.com\/wordpress\/wp-content\/uploads\/2013\/02\/20120802-02-santiano-Artikel.jpg?resize=700%2C400 2x"},"classes":[]},{"id":15991,"url":"http:\/\/www.rockpixx.com\/wordpress\/saxon-31-07-2014-wacken-woa-2014\/","url_meta":{"origin":16028,"position":5},"title":"Saxon, 31.07.2014, Wacken, W:O:A 2014","author":"admin","date":"1. August 2014","format":false,"excerpt":"\u2192 \u201eSaxon\u201c sind sowohl bei uns als auch auf dem W:O:A Wiederholungst\u00e4ter. Insofern freute ich mich, die britischen Urgesteine des Heavy Metal wiederzusehen. Der Auftritt verz\u00f6gert sich leider um knapp 15 Minuten, weil \u2013 unplangem\u00e4\u00df zwei Zauberk\u00fcnstler auf der True Metal Stage sich noch ein wenig produzieren m\u00fcssen. Das Resultat\u2026","rel":"","context":"In &quot;Acts&quot;","block_context":{"text":"Acts","link":"http:\/\/www.rockpixx.com\/wordpress\/category\/acts\/"},"img":{"alt_text":"Saxon, 31.07.2014, Wacken, Wacken Open Air","src":"https:\/\/i0.wp.com\/www.rockpixx.com\/wordpress\/wp-content\/uploads\/2014\/08\/20140731-05-078_saxon_Artikel.jpg?resize=350%2C200","width":350,"height":200,"srcset":"https:\/\/i0.wp.com\/www.rockpixx.com\/wordpress\/wp-content\/uploads\/2014\/08\/20140731-05-078_saxon_Artikel.jpg?resize=350%2C200 1x, https:\/\/i0.wp.com\/www.rockpixx.com\/wordpress\/wp-content\/uploads\/2014\/08\/20140731-05-078_saxon_Artikel.jpg?resize=525%2C300 1.5x, https:\/\/i0.wp.com\/www.rockpixx.com\/wordpress\/wp-content\/uploads\/2014\/08\/20140731-05-078_saxon_Artikel.jpg?resize=700%2C400 2x"},"classes":[]}],"jetpack_sharing_enabled":true,"publishpress_future_action":{"enabled":false,"date":"2026-05-07 01:29:28","action":"change-status","newStatus":"draft","terms":[],"taxonomy":"category","extraData":[]},"publishpress_future_workflow_manual_trigger":{"enabledWorkflows":[]},"_links":{"self":[{"href":"http:\/\/www.rockpixx.com\/wordpress\/wp-json\/wp\/v2\/posts\/16028","targetHints":{"allow":["GET"]}}],"collection":[{"href":"http:\/\/www.rockpixx.com\/wordpress\/wp-json\/wp\/v2\/posts"}],"about":[{"href":"http:\/\/www.rockpixx.com\/wordpress\/wp-json\/wp\/v2\/types\/post"}],"author":[{"embeddable":true,"href":"http:\/\/www.rockpixx.com\/wordpress\/wp-json\/wp\/v2\/users\/2"}],"replies":[{"embeddable":true,"href":"http:\/\/www.rockpixx.com\/wordpress\/wp-json\/wp\/v2\/comments?post=16028"}],"version-history":[{"count":0,"href":"http:\/\/www.rockpixx.com\/wordpress\/wp-json\/wp\/v2\/posts\/16028\/revisions"}],"wp:featuredmedia":[{"embeddable":true,"href":"http:\/\/www.rockpixx.com\/wordpress\/wp-json\/wp\/v2\/media\/16315"}],"wp:attachment":[{"href":"http:\/\/www.rockpixx.com\/wordpress\/wp-json\/wp\/v2\/media?parent=16028"}],"wp:term":[{"taxonomy":"category","embeddable":true,"href":"http:\/\/www.rockpixx.com\/wordpress\/wp-json\/wp\/v2\/categories?post=16028"},{"taxonomy":"post_tag","embeddable":true,"href":"http:\/\/www.rockpixx.com\/wordpress\/wp-json\/wp\/v2\/tags?post=16028"}],"curies":[{"name":"wp","href":"https:\/\/api.w.org\/{rel}","templated":true}]}}