{"id":16036,"date":"2014-08-03T16:16:50","date_gmt":"2014-08-03T15:16:50","guid":{"rendered":"http:\/\/rockpixx.com\/wordpress\/?p=16036"},"modified":"2015-03-24T10:46:25","modified_gmt":"2015-03-24T09:46:25","slug":"emperor-02-08-2014-wacken-woa-2014","status":"publish","type":"post","link":"http:\/\/www.rockpixx.com\/wordpress\/emperor-02-08-2014-wacken-woa-2014\/","title":{"rendered":"Emperor 02.08.2014, Wacken, W:O:A 2014"},"content":{"rendered":"<p>\u201eSchweden rockt!\u201c \u2013 das habe ich in den letzten Wochen ja schon wiederholt festgestellt. Nehmen wir also das Fazit des Auftrittes von \u201eEmperor\u201c vorweg. \u201eNorwegen ist laut.\u201c<\/p>\n<p><!--more--><\/p>\n<p>F\u00fcr die Optik bieten die Musiker von \u201eEmperor\u201c so Einiges, u. A. sch\u00f6n viele Flames w\u00e4hrend der ersten Minuten. Und einen headbangenden Keyboarder sieht man auch nicht alle Tage. Die Akustik empfinde ich allerdings pers\u00f6nlich als haarscharf an der K\u00f6rperverletzung vorbei: Wieder einmal erlebe ich v\u00f6llig \u00fcbersteuerte und verzerrte \u201eKl\u00e4nge\u201c von Bass und Drumset. So etwas l\u00f6st bei mir normalerweise einen lebenserhaltenden Fluchtreflex aus, einzig meine Kameras und die dargebotene Action auf der B\u00fchne halten mich f\u00fcr eineinhalb Songs im Graben\u2026<\/p>\n<p style=\"text-align: right;\">Fotos: <a href=\"mailto:info@rockpixx.com?subject=Emperor%2002.08.2014,%20Wacken,%20W:O:A%202014\">Alex<\/a> | Text: <a href=\"mailto:info@rockpixx.com?subject=Emperor%2002.08.2014,%20Wacken,%20W:O:A%202014\">Alex<\/a><\/p>\n<div class=\"eat-left eat-right\"><div class=\"thumbs-masonry isotope\"><div class=\"isotope-item block-2 block-h-2\"><a href=\"http:\/\/www.rockpixx.com\/wordpress\/wp-content\/uploads\/2014\/08\/20140802-03-009.jpg\" rel=\"prettyPhoto[postgal_16336]\" class=\"show-hover-link block-h-2\"\"><img decoding=\"async\" src=\"http:\/\/www.rockpixx.com\/wordpress\/wp-content\/uploads\/2014\/08\/20140802-03-009-480x480.jpg\" alt=\"Emperor, 02.08.2014, Wacken, Wacken Open Air 2014\"\/><span class=\"before\"><\/span><span class=\"after\"><\/span><\/a><\/div><div class=\"isotope-item block-1 block-h-1\"><a href=\"http:\/\/www.rockpixx.com\/wordpress\/wp-content\/uploads\/2014\/08\/20140802-03-013.jpg\" rel=\"prettyPhoto[postgal_16336]\" class=\"show-hover-link block-h-1\"\"><img decoding=\"async\" src=\"http:\/\/www.rockpixx.com\/wordpress\/wp-content\/uploads\/2014\/08\/20140802-03-013-480x480.jpg\" alt=\"Emperor, 02.08.2014, Wacken, Wacken Open Air 2014\"\/><span class=\"before\"><\/span><span class=\"after\"><\/span><\/a><\/div><div class=\"isotope-item block-1 block-h-1\"><a href=\"http:\/\/www.rockpixx.com\/wordpress\/wp-content\/uploads\/2014\/08\/20140802-03-016.jpg\" rel=\"prettyPhoto[postgal_16336]\" class=\"show-hover-link block-h-1\"\"><img decoding=\"async\" src=\"http:\/\/www.rockpixx.com\/wordpress\/wp-content\/uploads\/2014\/08\/20140802-03-016-480x480.jpg\" alt=\"Emperor, 02.08.2014, Wacken, Wacken Open Air 2014\"\/><span class=\"before\"><\/span><span class=\"after\"><\/span><\/a><\/div><div class=\"isotope-item block-2 block-h-2\"><a href=\"http:\/\/www.rockpixx.com\/wordpress\/wp-content\/uploads\/2014\/08\/20140802-03-027.jpg\" rel=\"prettyPhoto[postgal_16336]\" class=\"show-hover-link block-h-2\"\"><img decoding=\"async\" src=\"http:\/\/www.rockpixx.com\/wordpress\/wp-content\/uploads\/2014\/08\/20140802-03-027-480x480.jpg\" alt=\"Emperor, 02.08.2014, Wacken, Wacken Open Air 2014\"\/><span class=\"before\"><\/span><span class=\"after\"><\/span><\/a><\/div><div class=\"isotope-item block-1 block-h-1\"><a href=\"http:\/\/www.rockpixx.com\/wordpress\/wp-content\/uploads\/2014\/08\/20140802-03-030.jpg\" rel=\"prettyPhoto[postgal_16336]\" class=\"show-hover-link block-h-1\"\"><img decoding=\"async\" src=\"http:\/\/www.rockpixx.com\/wordpress\/wp-content\/uploads\/2014\/08\/20140802-03-030-480x480.jpg\" alt=\"Emperor, 02.08.2014, Wacken, Wacken Open Air 2014\"\/><span class=\"before\"><\/span><span class=\"after\"><\/span><\/a><\/div><div class=\"isotope-item block-1 block-h-1\"><a href=\"http:\/\/www.rockpixx.com\/wordpress\/wp-content\/uploads\/2014\/08\/20140802-03-038.jpg\" rel=\"prettyPhoto[postgal_16336]\" class=\"show-hover-link block-h-1\"\"><img decoding=\"async\" src=\"http:\/\/www.rockpixx.com\/wordpress\/wp-content\/uploads\/2014\/08\/20140802-03-038-480x480.jpg\" alt=\"Emperor, 02.08.2014, Wacken, Wacken Open Air 2014\"\/><span class=\"before\"><\/span><span class=\"after\"><\/span><\/a><\/div><div class=\"isotope-item block-2 block-h-2\"><a href=\"http:\/\/www.rockpixx.com\/wordpress\/wp-content\/uploads\/2014\/08\/20140802-03-052.jpg\" rel=\"prettyPhoto[postgal_16336]\" class=\"show-hover-link block-h-2\"\"><img decoding=\"async\" src=\"http:\/\/www.rockpixx.com\/wordpress\/wp-content\/uploads\/2014\/08\/20140802-03-052-480x480.jpg\" alt=\"Emperor, 02.08.2014, Wacken, Wacken Open Air 2014\"\/><span class=\"before\"><\/span><span class=\"after\"><\/span><\/a><\/div><div class=\"isotope-item block-1 block-h-1\"><a href=\"http:\/\/www.rockpixx.com\/wordpress\/wp-content\/uploads\/2014\/08\/20140802-03-057.jpg\" rel=\"prettyPhoto[postgal_16336]\" class=\"show-hover-link block-h-1\"\"><img decoding=\"async\" src=\"http:\/\/www.rockpixx.com\/wordpress\/wp-content\/uploads\/2014\/08\/20140802-03-057-480x480.jpg\" alt=\"Emperor, 02.08.2014, Wacken, Wacken Open Air 2014\"\/><span class=\"before\"><\/span><span class=\"after\"><\/span><\/a><\/div><div class=\"isotope-item block-1 block-h-1\"><a href=\"http:\/\/www.rockpixx.com\/wordpress\/wp-content\/uploads\/2014\/08\/20140802-03-058.jpg\" rel=\"prettyPhoto[postgal_16336]\" class=\"show-hover-link block-h-1\"\"><img decoding=\"async\" src=\"http:\/\/www.rockpixx.com\/wordpress\/wp-content\/uploads\/2014\/08\/20140802-03-058-480x480.jpg\" alt=\"Emperor, 02.08.2014, Wacken, Wacken Open Air 2014\"\/><span class=\"before\"><\/span><span class=\"after\"><\/span><\/a><\/div><div class=\"isotope-item block-2 block-h-2\"><a href=\"http:\/\/www.rockpixx.com\/wordpress\/wp-content\/uploads\/2014\/08\/20140802-03-061.jpg\" rel=\"prettyPhoto[postgal_16336]\" class=\"show-hover-link block-h-2\"\"><img decoding=\"async\" src=\"http:\/\/www.rockpixx.com\/wordpress\/wp-content\/uploads\/2014\/08\/20140802-03-061-480x480.jpg\" alt=\"Emperor, 02.08.2014, Wacken, Wacken Open Air 2014\"\/><span class=\"before\"><\/span><span class=\"after\"><\/span><\/a><\/div><div class=\"isotope-item block-1 block-h-1\"><a href=\"http:\/\/www.rockpixx.com\/wordpress\/wp-content\/uploads\/2014\/08\/20140802-03-065.jpg\" rel=\"prettyPhoto[postgal_16336]\" class=\"show-hover-link block-h-1\"\"><img decoding=\"async\" src=\"http:\/\/www.rockpixx.com\/wordpress\/wp-content\/uploads\/2014\/08\/20140802-03-065-480x480.jpg\" alt=\"Emperor, 02.08.2014, Wacken, Wacken Open Air 2014\"\/><span class=\"before\"><\/span><span class=\"after\"><\/span><\/a><\/div><div class=\"isotope-item block-1 block-h-1\"><a href=\"http:\/\/www.rockpixx.com\/wordpress\/wp-content\/uploads\/2014\/08\/20140802-03-069.jpg\" rel=\"prettyPhoto[postgal_16336]\" class=\"show-hover-link block-h-1\"\"><img decoding=\"async\" src=\"http:\/\/www.rockpixx.com\/wordpress\/wp-content\/uploads\/2014\/08\/20140802-03-069-480x480.jpg\" alt=\"Emperor, 02.08.2014, Wacken, Wacken Open Air 2014\"\/><span class=\"before\"><\/span><span class=\"after\"><\/span><\/a><\/div><div class=\"isotope-item block-2 block-h-2\"><a href=\"http:\/\/www.rockpixx.com\/wordpress\/wp-content\/uploads\/2014\/08\/20140802-03-070.jpg\" rel=\"prettyPhoto[postgal_16336]\" class=\"show-hover-link block-h-2\"\"><img decoding=\"async\" src=\"http:\/\/www.rockpixx.com\/wordpress\/wp-content\/uploads\/2014\/08\/20140802-03-070-480x480.jpg\" alt=\"Emperor, 02.08.2014, Wacken, Wacken Open Air 2014\"\/><span class=\"before\"><\/span><span class=\"after\"><\/span><\/a><\/div><div class=\"isotope-item block-1 block-h-1\"><a href=\"http:\/\/www.rockpixx.com\/wordpress\/wp-content\/uploads\/2014\/08\/20140802-03-071.jpg\" rel=\"prettyPhoto[postgal_16336]\" class=\"show-hover-link block-h-1\"\"><img decoding=\"async\" src=\"http:\/\/www.rockpixx.com\/wordpress\/wp-content\/uploads\/2014\/08\/20140802-03-071-480x480.jpg\" alt=\"Emperor, 02.08.2014, Wacken, Wacken Open Air 2014\"\/><span class=\"before\"><\/span><span class=\"after\"><\/span><\/a><\/div><div class=\"isotope-item block-1 block-h-1\"><a href=\"http:\/\/www.rockpixx.com\/wordpress\/wp-content\/uploads\/2014\/08\/20140802-03-073.jpg\" rel=\"prettyPhoto[postgal_16336]\" class=\"show-hover-link block-h-1\"\"><img decoding=\"async\" src=\"http:\/\/www.rockpixx.com\/wordpress\/wp-content\/uploads\/2014\/08\/20140802-03-073-480x480.jpg\" alt=\"Emperor, 02.08.2014, Wacken, Wacken Open Air 2014\"\/><span class=\"before\"><\/span><span class=\"after\"><\/span><\/a><\/div><div class=\"isotope-item block-2 block-h-2\"><a href=\"http:\/\/www.rockpixx.com\/wordpress\/wp-content\/uploads\/2014\/08\/20140802-03-074.jpg\" rel=\"prettyPhoto[postgal_16336]\" class=\"show-hover-link block-h-2\"\"><img decoding=\"async\" src=\"http:\/\/www.rockpixx.com\/wordpress\/wp-content\/uploads\/2014\/08\/20140802-03-074-480x480.jpg\" alt=\"Emperor, 02.08.2014, Wacken, Wacken Open Air 2014\"\/><span class=\"before\"><\/span><span class=\"after\"><\/span><\/a><\/div><div class=\"isotope-item block-1 block-h-1\"><a href=\"http:\/\/www.rockpixx.com\/wordpress\/wp-content\/uploads\/2014\/08\/20140802-03-082.jpg\" rel=\"prettyPhoto[postgal_16336]\" class=\"show-hover-link block-h-1\"\"><img decoding=\"async\" src=\"http:\/\/www.rockpixx.com\/wordpress\/wp-content\/uploads\/2014\/08\/20140802-03-082-480x480.jpg\" alt=\"Emperor, 02.08.2014, Wacken, Wacken Open Air 2014\"\/><span class=\"before\"><\/span><span class=\"after\"><\/span><\/a><\/div><\/div><\/div>\n","protected":false},"excerpt":{"rendered":"<p>\u201eSchweden rockt!\u201c \u2013 das habe ich in den letzten Wochen ja schon wiederholt festgestellt. Nehmen <a href=\"http:\/\/www.rockpixx.com\/wordpress\/emperor-02-08-2014-wacken-woa-2014\/\">Read more<\/a><\/p>\n","protected":false},"author":2,"featured_media":16323,"comment_status":"open","ping_status":"open","sticky":false,"template":"","format":"standard","meta":{"_jetpack_memberships_contains_paid_content":false,"footnotes":"","jetpack_publicize_message":"#Emperor 02.08.2014,# Wacken, #WOA 2014, #WackenOpenAir","jetpack_publicize_feature_enabled":true,"jetpack_social_post_already_shared":true,"jetpack_social_options":{"image_generator_settings":{"template":"highway","default_image_id":0,"font":"","enabled":false},"version":2}},"categories":[34,1471],"tags":[2291,2388,133,883,2061,885],"class_list":["post-16036","post","type-post","status-publish","format-standard","has-post-thumbnail","hentry","category-acts","category-emperor","tag-2291","tag-emperor","tag-festivals","tag-woa","tag-wacken","tag-wacken-open-air"],"aioseo_notices":[],"jetpack_publicize_connections":[],"jetpack_featured_media_url":"http:\/\/www.rockpixx.com\/wordpress\/wp-content\/uploads\/2014\/08\/20140802-03-030.jpg","jetpack-related-posts":[{"id":11928,"url":"http:\/\/www.rockpixx.com\/wordpress\/ihsahn-02-08-2013-wacken-woa-2013\/","url_meta":{"origin":16036,"position":0},"title":"Ihsahn, 02.08.2013, Wacken, W:O:A 2013","author":"Anja","date":"5. August 2013","format":false,"excerpt":"Tag zwei in Wacken beginnt f\u00fcr mich mit \u201eIhsahn\u201c. (Leider habe ich durch einen Stau \u201ePowerwolf\u201c kurz zuvor nicht mehr erwischt.) Vegard Sverre Tveitan (alias \u201eIhsahn\u201c) ist auch bekannt als Frontmann der Black-Metal-Band \u201eEmperor\u201c. Das sind aber nur einige der unz\u00e4hligen Projekte an denen der norwegische Komponist, Gitarrist, Bassist, Keyboarder\u2026","rel":"","context":"In &quot;Acts&quot;","block_context":{"text":"Acts","link":"http:\/\/www.rockpixx.com\/wordpress\/category\/acts\/"},"img":{"alt_text":"","src":"https:\/\/i0.wp.com\/www.rockpixx.com\/wordpress\/wp-content\/uploads\/2013\/08\/20130802-01-029_ihsahn-Artikel.jpg?resize=350%2C200","width":350,"height":200,"srcset":"https:\/\/i0.wp.com\/www.rockpixx.com\/wordpress\/wp-content\/uploads\/2013\/08\/20130802-01-029_ihsahn-Artikel.jpg?resize=350%2C200 1x, https:\/\/i0.wp.com\/www.rockpixx.com\/wordpress\/wp-content\/uploads\/2013\/08\/20130802-01-029_ihsahn-Artikel.jpg?resize=525%2C300 1.5x, https:\/\/i0.wp.com\/www.rockpixx.com\/wordpress\/wp-content\/uploads\/2013\/08\/20130802-01-029_ihsahn-Artikel.jpg?resize=700%2C400 2x"},"classes":[]},{"id":8958,"url":"http:\/\/www.rockpixx.com\/wordpress\/the-scorpions-04-08-2012-wacken-woa-2012\/","url_meta":{"origin":16036,"position":1},"title":"The Scorpions, 04.08.2012, Wacken, W:O:A 2012","author":"Anja","date":"4. August 2012","format":false,"excerpt":"Was soll ich \u00fcber die \u201eScorpions\u201c noch gro\u00dfartig schreiben, was nicht schon andere im Laufe der Jahrzehnte viel treffender ausgedr\u00fcckt haben? Vielleicht so viel: Es ist vermutlich der letzte gro\u00dfe OpenAir-Auftritt dieser Band gewesen, die Show war beeindruckend (die Menge der anwesenden Fotografen ebenfalls) und das \u201eHannoversche Englisch\u201c von Herrn\u2026","rel":"","context":"In &quot;Acts&quot;","block_context":{"text":"Acts","link":"http:\/\/www.rockpixx.com\/wordpress\/category\/acts\/"},"img":{"alt_text":"The Scorpions, 04.08.2012, Wacken, W:O:A 2012","src":"https:\/\/i0.wp.com\/www.rockpixx.com\/wordpress\/wp-content\/uploads\/2013\/02\/20120804-08-scorpions-Artikel.jpg?resize=350%2C200","width":350,"height":200,"srcset":"https:\/\/i0.wp.com\/www.rockpixx.com\/wordpress\/wp-content\/uploads\/2013\/02\/20120804-08-scorpions-Artikel.jpg?resize=350%2C200 1x, https:\/\/i0.wp.com\/www.rockpixx.com\/wordpress\/wp-content\/uploads\/2013\/02\/20120804-08-scorpions-Artikel.jpg?resize=525%2C300 1.5x, https:\/\/i0.wp.com\/www.rockpixx.com\/wordpress\/wp-content\/uploads\/2013\/02\/20120804-08-scorpions-Artikel.jpg?resize=700%2C400 2x"},"classes":[]},{"id":11971,"url":"http:\/\/www.rockpixx.com\/wordpress\/die-apokalyptischen-reiter-02-08-2013-wacken-woa-2013\/","url_meta":{"origin":16036,"position":2},"title":"Die Apokalyptischen Reiter, 03.08.2013, Wacken, W:O:A 2013","author":"Anja","date":"7. August 2013","format":false,"excerpt":"Das Wetter passt zwar nicht zur Apokalypse \u2013 obwohl f\u00fcr sp\u00e4ter noch ein Gewitter dr\u00e4ut \u2013 aber \u201eDie Apokalyptischen Reiter\u201c spielen dennoch ihre bew\u00e4hrte Mischung aus (fast) allem, was das Metal-Genre so hergibt: Black-, Death-, Thrash- und Power-Metal, garniert mit Elementen von Rock und Folk. Und so komme ich zu\u2026","rel":"","context":"In &quot;Acts&quot;","block_context":{"text":"Acts","link":"http:\/\/www.rockpixx.com\/wordpress\/category\/acts\/"},"img":{"alt_text":"","src":"https:\/\/i0.wp.com\/www.rockpixx.com\/wordpress\/wp-content\/uploads\/2013\/08\/20130803-01-007_apo-reiter-Artikel.jpg?resize=350%2C200","width":350,"height":200,"srcset":"https:\/\/i0.wp.com\/www.rockpixx.com\/wordpress\/wp-content\/uploads\/2013\/08\/20130803-01-007_apo-reiter-Artikel.jpg?resize=350%2C200 1x, https:\/\/i0.wp.com\/www.rockpixx.com\/wordpress\/wp-content\/uploads\/2013\/08\/20130803-01-007_apo-reiter-Artikel.jpg?resize=525%2C300 1.5x, https:\/\/i0.wp.com\/www.rockpixx.com\/wordpress\/wp-content\/uploads\/2013\/08\/20130803-01-007_apo-reiter-Artikel.jpg?resize=700%2C400 2x"},"classes":[]},{"id":18906,"url":"http:\/\/www.rockpixx.com\/wordpress\/at-the-gates-31-07-2015-wacken-woa-2015\/","url_meta":{"origin":16036,"position":3},"title":"At The Gates, 31.07.2015, Wacken, W:O:A 2015","author":"Anja","date":"4. August 2015","format":false,"excerpt":"Schwedische Bands sind bekannt f\u00fcr Ihre guten Live-Shows und \u201eAt The Gates\u201c reihen sich in diese Reihe mit ein. Mir pers\u00f6nlich gefiel der Auftritt von \u201eAt The Gates\u201c, da zum Einen die Performance mit dem Ziel das Publikum zu unterhalten stimmt und sie nicht nur ihr Ding runter spielen, und\u2026","rel":"","context":"In &quot;Acts&quot;","block_context":{"text":"Acts","link":"http:\/\/www.rockpixx.com\/wordpress\/category\/acts\/"},"img":{"alt_text":"At the Gates, 31.07.2015, Wacken, Wacken Open Air 2015","src":"https:\/\/i0.wp.com\/www.rockpixx.com\/wordpress\/wp-content\/uploads\/2015\/08\/20150731-03-005_at-the-gates_Artikel.jpg?resize=350%2C200","width":350,"height":200,"srcset":"https:\/\/i0.wp.com\/www.rockpixx.com\/wordpress\/wp-content\/uploads\/2015\/08\/20150731-03-005_at-the-gates_Artikel.jpg?resize=350%2C200 1x, https:\/\/i0.wp.com\/www.rockpixx.com\/wordpress\/wp-content\/uploads\/2015\/08\/20150731-03-005_at-the-gates_Artikel.jpg?resize=525%2C300 1.5x, https:\/\/i0.wp.com\/www.rockpixx.com\/wordpress\/wp-content\/uploads\/2015\/08\/20150731-03-005_at-the-gates_Artikel.jpg?resize=700%2C400 2x"},"classes":[]},{"id":8923,"url":"http:\/\/www.rockpixx.com\/wordpress\/u-d-o-02-08-2012-wacken-woa-2012\/","url_meta":{"origin":16036,"position":4},"title":"U.D.O., 02.08.2012, Wacken, W:O:A 2012","author":"Anja","date":"2. August 2012","format":false,"excerpt":"Udo Dirkschneider und seine Mannen stehen auf der B\u00fchne und zum ersten (und gl\u00fccklicherweise einzigen) Mal an diesem Abend sch\u00fcttet es w\u00e4hrend des Gigs wie aus K\u00fcbeln. Aber das kennen wir ja schon vom Deichbrand\u2026 Was ich da vom ehemaligen \u201eTeilzeit-Frontmann\u201c von \u201eAccept\u201c und seinen Mitstreitern zu h\u00f6ren bekomme, das\u2026","rel":"","context":"In &quot;Acts&quot;","block_context":{"text":"Acts","link":"http:\/\/www.rockpixx.com\/wordpress\/category\/acts\/"},"img":{"alt_text":"U.D.O., 02.08.2012, Wacken, W:O:A 2012","src":"https:\/\/i0.wp.com\/www.rockpixx.com\/wordpress\/wp-content\/uploads\/2013\/02\/20120802-06-udo-Artikel.jpg?resize=350%2C200","width":350,"height":200,"srcset":"https:\/\/i0.wp.com\/www.rockpixx.com\/wordpress\/wp-content\/uploads\/2013\/02\/20120802-06-udo-Artikel.jpg?resize=350%2C200 1x, https:\/\/i0.wp.com\/www.rockpixx.com\/wordpress\/wp-content\/uploads\/2013\/02\/20120802-06-udo-Artikel.jpg?resize=525%2C300 1.5x, https:\/\/i0.wp.com\/www.rockpixx.com\/wordpress\/wp-content\/uploads\/2013\/02\/20120802-06-udo-Artikel.jpg?resize=700%2C400 2x"},"classes":[]},{"id":16003,"url":"http:\/\/www.rockpixx.com\/wordpress\/bring-me-the-horizon-01-08-2014-wacken-woa-2014\/","url_meta":{"origin":16036,"position":5},"title":"Bring me the Horizon, 01.08.2014, Wacken, W:O:A 2014","author":"admin","date":"2. August 2014","format":false,"excerpt":"Es gibt Bands, da frage ich mich ernsthaft, warum diese anstatt anderer auf einer der gro\u00dfen B\u00fchnen spielen. \u201eBring me the Horizon\u201c f\u00e4llt f\u00fcr mich pers\u00f6nlich in diese Kategorie. Rein optisch betrachtet steht \u2013 und ich meine wirklich \u201esteht\u201c \u2013 da eine Sch\u00fclerband auf der B\u00fchne, die sich als Frontmann\u2026","rel":"","context":"In &quot;Acts&quot;","block_context":{"text":"Acts","link":"http:\/\/www.rockpixx.com\/wordpress\/category\/acts\/"},"img":{"alt_text":"Bring me the Horizon, 01.08.2014, Wacken, Wacken Open Air 2014","src":"https:\/\/i0.wp.com\/www.rockpixx.com\/wordpress\/wp-content\/uploads\/2014\/08\/20140801-03-004_bring-me-the-horizon_Artikel.jpg?resize=350%2C200","width":350,"height":200,"srcset":"https:\/\/i0.wp.com\/www.rockpixx.com\/wordpress\/wp-content\/uploads\/2014\/08\/20140801-03-004_bring-me-the-horizon_Artikel.jpg?resize=350%2C200 1x, https:\/\/i0.wp.com\/www.rockpixx.com\/wordpress\/wp-content\/uploads\/2014\/08\/20140801-03-004_bring-me-the-horizon_Artikel.jpg?resize=525%2C300 1.5x, https:\/\/i0.wp.com\/www.rockpixx.com\/wordpress\/wp-content\/uploads\/2014\/08\/20140801-03-004_bring-me-the-horizon_Artikel.jpg?resize=700%2C400 2x"},"classes":[]}],"jetpack_sharing_enabled":true,"publishpress_future_action":{"enabled":false,"date":"2026-05-06 11:16:03","action":"change-status","newStatus":"draft","terms":[],"taxonomy":"category","extraData":[]},"publishpress_future_workflow_manual_trigger":{"enabledWorkflows":[]},"_links":{"self":[{"href":"http:\/\/www.rockpixx.com\/wordpress\/wp-json\/wp\/v2\/posts\/16036","targetHints":{"allow":["GET"]}}],"collection":[{"href":"http:\/\/www.rockpixx.com\/wordpress\/wp-json\/wp\/v2\/posts"}],"about":[{"href":"http:\/\/www.rockpixx.com\/wordpress\/wp-json\/wp\/v2\/types\/post"}],"author":[{"embeddable":true,"href":"http:\/\/www.rockpixx.com\/wordpress\/wp-json\/wp\/v2\/users\/2"}],"replies":[{"embeddable":true,"href":"http:\/\/www.rockpixx.com\/wordpress\/wp-json\/wp\/v2\/comments?post=16036"}],"version-history":[{"count":0,"href":"http:\/\/www.rockpixx.com\/wordpress\/wp-json\/wp\/v2\/posts\/16036\/revisions"}],"wp:featuredmedia":[{"embeddable":true,"href":"http:\/\/www.rockpixx.com\/wordpress\/wp-json\/wp\/v2\/media\/16323"}],"wp:attachment":[{"href":"http:\/\/www.rockpixx.com\/wordpress\/wp-json\/wp\/v2\/media?parent=16036"}],"wp:term":[{"taxonomy":"category","embeddable":true,"href":"http:\/\/www.rockpixx.com\/wordpress\/wp-json\/wp\/v2\/categories?post=16036"},{"taxonomy":"post_tag","embeddable":true,"href":"http:\/\/www.rockpixx.com\/wordpress\/wp-json\/wp\/v2\/tags?post=16036"}],"curies":[{"name":"wp","href":"https:\/\/api.w.org\/{rel}","templated":true}]}}