{"id":16425,"date":"2014-08-05T13:49:36","date_gmt":"2014-08-05T12:49:36","guid":{"rendered":"http:\/\/rockpixx.com\/wordpress\/?p=16425"},"modified":"2014-08-15T14:16:49","modified_gmt":"2014-08-15T13:16:49","slug":"woa-2014-ein-fazit-zum-25-jubilaeum","status":"publish","type":"post","link":"http:\/\/www.rockpixx.com\/wordpress\/woa-2014-ein-fazit-zum-25-jubilaeum\/","title":{"rendered":"W:O:A 2014 \u2013 Ein Fazit zum 25. Jubil\u00e4um"},"content":{"rendered":"<p>Das war jetzt also mein drittes W:O:A als Fotograf mit Pitpass in Folge.\u00a0\u00a0Zeit, mit ein paar Tagen Abstand ein pers\u00f6nliches Fazit zu den Arbeitsbedingungen zu ziehen. Mit diesem Hintergrund seien die folgenden Anmerkungen auch zu verstehen. Ich kann also nicht auf Erfahrungen zur\u00fcckgreifen, wie toll das alles zu den Zeiten gewesen ist, als alle Besucher noch gl\u00fccklich mit der Pferdekutsche angereist sind, das Bier noch zwanzig Pfennige kostete und \u00fcberhaupt alles viel besser gewesen sei.<\/p>\n<p><!--more--><\/p>\n<p>Schon meine erste Begegnung mit den Menschen des Festivals in diesem Jahr war deutlich positiver als noch 2012 oder 2013: Alle machten einen recht entspannten, kompetenten und freundlichen Eindruck. In den Jahren zuvor hatte ich schon zu Beginn (CheckIn, Zugang zum Press\/VIP-Bereich) oftmals das Gef\u00fchl, als Pressevertreter lediglich ein notwendiges \u00dcbel zu sein. Ganz anders in diesem Jahr: Freundliche Gesichter, kompetente Antworten und \u2013 trotz des hohen Besucheraufkommens \u2013 eine durchaus entspannte Grundstimmung. Egal, ob ich beim CheckIn Fragen hatte, am VIP-Campground im flie\u00dfenden Verkehr irgendwie der PKW gewendet werden musste oder aber der Shuttlebus schon im losrollen war und mich dennoch noch einsammelte: Stets hatte ich das Gef\u00fchl, willkommen zu sein.<\/p>\n<p>Durch die Verlagerung des Press\/VIP-Campgrounds war das Infield weit entfernt, daf\u00fcr wurde ein Shuttle-Bus eingesetzt. Nat\u00fcrlich kann man sich dar\u00fcber beklagen, dass dieser zu Sto\u00dfzeiten sehr voll war und dass er vielleicht \u00f6fter h\u00e4tte pendeln k\u00f6nnen, das tue ich aber nicht. Ich pers\u00f6nlich bin mit dieser Regelung sehr gut zurechtgekommen und war dankbar f\u00fcr diese L\u00f6sung. Der eigentliche Press-\/VIP-Bereich am Infield lag zwar weiter weg vom Geschehen auf den B\u00fchnen, daf\u00fcr kam er mir aber gr\u00f6\u00dfer und \u00fcbersichtlicher vor. Auch hier habe ich wieder \u2013 im Gegensatz zu den Vorjahren \u2013 deutlich freundlichere und kompetentere Mitarbeiter an den Countern erlebt. Auch das Pressezelt hat mich in diesem Jahr mehr als positiv beeindruckt: Endlich richtige Arbeitspl\u00e4tze, endlich gen\u00fcgend Steckdosen und endlich nicht mehr hunderte von nervigen PayVIPs, die einem die Pl\u00e4tze streitig machen und den ganzen Tag dort nur mit einem Gl\u00e4schen Prosecco in der Hand herumlungern, damit sie gesehen werden. Und endlich einmal keine l\u00e4rmenden Promost\u00e4nde f\u00fcr irgendwelche idiotischen Konsolenspiele. Dass das WLAN mitunter wohl \u00fcberlastet war, ist zu verschmerzen. Wer dringend auf so etwas angewiesen ist, der sollte das entsprechende Handwerkszeug selbst dabei haben und sich zu helfen wissen. Es hat jeder Fotograf schlie\u00dflich auch seine eigenen Kameras dabei und verl\u00e4sst sich nicht blind darauf, dass wohl vom Veranstalter vor Ort welche gestellt werden.<\/p>\n<p>Auf dem Gel\u00e4nde selbst fiel mir als Erstes auf, dass es jetzt endlich \u201eWasser f\u00fcr alle zum Nulltarif\u201c gegeben hat. Das ist eine sehr l\u00f6bliche Sache und es kann nicht oft genug erw\u00e4hnt werden, dass die Verantwortlichen hier endlich begriffen haben, dass so etwas zwingend erforderlich ist \u2013 vor allem bei den an diesem Wochenende herrschenden Temperaturen. Gut auch die permanent auf den Videowalls eingeblendeten Hinweise, diese Wasserstellen bitte auch zu nutzen. Gerade 2013 war ich reichlich angefressen gewesen, dass mir als Fotograf bei der Einlasskontrolle zum Pressebereich meine beiden (Kunststoff-) Wasserflaschen von der Security konfisziert worden waren.<\/p>\n<p>Die Pitcrew hat h\u00f6chst professionell und umsichtig gearbeitet und viel f\u00fcr eine gute Stimmung unter den im Graben t\u00e4tigen Fotografen getan. Gerade auch die Situation mit dem Vertrag von \u201eMegadeth\u201c wurde schnell und professionell dadurch gel\u00f6st, dass zeitlich passend etliche nette Mitarbeiterinnen mit ausreichend Blankovertr\u00e4gen zur Stelle waren und es somit allen, die \u201eMegadeth\u201c trotzdem fotografieren wollten, auch m\u00f6glich machten, dieses zu tun. Auch die Security machte einen deutlich entspannteren Eindruck als noch in den Jahren zuvor. Gut zu beobachten war das beim Umgang mit den Crowdsurfern, die massenweise vorne angelandet wurden. Ebenfalls wurde auch hier das Publikum in den ersten Reihen permanent mit Wasser versorgt \u2013 etwas, das in den vergangenen Jahren nur widerwillig und gegen Bezahlung getan wurde. Kompliment f\u00fcr diese neue Verhaltenslinie!<\/p>\n<p>Eine Kleinigkeit habe ich dann aber doch noch zu kritisieren, ich bin mir aber sicher, dass daf\u00fcr 2015 auch noch eine L\u00f6sung gefunden wird: Durch die Verlagerung des Pressebereiches weiter weg von den Mainstages war es ein recht weiter Weg zu diesen. Das ist generell zwar kein Beinbruch (ich kenne Veranstaltungen, da habe ich weitere Wege zur\u00fcckzulegen), aber es bedurfte eines ausgefeilten Zeitmanagements, um diese l\u00e4ngeren Wegezeiten entsprechend in der pers\u00f6nlichen Running Order unterbringen zu k\u00f6nnen. Davon abgesehen war es mitunter schwer, sich kamerabeh\u00e4ngt durch die Massen einen Weg zum Grabeneingang bahnen zu m\u00fcssen. \u201eKamerabeh\u00e4ngt\u201c meint hier nicht \u201eich habe eine Kompakte am Hals baumeln.\u201c, sondern bezieht sich darauf, dass man mehrere Kameras mit gro\u00dfen Objektiven im Wert von etlichen tausend Euros in Form von etlichen Kilo Gewicht am K\u00f6rper irgendwie heil durch die feiernde Masse bugsieren muss. Da w\u00fcrde ich mir w\u00fcnschen, dass die Verantwortlichen f\u00fcr die Zukunft eine Art \u201eFast Lane\u201c neben dem Infield schaffen k\u00f6nnten, damit die Wege f\u00fcr uns Fotografen schneller und unkomplizierter zu bewerkstelligen sind.<\/p>\n<p>Mein pers\u00f6nliches Fazit: Zum ersten Mal habe ich mich als Pressevertreter auf dem W:O:A in diesem Jahr richtig willkommen gef\u00fchlt. Die Verantwortlichen haben einiges ge\u00e4ndert, manches davon wird sich mit Sicherheit in der Zukunft auch noch rundlaufen und insgesamt sehe ich das W:O:A auf einem guten Weg, um auch noch weitere Jubil\u00e4en zu erleben. So, wie ich im August 2013 nicht sicher war, 2014 \u00fcberhaupt wieder dorthin zu wollen, genauso sicher bin ich mir jetzt, dass ich 2015 auf jeden Fall wieder von dort berichten werde.<\/p>\n<p>Und hier geht&#8217;s \u2192 <a title=\"W:O:A 2014 auf rockpixx.com\" href=\"http:\/\/rockpixx.com\/wordpress\/tag\/woa+2014\/\">zu den Reviews und Galerien<\/a><\/p>\n","protected":false},"excerpt":{"rendered":"<p>Das war jetzt also mein drittes W:O:A als Fotograf mit Pitpass in Folge.\u00a0\u00a0Zeit, mit ein <a href=\"http:\/\/www.rockpixx.com\/wordpress\/woa-2014-ein-fazit-zum-25-jubilaeum\/\">Read more<\/a><\/p>\n","protected":false},"author":1,"featured_media":16426,"comment_status":"open","ping_status":"open","sticky":false,"template":"","format":"standard","meta":{"_jetpack_memberships_contains_paid_content":false,"footnotes":"","jetpack_publicize_message":"W:O:A 2014 \u2013 Ein Fazit zum 25. Jubil\u00e4um #Wacken #WOA2014","jetpack_publicize_feature_enabled":true,"jetpack_social_post_already_shared":true,"jetpack_social_options":{"image_generator_settings":{"template":"highway","default_image_id":0,"font":"","enabled":false},"version":2}},"categories":[1278,19],"tags":[2291,1719,133,883,2061,885],"class_list":["post-16425","post","type-post","status-publish","format-standard","has-post-thumbnail","hentry","category-1278","category-backstage","tag-2291","tag-backstage","tag-festivals","tag-woa","tag-wacken","tag-wacken-open-air"],"aioseo_notices":[],"jetpack_publicize_connections":[],"jetpack_featured_media_url":"http:\/\/www.rockpixx.com\/wordpress\/wp-content\/uploads\/2014\/08\/20140731-00-019.jpg","jetpack-related-posts":[{"id":11965,"url":"http:\/\/www.rockpixx.com\/wordpress\/doro-02-08-2013-wacken-woa-2013\/","url_meta":{"origin":16425,"position":0},"title":"Doro, 02.08.2013, Wacken, W:O:A 2013","author":"Anja","date":"6. August 2013","format":false,"excerpt":"Doro Pesch komponiert ja nicht nur die Hymnen f\u00fcr Ihre Freundin die Boxerin Regina Halmich, sondern ist nat\u00fcrlich auch so etwas wie die \u201eMetal-Queen\u201c in der gesamten Szene. In diesem Jahr begeht sie ihr 30-j\u00e4hriges B\u00fchnenjubil\u00e4um und so etwas will nat\u00fcrlich standesgem\u00e4\u00df in Wacken zelebriert werden. Also st\u00fcrmt sie nach\u2026","rel":"","context":"In &quot;Acts&quot;","block_context":{"text":"Acts","link":"http:\/\/www.rockpixx.com\/wordpress\/category\/acts\/"},"img":{"alt_text":"","src":"https:\/\/i0.wp.com\/www.rockpixx.com\/wordpress\/wp-content\/uploads\/2013\/08\/20130802-06-387_doro.jpg?resize=350%2C200","width":350,"height":200,"srcset":"https:\/\/i0.wp.com\/www.rockpixx.com\/wordpress\/wp-content\/uploads\/2013\/08\/20130802-06-387_doro.jpg?resize=350%2C200 1x, https:\/\/i0.wp.com\/www.rockpixx.com\/wordpress\/wp-content\/uploads\/2013\/08\/20130802-06-387_doro.jpg?resize=525%2C300 1.5x, https:\/\/i0.wp.com\/www.rockpixx.com\/wordpress\/wp-content\/uploads\/2013\/08\/20130802-06-387_doro.jpg?resize=700%2C400 2x"},"classes":[]},{"id":11857,"url":"http:\/\/www.rockpixx.com\/wordpress\/woa-2013-tag-2-more-commerce-than-in-hell\/","url_meta":{"origin":16425,"position":1},"title":"W:O:A 2013, Tag-2 (More Commerce than in Hell)","author":"admin","date":"3. August 2013","format":false,"excerpt":"So, Tag-2 ist vollbracht und dieses Mal war es Schwerstarbeit. Nicht, dass ich au\u00dfergew\u00f6hnlich viele Bands fotografiert h\u00e4tte oder \u00fcber Geb\u00fchr durch die Gegend gelaufen w\u00e4re \u2013 nein, es war einfach nur zu hei\u00df! Daf\u00fcr kann nat\u00fcrlich keiner etwas und ein wenig Sonne ist immer noch deutlich angenehmer, als zu\u2026","rel":"","context":"In &quot;2013&quot;","block_context":{"text":"2013","link":"http:\/\/www.rockpixx.com\/wordpress\/category\/backstage\/2013\/"},"img":{"alt_text":"Impressionen, 02.08.2013, Wacken, W:O:A 2013","src":"https:\/\/i0.wp.com\/www.rockpixx.com\/wordpress\/wp-content\/uploads\/2013\/08\/20130802-00-018.jpg?resize=350%2C200","width":350,"height":200,"srcset":"https:\/\/i0.wp.com\/www.rockpixx.com\/wordpress\/wp-content\/uploads\/2013\/08\/20130802-00-018.jpg?resize=350%2C200 1x, https:\/\/i0.wp.com\/www.rockpixx.com\/wordpress\/wp-content\/uploads\/2013\/08\/20130802-00-018.jpg?resize=525%2C300 1.5x, https:\/\/i0.wp.com\/www.rockpixx.com\/wordpress\/wp-content\/uploads\/2013\/08\/20130802-00-018.jpg?resize=700%2C400 2x"},"classes":[]},{"id":12000,"url":"http:\/\/www.rockpixx.com\/wordpress\/alice-cooper-03-08-2013-wacken-woa-2013\/","url_meta":{"origin":16425,"position":2},"title":"Alice Cooper, 03.08.2013, Wacken, W:O:A 2013","author":"admin","date":"8. August 2013","format":false,"excerpt":"Auch wieder einmal in Wacken und erneut \u2013 nach \u2192 Kempten 2010 \u2013 vor unseren Kameras, der \u201enetteste Kinderschreck, den es gibt\u201c: Alice Cooper. Ein Funkenregen l\u00e4utet den Auftritt ein und durch die L\u00fccke in der Mitte kommt der Meister auf die B\u00fchne \u2013 stilgerecht in einem rot-schwarz gestreiften Frack\u2026","rel":"","context":"In &quot;Acts&quot;","block_context":{"text":"Acts","link":"http:\/\/www.rockpixx.com\/wordpress\/category\/acts\/"},"img":{"alt_text":"Alice Cooper, W:O:A 2013, 03.08.2013, Wacken","src":"https:\/\/i0.wp.com\/www.rockpixx.com\/wordpress\/wp-content\/uploads\/2013\/08\/20130803-05-054_alice-cooper-Artikel.jpg?resize=350%2C200","width":350,"height":200,"srcset":"https:\/\/i0.wp.com\/www.rockpixx.com\/wordpress\/wp-content\/uploads\/2013\/08\/20130803-05-054_alice-cooper-Artikel.jpg?resize=350%2C200 1x, https:\/\/i0.wp.com\/www.rockpixx.com\/wordpress\/wp-content\/uploads\/2013\/08\/20130803-05-054_alice-cooper-Artikel.jpg?resize=525%2C300 1.5x, https:\/\/i0.wp.com\/www.rockpixx.com\/wordpress\/wp-content\/uploads\/2013\/08\/20130803-05-054_alice-cooper-Artikel.jpg?resize=700%2C400 2x"},"classes":[]},{"id":15991,"url":"http:\/\/www.rockpixx.com\/wordpress\/saxon-31-07-2014-wacken-woa-2014\/","url_meta":{"origin":16425,"position":3},"title":"Saxon, 31.07.2014, Wacken, W:O:A 2014","author":"admin","date":"1. August 2014","format":false,"excerpt":"\u2192 \u201eSaxon\u201c sind sowohl bei uns als auch auf dem W:O:A Wiederholungst\u00e4ter. Insofern freute ich mich, die britischen Urgesteine des Heavy Metal wiederzusehen. Der Auftritt verz\u00f6gert sich leider um knapp 15 Minuten, weil \u2013 unplangem\u00e4\u00df zwei Zauberk\u00fcnstler auf der True Metal Stage sich noch ein wenig produzieren m\u00fcssen. Das Resultat\u2026","rel":"","context":"In &quot;Acts&quot;","block_context":{"text":"Acts","link":"http:\/\/www.rockpixx.com\/wordpress\/category\/acts\/"},"img":{"alt_text":"Saxon, 31.07.2014, Wacken, Wacken Open Air","src":"https:\/\/i0.wp.com\/www.rockpixx.com\/wordpress\/wp-content\/uploads\/2014\/08\/20140731-05-078_saxon_Artikel.jpg?resize=350%2C200","width":350,"height":200,"srcset":"https:\/\/i0.wp.com\/www.rockpixx.com\/wordpress\/wp-content\/uploads\/2014\/08\/20140731-05-078_saxon_Artikel.jpg?resize=350%2C200 1x, https:\/\/i0.wp.com\/www.rockpixx.com\/wordpress\/wp-content\/uploads\/2014\/08\/20140731-05-078_saxon_Artikel.jpg?resize=525%2C300 1.5x, https:\/\/i0.wp.com\/www.rockpixx.com\/wordpress\/wp-content\/uploads\/2014\/08\/20140731-05-078_saxon_Artikel.jpg?resize=700%2C400 2x"},"classes":[]},{"id":19018,"url":"http:\/\/www.rockpixx.com\/wordpress\/powerwolf-01-08-2015-wacken-woa-2015\/","url_meta":{"origin":16425,"position":4},"title":"Powerwolf, 01.08.2015, Wacken, W:O:A 2015","author":"Anja","date":"9. August 2015","format":false,"excerpt":"\u201e\u2018Powerwolf\u2018 musst Du unbedingt fotografieren und Dir auch den Rest des Konzertes anschauen, die bringen Spa\u00df.\u201c \u2013 Diese Worte bekam ich noch von meinem Kollegen von rockpixx.com mit, den ich krankheitsbedingt auf dem diesj\u00e4hrigen Wacken Open Air vertreten habe. Also ging ich mit einer gewissen Erwartungshaltung in den Graben. Ich\u2026","rel":"","context":"In &quot;Acts&quot;","block_context":{"text":"Acts","link":"http:\/\/www.rockpixx.com\/wordpress\/category\/acts\/"},"img":{"alt_text":"Powerwolf, 01.08.2015, Wacken, Wacken Open Air 2015","src":"https:\/\/i0.wp.com\/www.rockpixx.com\/wordpress\/wp-content\/uploads\/2015\/08\/20150801-01-069.jpg?resize=350%2C200","width":350,"height":200,"srcset":"https:\/\/i0.wp.com\/www.rockpixx.com\/wordpress\/wp-content\/uploads\/2015\/08\/20150801-01-069.jpg?resize=350%2C200 1x, https:\/\/i0.wp.com\/www.rockpixx.com\/wordpress\/wp-content\/uploads\/2015\/08\/20150801-01-069.jpg?resize=525%2C300 1.5x, https:\/\/i0.wp.com\/www.rockpixx.com\/wordpress\/wp-content\/uploads\/2015\/08\/20150801-01-069.jpg?resize=700%2C400 2x"},"classes":[]},{"id":16090,"url":"http:\/\/www.rockpixx.com\/wordpress\/kreator-02-08-2014-wacken-woa-2014\/","url_meta":{"origin":16425,"position":5},"title":"Kreator, 02.08.2014, Wacken, W:O:A 2014","author":"Anja","date":"3. August 2014","format":false,"excerpt":"Ok, auf zum Endspurt! Als letzte Band des diesj\u00e4hrigen W:O:A steht f\u00fcr mich \u201eKreator\u201c auf der Black Stage an. Vorab: Es ist relativ dunkel und die (mitunter extremen) Lichtverh\u00e4ltnisse wechseln schneller, als das Auge es erfassen kann. Und nicht zum ersten Mal an diesen drei Tagen w\u00fcnsche ich mir \u201eintelligente\u2026","rel":"","context":"In &quot;Acts&quot;","block_context":{"text":"Acts","link":"http:\/\/www.rockpixx.com\/wordpress\/category\/acts\/"},"img":{"alt_text":"Kreator, 02.08.2014, Wacken, Wacken Open Air 2014","src":"https:\/\/i0.wp.com\/www.rockpixx.com\/wordpress\/wp-content\/uploads\/2014\/08\/20140802-07-196.jpg?resize=350%2C200","width":350,"height":200,"srcset":"https:\/\/i0.wp.com\/www.rockpixx.com\/wordpress\/wp-content\/uploads\/2014\/08\/20140802-07-196.jpg?resize=350%2C200 1x, https:\/\/i0.wp.com\/www.rockpixx.com\/wordpress\/wp-content\/uploads\/2014\/08\/20140802-07-196.jpg?resize=525%2C300 1.5x, https:\/\/i0.wp.com\/www.rockpixx.com\/wordpress\/wp-content\/uploads\/2014\/08\/20140802-07-196.jpg?resize=700%2C400 2x"},"classes":[]}],"jetpack_sharing_enabled":true,"publishpress_future_action":{"enabled":false,"date":"2026-05-07 15:58:30","action":"change-status","newStatus":"draft","terms":[],"taxonomy":"category","extraData":[]},"publishpress_future_workflow_manual_trigger":{"enabledWorkflows":[]},"_links":{"self":[{"href":"http:\/\/www.rockpixx.com\/wordpress\/wp-json\/wp\/v2\/posts\/16425","targetHints":{"allow":["GET"]}}],"collection":[{"href":"http:\/\/www.rockpixx.com\/wordpress\/wp-json\/wp\/v2\/posts"}],"about":[{"href":"http:\/\/www.rockpixx.com\/wordpress\/wp-json\/wp\/v2\/types\/post"}],"author":[{"embeddable":true,"href":"http:\/\/www.rockpixx.com\/wordpress\/wp-json\/wp\/v2\/users\/1"}],"replies":[{"embeddable":true,"href":"http:\/\/www.rockpixx.com\/wordpress\/wp-json\/wp\/v2\/comments?post=16425"}],"version-history":[{"count":0,"href":"http:\/\/www.rockpixx.com\/wordpress\/wp-json\/wp\/v2\/posts\/16425\/revisions"}],"wp:featuredmedia":[{"embeddable":true,"href":"http:\/\/www.rockpixx.com\/wordpress\/wp-json\/wp\/v2\/media\/16426"}],"wp:attachment":[{"href":"http:\/\/www.rockpixx.com\/wordpress\/wp-json\/wp\/v2\/media?parent=16425"}],"wp:term":[{"taxonomy":"category","embeddable":true,"href":"http:\/\/www.rockpixx.com\/wordpress\/wp-json\/wp\/v2\/categories?post=16425"},{"taxonomy":"post_tag","embeddable":true,"href":"http:\/\/www.rockpixx.com\/wordpress\/wp-json\/wp\/v2\/tags?post=16425"}],"curies":[{"name":"wp","href":"https:\/\/api.w.org\/{rel}","templated":true}]}}