{"id":16465,"date":"2014-08-18T16:01:18","date_gmt":"2014-08-18T15:01:18","guid":{"rendered":"http:\/\/rockpixx.com\/wordpress\/?p=16465"},"modified":"2014-08-18T17:13:56","modified_gmt":"2014-08-18T16:13:56","slug":"marquess-16-08-2014-wahlstedt","status":"publish","type":"post","link":"http:\/\/www.rockpixx.com\/wordpress\/marquess-16-08-2014-wahlstedt\/","title":{"rendered":"Marquess, 16.08.2014, Wahlstedt"},"content":{"rendered":"<p>Kommen wir zu den zweiten \u2192 \u201e<a title=\"Marquess auf rockpixx.com\" href=\"http:\/\/rockpixx.com\/wordpress\/category\/acts\/andere-bands\/andere-m\/marquess\/\">Wiederholungst\u00e4tern<\/a>\u201c des Abends: \u201eMarquess\u201c. Ein Anruf der Band wenige Tage zuvor f\u00fchrte erst dazu, dass wir \u2013 nach einem Termin in Hamburg \u2013 den Sonnabendabend in Wahlstedt verbringen.<\/p>\n<p><!--more--><\/p>\n<p>\u201eFavoritas\u201c \u2013 das aktuelle Album von \u201eMarquess\u201c tummelt sich im Moment ja munter in den Top 10 der deutschen Albumcharts und so verwundert es auch nicht, wenn der Platz vor der B\u00fchne gut gef\u00fcllt ist \u2013 trotz ab und zu einsetzender Schauer. Ist das Wetter also eher nach schleswig-holsteiner Sommerart gestrickt, die Musik von \u201eMarquess\u201c l\u00e4sst einen das schnell vergessen. Hier werden Erinnerungen und Sehns\u00fcchte nach dem endlosen spanischen Sommer geweckt und \u2013 zumindest in der Phantasie \u2013 auch erf\u00fcllt. Die drei Musiker um Frontmann Sascha Pierro verstehen es in Zusammenarbeit mit den vier sie unterst\u00fctzenden Kollegen gut, das Publikum mehr als nur bei Laune zu halten. F\u00fcr schleswig-holsteinische Verh\u00e4ltnisse (und die klimatischen Rahmenbedingungen) ist das Publikum nahezu euphorisiert. Sch\u00f6n ist auch zu sehen, dass diese Art von Musik alle Altersgruppen anspricht: Vom Kind bis hin zu der Generation der \u201eSilver Hairer\u201c.<\/p>\n<p>Fazit f\u00fcr uns: Alles war angenehm, bis auf das Licht. Wenn von hinten LEDs einfarbig jeweils auf 110% gefahren werden und daf\u00fcr an den Frontlights gespart wird, dann kommen wir Fotografen auch irgendwann an unsere Grenzen. Schade eigentlich \u2013 die Musiker h\u00e4tten besseres Licht verdient gehabt.<\/p>\n<p>Ein PS mit einem gewaltigen Augenzwinkern schicken wir dann aber doch noch hinterher: Namedropping ist gut f\u00fcr&#8217;s Image und nat\u00fcrlich auch f\u00fcr die Bots von Suchmaschinen interessant. Und so schreiben wir hier im Nachtrag noch das Folgende: Keyboarder Christian Fleps ist auch als Produzent f\u00fcr \u2192 <a title=\"Jimmy Somerville, 27.11.2009, Dresden, ICD\" href=\"http:\/\/rockpixx.com\/wordpress\/jimmy-somerville-27-11-2009-dresden-icd\/\">Jimmy Somerville<\/a> t\u00e4tig.<\/p>\n<p style=\"text-align: right;\">Fotos: <a href=\"mailto:a.roselt@rockpixx.com?subject=Marquess,%2016.08.2014,%20Wahlstedt\">Anja<\/a>, <a href=\"mailto:info@rockpixx.com?subject=Marquess,%2016.08.2014,%20Wahlstedt\">Alex<\/a> | Text: <a href=\"mailto:info@rockpixx.com?subject=Marquess,%2016.08.2014,%20Wahlstedt\">Alex<\/a><\/p>\n<p>&nbsp;<\/p>\n<div class=\"eat-left eat-right\"><div class=\"thumbs-masonry isotope\"><div class=\"isotope-item block-2 block-h-2\"><a href=\"http:\/\/www.rockpixx.com\/wordpress\/wp-content\/uploads\/2014\/08\/20140816-02-055.jpg\" rel=\"prettyPhoto[postgal_16460]\" class=\"show-hover-link block-h-2\"\"><img decoding=\"async\" src=\"http:\/\/www.rockpixx.com\/wordpress\/wp-content\/uploads\/2014\/08\/20140816-02-055-480x480.jpg\" alt=\"Marquess, 16.08.2014, Wahlstedt, NDR Sommertour\"\/><span class=\"before\"><\/span><span class=\"after\"><\/span><\/a><\/div><div class=\"isotope-item block-1 block-h-1\"><a href=\"http:\/\/www.rockpixx.com\/wordpress\/wp-content\/uploads\/2014\/08\/20140816-02-106.jpg\" rel=\"prettyPhoto[postgal_16460]\" class=\"show-hover-link block-h-1\"\"><img decoding=\"async\" src=\"http:\/\/www.rockpixx.com\/wordpress\/wp-content\/uploads\/2014\/08\/20140816-02-106-480x480.jpg\" alt=\"Marquess, 16.08.2014, Wahlstedt, NDR Sommertour\"\/><span class=\"before\"><\/span><span class=\"after\"><\/span><\/a><\/div><div class=\"isotope-item block-1 block-h-1\"><a href=\"http:\/\/www.rockpixx.com\/wordpress\/wp-content\/uploads\/2014\/08\/20140816-02-132.jpg\" rel=\"prettyPhoto[postgal_16460]\" class=\"show-hover-link block-h-1\"\"><img decoding=\"async\" src=\"http:\/\/www.rockpixx.com\/wordpress\/wp-content\/uploads\/2014\/08\/20140816-02-132-480x480.jpg\" alt=\"Marquess, 16.08.2014, Wahlstedt, NDR Sommertour\"\/><span class=\"before\"><\/span><span class=\"after\"><\/span><\/a><\/div><div class=\"isotope-item block-2 block-h-2\"><a href=\"http:\/\/www.rockpixx.com\/wordpress\/wp-content\/uploads\/2014\/08\/20140816-02-144.jpg\" rel=\"prettyPhoto[postgal_16460]\" class=\"show-hover-link block-h-2\"\"><img decoding=\"async\" src=\"http:\/\/www.rockpixx.com\/wordpress\/wp-content\/uploads\/2014\/08\/20140816-02-144-480x480.jpg\" alt=\"Marquess, 16.08.2014, Wahlstedt, NDR Sommertour\"\/><span class=\"before\"><\/span><span class=\"after\"><\/span><\/a><\/div><div class=\"isotope-item block-1 block-h-1\"><a href=\"http:\/\/www.rockpixx.com\/wordpress\/wp-content\/uploads\/2014\/08\/20140816-02-217.jpg\" rel=\"prettyPhoto[postgal_16460]\" class=\"show-hover-link block-h-1\"\"><img decoding=\"async\" src=\"http:\/\/www.rockpixx.com\/wordpress\/wp-content\/uploads\/2014\/08\/20140816-02-217-480x480.jpg\" alt=\"Marquess, 16.08.2014, Wahlstedt, NDR Sommertour\"\/><span class=\"before\"><\/span><span class=\"after\"><\/span><\/a><\/div><div class=\"isotope-item block-1 block-h-1\"><a href=\"http:\/\/www.rockpixx.com\/wordpress\/wp-content\/uploads\/2014\/08\/20140816-02-224.jpg\" rel=\"prettyPhoto[postgal_16460]\" class=\"show-hover-link block-h-1\"\"><img decoding=\"async\" src=\"http:\/\/www.rockpixx.com\/wordpress\/wp-content\/uploads\/2014\/08\/20140816-02-224-480x480.jpg\" alt=\"Marquess, 16.08.2014, Wahlstedt, NDR Sommertour\"\/><span class=\"before\"><\/span><span class=\"after\"><\/span><\/a><\/div><div class=\"isotope-item block-2 block-h-2\"><a href=\"http:\/\/www.rockpixx.com\/wordpress\/wp-content\/uploads\/2014\/08\/20140816-02-249.jpg\" rel=\"prettyPhoto[postgal_16460]\" class=\"show-hover-link block-h-2\"\"><img decoding=\"async\" src=\"http:\/\/www.rockpixx.com\/wordpress\/wp-content\/uploads\/2014\/08\/20140816-02-249-480x480.jpg\" alt=\"Marquess, 16.08.2014, Wahlstedt, NDR Sommertour\"\/><span class=\"before\"><\/span><span class=\"after\"><\/span><\/a><\/div><div class=\"isotope-item block-1 block-h-1\"><a href=\"http:\/\/www.rockpixx.com\/wordpress\/wp-content\/uploads\/2014\/08\/20140816-02-260.jpg\" rel=\"prettyPhoto[postgal_16460]\" class=\"show-hover-link block-h-1\"\"><img decoding=\"async\" src=\"http:\/\/www.rockpixx.com\/wordpress\/wp-content\/uploads\/2014\/08\/20140816-02-260-480x480.jpg\" alt=\"Marquess, 16.08.2014, Wahlstedt, NDR Sommertour\"\/><span class=\"before\"><\/span><span class=\"after\"><\/span><\/a><\/div><div class=\"isotope-item block-1 block-h-1\"><a href=\"http:\/\/www.rockpixx.com\/wordpress\/wp-content\/uploads\/2014\/08\/20140816-02-269.jpg\" rel=\"prettyPhoto[postgal_16460]\" class=\"show-hover-link block-h-1\"\"><img decoding=\"async\" src=\"http:\/\/www.rockpixx.com\/wordpress\/wp-content\/uploads\/2014\/08\/20140816-02-269-480x480.jpg\" alt=\"Marquess, 16.08.2014, Wahlstedt, NDR Sommertour\"\/><span class=\"before\"><\/span><span class=\"after\"><\/span><\/a><\/div><div class=\"isotope-item block-2 block-h-2\"><a href=\"http:\/\/www.rockpixx.com\/wordpress\/wp-content\/uploads\/2014\/08\/20140816-02-303.jpg\" rel=\"prettyPhoto[postgal_16460]\" class=\"show-hover-link block-h-2\"\"><img decoding=\"async\" src=\"http:\/\/www.rockpixx.com\/wordpress\/wp-content\/uploads\/2014\/08\/20140816-02-303-480x480.jpg\" alt=\"Marquess, 16.08.2014, Wahlstedt, NDR Sommertour\"\/><span class=\"before\"><\/span><span class=\"after\"><\/span><\/a><\/div><div class=\"isotope-item block-1 block-h-1\"><a href=\"http:\/\/www.rockpixx.com\/wordpress\/wp-content\/uploads\/2014\/08\/20140816-02-307.jpg\" rel=\"prettyPhoto[postgal_16460]\" class=\"show-hover-link block-h-1\"\"><img decoding=\"async\" src=\"http:\/\/www.rockpixx.com\/wordpress\/wp-content\/uploads\/2014\/08\/20140816-02-307-480x480.jpg\" alt=\"Marquess, 16.08.2014, Wahlstedt, NDR Sommertour\"\/><span class=\"before\"><\/span><span class=\"after\"><\/span><\/a><\/div><div class=\"isotope-item block-1 block-h-1\"><a href=\"http:\/\/www.rockpixx.com\/wordpress\/wp-content\/uploads\/2014\/08\/20140816-02-318.jpg\" rel=\"prettyPhoto[postgal_16460]\" class=\"show-hover-link block-h-1\"\"><img decoding=\"async\" src=\"http:\/\/www.rockpixx.com\/wordpress\/wp-content\/uploads\/2014\/08\/20140816-02-318-480x480.jpg\" alt=\"Marquess, 16.08.2014, Wahlstedt, NDR Sommertour\"\/><span class=\"before\"><\/span><span class=\"after\"><\/span><\/a><\/div><div class=\"isotope-item block-2 block-h-2\"><a href=\"http:\/\/www.rockpixx.com\/wordpress\/wp-content\/uploads\/2014\/08\/20140816-02-347.jpg\" rel=\"prettyPhoto[postgal_16460]\" class=\"show-hover-link block-h-2\"\"><img decoding=\"async\" src=\"http:\/\/www.rockpixx.com\/wordpress\/wp-content\/uploads\/2014\/08\/20140816-02-347-480x480.jpg\" alt=\"Marquess, 16.08.2014, Wahlstedt, NDR Sommertour\"\/><span class=\"before\"><\/span><span class=\"after\"><\/span><\/a><\/div><div class=\"isotope-item block-1 block-h-1\"><a href=\"http:\/\/www.rockpixx.com\/wordpress\/wp-content\/uploads\/2014\/08\/20140816-02-363.jpg\" rel=\"prettyPhoto[postgal_16460]\" class=\"show-hover-link block-h-1\"\"><img decoding=\"async\" src=\"http:\/\/www.rockpixx.com\/wordpress\/wp-content\/uploads\/2014\/08\/20140816-02-363-480x480.jpg\" alt=\"Marquess, 16.08.2014, Wahlstedt, NDR Sommertour\"\/><span class=\"before\"><\/span><span class=\"after\"><\/span><\/a><\/div><div class=\"isotope-item block-1 block-h-1\"><a href=\"http:\/\/www.rockpixx.com\/wordpress\/wp-content\/uploads\/2014\/08\/20140816-02-433.jpg\" rel=\"prettyPhoto[postgal_16460]\" class=\"show-hover-link block-h-1\"\"><img decoding=\"async\" src=\"http:\/\/www.rockpixx.com\/wordpress\/wp-content\/uploads\/2014\/08\/20140816-02-433-480x480.jpg\" alt=\"Marquess, 16.08.2014, Wahlstedt, NDR Sommertour\"\/><span class=\"before\"><\/span><span class=\"after\"><\/span><\/a><\/div><\/div><\/div>\n","protected":false},"excerpt":{"rendered":"<p>Kommen wir zu den zweiten \u2192 \u201eWiederholungst\u00e4tern\u201c des Abends: \u201eMarquess\u201c. Ein Anruf der Band wenige <a href=\"http:\/\/www.rockpixx.com\/wordpress\/marquess-16-08-2014-wahlstedt\/\">Read more<\/a><\/p>\n","protected":false},"author":1,"featured_media":16448,"comment_status":"open","ping_status":"open","sticky":false,"template":"","format":"standard","meta":{"_jetpack_memberships_contains_paid_content":false,"footnotes":"","jetpack_publicize_message":"#Marquess, 16.08.2014, Wahlstedt, #NDR, #NDRSommertour2014","jetpack_publicize_feature_enabled":true,"jetpack_social_post_already_shared":true,"jetpack_social_options":{"image_generator_settings":{"template":"highway","default_image_id":0,"font":"","enabled":false},"version":2}},"categories":[34,384],"tags":[2291,1779,1478,1775,1479],"class_list":["post-16465","post","type-post","status-publish","format-standard","has-post-thumbnail","hentry","category-acts","category-marquess","tag-2291","tag-marquess","tag-ndr-sommertour","tag-ndr-buhne","tag-wahlstedt"],"aioseo_notices":[],"jetpack_publicize_connections":[],"jetpack_featured_media_url":"http:\/\/www.rockpixx.com\/wordpress\/wp-content\/uploads\/2014\/08\/20140816-02-217.jpg","jetpack-related-posts":[{"id":14699,"url":"http:\/\/www.rockpixx.com\/wordpress\/marquess-23-06-2014-kiel-ndr-buehne\/","url_meta":{"origin":16465,"position":0},"title":"Marquess, 23.06.2014, Kiel, NDR-B\u00fchne","author":"Anja","date":"24. Juni 2014","format":false,"excerpt":"Was mir auff\u00e4llt, ist zum einen das riesige Dach \u00fcber dem B\u00fchnenvorplatz, welches mich an den Deckel einer Suppensch\u00fcssel erinnert \u2013 meine Oma hat noch so ein Teil im Schrank stehen. Das zweite ist \u2013 die B\u00fchne ist h\u00f6her und schmaler als in den vergangenen Jahren und es fehlt ein\u2026","rel":"","context":"In &quot;Acts&quot;","block_context":{"text":"Acts","link":"http:\/\/www.rockpixx.com\/wordpress\/category\/acts\/"},"img":{"alt_text":"Marquess, 23.06.2014, Kiel, NDR-B\u00fchne","src":"https:\/\/i0.wp.com\/www.rockpixx.com\/wordpress\/wp-content\/uploads\/2014\/06\/20140623-03-030_marquess_Artikel.jpg?resize=350%2C200","width":350,"height":200,"srcset":"https:\/\/i0.wp.com\/www.rockpixx.com\/wordpress\/wp-content\/uploads\/2014\/06\/20140623-03-030_marquess_Artikel.jpg?resize=350%2C200 1x, https:\/\/i0.wp.com\/www.rockpixx.com\/wordpress\/wp-content\/uploads\/2014\/06\/20140623-03-030_marquess_Artikel.jpg?resize=525%2C300 1.5x, https:\/\/i0.wp.com\/www.rockpixx.com\/wordpress\/wp-content\/uploads\/2014\/06\/20140623-03-030_marquess_Artikel.jpg?resize=700%2C400 2x"},"classes":[]},{"id":2546,"url":"http:\/\/www.rockpixx.com\/wordpress\/marquess-24-06-2008-kiel-ndr-buhne\/","url_meta":{"origin":16465,"position":1},"title":"Marquess, 24.06.2008, Kiel, NDR-B\u00fchne","author":"Anja","date":"24. Juni 2008","format":false,"excerpt":"Kurz nach \u2192\u00a0Stefanie Heinzmann kommen die smarten Jungs von \u201eMarquess\u201c auf die B\u00fchne \u2013 die Menge der hyperventilierenden Mittelstufenhupen ist noch einmal gewachsen, offiziell spricht der NDR von 18.000 Zuschauern.\u00a0 Die versammelten M\u00e4dchenschw\u00e4rme aus Hannover sind Profis genug, um gekonnt ihr Programm mit entsprechend \u201espanischem Temperament\u201c darzubieten. Ich h\u00e4tte mir\u2026","rel":"","context":"In &quot;Acts&quot;","block_context":{"text":"Acts","link":"http:\/\/www.rockpixx.com\/wordpress\/category\/acts\/"},"img":{"alt_text":"Marquess, 24.06.2008, Kiel, NDR-B\u00fchne","src":"https:\/\/i0.wp.com\/www.rockpixx.com\/wordpress\/wp-content\/uploads\/2008\/06\/20080624-02-marquess-Artikel.jpg?resize=350%2C200","width":350,"height":200,"srcset":"https:\/\/i0.wp.com\/www.rockpixx.com\/wordpress\/wp-content\/uploads\/2008\/06\/20080624-02-marquess-Artikel.jpg?resize=350%2C200 1x, https:\/\/i0.wp.com\/www.rockpixx.com\/wordpress\/wp-content\/uploads\/2008\/06\/20080624-02-marquess-Artikel.jpg?resize=525%2C300 1.5x, https:\/\/i0.wp.com\/www.rockpixx.com\/wordpress\/wp-content\/uploads\/2008\/06\/20080624-02-marquess-Artikel.jpg?resize=700%2C400 2x"},"classes":[]},{"id":8414,"url":"http:\/\/www.rockpixx.com\/wordpress\/marquess-15-06-2012-kiel-rathausbuhne\/","url_meta":{"origin":16465,"position":2},"title":"Marquess, 15.06.2012, Kiel, Rathausb\u00fchne","author":"Anja","date":"15. Juni 2012","format":false,"excerpt":"Das typische Kieler Woche Wetter \u2013 Wasser von oben, von der Seite usw. \u2013 bescherte mir einen freien Weg von der h\u00f6rn b\u00fchne zur Rathausb\u00fchne und so schaffte ich den Weg in gut 20 min. An der Rathausb\u00fchne erwartete mich Marquess eine deutsche Band, die durch Lieder wie \u201eEl Temperamento\u201c\u2026","rel":"","context":"In &quot;Acts&quot;","block_context":{"text":"Acts","link":"http:\/\/www.rockpixx.com\/wordpress\/category\/acts\/"},"img":{"alt_text":"Marquess, 15.06.2012, Kiel, Rathausb\u00fchne","src":"https:\/\/i0.wp.com\/www.rockpixx.com\/wordpress\/wp-content\/uploads\/2013\/02\/20120615-04-marquess-Artikel.jpg?resize=350%2C200","width":350,"height":200,"srcset":"https:\/\/i0.wp.com\/www.rockpixx.com\/wordpress\/wp-content\/uploads\/2013\/02\/20120615-04-marquess-Artikel.jpg?resize=350%2C200 1x, https:\/\/i0.wp.com\/www.rockpixx.com\/wordpress\/wp-content\/uploads\/2013\/02\/20120615-04-marquess-Artikel.jpg?resize=525%2C300 1.5x, https:\/\/i0.wp.com\/www.rockpixx.com\/wordpress\/wp-content\/uploads\/2013\/02\/20120615-04-marquess-Artikel.jpg?resize=700%2C400 2x"},"classes":[]},{"id":8679,"url":"http:\/\/www.rockpixx.com\/wordpress\/weibliche-fans-oder-ich-komme-mir-alt-vor\/","url_meta":{"origin":16465,"position":3},"title":"Weibliche Fans oder \u201eIch komme mir alt vor\u201c","author":"admin","date":"24. Juni 2008","format":false,"excerpt":"Eigentlich habe ich das noch nicht so deutlich gemerkt, aber was da vor der NDR-B\u00fchne abgeht, l\u00e4sst mich schon irgendwie merken, dass meine Schulzeit doch etwas weiter zur\u00fcckliegt. Doch der Reihe nach: Erster Gig des Abends ist \u2192 \u201eStefanie Heinzmann\u201c. Bislang ist mir diese Dame irgendwie entgangen \u2013 schaue ich\u2026","rel":"","context":"In &quot;2008&quot;","block_context":{"text":"2008","link":"http:\/\/www.rockpixx.com\/wordpress\/category\/backstage\/2008\/"},"img":{"alt_text":"Kieler Woche 2008","src":"https:\/\/i0.wp.com\/www.rockpixx.com\/wordpress\/wp-content\/uploads\/2013\/02\/20080624-01-062.jpg?resize=350%2C200","width":350,"height":200},"classes":[]},{"id":2549,"url":"http:\/\/www.rockpixx.com\/wordpress\/merqury-24-06-2008-kiel-maxbuhne\/","url_meta":{"origin":16465,"position":4},"title":"MerQury, 24.06.2008, Kiel, MAXB\u00fchne","author":"Anja","date":"24. Juni 2008","format":false,"excerpt":"Ich hatte diese beeindruckende Queen-Tributeband ja schon einmal vor der Linse \u2013 im \u2192\u00a0November 2007 in Braunschweig. Auch dieses Mal war die Show beeindruckend und endlich habe ich sie auch einmal in (fast) voller L\u00e4nge sehen und h\u00f6ren k\u00f6nnen \u2013 nur den Anfang konnte ich wegen des zeitgleich stattfindenden Auftrittes\u2026","rel":"","context":"In &quot;Acts&quot;","block_context":{"text":"Acts","link":"http:\/\/www.rockpixx.com\/wordpress\/category\/acts\/"},"img":{"alt_text":"MerQury, 24.06.2008, Kiel, MAXB\u00fchne","src":"https:\/\/i0.wp.com\/www.rockpixx.com\/wordpress\/wp-content\/uploads\/2008\/06\/20080624-03-merqury-Artikel.jpg?resize=350%2C200","width":350,"height":200,"srcset":"https:\/\/i0.wp.com\/www.rockpixx.com\/wordpress\/wp-content\/uploads\/2008\/06\/20080624-03-merqury-Artikel.jpg?resize=350%2C200 1x, https:\/\/i0.wp.com\/www.rockpixx.com\/wordpress\/wp-content\/uploads\/2008\/06\/20080624-03-merqury-Artikel.jpg?resize=525%2C300 1.5x, https:\/\/i0.wp.com\/www.rockpixx.com\/wordpress\/wp-content\/uploads\/2008\/06\/20080624-03-merqury-Artikel.jpg?resize=700%2C400 2x"},"classes":[]},{"id":11353,"url":"http:\/\/www.rockpixx.com\/wordpress\/nena-30-06-2013-kiel-ndr-buhne-2\/","url_meta":{"origin":16465,"position":5},"title":"Nena, 30.06.2013, Kiel, NDR-B\u00fchne","author":"Anja","date":"1. Juli 2013","format":false,"excerpt":"Nena zum \u2192\u00a0zweiten Mal nach 2010 auf der Kieler Woche und auch diesmal berichten wir von diesem Konzert bzw. wir berichten vom ersten Song und zeigen die dazu geh\u00f6renden Bilder. Aber der Reihe nach. Das erste was mir auffiel, war die gro\u00dfe Nervosit\u00e4t der Security-Mitarbeiter an diesem Abend. Ob das\u2026","rel":"","context":"In &quot;Acts&quot;","block_context":{"text":"Acts","link":"http:\/\/www.rockpixx.com\/wordpress\/category\/acts\/"},"img":{"alt_text":"Nena, 30.06.2013, Kiel, NDR-B\u00fchne","src":"https:\/\/i0.wp.com\/www.rockpixx.com\/wordpress\/wp-content\/uploads\/2013\/07\/20130630-04-032_nena-Artikel.jpg?resize=350%2C200","width":350,"height":200,"srcset":"https:\/\/i0.wp.com\/www.rockpixx.com\/wordpress\/wp-content\/uploads\/2013\/07\/20130630-04-032_nena-Artikel.jpg?resize=350%2C200 1x, https:\/\/i0.wp.com\/www.rockpixx.com\/wordpress\/wp-content\/uploads\/2013\/07\/20130630-04-032_nena-Artikel.jpg?resize=525%2C300 1.5x, https:\/\/i0.wp.com\/www.rockpixx.com\/wordpress\/wp-content\/uploads\/2013\/07\/20130630-04-032_nena-Artikel.jpg?resize=700%2C400 2x"},"classes":[]}],"jetpack_sharing_enabled":true,"publishpress_future_action":{"enabled":false,"date":"2026-05-08 07:52:26","action":"change-status","newStatus":"draft","terms":[],"taxonomy":"category","extraData":[]},"publishpress_future_workflow_manual_trigger":{"enabledWorkflows":[]},"_links":{"self":[{"href":"http:\/\/www.rockpixx.com\/wordpress\/wp-json\/wp\/v2\/posts\/16465","targetHints":{"allow":["GET"]}}],"collection":[{"href":"http:\/\/www.rockpixx.com\/wordpress\/wp-json\/wp\/v2\/posts"}],"about":[{"href":"http:\/\/www.rockpixx.com\/wordpress\/wp-json\/wp\/v2\/types\/post"}],"author":[{"embeddable":true,"href":"http:\/\/www.rockpixx.com\/wordpress\/wp-json\/wp\/v2\/users\/1"}],"replies":[{"embeddable":true,"href":"http:\/\/www.rockpixx.com\/wordpress\/wp-json\/wp\/v2\/comments?post=16465"}],"version-history":[{"count":0,"href":"http:\/\/www.rockpixx.com\/wordpress\/wp-json\/wp\/v2\/posts\/16465\/revisions"}],"wp:featuredmedia":[{"embeddable":true,"href":"http:\/\/www.rockpixx.com\/wordpress\/wp-json\/wp\/v2\/media\/16448"}],"wp:attachment":[{"href":"http:\/\/www.rockpixx.com\/wordpress\/wp-json\/wp\/v2\/media?parent=16465"}],"wp:term":[{"taxonomy":"category","embeddable":true,"href":"http:\/\/www.rockpixx.com\/wordpress\/wp-json\/wp\/v2\/categories?post=16465"},{"taxonomy":"post_tag","embeddable":true,"href":"http:\/\/www.rockpixx.com\/wordpress\/wp-json\/wp\/v2\/tags?post=16465"}],"curies":[{"name":"wp","href":"https:\/\/api.w.org\/{rel}","templated":true}]}}