{"id":16671,"date":"2014-09-05T21:20:11","date_gmt":"2014-09-05T20:20:11","guid":{"rendered":"http:\/\/rockpixx.com\/wordpress\/?p=16671"},"modified":"2014-09-05T21:20:11","modified_gmt":"2014-09-05T20:20:11","slug":"black-blitz-30-08-2014-baltic-open-air-schleswig","status":"publish","type":"post","link":"http:\/\/www.rockpixx.com\/wordpress\/black-blitz-30-08-2014-baltic-open-air-schleswig\/","title":{"rendered":"Black Blitz, 30.08.2014, Baltic Open Air, Schleswig"},"content":{"rendered":"<p>Was steht auf der Homepage von \u201eBlack Blitz\u201c? \u201e<em>Der Name Black Blitz vereint [\u2026] alles wof\u00fcr die Band steht: Hochspannung, Gefahr, englische Texte, deutsche Herkunft, Energie und Lautst\u00e4rke.\u201c<\/em> Oft sind wir bei solcher Prosa ja skeptisch, weil das Live-Erlebnis dem nicht gerecht wird. Aber hier kam alles ganz anders\u2026<\/p>\n<p><!--more--><\/p>\n<p>Moderator \u2192 \u201e<a title=\"Das Beben, 26.07.2014, Kiel, Bootshafensommer\" href=\"http:\/\/rockpixx.com\/wordpress\/das-beben-26-07-2014-kiel-bootshafensommer\/\">Maschine<\/a>\u201c k\u00fcndigte ein \u201eHigh Voltage Riffgewitter\u201c an und genauso kam es auch. Was die drei Musiker aus M\u00fcnchen da ohne jegliche Effektger\u00e4te nur mit Gitarre, Bass und Drums ablieferten, das erf\u00fcllte schon mal mehr als erforderlich die Punkte \u201eEnergie\u201c, \u201eLautst\u00e4rke\u201c und \u201eHochspannung\u201c aus dem obigen Text. \u201eEnglische Texte\u201c und \u201edeutsche Herkunft\u201c: Da kann man ebenfalls einen Haken hinter machen. Uns haben \u201eBlack Blitz\u201c total begeistert, das war Hardrock vom Feinsten. So verwundert es auch nicht, dass sie erst im Fr\u00fchjahr 2014 \u2013 kurz nach Erscheinen ihrer zweiten CD \u201eLouder than Thunder\u201c \u2013 von \u2192 \u201e<a title=\"U.D.O., 02.08.2012, Wacken, W:O:A 2012\" href=\"http:\/\/rockpixx.com\/wordpress\/u-d-o-02-08-2012-wacken-woa-2012\/\">U.D.O.<\/a>\u201c mit auf eine Tour durch mehrere L\u00e4nder genommen worden sind.<\/p>\n<p>Fazit: Bleibt noch der Punkt \u201eGefahr\u201c. Der sollte allerdings noch pr\u00e4zisiert werden \u2013 \u201eSuchtgefahr\u201c w\u00e4re treffender.<\/p>\n<p style=\"text-align: right;\">Fotos: <a href=\"mailto:a.roselt@rockpixx.com?subject=Black%20Blitz,%2029.08.2014,%20Schleswig,%20Baltic%20Open%20Air\">Anja<\/a>, <a href=\"mailto:info@rockpixx.com?subject=Black%20Blitz,%2029.08.2014,%20Schleswig,%20Baltic%20Open%20Air\">Alex<\/a> | Text: <a href=\"mailto:info@rockpixx.com?subject=Black%20Blitz,%2029.08.2014,%20Schleswig,%20Baltic%20Open%20Air\">Alex<\/a><\/p>\n<p>&nbsp;<\/p>\n<div class=\"eat-left eat-right\"><div class=\"thumbs-masonry isotope\"><div class=\"isotope-item block-2 block-h-2\"><a href=\"http:\/\/www.rockpixx.com\/wordpress\/wp-content\/uploads\/2014\/09\/20140830-01-0091.jpg\" rel=\"prettyPhoto[postgal_16651]\" class=\"show-hover-link block-h-2\"\"><img decoding=\"async\" src=\"http:\/\/www.rockpixx.com\/wordpress\/wp-content\/uploads\/2014\/09\/20140830-01-0091-480x480.jpg\" alt=\"Black Blitz, 30.08.2014, Baltic Open Air, Schleswig\"\/><span class=\"before\"><\/span><span class=\"after\"><\/span><\/a><\/div><div class=\"isotope-item block-1 block-h-1\"><a href=\"http:\/\/www.rockpixx.com\/wordpress\/wp-content\/uploads\/2014\/09\/20140830-01-014.jpg\" rel=\"prettyPhoto[postgal_16651]\" class=\"show-hover-link block-h-1\"\"><img decoding=\"async\" src=\"http:\/\/www.rockpixx.com\/wordpress\/wp-content\/uploads\/2014\/09\/20140830-01-014-480x480.jpg\" alt=\"Black Blitz, 30.08.2014, Baltic Open Air, Schleswig\"\/><span class=\"before\"><\/span><span class=\"after\"><\/span><\/a><\/div><div class=\"isotope-item block-1 block-h-1\"><a href=\"http:\/\/www.rockpixx.com\/wordpress\/wp-content\/uploads\/2014\/09\/20140830-01-026.jpg\" rel=\"prettyPhoto[postgal_16651]\" class=\"show-hover-link block-h-1\"\"><img decoding=\"async\" src=\"http:\/\/www.rockpixx.com\/wordpress\/wp-content\/uploads\/2014\/09\/20140830-01-026-480x480.jpg\" alt=\"Black Blitz, 30.08.2014, Baltic Open Air, Schleswig\"\/><span class=\"before\"><\/span><span class=\"after\"><\/span><\/a><\/div><div class=\"isotope-item block-2 block-h-2\"><a href=\"http:\/\/www.rockpixx.com\/wordpress\/wp-content\/uploads\/2014\/09\/20140830-01-0291.jpg\" rel=\"prettyPhoto[postgal_16651]\" class=\"show-hover-link block-h-2\"\"><img decoding=\"async\" src=\"http:\/\/www.rockpixx.com\/wordpress\/wp-content\/uploads\/2014\/09\/20140830-01-0291-480x480.jpg\" alt=\"Black Blitz, 30.08.2014, Baltic Open Air, Schleswig\"\/><span class=\"before\"><\/span><span class=\"after\"><\/span><\/a><\/div><div class=\"isotope-item block-1 block-h-1\"><a href=\"http:\/\/www.rockpixx.com\/wordpress\/wp-content\/uploads\/2014\/09\/20140830-01-045.jpg\" rel=\"prettyPhoto[postgal_16651]\" class=\"show-hover-link block-h-1\"\"><img decoding=\"async\" src=\"http:\/\/www.rockpixx.com\/wordpress\/wp-content\/uploads\/2014\/09\/20140830-01-045-480x480.jpg\" alt=\"Black Blitz, 30.08.2014, Baltic Open Air, Schleswig\"\/><span class=\"before\"><\/span><span class=\"after\"><\/span><\/a><\/div><div class=\"isotope-item block-1 block-h-1\"><a href=\"http:\/\/www.rockpixx.com\/wordpress\/wp-content\/uploads\/2014\/09\/20140830-01-051.jpg\" rel=\"prettyPhoto[postgal_16651]\" class=\"show-hover-link block-h-1\"\"><img decoding=\"async\" src=\"http:\/\/www.rockpixx.com\/wordpress\/wp-content\/uploads\/2014\/09\/20140830-01-051-480x480.jpg\" alt=\"Black Blitz, 30.08.2014, Baltic Open Air, Schleswig\"\/><span class=\"before\"><\/span><span class=\"after\"><\/span><\/a><\/div><div class=\"isotope-item block-2 block-h-2\"><a href=\"http:\/\/www.rockpixx.com\/wordpress\/wp-content\/uploads\/2014\/09\/20140830-01-063.jpg\" rel=\"prettyPhoto[postgal_16651]\" class=\"show-hover-link block-h-2\"\"><img decoding=\"async\" src=\"http:\/\/www.rockpixx.com\/wordpress\/wp-content\/uploads\/2014\/09\/20140830-01-063-480x480.jpg\" alt=\"Black Blitz, 30.08.2014, Baltic Open Air, Schleswig\"\/><span class=\"before\"><\/span><span class=\"after\"><\/span><\/a><\/div><div class=\"isotope-item block-1 block-h-1\"><a href=\"http:\/\/www.rockpixx.com\/wordpress\/wp-content\/uploads\/2014\/09\/20140830-01-080.jpg\" rel=\"prettyPhoto[postgal_16651]\" class=\"show-hover-link block-h-1\"\"><img decoding=\"async\" src=\"http:\/\/www.rockpixx.com\/wordpress\/wp-content\/uploads\/2014\/09\/20140830-01-080-480x480.jpg\" alt=\"Black Blitz, 30.08.2014, Baltic Open Air, Schleswig\"\/><span class=\"before\"><\/span><span class=\"after\"><\/span><\/a><\/div><div class=\"isotope-item block-1 block-h-1\"><a href=\"http:\/\/www.rockpixx.com\/wordpress\/wp-content\/uploads\/2014\/09\/20140830-01-089.jpg\" rel=\"prettyPhoto[postgal_16651]\" class=\"show-hover-link block-h-1\"\"><img decoding=\"async\" src=\"http:\/\/www.rockpixx.com\/wordpress\/wp-content\/uploads\/2014\/09\/20140830-01-089-480x480.jpg\" alt=\"Black Blitz, 30.08.2014, Baltic Open Air, Schleswig\"\/><span class=\"before\"><\/span><span class=\"after\"><\/span><\/a><\/div><div class=\"isotope-item block-2 block-h-2\"><a href=\"http:\/\/www.rockpixx.com\/wordpress\/wp-content\/uploads\/2014\/09\/20140830-01-093.jpg\" rel=\"prettyPhoto[postgal_16651]\" class=\"show-hover-link block-h-2\"\"><img decoding=\"async\" src=\"http:\/\/www.rockpixx.com\/wordpress\/wp-content\/uploads\/2014\/09\/20140830-01-093-480x480.jpg\" alt=\"Black Blitz, 30.08.2014, Baltic Open Air, Schleswig\"\/><span class=\"before\"><\/span><span class=\"after\"><\/span><\/a><\/div><div class=\"isotope-item block-1 block-h-1\"><a href=\"http:\/\/www.rockpixx.com\/wordpress\/wp-content\/uploads\/2014\/09\/20140830-01-102.jpg\" rel=\"prettyPhoto[postgal_16651]\" class=\"show-hover-link block-h-1\"\"><img decoding=\"async\" src=\"http:\/\/www.rockpixx.com\/wordpress\/wp-content\/uploads\/2014\/09\/20140830-01-102-480x480.jpg\" alt=\"Black Blitz, 30.08.2014, Baltic Open Air, Schleswig\"\/><span class=\"before\"><\/span><span class=\"after\"><\/span><\/a><\/div><div class=\"isotope-item block-1 block-h-1\"><a href=\"http:\/\/www.rockpixx.com\/wordpress\/wp-content\/uploads\/2014\/09\/20140830-01-111.jpg\" rel=\"prettyPhoto[postgal_16651]\" class=\"show-hover-link block-h-1\"\"><img decoding=\"async\" src=\"http:\/\/www.rockpixx.com\/wordpress\/wp-content\/uploads\/2014\/09\/20140830-01-111-480x480.jpg\" alt=\"Black Blitz, 30.08.2014, Baltic Open Air, Schleswig\"\/><span class=\"before\"><\/span><span class=\"after\"><\/span><\/a><\/div><div class=\"isotope-item block-2 block-h-2\"><a href=\"http:\/\/www.rockpixx.com\/wordpress\/wp-content\/uploads\/2014\/09\/20140830-01-113.jpg\" rel=\"prettyPhoto[postgal_16651]\" class=\"show-hover-link block-h-2\"\"><img decoding=\"async\" src=\"http:\/\/www.rockpixx.com\/wordpress\/wp-content\/uploads\/2014\/09\/20140830-01-113-480x480.jpg\" alt=\"Black Blitz, 30.08.2014, Baltic Open Air, Schleswig\"\/><span class=\"before\"><\/span><span class=\"after\"><\/span><\/a><\/div><div class=\"isotope-item block-1 block-h-1\"><a href=\"http:\/\/www.rockpixx.com\/wordpress\/wp-content\/uploads\/2014\/09\/20140830-01-114.jpg\" rel=\"prettyPhoto[postgal_16651]\" class=\"show-hover-link block-h-1\"\"><img decoding=\"async\" src=\"http:\/\/www.rockpixx.com\/wordpress\/wp-content\/uploads\/2014\/09\/20140830-01-114-480x480.jpg\" alt=\"Black Blitz, 30.08.2014, Baltic Open Air, Schleswig\"\/><span class=\"before\"><\/span><span class=\"after\"><\/span><\/a><\/div><div class=\"isotope-item block-1 block-h-1\"><a href=\"http:\/\/www.rockpixx.com\/wordpress\/wp-content\/uploads\/2014\/09\/20140830-01-119.jpg\" rel=\"prettyPhoto[postgal_16651]\" class=\"show-hover-link block-h-1\"\"><img decoding=\"async\" src=\"http:\/\/www.rockpixx.com\/wordpress\/wp-content\/uploads\/2014\/09\/20140830-01-119-480x480.jpg\" alt=\"Black Blitz, 30.08.2014, Baltic Open Air, Schleswig\"\/><span class=\"before\"><\/span><span class=\"after\"><\/span><\/a><\/div><\/div><\/div>\n","protected":false},"excerpt":{"rendered":"<p>Was steht auf der Homepage von \u201eBlack Blitz\u201c? \u201eDer Name Black Blitz vereint [\u2026] alles <a href=\"http:\/\/www.rockpixx.com\/wordpress\/black-blitz-30-08-2014-baltic-open-air-schleswig\/\">Read more<\/a><\/p>\n","protected":false},"author":1,"featured_media":16645,"comment_status":"open","ping_status":"open","sticky":false,"template":"","format":"standard","meta":{"_jetpack_memberships_contains_paid_content":false,"footnotes":"","jetpack_publicize_message":"Black Blitz, 30.08.2014, Baltic Open Air, Schleswig, #BlackBlitz, #BalticOpenAir","jetpack_publicize_feature_enabled":true,"jetpack_social_post_already_shared":true,"jetpack_social_options":{"image_generator_settings":{"template":"highway","default_image_id":0,"font":"","enabled":false},"version":2}},"categories":[34,1481],"tags":[2291,895,1482,1749],"class_list":["post-16671","post","type-post","status-publish","format-standard","has-post-thumbnail","hentry","category-acts","category-black-bltz","tag-2291","tag-baltic-open-air","tag-black-blitz","tag-schleswig"],"aioseo_notices":[],"jetpack_publicize_connections":[],"jetpack_featured_media_url":"http:\/\/www.rockpixx.com\/wordpress\/wp-content\/uploads\/2014\/09\/20140830-01-093.jpg","jetpack-related-posts":[{"id":16691,"url":"http:\/\/www.rockpixx.com\/wordpress\/5th-avenue-30-08-2014-baltic-open-air-schleswig\/","url_meta":{"origin":16671,"position":0},"title":"5th Avenue, 30.08.2014, Baltic Open Air, Schleswig","author":"admin","date":"6. September 2014","format":false,"excerpt":"Wacken-Legenden, die auch schon als Support f\u00fcr \u2192 \u201eSaxon\u201c und \u2192 \u201eD.A.D.\u201c unterwegs waren, zwischenzeitlich aufgel\u00f6st, seit 2012 wieder zusammengefunden \u2013 (Hamburger) Rockgeschichte steht auf der Second Stage vor uns. Richtig, die Rede ist von \u201e5th Avenue\u201c. 2013 erlebten wir sie \u2192 zum ersten Mal auf der MAXB\u00fchne anl\u00e4sslich der\u2026","rel":"","context":"In &quot;5th Avenue&quot;","block_context":{"text":"5th Avenue","link":"http:\/\/www.rockpixx.com\/wordpress\/category\/acts\/5th-avenue\/"},"img":{"alt_text":"5th Avenue, 30.08.2014, Baltic Open Air, Schleswig","src":"https:\/\/i0.wp.com\/www.rockpixx.com\/wordpress\/wp-content\/uploads\/2014\/09\/20140830-03-111.jpg?resize=350%2C200","width":350,"height":200,"srcset":"https:\/\/i0.wp.com\/www.rockpixx.com\/wordpress\/wp-content\/uploads\/2014\/09\/20140830-03-111.jpg?resize=350%2C200 1x, https:\/\/i0.wp.com\/www.rockpixx.com\/wordpress\/wp-content\/uploads\/2014\/09\/20140830-03-111.jpg?resize=525%2C300 1.5x, https:\/\/i0.wp.com\/www.rockpixx.com\/wordpress\/wp-content\/uploads\/2014\/09\/20140830-03-111.jpg?resize=700%2C400 2x"},"classes":[]},{"id":12145,"url":"http:\/\/www.rockpixx.com\/wordpress\/saga-24-08-2013-schleswig-baltic-open-air\/","url_meta":{"origin":16671,"position":1},"title":"Saga, 24.08.2013, Schleswig, Baltic Open Air","author":"Anja","date":"31. August 2013","format":false,"excerpt":"Neo Prog-Rock seit \u00fcber 30 Jahren aus Kanada \u2013 das k\u00f6nnen eigentlich nur \u201eSaga\u201c sein. Und so ist es auch: Insgesamt f\u00fcnf Musiker mit 8 Keyboards (darunter ein \u201eantiker Moog\u201c), Gitarre, Bass, Drums und einer unverkennbaren Stimme haben sich auf dem \u201eBaltic Open Air\u201c in Schleswig versammelt, um bereits \u2192\u2026","rel":"","context":"In &quot;Acts&quot;","block_context":{"text":"Acts","link":"http:\/\/www.rockpixx.com\/wordpress\/category\/acts\/"},"img":{"alt_text":"","src":"https:\/\/i0.wp.com\/www.rockpixx.com\/wordpress\/wp-content\/uploads\/2013\/08\/20130824-05-053_saga-Artikel.jpg?resize=350%2C200","width":350,"height":200,"srcset":"https:\/\/i0.wp.com\/www.rockpixx.com\/wordpress\/wp-content\/uploads\/2013\/08\/20130824-05-053_saga-Artikel.jpg?resize=350%2C200 1x, https:\/\/i0.wp.com\/www.rockpixx.com\/wordpress\/wp-content\/uploads\/2013\/08\/20130824-05-053_saga-Artikel.jpg?resize=525%2C300 1.5x, https:\/\/i0.wp.com\/www.rockpixx.com\/wordpress\/wp-content\/uploads\/2013\/08\/20130824-05-053_saga-Artikel.jpg?resize=700%2C400 2x"},"classes":[]},{"id":12093,"url":"http:\/\/www.rockpixx.com\/wordpress\/timetraveller-24-08-2013-schleswig-baltic-open-air\/","url_meta":{"origin":16671,"position":2},"title":"Timetraveller, 24.08.2013, Schleswig, Baltic Open Air","author":"Anja","date":"30. August 2013","format":false,"excerpt":"\u00a0 Das Open Doors vom zweiten Tag auf dem Baltic Festival wird vom Spielmannszug aus Schleswig musikalisch begleitet, aber lange halten es die Festivalbesucher nicht bei den schick uniformierten Musikern aus. Denn auf der B\u00fchne stehen \u201eTimetraveller\u201c und so eine kraftvolle und rockige Stimme, verpackt in einer schmucken S\u00e4ngerin, ist\u2026","rel":"","context":"In &quot;Acts&quot;","block_context":{"text":"Acts","link":"http:\/\/www.rockpixx.com\/wordpress\/category\/acts\/"},"img":{"alt_text":"","src":"https:\/\/i0.wp.com\/www.rockpixx.com\/wordpress\/wp-content\/uploads\/2013\/08\/20130824-01-020_timetraveller-Artikel.jpg?resize=350%2C200","width":350,"height":200,"srcset":"https:\/\/i0.wp.com\/www.rockpixx.com\/wordpress\/wp-content\/uploads\/2013\/08\/20130824-01-020_timetraveller-Artikel.jpg?resize=350%2C200 1x, https:\/\/i0.wp.com\/www.rockpixx.com\/wordpress\/wp-content\/uploads\/2013\/08\/20130824-01-020_timetraveller-Artikel.jpg?resize=525%2C300 1.5x, https:\/\/i0.wp.com\/www.rockpixx.com\/wordpress\/wp-content\/uploads\/2013\/08\/20130824-01-020_timetraveller-Artikel.jpg?resize=700%2C400 2x"},"classes":[]},{"id":17573,"url":"http:\/\/www.rockpixx.com\/wordpress\/firth-of-drangiss-20-03-2015-baltic-open-air-warm-up-schleswig\/","url_meta":{"origin":16671,"position":3},"title":"Firth of Drangiss, 20.03.2015, Baltic Open Air Warm Up, Schleswig","author":"Anja","date":"21. M\u00e4rz 2015","format":false,"excerpt":"\u201eFemale fronted Powermetal aus Kiel mit progressive Einfl\u00fcssen\u201c \u2013 ich habe mich ja schon h\u00e4ufig \u00fcber Pressetext-Prosa am\u00fcsiert, das ist jetzt ein Zitat aus dem unersch\u00f6pflichen Bereich der Moderatoren-Prosa. Wie sich die Dinge doch gleichen. \u201eFirth of Drangiss\u201c das sind 6 Musiker und eine Frontfrau. Ihre Musik und die Texte\u2026","rel":"","context":"In &quot;Acts&quot;","block_context":{"text":"Acts","link":"http:\/\/www.rockpixx.com\/wordpress\/category\/acts\/"},"img":{"alt_text":"Firth of Drangiss, BOA WarmUp, Schleswig, 20.03.2015","src":"https:\/\/i0.wp.com\/www.rockpixx.com\/wordpress\/wp-content\/uploads\/2015\/03\/20150320-07-014_firth-of-drangiss_Artikel.jpg?resize=350%2C200","width":350,"height":200,"srcset":"https:\/\/i0.wp.com\/www.rockpixx.com\/wordpress\/wp-content\/uploads\/2015\/03\/20150320-07-014_firth-of-drangiss_Artikel.jpg?resize=350%2C200 1x, https:\/\/i0.wp.com\/www.rockpixx.com\/wordpress\/wp-content\/uploads\/2015\/03\/20150320-07-014_firth-of-drangiss_Artikel.jpg?resize=525%2C300 1.5x, https:\/\/i0.wp.com\/www.rockpixx.com\/wordpress\/wp-content\/uploads\/2015\/03\/20150320-07-014_firth-of-drangiss_Artikel.jpg?resize=700%2C400 2x"},"classes":[]},{"id":17690,"url":"http:\/\/www.rockpixx.com\/wordpress\/baltic-open-air-warmup-und-band-contest\/","url_meta":{"origin":16671,"position":4},"title":"Baltic Open Air WarmUp und Band-Contest","author":"Anja","date":"21. M\u00e4rz 2015","format":false,"excerpt":"Gro\u00dfe Festivals werfen ihre Schatten voraus. So auch das diesj\u00e4hrige \u201eBaltic Open Air\u201c, welches am 28. und 29.08.2015 in Schleswig wieder direkt am Schleiufer stattfinden wird. Schon \u2192 2014 wurde dazu aufgerufen, sich f\u00fcr einen Auftritt zu bewerben. Und so kam es, dass im Verlauf der folgenden Monate viele Bandbewerbungen\u2026","rel":"","context":"In &quot;2015&quot;","block_context":{"text":"2015","link":"http:\/\/www.rockpixx.com\/wordpress\/category\/backstage\/2015\/"},"img":{"alt_text":"Impressionen, BOA WarmUp, Schleswig, 20.03.2015","src":"https:\/\/i0.wp.com\/www.rockpixx.com\/wordpress\/wp-content\/uploads\/2015\/03\/20150320-00-001_boa-warmup-impressionen1.jpg?resize=350%2C200","width":350,"height":200,"srcset":"https:\/\/i0.wp.com\/www.rockpixx.com\/wordpress\/wp-content\/uploads\/2015\/03\/20150320-00-001_boa-warmup-impressionen1.jpg?resize=350%2C200 1x, https:\/\/i0.wp.com\/www.rockpixx.com\/wordpress\/wp-content\/uploads\/2015\/03\/20150320-00-001_boa-warmup-impressionen1.jpg?resize=525%2C300 1.5x, https:\/\/i0.wp.com\/www.rockpixx.com\/wordpress\/wp-content\/uploads\/2015\/03\/20150320-00-001_boa-warmup-impressionen1.jpg?resize=700%2C400 2x"},"classes":[]},{"id":16673,"url":"http:\/\/www.rockpixx.com\/wordpress\/torfrock-30-08-2014-baltic-open-air-schleswig\/","url_meta":{"origin":16671,"position":5},"title":"Torfrock, 30.08.2014, Baltic Open Air, Schleswig","author":"admin","date":"5. September 2014","format":false,"excerpt":"\u201eBagalutenwiehnacht\u201c? Nee, hat doch keiner im Publikum eine rote Zipfelm\u00fctze auf und Klaus von \u2192 \u201eTorfrock\u201c tr\u00e4gt auch keine. Einigen wir uns also auf \u201eBagalutensommer\u201c, denn \u201edie Bagalutenband f\u00e4llt wieder ein\u201c \u2013 dieses Mal auf der Centerstage des Baltic Open Air in Schleswig am zweiten Tag des Festivals. Der Platz\u2026","rel":"","context":"In &quot;Acts&quot;","block_context":{"text":"Acts","link":"http:\/\/www.rockpixx.com\/wordpress\/category\/acts\/"},"img":{"alt_text":"Torfrock, 30.08.2014, Baltic Open Air, Schleswig","src":"https:\/\/i0.wp.com\/www.rockpixx.com\/wordpress\/wp-content\/uploads\/2014\/09\/20140830-02-099.jpg?resize=350%2C200","width":350,"height":200,"srcset":"https:\/\/i0.wp.com\/www.rockpixx.com\/wordpress\/wp-content\/uploads\/2014\/09\/20140830-02-099.jpg?resize=350%2C200 1x, https:\/\/i0.wp.com\/www.rockpixx.com\/wordpress\/wp-content\/uploads\/2014\/09\/20140830-02-099.jpg?resize=525%2C300 1.5x, https:\/\/i0.wp.com\/www.rockpixx.com\/wordpress\/wp-content\/uploads\/2014\/09\/20140830-02-099.jpg?resize=700%2C400 2x"},"classes":[]}],"jetpack_sharing_enabled":true,"publishpress_future_action":{"enabled":false,"date":"2026-05-09 11:48:38","action":"change-status","newStatus":"draft","terms":[],"taxonomy":"category","extraData":[]},"publishpress_future_workflow_manual_trigger":{"enabledWorkflows":[]},"_links":{"self":[{"href":"http:\/\/www.rockpixx.com\/wordpress\/wp-json\/wp\/v2\/posts\/16671","targetHints":{"allow":["GET"]}}],"collection":[{"href":"http:\/\/www.rockpixx.com\/wordpress\/wp-json\/wp\/v2\/posts"}],"about":[{"href":"http:\/\/www.rockpixx.com\/wordpress\/wp-json\/wp\/v2\/types\/post"}],"author":[{"embeddable":true,"href":"http:\/\/www.rockpixx.com\/wordpress\/wp-json\/wp\/v2\/users\/1"}],"replies":[{"embeddable":true,"href":"http:\/\/www.rockpixx.com\/wordpress\/wp-json\/wp\/v2\/comments?post=16671"}],"version-history":[{"count":0,"href":"http:\/\/www.rockpixx.com\/wordpress\/wp-json\/wp\/v2\/posts\/16671\/revisions"}],"wp:featuredmedia":[{"embeddable":true,"href":"http:\/\/www.rockpixx.com\/wordpress\/wp-json\/wp\/v2\/media\/16645"}],"wp:attachment":[{"href":"http:\/\/www.rockpixx.com\/wordpress\/wp-json\/wp\/v2\/media?parent=16671"}],"wp:term":[{"taxonomy":"category","embeddable":true,"href":"http:\/\/www.rockpixx.com\/wordpress\/wp-json\/wp\/v2\/categories?post=16671"},{"taxonomy":"post_tag","embeddable":true,"href":"http:\/\/www.rockpixx.com\/wordpress\/wp-json\/wp\/v2\/tags?post=16671"}],"curies":[{"name":"wp","href":"https:\/\/api.w.org\/{rel}","templated":true}]}}