{"id":16725,"date":"2014-09-10T17:29:09","date_gmt":"2014-09-10T16:29:09","guid":{"rendered":"http:\/\/rockpixx.com\/wordpress\/?p=16725"},"modified":"2014-09-12T19:32:45","modified_gmt":"2014-09-12T18:32:45","slug":"doro-30-08-2014-baltic-open-air-schleswig","status":"publish","type":"post","link":"http:\/\/www.rockpixx.com\/wordpress\/doro-30-08-2014-baltic-open-air-schleswig\/","title":{"rendered":"Doro, 30.08.2014, Baltic Open Air, Schleswig"},"content":{"rendered":"<p>Bekannterma\u00dfen hei\u00dft es ja \u201eAller guten Dinge sind Drei.\u201c und so halten wir es auch nach dem Baltic Open Air 2013 und dem diesj\u00e4hrigen Wacken Open Air d\u00fcrfen wir \u2192 <a title=\"Doro auf rockpixx.com\" href=\"http:\/\/rockpixx.com\/wordpress\/category\/acts\/topacts\/top-d\/doro\/\">Doro<\/a> zum dritten Mal vor unseren Kameras begr\u00fc\u00dfen. <!--more-->Es erstaunt mich immer wieder, mit was f\u00fcr einer Power diese zierliche Pers\u00f6nchen Ihre Show auf die B\u00fchne bringt. Die Fans liegen ihr zu F\u00fc\u00dfen und dies honoriert sie nach der Show, indem sie sich Zeit f\u00fcr ihre Fans nimmt, um Autogramme zu geben, f\u00fcr gemeinsame Bilder zu posieren und mit den Fans zu sprechen. Davon k\u00f6nnen sich die \u201eDiven des Musikbusiness\u201c \u2013 egal ob m\u00e4nnlich oder weiblich \u2013 eine dicke Scheibe abschneiden.<\/p>\n<p style=\"text-align: right;\">Fotos: <a href=\"mailto:info@rockpixx.com?subject=Doro,%2030.08.2014,%20Baltic%20Open%20Air,%20Schleswig\">Alex<\/a>, <a href=\"mailto:a.roselt@rockpixx.com?subject=Doro,%2030.08.2014,%20Baltic%20Open%20Air,%20Schleswig\">Anja<\/a> | Text: <a href=\"mailto:a.roselt@rockpixx.com?subject=Doro,%2030.08.2014,%20Baltic%20Open%20Air,%20Schleswig\">Anja<\/a><\/p>\n<p style=\"text-align: left;\"><div class=\"eat-left eat-right\"><div class=\"thumbs-masonry isotope\"><div class=\"isotope-item block-2 block-h-2\"><a href=\"http:\/\/www.rockpixx.com\/wordpress\/wp-content\/uploads\/2014\/09\/20140830-06-005.jpg\" rel=\"prettyPhoto[postgal_16813]\" class=\"show-hover-link block-h-2\"\"><img decoding=\"async\" src=\"http:\/\/www.rockpixx.com\/wordpress\/wp-content\/uploads\/2014\/09\/20140830-06-005-480x480.jpg\" alt=\"Doro, 30.08.2014, Baltic Open Air, Schleswig\"\/><span class=\"before\"><\/span><span class=\"after\"><\/span><\/a><\/div><div class=\"isotope-item block-1 block-h-1\"><a href=\"http:\/\/www.rockpixx.com\/wordpress\/wp-content\/uploads\/2014\/09\/20140830-06-037.jpg\" rel=\"prettyPhoto[postgal_16813]\" class=\"show-hover-link block-h-1\"\"><img decoding=\"async\" src=\"http:\/\/www.rockpixx.com\/wordpress\/wp-content\/uploads\/2014\/09\/20140830-06-037-480x480.jpg\" alt=\"Doro, 30.08.2014, Baltic Open Air, Schleswig\"\/><span class=\"before\"><\/span><span class=\"after\"><\/span><\/a><\/div><div class=\"isotope-item block-1 block-h-1\"><a href=\"http:\/\/www.rockpixx.com\/wordpress\/wp-content\/uploads\/2014\/09\/20140830-06-042.jpg\" rel=\"prettyPhoto[postgal_16813]\" class=\"show-hover-link block-h-1\"\"><img decoding=\"async\" src=\"http:\/\/www.rockpixx.com\/wordpress\/wp-content\/uploads\/2014\/09\/20140830-06-042-480x480.jpg\" alt=\"Doro, 30.08.2014, Baltic Open Air, Schleswig\"\/><span class=\"before\"><\/span><span class=\"after\"><\/span><\/a><\/div><div class=\"isotope-item block-2 block-h-2\"><a href=\"http:\/\/www.rockpixx.com\/wordpress\/wp-content\/uploads\/2014\/09\/20140830-06-049.jpg\" rel=\"prettyPhoto[postgal_16813]\" class=\"show-hover-link block-h-2\"\"><img decoding=\"async\" src=\"http:\/\/www.rockpixx.com\/wordpress\/wp-content\/uploads\/2014\/09\/20140830-06-049-480x480.jpg\" alt=\"Doro, 30.08.2014, Baltic Open Air, Schleswig\"\/><span class=\"before\"><\/span><span class=\"after\"><\/span><\/a><\/div><div class=\"isotope-item block-1 block-h-1\"><a href=\"http:\/\/www.rockpixx.com\/wordpress\/wp-content\/uploads\/2014\/09\/20140830-06-058.jpg\" rel=\"prettyPhoto[postgal_16813]\" class=\"show-hover-link block-h-1\"\"><img decoding=\"async\" src=\"http:\/\/www.rockpixx.com\/wordpress\/wp-content\/uploads\/2014\/09\/20140830-06-058-480x480.jpg\" alt=\"Doro, 30.08.2014, Baltic Open Air, Schleswig\"\/><span class=\"before\"><\/span><span class=\"after\"><\/span><\/a><\/div><div class=\"isotope-item block-1 block-h-1\"><a href=\"http:\/\/www.rockpixx.com\/wordpress\/wp-content\/uploads\/2014\/09\/20140830-06-068.jpg\" rel=\"prettyPhoto[postgal_16813]\" class=\"show-hover-link block-h-1\"\"><img decoding=\"async\" src=\"http:\/\/www.rockpixx.com\/wordpress\/wp-content\/uploads\/2014\/09\/20140830-06-068-480x480.jpg\" alt=\"Doro, 30.08.2014, Baltic Open Air, Schleswig\"\/><span class=\"before\"><\/span><span class=\"after\"><\/span><\/a><\/div><div class=\"isotope-item block-2 block-h-2\"><a href=\"http:\/\/www.rockpixx.com\/wordpress\/wp-content\/uploads\/2014\/09\/20140830-06-073.jpg\" rel=\"prettyPhoto[postgal_16813]\" class=\"show-hover-link block-h-2\"\"><img decoding=\"async\" src=\"http:\/\/www.rockpixx.com\/wordpress\/wp-content\/uploads\/2014\/09\/20140830-06-073-480x480.jpg\" alt=\"Doro, 30.08.2014, Baltic Open Air, Schleswig\"\/><span class=\"before\"><\/span><span class=\"after\"><\/span><\/a><\/div><div class=\"isotope-item block-1 block-h-1\"><a href=\"http:\/\/www.rockpixx.com\/wordpress\/wp-content\/uploads\/2014\/09\/20140830-06-078.jpg\" rel=\"prettyPhoto[postgal_16813]\" class=\"show-hover-link block-h-1\"\"><img decoding=\"async\" src=\"http:\/\/www.rockpixx.com\/wordpress\/wp-content\/uploads\/2014\/09\/20140830-06-078-480x480.jpg\" alt=\"Doro, 30.08.2014, Baltic Open Air, Schleswig\"\/><span class=\"before\"><\/span><span class=\"after\"><\/span><\/a><\/div><div class=\"isotope-item block-1 block-h-1\"><a href=\"http:\/\/www.rockpixx.com\/wordpress\/wp-content\/uploads\/2014\/09\/20140830-06-098.jpg\" rel=\"prettyPhoto[postgal_16813]\" class=\"show-hover-link block-h-1\"\"><img decoding=\"async\" src=\"http:\/\/www.rockpixx.com\/wordpress\/wp-content\/uploads\/2014\/09\/20140830-06-098-480x480.jpg\" alt=\"Doro, 30.08.2014, Baltic Open Air, Schleswig\"\/><span class=\"before\"><\/span><span class=\"after\"><\/span><\/a><\/div><div class=\"isotope-item block-2 block-h-2\"><a href=\"http:\/\/www.rockpixx.com\/wordpress\/wp-content\/uploads\/2014\/09\/20140830-06-129.jpg\" rel=\"prettyPhoto[postgal_16813]\" class=\"show-hover-link block-h-2\"\"><img decoding=\"async\" src=\"http:\/\/www.rockpixx.com\/wordpress\/wp-content\/uploads\/2014\/09\/20140830-06-129-480x480.jpg\" alt=\"Doro, 30.08.2014, Baltic Open Air, Schleswig\"\/><span class=\"before\"><\/span><span class=\"after\"><\/span><\/a><\/div><div class=\"isotope-item block-1 block-h-1\"><a href=\"http:\/\/www.rockpixx.com\/wordpress\/wp-content\/uploads\/2014\/09\/20140830-06-131.jpg\" rel=\"prettyPhoto[postgal_16813]\" class=\"show-hover-link block-h-1\"\"><img decoding=\"async\" src=\"http:\/\/www.rockpixx.com\/wordpress\/wp-content\/uploads\/2014\/09\/20140830-06-131-480x480.jpg\" alt=\"Doro, 30.08.2014, Baltic Open Air, Schleswig\"\/><span class=\"before\"><\/span><span class=\"after\"><\/span><\/a><\/div><div class=\"isotope-item block-1 block-h-1\"><a href=\"http:\/\/www.rockpixx.com\/wordpress\/wp-content\/uploads\/2014\/09\/20140830-06-143.jpg\" rel=\"prettyPhoto[postgal_16813]\" class=\"show-hover-link block-h-1\"\"><img decoding=\"async\" src=\"http:\/\/www.rockpixx.com\/wordpress\/wp-content\/uploads\/2014\/09\/20140830-06-143-480x480.jpg\" alt=\"Doro, 30.08.2014, Baltic Open Air, Schleswig\"\/><span class=\"before\"><\/span><span class=\"after\"><\/span><\/a><\/div><div class=\"isotope-item block-2 block-h-2\"><a href=\"http:\/\/www.rockpixx.com\/wordpress\/wp-content\/uploads\/2014\/09\/20140830-06-145.jpg\" rel=\"prettyPhoto[postgal_16813]\" class=\"show-hover-link block-h-2\"\"><img decoding=\"async\" src=\"http:\/\/www.rockpixx.com\/wordpress\/wp-content\/uploads\/2014\/09\/20140830-06-145-480x480.jpg\" alt=\"Doro, 30.08.2014, Baltic Open Air, Schleswig\"\/><span class=\"before\"><\/span><span class=\"after\"><\/span><\/a><\/div><div class=\"isotope-item block-1 block-h-1\"><a href=\"http:\/\/www.rockpixx.com\/wordpress\/wp-content\/uploads\/2014\/09\/20140830-06-166.jpg\" rel=\"prettyPhoto[postgal_16813]\" class=\"show-hover-link block-h-1\"\"><img decoding=\"async\" src=\"http:\/\/www.rockpixx.com\/wordpress\/wp-content\/uploads\/2014\/09\/20140830-06-166-480x480.jpg\" alt=\"Doro, 30.08.2014, Baltic Open Air, Schleswig\"\/><span class=\"before\"><\/span><span class=\"after\"><\/span><\/a><\/div><div class=\"isotope-item block-1 block-h-1\"><a href=\"http:\/\/www.rockpixx.com\/wordpress\/wp-content\/uploads\/2014\/09\/20140830-06-225.jpg\" rel=\"prettyPhoto[postgal_16813]\" class=\"show-hover-link block-h-1\"\"><img decoding=\"async\" src=\"http:\/\/www.rockpixx.com\/wordpress\/wp-content\/uploads\/2014\/09\/20140830-06-225-480x480.jpg\" alt=\"Doro, 30.08.2014, Baltic Open Air, Schleswig\"\/><span class=\"before\"><\/span><span class=\"after\"><\/span><\/a><\/div><div class=\"isotope-item block-2 block-h-2\"><a href=\"http:\/\/www.rockpixx.com\/wordpress\/wp-content\/uploads\/2014\/09\/20140830-06-257.jpg\" rel=\"prettyPhoto[postgal_16813]\" class=\"show-hover-link block-h-2\"\"><img decoding=\"async\" src=\"http:\/\/www.rockpixx.com\/wordpress\/wp-content\/uploads\/2014\/09\/20140830-06-257-480x480.jpg\" alt=\"Doro, 30.08.2014, Baltic Open Air, Schleswig\"\/><span class=\"before\"><\/span><span class=\"after\"><\/span><\/a><\/div><div class=\"isotope-item block-1 block-h-1\"><a href=\"http:\/\/www.rockpixx.com\/wordpress\/wp-content\/uploads\/2014\/09\/20140830-06-275.jpg\" rel=\"prettyPhoto[postgal_16813]\" class=\"show-hover-link block-h-1\"\"><img decoding=\"async\" src=\"http:\/\/www.rockpixx.com\/wordpress\/wp-content\/uploads\/2014\/09\/20140830-06-275-480x480.jpg\" alt=\"Doro, 30.08.2014, Baltic Open Air, Schleswig\"\/><span class=\"before\"><\/span><span class=\"after\"><\/span><\/a><\/div><div class=\"isotope-item block-1 block-h-1\"><a href=\"http:\/\/www.rockpixx.com\/wordpress\/wp-content\/uploads\/2014\/09\/20140830-06-284.jpg\" rel=\"prettyPhoto[postgal_16813]\" class=\"show-hover-link block-h-1\"\"><img decoding=\"async\" src=\"http:\/\/www.rockpixx.com\/wordpress\/wp-content\/uploads\/2014\/09\/20140830-06-284-480x480.jpg\" alt=\"Doro, 30.08.2014, Baltic Open Air, Schleswig\"\/><span class=\"before\"><\/span><span class=\"after\"><\/span><\/a><\/div><div class=\"isotope-item block-2 block-h-2\"><a href=\"http:\/\/www.rockpixx.com\/wordpress\/wp-content\/uploads\/2014\/09\/20140830-06-286.jpg\" rel=\"prettyPhoto[postgal_16813]\" class=\"show-hover-link block-h-2\"\"><img decoding=\"async\" src=\"http:\/\/www.rockpixx.com\/wordpress\/wp-content\/uploads\/2014\/09\/20140830-06-286-480x480.jpg\" alt=\"Doro, 30.08.2014, Baltic Open Air, Schleswig\"\/><span class=\"before\"><\/span><span class=\"after\"><\/span><\/a><\/div><div class=\"isotope-item block-1 block-h-1\"><a href=\"http:\/\/www.rockpixx.com\/wordpress\/wp-content\/uploads\/2014\/09\/20140830-06-334.jpg\" rel=\"prettyPhoto[postgal_16813]\" class=\"show-hover-link block-h-1\"\"><img decoding=\"async\" src=\"http:\/\/www.rockpixx.com\/wordpress\/wp-content\/uploads\/2014\/09\/20140830-06-334-480x480.jpg\" alt=\"Doro, 30.08.2014, Baltic Open Air, Schleswig\"\/><span class=\"before\"><\/span><span class=\"after\"><\/span><\/a><\/div><div class=\"isotope-item block-1 block-h-1\"><a href=\"http:\/\/www.rockpixx.com\/wordpress\/wp-content\/uploads\/2014\/09\/20140830-06-344.jpg\" rel=\"prettyPhoto[postgal_16813]\" class=\"show-hover-link block-h-1\"\"><img decoding=\"async\" src=\"http:\/\/www.rockpixx.com\/wordpress\/wp-content\/uploads\/2014\/09\/20140830-06-344-480x480.jpg\" alt=\"Doro, 30.08.2014, Baltic Open Air, Schleswig\"\/><span class=\"before\"><\/span><span class=\"after\"><\/span><\/a><\/div><div class=\"isotope-item block-2 block-h-2\"><a href=\"http:\/\/www.rockpixx.com\/wordpress\/wp-content\/uploads\/2014\/09\/20140830-06-345.jpg\" rel=\"prettyPhoto[postgal_16813]\" class=\"show-hover-link block-h-2\"\"><img decoding=\"async\" src=\"http:\/\/www.rockpixx.com\/wordpress\/wp-content\/uploads\/2014\/09\/20140830-06-345-480x480.jpg\" alt=\"Doro, 30.08.2014, Baltic Open Air, Schleswig\"\/><span class=\"before\"><\/span><span class=\"after\"><\/span><\/a><\/div><\/div><\/div><\/p>\n","protected":false},"excerpt":{"rendered":"<p>Bekannterma\u00dfen hei\u00dft es ja \u201eAller guten Dinge sind Drei.\u201c und so halten wir es auch <a href=\"http:\/\/www.rockpixx.com\/wordpress\/doro-30-08-2014-baltic-open-air-schleswig\/\">Read more<\/a><\/p>\n","protected":false},"author":2,"featured_media":16726,"comment_status":"open","ping_status":"open","sticky":false,"template":"","format":"standard","meta":{"_jetpack_memberships_contains_paid_content":false,"footnotes":"","jetpack_publicize_message":"Doro, 30.08.2014, Baltic Open Air, Schleswig\r\n#BalticOpenAir #BOA2014 #Doro","jetpack_publicize_feature_enabled":true,"jetpack_social_post_already_shared":true,"jetpack_social_options":{"image_generator_settings":{"template":"highway","default_image_id":0,"font":"","enabled":false},"version":2}},"categories":[34,268],"tags":[2291,895,1758,133,1749],"class_list":["post-16725","post","type-post","status-publish","format-standard","has-post-thumbnail","hentry","category-acts","category-doro","tag-2291","tag-baltic-open-air","tag-doro","tag-festivals","tag-schleswig"],"aioseo_notices":[],"jetpack_publicize_connections":[],"jetpack_featured_media_url":"http:\/\/www.rockpixx.com\/wordpress\/wp-content\/uploads\/2014\/09\/20140830-06-166_doro_Artikel.jpg","jetpack-related-posts":[{"id":9026,"url":"http:\/\/www.rockpixx.com\/wordpress\/doro-08-09-2012-schleswig-boa-2012\/","url_meta":{"origin":16725,"position":0},"title":"Doro, 08.09.2012, Schleswig, B:O:A 2012","author":"Anja","date":"8. September 2012","format":false,"excerpt":"Und endlich hat es auch mit \u201eDoro\u201c geklappt. Beim diesj\u00e4hrigen \u201eDeichbrand-Festival\u201c fiel sie der mehrst\u00fcndigen Wartezeit an der Elbf\u00e4hre zum Opfer und in Wacken stand sie erst nach dem 3. Song von \u2192\u00a0\u201eU.D.O.\u201c mit ihm auf der B\u00fchne. Egal, nun rockte sie kr\u00e4ftig vor unseren Kameras ab und das Warten\u2026","rel":"","context":"In &quot;Acts&quot;","block_context":{"text":"Acts","link":"http:\/\/www.rockpixx.com\/wordpress\/category\/acts\/"},"img":{"alt_text":"Doro, 08.09.2012, Schleswig, B:O:A 2012","src":"https:\/\/i0.wp.com\/www.rockpixx.com\/wordpress\/wp-content\/uploads\/2013\/02\/20120908-05-doro-Artikel.jpg?resize=350%2C200","width":350,"height":200,"srcset":"https:\/\/i0.wp.com\/www.rockpixx.com\/wordpress\/wp-content\/uploads\/2013\/02\/20120908-05-doro-Artikel.jpg?resize=350%2C200 1x, https:\/\/i0.wp.com\/www.rockpixx.com\/wordpress\/wp-content\/uploads\/2013\/02\/20120908-05-doro-Artikel.jpg?resize=525%2C300 1.5x, https:\/\/i0.wp.com\/www.rockpixx.com\/wordpress\/wp-content\/uploads\/2013\/02\/20120908-05-doro-Artikel.jpg?resize=700%2C400 2x"},"classes":[]},{"id":11965,"url":"http:\/\/www.rockpixx.com\/wordpress\/doro-02-08-2013-wacken-woa-2013\/","url_meta":{"origin":16725,"position":1},"title":"Doro, 02.08.2013, Wacken, W:O:A 2013","author":"Anja","date":"6. August 2013","format":false,"excerpt":"Doro Pesch komponiert ja nicht nur die Hymnen f\u00fcr Ihre Freundin die Boxerin Regina Halmich, sondern ist nat\u00fcrlich auch so etwas wie die \u201eMetal-Queen\u201c in der gesamten Szene. In diesem Jahr begeht sie ihr 30-j\u00e4hriges B\u00fchnenjubil\u00e4um und so etwas will nat\u00fcrlich standesgem\u00e4\u00df in Wacken zelebriert werden. Also st\u00fcrmt sie nach\u2026","rel":"","context":"In &quot;Acts&quot;","block_context":{"text":"Acts","link":"http:\/\/www.rockpixx.com\/wordpress\/category\/acts\/"},"img":{"alt_text":"","src":"https:\/\/i0.wp.com\/www.rockpixx.com\/wordpress\/wp-content\/uploads\/2013\/08\/20130802-06-387_doro.jpg?resize=350%2C200","width":350,"height":200,"srcset":"https:\/\/i0.wp.com\/www.rockpixx.com\/wordpress\/wp-content\/uploads\/2013\/08\/20130802-06-387_doro.jpg?resize=350%2C200 1x, https:\/\/i0.wp.com\/www.rockpixx.com\/wordpress\/wp-content\/uploads\/2013\/08\/20130802-06-387_doro.jpg?resize=525%2C300 1.5x, https:\/\/i0.wp.com\/www.rockpixx.com\/wordpress\/wp-content\/uploads\/2013\/08\/20130802-06-387_doro.jpg?resize=700%2C400 2x"},"classes":[]},{"id":12109,"url":"http:\/\/www.rockpixx.com\/wordpress\/heino-24-08-2013-schleswig-baltic-open-air\/","url_meta":{"origin":16725,"position":2},"title":"Heino, 24.08.2013, Schleswig, Baltic Open Air","author":"Anja","date":"30. August 2013","format":false,"excerpt":"Herzlich willkommen auf rockpixx.com, Heino! Wenn uns jemand mal vorausgesagt h\u00e4tte: \u201eIhr werdet \u00fcber ein Konzert von Heino auf rockpixx.com berichten.\u201c, dann h\u00e4tten wir ihn glatt f\u00fcr verr\u00fcckt erkl\u00e4rt. Schlie\u00dflich war die Volksmusik keine Musikrichtung f\u00fcr rockpixx.com, ist es nicht und wird es wohl auch nie werden. Allen Unkenrufen und\u2026","rel":"","context":"In &quot;Acts&quot;","block_context":{"text":"Acts","link":"http:\/\/www.rockpixx.com\/wordpress\/category\/acts\/"},"img":{"alt_text":"","src":"https:\/\/i0.wp.com\/www.rockpixx.com\/wordpress\/wp-content\/uploads\/2013\/08\/20130824-04-241_heino-Artikel.jpg?resize=350%2C200","width":350,"height":200,"srcset":"https:\/\/i0.wp.com\/www.rockpixx.com\/wordpress\/wp-content\/uploads\/2013\/08\/20130824-04-241_heino-Artikel.jpg?resize=350%2C200 1x, https:\/\/i0.wp.com\/www.rockpixx.com\/wordpress\/wp-content\/uploads\/2013\/08\/20130824-04-241_heino-Artikel.jpg?resize=525%2C300 1.5x, https:\/\/i0.wp.com\/www.rockpixx.com\/wordpress\/wp-content\/uploads\/2013\/08\/20130824-04-241_heino-Artikel.jpg?resize=700%2C400 2x"},"classes":[]},{"id":16617,"url":"http:\/\/www.rockpixx.com\/wordpress\/eisbrecher-29-08-2014-baltic-open-air-schleswig\/","url_meta":{"origin":16725,"position":3},"title":"Eisbrecher, 29.08.2014, Baltic Open Air, Schleswig","author":"admin","date":"3. September 2014","format":false,"excerpt":"Und nun wurde es auch an der Center Stage etwas dunkler als gewohnt, hatten \u201eEisbrecher\u201c doch gro\u00dfe Teile des verbauten Lichtes durch ihre eigenen Laternen ersetzt. Sie sind ja f\u00fcr uns keine Unbekannten mehr, die Mannen um den \u201eChecker\u201c Alexx Wesselsky. \u2192 Drei Mal hatte ich sie schon vor den\u2026","rel":"","context":"In &quot;Acts&quot;","block_context":{"text":"Acts","link":"http:\/\/www.rockpixx.com\/wordpress\/category\/acts\/"},"img":{"alt_text":"Eisbrecher, 29.08.2014, Baltic Open Air, Schleswig","src":"https:\/\/i0.wp.com\/www.rockpixx.com\/wordpress\/wp-content\/uploads\/2014\/09\/20140829-06-036.jpg?resize=350%2C200","width":350,"height":200,"srcset":"https:\/\/i0.wp.com\/www.rockpixx.com\/wordpress\/wp-content\/uploads\/2014\/09\/20140829-06-036.jpg?resize=350%2C200 1x, https:\/\/i0.wp.com\/www.rockpixx.com\/wordpress\/wp-content\/uploads\/2014\/09\/20140829-06-036.jpg?resize=525%2C300 1.5x, https:\/\/i0.wp.com\/www.rockpixx.com\/wordpress\/wp-content\/uploads\/2014\/09\/20140829-06-036.jpg?resize=700%2C400 2x"},"classes":[]},{"id":16691,"url":"http:\/\/www.rockpixx.com\/wordpress\/5th-avenue-30-08-2014-baltic-open-air-schleswig\/","url_meta":{"origin":16725,"position":4},"title":"5th Avenue, 30.08.2014, Baltic Open Air, Schleswig","author":"admin","date":"6. September 2014","format":false,"excerpt":"Wacken-Legenden, die auch schon als Support f\u00fcr \u2192 \u201eSaxon\u201c und \u2192 \u201eD.A.D.\u201c unterwegs waren, zwischenzeitlich aufgel\u00f6st, seit 2012 wieder zusammengefunden \u2013 (Hamburger) Rockgeschichte steht auf der Second Stage vor uns. Richtig, die Rede ist von \u201e5th Avenue\u201c. 2013 erlebten wir sie \u2192 zum ersten Mal auf der MAXB\u00fchne anl\u00e4sslich der\u2026","rel":"","context":"In &quot;5th Avenue&quot;","block_context":{"text":"5th Avenue","link":"http:\/\/www.rockpixx.com\/wordpress\/category\/acts\/5th-avenue\/"},"img":{"alt_text":"5th Avenue, 30.08.2014, Baltic Open Air, Schleswig","src":"https:\/\/i0.wp.com\/www.rockpixx.com\/wordpress\/wp-content\/uploads\/2014\/09\/20140830-03-111.jpg?resize=350%2C200","width":350,"height":200,"srcset":"https:\/\/i0.wp.com\/www.rockpixx.com\/wordpress\/wp-content\/uploads\/2014\/09\/20140830-03-111.jpg?resize=350%2C200 1x, https:\/\/i0.wp.com\/www.rockpixx.com\/wordpress\/wp-content\/uploads\/2014\/09\/20140830-03-111.jpg?resize=525%2C300 1.5x, https:\/\/i0.wp.com\/www.rockpixx.com\/wordpress\/wp-content\/uploads\/2014\/09\/20140830-03-111.jpg?resize=700%2C400 2x"},"classes":[]},{"id":12145,"url":"http:\/\/www.rockpixx.com\/wordpress\/saga-24-08-2013-schleswig-baltic-open-air\/","url_meta":{"origin":16725,"position":5},"title":"Saga, 24.08.2013, Schleswig, Baltic Open Air","author":"Anja","date":"31. August 2013","format":false,"excerpt":"Neo Prog-Rock seit \u00fcber 30 Jahren aus Kanada \u2013 das k\u00f6nnen eigentlich nur \u201eSaga\u201c sein. Und so ist es auch: Insgesamt f\u00fcnf Musiker mit 8 Keyboards (darunter ein \u201eantiker Moog\u201c), Gitarre, Bass, Drums und einer unverkennbaren Stimme haben sich auf dem \u201eBaltic Open Air\u201c in Schleswig versammelt, um bereits \u2192\u2026","rel":"","context":"In &quot;Acts&quot;","block_context":{"text":"Acts","link":"http:\/\/www.rockpixx.com\/wordpress\/category\/acts\/"},"img":{"alt_text":"","src":"https:\/\/i0.wp.com\/www.rockpixx.com\/wordpress\/wp-content\/uploads\/2013\/08\/20130824-05-053_saga-Artikel.jpg?resize=350%2C200","width":350,"height":200,"srcset":"https:\/\/i0.wp.com\/www.rockpixx.com\/wordpress\/wp-content\/uploads\/2013\/08\/20130824-05-053_saga-Artikel.jpg?resize=350%2C200 1x, https:\/\/i0.wp.com\/www.rockpixx.com\/wordpress\/wp-content\/uploads\/2013\/08\/20130824-05-053_saga-Artikel.jpg?resize=525%2C300 1.5x, https:\/\/i0.wp.com\/www.rockpixx.com\/wordpress\/wp-content\/uploads\/2013\/08\/20130824-05-053_saga-Artikel.jpg?resize=700%2C400 2x"},"classes":[]}],"jetpack_sharing_enabled":true,"publishpress_future_action":{"enabled":false,"date":"2026-05-06 16:27:45","action":"change-status","newStatus":"draft","terms":[],"taxonomy":"category","extraData":[]},"publishpress_future_workflow_manual_trigger":{"enabledWorkflows":[]},"_links":{"self":[{"href":"http:\/\/www.rockpixx.com\/wordpress\/wp-json\/wp\/v2\/posts\/16725","targetHints":{"allow":["GET"]}}],"collection":[{"href":"http:\/\/www.rockpixx.com\/wordpress\/wp-json\/wp\/v2\/posts"}],"about":[{"href":"http:\/\/www.rockpixx.com\/wordpress\/wp-json\/wp\/v2\/types\/post"}],"author":[{"embeddable":true,"href":"http:\/\/www.rockpixx.com\/wordpress\/wp-json\/wp\/v2\/users\/2"}],"replies":[{"embeddable":true,"href":"http:\/\/www.rockpixx.com\/wordpress\/wp-json\/wp\/v2\/comments?post=16725"}],"version-history":[{"count":0,"href":"http:\/\/www.rockpixx.com\/wordpress\/wp-json\/wp\/v2\/posts\/16725\/revisions"}],"wp:featuredmedia":[{"embeddable":true,"href":"http:\/\/www.rockpixx.com\/wordpress\/wp-json\/wp\/v2\/media\/16726"}],"wp:attachment":[{"href":"http:\/\/www.rockpixx.com\/wordpress\/wp-json\/wp\/v2\/media?parent=16725"}],"wp:term":[{"taxonomy":"category","embeddable":true,"href":"http:\/\/www.rockpixx.com\/wordpress\/wp-json\/wp\/v2\/categories?post=16725"},{"taxonomy":"post_tag","embeddable":true,"href":"http:\/\/www.rockpixx.com\/wordpress\/wp-json\/wp\/v2\/tags?post=16725"}],"curies":[{"name":"wp","href":"https:\/\/api.w.org\/{rel}","templated":true}]}}