{"id":18177,"date":"2015-06-20T15:43:13","date_gmt":"2015-06-20T14:43:13","guid":{"rendered":"http:\/\/rockpixx.com\/wordpress\/?p=18177"},"modified":"2015-06-20T15:43:13","modified_gmt":"2015-06-20T14:43:13","slug":"graham-candy-19-06-2015-kieler-woche-ndr-buehne-kiel","status":"publish","type":"post","link":"http:\/\/www.rockpixx.com\/wordpress\/graham-candy-19-06-2015-kieler-woche-ndr-buehne-kiel\/","title":{"rendered":"Graham Candy, 19.06.2015, Kieler Woche, NDR-B\u00fchne, Kiel"},"content":{"rendered":"<p>Au\u00dfer dem Lied \u201eShe Moves (Far Away)\u201c, welches in Zusammenarbeit mit dem deutschen DJ \u201eAlle Farben\u201c entstand, kannte ich kein Lied von Graham Candy. Was zuerst an ihm auff\u00e4llt, ist zum einen dieser Schnauzer, der immer noch schicker ausschaut als diese zotteligen Hipster-Vollb\u00e4rte und zum anderen seine hohe Stimme.<!--more--><\/p>\n<p>Im Programm wurde er als Singer\/Songwriter aus Neuseeland angek\u00fcndigt und wenn da Singer\/Songwriter steht, habe ich leider die Erfahrung machen m\u00fcssen, dass Musiker sich dann mit verz\u00fccktem Gesichtsausdruck, geschlossenen Augen und Klampfe in der Hand hinter dem Mikrost\u00e4nder verstecken. Graham Candy zum Gl\u00fcck nicht und so erlebte ich einen K\u00fcnstler, der die Interaktion mit seinem Publikum nicht verga\u00df und auch nicht scheute \u2013 im Gegenteil, sogar suchte. Zur Freude seiner Fans sprang er w\u00e4hrend des Konzertes in den B\u00fchnengraben und zauberte ein Strahlen in die Gesichter der anwesenden M\u00e4dels.<\/p>\n<p>So kann man auch dieses Jahr wieder behaupten, dass der Auftakt der Kieler Woche an der NDR-B\u00fchne gelungen war und dies ganz ohne das typische Kieler Woche Wetter mit viel Wasser in der F\u00f6rde und noch mehr Wasser in der Luft. So kann es von mir aus weitergehen.<\/p>\n<p style=\"text-align: right;\">Fotos: <a href=\"mailto:a.roselt@rockpixx.com?subject=Graham%20Candy,%2019.06.2015,%20Kieler%20Woche,%20NDR-B\u00fchne,%20Kiel\">Anja<\/a> | Text: <a href=\"mailto:a.roselt@rockpixx.com?subject=Graham%20Candy,%2019.06.2015,%20Kieler%20Woche,%20NDR-B\u00fchne,%20Kiel\">Anja<\/a><\/p>\n<p style=\"text-align: left;\"><div class=\"eat-left eat-right\"><div class=\"thumbs-masonry isotope\"><div class=\"isotope-item block-2 block-h-2\"><a href=\"http:\/\/www.rockpixx.com\/wordpress\/wp-content\/uploads\/2015\/06\/20150619-04-004.jpg\" rel=\"prettyPhoto[postgal_18178]\" class=\"show-hover-link block-h-2\"\"><img decoding=\"async\" src=\"http:\/\/www.rockpixx.com\/wordpress\/wp-content\/uploads\/2015\/06\/20150619-04-004-480x480.jpg\" alt=\"Graham Candy, 19.06.2015, NDR-B\u00fchne, Kiel\"\/><span class=\"before\"><\/span><span class=\"after\"><\/span><\/a><\/div><div class=\"isotope-item block-1 block-h-1\"><a href=\"http:\/\/www.rockpixx.com\/wordpress\/wp-content\/uploads\/2015\/06\/20150619-04-014.jpg\" rel=\"prettyPhoto[postgal_18178]\" class=\"show-hover-link block-h-1\"\"><img decoding=\"async\" src=\"http:\/\/www.rockpixx.com\/wordpress\/wp-content\/uploads\/2015\/06\/20150619-04-014-480x480.jpg\" alt=\"Graham Candy, 19.06.2015, NDR-B\u00fchne, Kiel\"\/><span class=\"before\"><\/span><span class=\"after\"><\/span><\/a><\/div><div class=\"isotope-item block-1 block-h-1\"><a href=\"http:\/\/www.rockpixx.com\/wordpress\/wp-content\/uploads\/2015\/06\/20150619-04-020.jpg\" rel=\"prettyPhoto[postgal_18178]\" class=\"show-hover-link block-h-1\"\"><img decoding=\"async\" src=\"http:\/\/www.rockpixx.com\/wordpress\/wp-content\/uploads\/2015\/06\/20150619-04-020-480x480.jpg\" alt=\"Graham Candy, 19.06.2015, NDR-B\u00fchne, Kiel\"\/><span class=\"before\"><\/span><span class=\"after\"><\/span><\/a><\/div><div class=\"isotope-item block-2 block-h-2\"><a href=\"http:\/\/www.rockpixx.com\/wordpress\/wp-content\/uploads\/2015\/06\/20150619-04-024.jpg\" rel=\"prettyPhoto[postgal_18178]\" class=\"show-hover-link block-h-2\"\"><img decoding=\"async\" src=\"http:\/\/www.rockpixx.com\/wordpress\/wp-content\/uploads\/2015\/06\/20150619-04-024-480x480.jpg\" alt=\"Graham Candy, 19.06.2015, NDR-B\u00fchne, Kiel\"\/><span class=\"before\"><\/span><span class=\"after\"><\/span><\/a><\/div><div class=\"isotope-item block-1 block-h-1\"><a href=\"http:\/\/www.rockpixx.com\/wordpress\/wp-content\/uploads\/2015\/06\/20150619-04-036.jpg\" rel=\"prettyPhoto[postgal_18178]\" class=\"show-hover-link block-h-1\"\"><img decoding=\"async\" src=\"http:\/\/www.rockpixx.com\/wordpress\/wp-content\/uploads\/2015\/06\/20150619-04-036-480x480.jpg\" alt=\"Graham Candy, 19.06.2015, NDR-B\u00fchne, Kiel\"\/><span class=\"before\"><\/span><span class=\"after\"><\/span><\/a><\/div><div class=\"isotope-item block-1 block-h-1\"><a href=\"http:\/\/www.rockpixx.com\/wordpress\/wp-content\/uploads\/2015\/06\/20150619-04-038.jpg\" rel=\"prettyPhoto[postgal_18178]\" class=\"show-hover-link block-h-1\"\"><img decoding=\"async\" src=\"http:\/\/www.rockpixx.com\/wordpress\/wp-content\/uploads\/2015\/06\/20150619-04-038-480x480.jpg\" alt=\"Graham Candy, 19.06.2015, NDR-B\u00fchne, Kiel\"\/><span class=\"before\"><\/span><span class=\"after\"><\/span><\/a><\/div><div class=\"isotope-item block-2 block-h-2\"><a href=\"http:\/\/www.rockpixx.com\/wordpress\/wp-content\/uploads\/2015\/06\/20150619-04-045.jpg\" rel=\"prettyPhoto[postgal_18178]\" class=\"show-hover-link block-h-2\"\"><img decoding=\"async\" src=\"http:\/\/www.rockpixx.com\/wordpress\/wp-content\/uploads\/2015\/06\/20150619-04-045-480x480.jpg\" alt=\"Graham Candy, 19.06.2015, NDR-B\u00fchne, Kiel\"\/><span class=\"before\"><\/span><span class=\"after\"><\/span><\/a><\/div><div class=\"isotope-item block-1 block-h-1\"><a href=\"http:\/\/www.rockpixx.com\/wordpress\/wp-content\/uploads\/2015\/06\/20150619-04-049.jpg\" rel=\"prettyPhoto[postgal_18178]\" class=\"show-hover-link block-h-1\"\"><img decoding=\"async\" src=\"http:\/\/www.rockpixx.com\/wordpress\/wp-content\/uploads\/2015\/06\/20150619-04-049-480x480.jpg\" alt=\"Graham Candy, 19.06.2015, NDR-B\u00fchne, Kiel\"\/><span class=\"before\"><\/span><span class=\"after\"><\/span><\/a><\/div><div class=\"isotope-item block-1 block-h-1\"><a href=\"http:\/\/www.rockpixx.com\/wordpress\/wp-content\/uploads\/2015\/06\/20150619-04-051.jpg\" rel=\"prettyPhoto[postgal_18178]\" class=\"show-hover-link block-h-1\"\"><img decoding=\"async\" src=\"http:\/\/www.rockpixx.com\/wordpress\/wp-content\/uploads\/2015\/06\/20150619-04-051-480x480.jpg\" alt=\"Graham Candy, 19.06.2015, NDR-B\u00fchne, Kiel\"\/><span class=\"before\"><\/span><span class=\"after\"><\/span><\/a><\/div><div class=\"isotope-item block-2 block-h-2\"><a href=\"http:\/\/www.rockpixx.com\/wordpress\/wp-content\/uploads\/2015\/06\/20150619-04-055.jpg\" rel=\"prettyPhoto[postgal_18178]\" class=\"show-hover-link block-h-2\"\"><img decoding=\"async\" src=\"http:\/\/www.rockpixx.com\/wordpress\/wp-content\/uploads\/2015\/06\/20150619-04-055-480x480.jpg\" alt=\"Graham Candy, 19.06.2015, NDR-B\u00fchne, Kiel\"\/><span class=\"before\"><\/span><span class=\"after\"><\/span><\/a><\/div><div class=\"isotope-item block-1 block-h-1\"><a href=\"http:\/\/www.rockpixx.com\/wordpress\/wp-content\/uploads\/2015\/06\/20150619-04-057.jpg\" rel=\"prettyPhoto[postgal_18178]\" class=\"show-hover-link block-h-1\"\"><img decoding=\"async\" src=\"http:\/\/www.rockpixx.com\/wordpress\/wp-content\/uploads\/2015\/06\/20150619-04-057-480x480.jpg\" alt=\"Graham Candy, 19.06.2015, NDR-B\u00fchne, Kiel\"\/><span class=\"before\"><\/span><span class=\"after\"><\/span><\/a><\/div><div class=\"isotope-item block-1 block-h-1\"><a href=\"http:\/\/www.rockpixx.com\/wordpress\/wp-content\/uploads\/2015\/06\/20150619-04-059.jpg\" rel=\"prettyPhoto[postgal_18178]\" class=\"show-hover-link block-h-1\"\"><img decoding=\"async\" src=\"http:\/\/www.rockpixx.com\/wordpress\/wp-content\/uploads\/2015\/06\/20150619-04-059-480x480.jpg\" alt=\"Graham Candy, 19.06.2015, NDR-B\u00fchne, Kiel\"\/><span class=\"before\"><\/span><span class=\"after\"><\/span><\/a><\/div><\/div><\/div><\/p>\n","protected":false},"excerpt":{"rendered":"<p>Au\u00dfer dem Lied \u201eShe Moves (Far Away)\u201c, welches in Zusammenarbeit mit dem deutschen DJ \u201eAlle <a href=\"http:\/\/www.rockpixx.com\/wordpress\/graham-candy-19-06-2015-kieler-woche-ndr-buehne-kiel\/\">Read more<\/a><\/p>\n","protected":false},"author":2,"featured_media":18191,"comment_status":"open","ping_status":"open","sticky":false,"template":"","format":"standard","meta":{"_jetpack_memberships_contains_paid_content":false,"footnotes":"","jetpack_publicize_message":"Graham Candy, 19.06.2015, Kieler Woche, NDR-B\u00fchne, Kiel","jetpack_publicize_feature_enabled":true,"jetpack_social_post_already_shared":true,"jetpack_social_options":{"image_generator_settings":{"template":"highway","default_image_id":0,"font":"","enabled":false},"version":2}},"categories":[34,1646],"tags":[1504,133,1647,1735,138,1775],"class_list":["post-18177","post","type-post","status-publish","format-standard","has-post-thumbnail","hentry","category-acts","category-graham-candy","tag-1504","tag-festivals","tag-graham-candy","tag-kiel","tag-kieler-woche","tag-ndr-buhne"],"aioseo_notices":[],"jetpack_publicize_connections":[],"jetpack_featured_media_url":"http:\/\/www.rockpixx.com\/wordpress\/wp-content\/uploads\/2015\/06\/20150619-04-059_graham-candy_Artikel.jpg","jetpack-related-posts":[{"id":11288,"url":"http:\/\/www.rockpixx.com\/wordpress\/johannes-oerding-29-06-2013-kiel-ndr-buhne\/","url_meta":{"origin":18177,"position":0},"title":"Johannes Oerding, 29.06.2013, Kiel, NDR-B\u00fchne","author":"Anja","date":"30. Juni 2013","format":false,"excerpt":"Jetzt stehe ich hier an der B\u00fchne des NDR und erlebe einen \u00e4hnlichen Konzertabend wie vor zwei Jahren auf der Kieler Woche, wo ich auch zuerst \u2192\u00a0Johannes Oerding und dann \u2192\u00a0Laith Al-Deen vor der Kamera hatte. Mir pers\u00f6nlich hat die Spielfreude der Musiker, die Power mit der Johannes Oerding seine\u2026","rel":"","context":"In &quot;Acts&quot;","block_context":{"text":"Acts","link":"http:\/\/www.rockpixx.com\/wordpress\/category\/acts\/"},"img":{"alt_text":"Johannes Oerding","src":"https:\/\/i0.wp.com\/www.rockpixx.com\/wordpress\/wp-content\/uploads\/2013\/06\/20130629-03-053_johannes-oerding-Artikel.jpg?resize=350%2C200","width":350,"height":200,"srcset":"https:\/\/i0.wp.com\/www.rockpixx.com\/wordpress\/wp-content\/uploads\/2013\/06\/20130629-03-053_johannes-oerding-Artikel.jpg?resize=350%2C200 1x, https:\/\/i0.wp.com\/www.rockpixx.com\/wordpress\/wp-content\/uploads\/2013\/06\/20130629-03-053_johannes-oerding-Artikel.jpg?resize=525%2C300 1.5x, https:\/\/i0.wp.com\/www.rockpixx.com\/wordpress\/wp-content\/uploads\/2013\/06\/20130629-03-053_johannes-oerding-Artikel.jpg?resize=700%2C400 2x"},"classes":[]},{"id":18548,"url":"http:\/\/www.rockpixx.com\/wordpress\/cathrine-jauer-23-06-2015-kieler-woche-ndr-buehne-kiel\/","url_meta":{"origin":18177,"position":1},"title":"Cathrine Jauer, 23.06.2015, Kieler Woche, NDR-B\u00fchne, Kiel","author":"Anja","date":"24. Juni 2015","format":false,"excerpt":"Wer hinter dem Schleswig-Holstein Hammer ein Treffen der Handwerker-Innung Deutschland zum allj\u00e4hrlichen Matjesbr\u00f6tchen-Wettessen vermutet, liegt diesmal vollkommen daneben. Der Schleswig-Holstein Hammer steht f\u00fcr Hammer-Bands, Hammer-Musik, eine Hammer-Performance und eine hammerm\u00e4\u00dfig gute Musikszene hier im Norden. Um beim SH-Hammer dabei sein zu d\u00fcrfen, m\u00fcssen die Teilnehmer aus Schleswig-Holstein stammen und nat\u00fcrlich\u2026","rel":"","context":"In &quot;Acts&quot;","block_context":{"text":"Acts","link":"http:\/\/www.rockpixx.com\/wordpress\/category\/acts\/"},"img":{"alt_text":"Catherine Jauer, Schleswig-Holstein Hammer, 23.06.2015, NDR-B\u00fchne, Kiel","src":"https:\/\/i0.wp.com\/www.rockpixx.com\/wordpress\/wp-content\/uploads\/2015\/06\/20150623-08-005_catherine-jauer_Artikel.jpg?resize=350%2C200","width":350,"height":200,"srcset":"https:\/\/i0.wp.com\/www.rockpixx.com\/wordpress\/wp-content\/uploads\/2015\/06\/20150623-08-005_catherine-jauer_Artikel.jpg?resize=350%2C200 1x, https:\/\/i0.wp.com\/www.rockpixx.com\/wordpress\/wp-content\/uploads\/2015\/06\/20150623-08-005_catherine-jauer_Artikel.jpg?resize=525%2C300 1.5x, https:\/\/i0.wp.com\/www.rockpixx.com\/wordpress\/wp-content\/uploads\/2015\/06\/20150623-08-005_catherine-jauer_Artikel.jpg?resize=700%2C400 2x"},"classes":[]},{"id":11256,"url":"http:\/\/www.rockpixx.com\/wordpress\/stanfour-28-06-2013-kiel-ndr-buhne\/","url_meta":{"origin":18177,"position":2},"title":"Stanfour, 28.06.2013, Kiel, NDR-B\u00fchne","author":"Anja","date":"29. Juni 2013","format":false,"excerpt":"Der Arbeitstag im Graben begann f\u00fcr mich im dicksten Nebel, so dass ich mir w\u00fcnschte, ein Nebelhorn zur Hand zu haben. Ich konnte nicht mal mehr das Kamerapodest vom NDR sehen, obwohl ich nur einen knappen Meter davor gestanden habe. Zum Gl\u00fcck war etwas Wind, denn schlie\u00dflich sollte man ja\u2026","rel":"","context":"In &quot;Acts&quot;","block_context":{"text":"Acts","link":"http:\/\/www.rockpixx.com\/wordpress\/category\/acts\/"},"img":{"alt_text":"","src":"https:\/\/i0.wp.com\/www.rockpixx.com\/wordpress\/wp-content\/uploads\/2013\/06\/20130628-02-013_stanfour-Artikel.jpg?resize=350%2C200","width":350,"height":200,"srcset":"https:\/\/i0.wp.com\/www.rockpixx.com\/wordpress\/wp-content\/uploads\/2013\/06\/20130628-02-013_stanfour-Artikel.jpg?resize=350%2C200 1x, https:\/\/i0.wp.com\/www.rockpixx.com\/wordpress\/wp-content\/uploads\/2013\/06\/20130628-02-013_stanfour-Artikel.jpg?resize=525%2C300 1.5x, https:\/\/i0.wp.com\/www.rockpixx.com\/wordpress\/wp-content\/uploads\/2013\/06\/20130628-02-013_stanfour-Artikel.jpg?resize=700%2C400 2x"},"classes":[]},{"id":11353,"url":"http:\/\/www.rockpixx.com\/wordpress\/nena-30-06-2013-kiel-ndr-buhne-2\/","url_meta":{"origin":18177,"position":3},"title":"Nena, 30.06.2013, Kiel, NDR-B\u00fchne","author":"Anja","date":"1. Juli 2013","format":false,"excerpt":"Nena zum \u2192\u00a0zweiten Mal nach 2010 auf der Kieler Woche und auch diesmal berichten wir von diesem Konzert bzw. wir berichten vom ersten Song und zeigen die dazu geh\u00f6renden Bilder. Aber der Reihe nach. Das erste was mir auffiel, war die gro\u00dfe Nervosit\u00e4t der Security-Mitarbeiter an diesem Abend. Ob das\u2026","rel":"","context":"In &quot;Acts&quot;","block_context":{"text":"Acts","link":"http:\/\/www.rockpixx.com\/wordpress\/category\/acts\/"},"img":{"alt_text":"Nena, 30.06.2013, Kiel, NDR-B\u00fchne","src":"https:\/\/i0.wp.com\/www.rockpixx.com\/wordpress\/wp-content\/uploads\/2013\/07\/20130630-04-032_nena-Artikel.jpg?resize=350%2C200","width":350,"height":200,"srcset":"https:\/\/i0.wp.com\/www.rockpixx.com\/wordpress\/wp-content\/uploads\/2013\/07\/20130630-04-032_nena-Artikel.jpg?resize=350%2C200 1x, https:\/\/i0.wp.com\/www.rockpixx.com\/wordpress\/wp-content\/uploads\/2013\/07\/20130630-04-032_nena-Artikel.jpg?resize=525%2C300 1.5x, https:\/\/i0.wp.com\/www.rockpixx.com\/wordpress\/wp-content\/uploads\/2013\/07\/20130630-04-032_nena-Artikel.jpg?resize=700%2C400 2x"},"classes":[]},{"id":8542,"url":"http:\/\/www.rockpixx.com\/wordpress\/simple-plan-20-06-2012-kiel-ndr-buhne\/","url_meta":{"origin":18177,"position":4},"title":"Simple Plan, 20.06.2012, Kiel, NDR-B\u00fchne","author":"Anja","date":"20. Juni 2012","format":false,"excerpt":"Simple Plan stand heute als erstes auf dem Plan. F\u00fcnf kanadische Rockmusiker, die ich vor der Kieler Woche nicht bewusst wahrgenommen habe, obwohl ihre Songs zur Zeit im Radio rauf und runter gespielt werden. Diese Lieder wie z.B. \u201eSummer Paradise\u201c und \u201eJet Lag\u201c brachten die zum gr\u00f6\u00dften Teil weibliche Menge\u2026","rel":"","context":"In &quot;Acts&quot;","block_context":{"text":"Acts","link":"http:\/\/www.rockpixx.com\/wordpress\/category\/acts\/"},"img":{"alt_text":"Simple Plan, 20.06.2012, Kiel, NDR-B\u00fchne","src":"https:\/\/i0.wp.com\/www.rockpixx.com\/wordpress\/wp-content\/uploads\/2013\/02\/20120620-01-simple-plan-Artikel.jpg?resize=350%2C200","width":350,"height":200,"srcset":"https:\/\/i0.wp.com\/www.rockpixx.com\/wordpress\/wp-content\/uploads\/2013\/02\/20120620-01-simple-plan-Artikel.jpg?resize=350%2C200 1x, https:\/\/i0.wp.com\/www.rockpixx.com\/wordpress\/wp-content\/uploads\/2013\/02\/20120620-01-simple-plan-Artikel.jpg?resize=525%2C300 1.5x, https:\/\/i0.wp.com\/www.rockpixx.com\/wordpress\/wp-content\/uploads\/2013\/02\/20120620-01-simple-plan-Artikel.jpg?resize=700%2C400 2x"},"classes":[]},{"id":18195,"url":"http:\/\/www.rockpixx.com\/wordpress\/glasperlenspiel-19-06-2015-kieler-woche-ndr-buehne-kiel\/","url_meta":{"origin":18177,"position":5},"title":"Glasperlenspiel, 19.06.2015, Kieler Woche, NDR-B\u00fchne, Kiel","author":"Anja","date":"20. Juni 2015","format":false,"excerpt":"\u201eGlasperlenspiel\u201c auf der diesj\u00e4hrigen Kieler Woche verdanken wir dem nicht so sch\u00f6nen Umstand, dass der eigentlich geplante S\u00e4nger \u201eDotan\u201c krankheitsbedingt absagen muss, auf diesem Weg gute Besserung. Nat\u00fcrlich freute ich mich pers\u00f6nlich dar\u00fcber, dass Glasperlenspiel so kurzfristig eingesprungen sind, zum einen weil sie sicherlich neben ihren bekannten Hits wie \u201eIch\u2026","rel":"","context":"In &quot;Acts&quot;","block_context":{"text":"Acts","link":"http:\/\/www.rockpixx.com\/wordpress\/category\/acts\/"},"img":{"alt_text":"Glasperlenspiel, 19.06.2015, NDR-B\u00fchne, Kiel","src":"https:\/\/i0.wp.com\/www.rockpixx.com\/wordpress\/wp-content\/uploads\/2015\/06\/20150619-05-025_glasperlenspiel_Artikel.jpg?resize=350%2C200","width":350,"height":200,"srcset":"https:\/\/i0.wp.com\/www.rockpixx.com\/wordpress\/wp-content\/uploads\/2015\/06\/20150619-05-025_glasperlenspiel_Artikel.jpg?resize=350%2C200 1x, https:\/\/i0.wp.com\/www.rockpixx.com\/wordpress\/wp-content\/uploads\/2015\/06\/20150619-05-025_glasperlenspiel_Artikel.jpg?resize=525%2C300 1.5x, https:\/\/i0.wp.com\/www.rockpixx.com\/wordpress\/wp-content\/uploads\/2015\/06\/20150619-05-025_glasperlenspiel_Artikel.jpg?resize=700%2C400 2x"},"classes":[]}],"jetpack_sharing_enabled":true,"publishpress_future_action":{"enabled":false,"date":"2026-05-06 17:47:46","action":"change-status","newStatus":"draft","terms":[],"taxonomy":"category","extraData":[]},"publishpress_future_workflow_manual_trigger":{"enabledWorkflows":[]},"_links":{"self":[{"href":"http:\/\/www.rockpixx.com\/wordpress\/wp-json\/wp\/v2\/posts\/18177","targetHints":{"allow":["GET"]}}],"collection":[{"href":"http:\/\/www.rockpixx.com\/wordpress\/wp-json\/wp\/v2\/posts"}],"about":[{"href":"http:\/\/www.rockpixx.com\/wordpress\/wp-json\/wp\/v2\/types\/post"}],"author":[{"embeddable":true,"href":"http:\/\/www.rockpixx.com\/wordpress\/wp-json\/wp\/v2\/users\/2"}],"replies":[{"embeddable":true,"href":"http:\/\/www.rockpixx.com\/wordpress\/wp-json\/wp\/v2\/comments?post=18177"}],"version-history":[{"count":0,"href":"http:\/\/www.rockpixx.com\/wordpress\/wp-json\/wp\/v2\/posts\/18177\/revisions"}],"wp:featuredmedia":[{"embeddable":true,"href":"http:\/\/www.rockpixx.com\/wordpress\/wp-json\/wp\/v2\/media\/18191"}],"wp:attachment":[{"href":"http:\/\/www.rockpixx.com\/wordpress\/wp-json\/wp\/v2\/media?parent=18177"}],"wp:term":[{"taxonomy":"category","embeddable":true,"href":"http:\/\/www.rockpixx.com\/wordpress\/wp-json\/wp\/v2\/categories?post=18177"},{"taxonomy":"post_tag","embeddable":true,"href":"http:\/\/www.rockpixx.com\/wordpress\/wp-json\/wp\/v2\/tags?post=18177"}],"curies":[{"name":"wp","href":"https:\/\/api.w.org\/{rel}","templated":true}]}}