{"id":18262,"date":"2015-06-21T13:08:48","date_gmt":"2015-06-21T12:08:48","guid":{"rendered":"http:\/\/rockpixx.com\/wordpress\/?p=18262"},"modified":"2015-06-21T19:28:10","modified_gmt":"2015-06-21T18:28:10","slug":"drive-20-06-2015-kieler-woche-netuse-buehne-kiel","status":"publish","type":"post","link":"http:\/\/www.rockpixx.com\/wordpress\/drive-20-06-2015-kieler-woche-netuse-buehne-kiel\/","title":{"rendered":"Drive!, 20.06.2015, Kieler Woche, NetUSE-B\u00fchne, Kiel"},"content":{"rendered":"<p>Mittlerweile f\u00e4llt es schwer \u00fcber Drive! etwas zu schreiben, was auf rockpixx.com noch nicht \u00fcber gesagt wurde. Bereits zum \u2192 <a href=\"http:\/\/rockpixx.com\/wordpress\/category\/acts\/drive\/\">5. Mal<\/a> erleben ich Drive! zur Kieler Woche auf der NetUSE-B\u00fchne (ehemalige MAXB\u00fchne) und bin wie immer schwer davon begeistert, mit welchem Elan und Spielfreude sie ihr Publikum von Anfang an in ihren Bann ziehen.<!--more--><\/p>\n<p>Leider kann ich mir nicht den ganzen Auftritt von ihnen mit verfolgen. Also mache ich mich auf den Weg zum n\u00e4chsten Konzert an diesem Abend und bin mir sicher, dass an der NetUSE-B\u00fchne das Publikum in guten H\u00e4nden ist.<\/p>\n<p style=\"text-align: right;\">Fotos: <a href=\"mailto:a.roselt@rockpixx.com?subject=Drive!,%2020.06.2015,%20Kieler%20Woche,%20NetUSE-B\u00fchne,%20Kiel\">Anja<\/a> | Text: <a href=\"mailto:a.roselt@rockpixx.com?subject=Drive!,%2020.06.2015,%20Kieler%20Woche,%20NetUSE-B\u00fchne,%20Kiel\">Anja<\/a><\/p>\n<p>&nbsp;<\/p>\n<div class=\"eat-left eat-right\"><div class=\"thumbs-masonry isotope\"><div class=\"isotope-item block-2 block-h-2\"><a href=\"http:\/\/www.rockpixx.com\/wordpress\/wp-content\/uploads\/2015\/06\/20150620-03-001.jpg\" rel=\"prettyPhoto[postgal_18264]\" class=\"show-hover-link block-h-2\"\"><img decoding=\"async\" src=\"http:\/\/www.rockpixx.com\/wordpress\/wp-content\/uploads\/2015\/06\/20150620-03-001-480x480.jpg\" alt=\"Drive!, 20.06.2015, NetUSE-B\u00fchne, Kiel\"\/><span class=\"before\"><\/span><span class=\"after\"><\/span><\/a><\/div><div class=\"isotope-item block-1 block-h-1\"><a href=\"http:\/\/www.rockpixx.com\/wordpress\/wp-content\/uploads\/2015\/06\/20150620-03-008.jpg\" rel=\"prettyPhoto[postgal_18264]\" class=\"show-hover-link block-h-1\"\"><img decoding=\"async\" src=\"http:\/\/www.rockpixx.com\/wordpress\/wp-content\/uploads\/2015\/06\/20150620-03-008-480x480.jpg\" alt=\"Drive!, 20.06.2015, NetUSE-B\u00fchne, Kiel\"\/><span class=\"before\"><\/span><span class=\"after\"><\/span><\/a><\/div><div class=\"isotope-item block-1 block-h-1\"><a href=\"http:\/\/www.rockpixx.com\/wordpress\/wp-content\/uploads\/2015\/06\/20150620-03-009.jpg\" rel=\"prettyPhoto[postgal_18264]\" class=\"show-hover-link block-h-1\"\"><img decoding=\"async\" src=\"http:\/\/www.rockpixx.com\/wordpress\/wp-content\/uploads\/2015\/06\/20150620-03-009-480x480.jpg\" alt=\"Drive!, 20.06.2015, NetUSE-B\u00fchne, Kiel\"\/><span class=\"before\"><\/span><span class=\"after\"><\/span><\/a><\/div><div class=\"isotope-item block-2 block-h-2\"><a href=\"http:\/\/www.rockpixx.com\/wordpress\/wp-content\/uploads\/2015\/06\/20150620-03-012.jpg\" rel=\"prettyPhoto[postgal_18264]\" class=\"show-hover-link block-h-2\"\"><img decoding=\"async\" src=\"http:\/\/www.rockpixx.com\/wordpress\/wp-content\/uploads\/2015\/06\/20150620-03-012-480x480.jpg\" alt=\"Drive!, 20.06.2015, NetUSE-B\u00fchne, Kiel\"\/><span class=\"before\"><\/span><span class=\"after\"><\/span><\/a><\/div><div class=\"isotope-item block-1 block-h-1\"><a href=\"http:\/\/www.rockpixx.com\/wordpress\/wp-content\/uploads\/2015\/06\/20150620-03-014.jpg\" rel=\"prettyPhoto[postgal_18264]\" class=\"show-hover-link block-h-1\"\"><img decoding=\"async\" src=\"http:\/\/www.rockpixx.com\/wordpress\/wp-content\/uploads\/2015\/06\/20150620-03-014-480x480.jpg\" alt=\"Drive!, 20.06.2015, NetUSE-B\u00fchne, Kiel\"\/><span class=\"before\"><\/span><span class=\"after\"><\/span><\/a><\/div><div class=\"isotope-item block-1 block-h-1\"><a href=\"http:\/\/www.rockpixx.com\/wordpress\/wp-content\/uploads\/2015\/06\/20150620-03-018.jpg\" rel=\"prettyPhoto[postgal_18264]\" class=\"show-hover-link block-h-1\"\"><img decoding=\"async\" src=\"http:\/\/www.rockpixx.com\/wordpress\/wp-content\/uploads\/2015\/06\/20150620-03-018-480x480.jpg\" alt=\"Drive!, 20.06.2015, NetUSE-B\u00fchne, Kiel\"\/><span class=\"before\"><\/span><span class=\"after\"><\/span><\/a><\/div><div class=\"isotope-item block-2 block-h-2\"><a href=\"http:\/\/www.rockpixx.com\/wordpress\/wp-content\/uploads\/2015\/06\/20150620-03-019.jpg\" rel=\"prettyPhoto[postgal_18264]\" class=\"show-hover-link block-h-2\"\"><img decoding=\"async\" src=\"http:\/\/www.rockpixx.com\/wordpress\/wp-content\/uploads\/2015\/06\/20150620-03-019-480x480.jpg\" alt=\"Drive!, 20.06.2015, NetUSE-B\u00fchne, Kiel\"\/><span class=\"before\"><\/span><span class=\"after\"><\/span><\/a><\/div><div class=\"isotope-item block-1 block-h-1\"><a href=\"http:\/\/www.rockpixx.com\/wordpress\/wp-content\/uploads\/2015\/06\/20150620-03-022.jpg\" rel=\"prettyPhoto[postgal_18264]\" class=\"show-hover-link block-h-1\"\"><img decoding=\"async\" src=\"http:\/\/www.rockpixx.com\/wordpress\/wp-content\/uploads\/2015\/06\/20150620-03-022-480x480.jpg\" alt=\"Drive!, 20.06.2015, NetUSE-B\u00fchne, Kiel\"\/><span class=\"before\"><\/span><span class=\"after\"><\/span><\/a><\/div><div class=\"isotope-item block-1 block-h-1\"><a href=\"http:\/\/www.rockpixx.com\/wordpress\/wp-content\/uploads\/2015\/06\/20150620-03-030.jpg\" rel=\"prettyPhoto[postgal_18264]\" class=\"show-hover-link block-h-1\"\"><img decoding=\"async\" src=\"http:\/\/www.rockpixx.com\/wordpress\/wp-content\/uploads\/2015\/06\/20150620-03-030-480x480.jpg\" alt=\"Drive!, 20.06.2015, NetUSE-B\u00fchne, Kiel\"\/><span class=\"before\"><\/span><span class=\"after\"><\/span><\/a><\/div><\/div><\/div>\n","protected":false},"excerpt":{"rendered":"<p>Mittlerweile f\u00e4llt es schwer \u00fcber Drive! etwas zu schreiben, was auf rockpixx.com noch nicht \u00fcber <a href=\"http:\/\/www.rockpixx.com\/wordpress\/drive-20-06-2015-kieler-woche-netuse-buehne-kiel\/\">Read more<\/a><\/p>\n","protected":false},"author":2,"featured_media":18274,"comment_status":"open","ping_status":"open","sticky":false,"template":"","format":"standard","meta":{"_jetpack_memberships_contains_paid_content":false,"footnotes":"","jetpack_publicize_message":"Drive!, 20.06.2015, Kieler Woche, NetUSE-B\u00fchne, Kiel","jetpack_publicize_feature_enabled":true,"jetpack_social_post_already_shared":true,"jetpack_social_options":{"image_generator_settings":{"template":"highway","default_image_id":0,"font":"","enabled":false},"version":2}},"categories":[34,429],"tags":[1504,1812,133,1735,138,1559],"class_list":["post-18262","post","type-post","status-publish","format-standard","has-post-thumbnail","hentry","category-acts","category-drive","tag-1504","tag-drive","tag-festivals","tag-kiel","tag-kieler-woche","tag-netuse-buehne"],"aioseo_notices":[],"jetpack_publicize_connections":[],"jetpack_featured_media_url":"http:\/\/www.rockpixx.com\/wordpress\/wp-content\/uploads\/2015\/06\/20150620-03-030_drive_Artikel.jpg","jetpack-related-posts":[{"id":18327,"url":"http:\/\/www.rockpixx.com\/wordpress\/kellerkaos-22-06-2015-kieler-woche-netuse-buehne-kiel\/","url_meta":{"origin":18262,"position":0},"title":"KellerKaos, 22.06.2015, Kieler Woche, NetUSE-B\u00fchne, Kiel","author":"Anja","date":"23. Juni 2015","format":false,"excerpt":"Vorab: Es gibt Bands, die ich nicht kenne (das ist auch nicht verwunderlich) und auf die ich mich schon im Vorfeld freue \u2013 so geschehen bei \u201eKellerKaos\u201c. Meine Erwartungen sollten nicht entt\u00e4uscht werden\u2026 In Kiel herrschte durch diverse Unf\u00e4lle an strategisch wichtigen Stellen nicht Keller- sondern Verkehrschaos. Schon im Stau\u2026","rel":"","context":"In &quot;Acts&quot;","block_context":{"text":"Acts","link":"http:\/\/www.rockpixx.com\/wordpress\/category\/acts\/"},"img":{"alt_text":"KellerKaos, 22.06.2015, NetUSE-B\u00fchne, Kiel","src":"https:\/\/i0.wp.com\/www.rockpixx.com\/wordpress\/wp-content\/uploads\/2015\/06\/20150622-01-014_kellerkaos_Artikel.jpg?resize=350%2C200","width":350,"height":200,"srcset":"https:\/\/i0.wp.com\/www.rockpixx.com\/wordpress\/wp-content\/uploads\/2015\/06\/20150622-01-014_kellerkaos_Artikel.jpg?resize=350%2C200 1x, https:\/\/i0.wp.com\/www.rockpixx.com\/wordpress\/wp-content\/uploads\/2015\/06\/20150622-01-014_kellerkaos_Artikel.jpg?resize=525%2C300 1.5x, https:\/\/i0.wp.com\/www.rockpixx.com\/wordpress\/wp-content\/uploads\/2015\/06\/20150622-01-014_kellerkaos_Artikel.jpg?resize=700%2C400 2x"},"classes":[]},{"id":18120,"url":"http:\/\/www.rockpixx.com\/wordpress\/bad-bobs-19-06-2015-kieler-woche-netuse-buehne-kiel\/","url_meta":{"origin":18262,"position":1},"title":"Bad Bobs, 19.06.2015, Kieler Woche, NetUSE-B\u00fchne, Kiel","author":"Anja","date":"20. Juni 2015","format":false,"excerpt":"Man m\u00f6chte es schon fast als Tradition bezeichnen, das der Soundcheck-Tag der Kieler Woche mit den \u201eBad Bobs\u201c an der NetUSE-B\u00fchne beginnt. Viele werden sich fragen NetUSE-B\u00fchne? Ja, seit diesem Jahr ist NetUSE der neue Hauptsponsor f\u00fcr die B\u00fchne am Hauptbahnhof und sorgt mit seinem Engagement auf der Kieler Woche\u2026","rel":"","context":"In &quot;Acts&quot;","block_context":{"text":"Acts","link":"http:\/\/www.rockpixx.com\/wordpress\/category\/acts\/"},"img":{"alt_text":"Bad Bobs, 19.06.2015, NetUSE-B\u00fchne, Kiel","src":"https:\/\/i0.wp.com\/www.rockpixx.com\/wordpress\/wp-content\/uploads\/2015\/06\/20150619-01-005_bad-bobs_Artikel.jpg?resize=350%2C200","width":350,"height":200,"srcset":"https:\/\/i0.wp.com\/www.rockpixx.com\/wordpress\/wp-content\/uploads\/2015\/06\/20150619-01-005_bad-bobs_Artikel.jpg?resize=350%2C200 1x, https:\/\/i0.wp.com\/www.rockpixx.com\/wordpress\/wp-content\/uploads\/2015\/06\/20150619-01-005_bad-bobs_Artikel.jpg?resize=525%2C300 1.5x, https:\/\/i0.wp.com\/www.rockpixx.com\/wordpress\/wp-content\/uploads\/2015\/06\/20150619-01-005_bad-bobs_Artikel.jpg?resize=700%2C400 2x"},"classes":[]},{"id":18329,"url":"http:\/\/www.rockpixx.com\/wordpress\/merqury-22-06-2015-kieler-woche-netuse-buehne-kiel\/","url_meta":{"origin":18262,"position":2},"title":"MerQury, 22.06.2015, Kieler Woche, NetUSE-B\u00fchne, Kiel","author":"Anja","date":"23. Juni 2015","format":false,"excerpt":"Tja\u2026 ein bemerkenswerter Tag neigt sich dem Ende zu. Bemerkenswert aus dem Grund, weil heute die stylischen Irrungen und Wirrungen kein Ende nehmen wollen. Die \u2192 Mireille Mathieu-Gedenkfrisur zu Beginn des Abends war ja schon grenzwertig, jetzt wird\u2019s allerdings hart! \u201eMerQury\u201c haben ihren Streit vom letzten Jahr (wir und die\u2026","rel":"","context":"In &quot;Acts&quot;","block_context":{"text":"Acts","link":"http:\/\/www.rockpixx.com\/wordpress\/category\/acts\/"},"img":{"alt_text":"MerQury, 22.06.2015, NetUSE-B\u00fchne, Kiel","src":"https:\/\/i0.wp.com\/www.rockpixx.com\/wordpress\/wp-content\/uploads\/2015\/06\/20150622-04-064_merqury_Artikel.jpg?resize=350%2C200","width":350,"height":200,"srcset":"https:\/\/i0.wp.com\/www.rockpixx.com\/wordpress\/wp-content\/uploads\/2015\/06\/20150622-04-064_merqury_Artikel.jpg?resize=350%2C200 1x, https:\/\/i0.wp.com\/www.rockpixx.com\/wordpress\/wp-content\/uploads\/2015\/06\/20150622-04-064_merqury_Artikel.jpg?resize=525%2C300 1.5x, https:\/\/i0.wp.com\/www.rockpixx.com\/wordpress\/wp-content\/uploads\/2015\/06\/20150622-04-064_merqury_Artikel.jpg?resize=700%2C400 2x"},"classes":[]},{"id":18689,"url":"http:\/\/www.rockpixx.com\/wordpress\/coverline-26-06-2015-kieler-woche-netuse-buehne-kiel\/","url_meta":{"origin":18262,"position":3},"title":"CoverLine, 26.06.2015, Kieler Woche, NetUSE-B\u00fchne, Kiel","author":"Anja","date":"27. Juni 2015","format":false,"excerpt":"Das Abendprogramm auf der NetUSE-B\u00fchne bestreiten diesmal \u201eCoverLine\u201c. Lange begleitet diese Band unsere Kieler Woche-Berichte und oft hatte sich f\u00fcr uns durch den Mitgliederwechsel die Optik und die Akustik ge\u00e4ndert. Dieses Mal nicht \u2013 wir treffen die gleiche Formation wie letztes Jahr an und freuen uns, dass die Kontinuit\u00e4t sich\u2026","rel":"","context":"In &quot;Acts&quot;","block_context":{"text":"Acts","link":"http:\/\/www.rockpixx.com\/wordpress\/category\/acts\/"},"img":{"alt_text":"","src":"https:\/\/i0.wp.com\/www.rockpixx.com\/wordpress\/wp-content\/uploads\/2015\/06\/20150626-02-003_coverline_Artikel.jpg?resize=350%2C200","width":350,"height":200,"srcset":"https:\/\/i0.wp.com\/www.rockpixx.com\/wordpress\/wp-content\/uploads\/2015\/06\/20150626-02-003_coverline_Artikel.jpg?resize=350%2C200 1x, https:\/\/i0.wp.com\/www.rockpixx.com\/wordpress\/wp-content\/uploads\/2015\/06\/20150626-02-003_coverline_Artikel.jpg?resize=525%2C300 1.5x, https:\/\/i0.wp.com\/www.rockpixx.com\/wordpress\/wp-content\/uploads\/2015\/06\/20150626-02-003_coverline_Artikel.jpg?resize=700%2C400 2x"},"classes":[]},{"id":18319,"url":"http:\/\/www.rockpixx.com\/wordpress\/alive-kicking-21-06-2015-kieler-woche-netuse-buehne-kiel\/","url_meta":{"origin":18262,"position":4},"title":"Alive &#038; Kicking, 21.06.2015, Kieler Woche, NetUSE-B\u00fchne, Kiel","author":"Anja","date":"22. Juni 2015","format":false,"excerpt":"Tadaaa: Sie haben es nun in die Top Five unserer meistfotografierten Bands geschafft: \u2192 \u201eAlive & Kicking\u201c \u2013 und das obwohl wir sie erst 2011 zum ersten Mal vor unseren Kameras hatten! Heute Abend allerdings ist einiges anders als sonst: 40 Prozent der Band f\u00e4llt verletzungsbedingt aus: Harry hat \u201eArm\u201c\u2026","rel":"","context":"In &quot;Acts&quot;","block_context":{"text":"Acts","link":"http:\/\/www.rockpixx.com\/wordpress\/category\/acts\/"},"img":{"alt_text":"Alive &amp; Kicking, 21.06.2015, NetUSE-B\u00fchne, Kiel","src":"https:\/\/i0.wp.com\/www.rockpixx.com\/wordpress\/wp-content\/uploads\/2015\/06\/20150621-03-017_ak_Artikel.jpg?resize=350%2C200","width":350,"height":200,"srcset":"https:\/\/i0.wp.com\/www.rockpixx.com\/wordpress\/wp-content\/uploads\/2015\/06\/20150621-03-017_ak_Artikel.jpg?resize=350%2C200 1x, https:\/\/i0.wp.com\/www.rockpixx.com\/wordpress\/wp-content\/uploads\/2015\/06\/20150621-03-017_ak_Artikel.jpg?resize=525%2C300 1.5x, https:\/\/i0.wp.com\/www.rockpixx.com\/wordpress\/wp-content\/uploads\/2015\/06\/20150621-03-017_ak_Artikel.jpg?resize=700%2C400 2x"},"classes":[]},{"id":18642,"url":"http:\/\/www.rockpixx.com\/wordpress\/merqury-24-06-2015-kieler-woche-hoern-buehne-kiel\/","url_meta":{"origin":18262,"position":5},"title":"MerQury, 24.06.2015, Kieler Woche, H\u00f6rn-B\u00fchne, Kiel","author":"Anja","date":"25. Juni 2015","format":false,"excerpt":"Kieler Woche und \u201eMerQury\u201c die Zweite \u2013 nach dem Auftritt am \u2192 Montag auf der NetUSE-B\u00fchne erleben wir heute die Musiker auf der H\u00f6rn-B\u00fchne vor einem gro\u00dfen und begeisterten Publikum. W\u00e4hrend wir Backstage warteten, weil Anastacia noch auf der B\u00fchne war, versprach ich Johnny, Falk, Volker und Norbert diesmal das\u2026","rel":"","context":"In &quot;Acts&quot;","block_context":{"text":"Acts","link":"http:\/\/www.rockpixx.com\/wordpress\/category\/acts\/"},"img":{"alt_text":"MerQury, H\u00f6rn-B\u00fchne, Kiel, 24.06.2015","src":"https:\/\/i0.wp.com\/www.rockpixx.com\/wordpress\/wp-content\/uploads\/2015\/06\/20150624-02-415_merqury_Artikel.jpg?resize=350%2C200","width":350,"height":200,"srcset":"https:\/\/i0.wp.com\/www.rockpixx.com\/wordpress\/wp-content\/uploads\/2015\/06\/20150624-02-415_merqury_Artikel.jpg?resize=350%2C200 1x, https:\/\/i0.wp.com\/www.rockpixx.com\/wordpress\/wp-content\/uploads\/2015\/06\/20150624-02-415_merqury_Artikel.jpg?resize=525%2C300 1.5x, https:\/\/i0.wp.com\/www.rockpixx.com\/wordpress\/wp-content\/uploads\/2015\/06\/20150624-02-415_merqury_Artikel.jpg?resize=700%2C400 2x"},"classes":[]}],"jetpack_sharing_enabled":true,"publishpress_future_action":{"enabled":false,"date":"2026-05-08 07:58:12","action":"change-status","newStatus":"draft","terms":[],"taxonomy":"category","extraData":[]},"publishpress_future_workflow_manual_trigger":{"enabledWorkflows":[]},"_links":{"self":[{"href":"http:\/\/www.rockpixx.com\/wordpress\/wp-json\/wp\/v2\/posts\/18262","targetHints":{"allow":["GET"]}}],"collection":[{"href":"http:\/\/www.rockpixx.com\/wordpress\/wp-json\/wp\/v2\/posts"}],"about":[{"href":"http:\/\/www.rockpixx.com\/wordpress\/wp-json\/wp\/v2\/types\/post"}],"author":[{"embeddable":true,"href":"http:\/\/www.rockpixx.com\/wordpress\/wp-json\/wp\/v2\/users\/2"}],"replies":[{"embeddable":true,"href":"http:\/\/www.rockpixx.com\/wordpress\/wp-json\/wp\/v2\/comments?post=18262"}],"version-history":[{"count":0,"href":"http:\/\/www.rockpixx.com\/wordpress\/wp-json\/wp\/v2\/posts\/18262\/revisions"}],"wp:featuredmedia":[{"embeddable":true,"href":"http:\/\/www.rockpixx.com\/wordpress\/wp-json\/wp\/v2\/media\/18274"}],"wp:attachment":[{"href":"http:\/\/www.rockpixx.com\/wordpress\/wp-json\/wp\/v2\/media?parent=18262"}],"wp:term":[{"taxonomy":"category","embeddable":true,"href":"http:\/\/www.rockpixx.com\/wordpress\/wp-json\/wp\/v2\/categories?post=18262"},{"taxonomy":"post_tag","embeddable":true,"href":"http:\/\/www.rockpixx.com\/wordpress\/wp-json\/wp\/v2\/tags?post=18262"}],"curies":[{"name":"wp","href":"https:\/\/api.w.org\/{rel}","templated":true}]}}