{"id":18456,"date":"2015-06-24T12:12:49","date_gmt":"2015-06-24T11:12:49","guid":{"rendered":"http:\/\/rockpixx.com\/wordpress\/?p=18456"},"modified":"2015-06-24T13:17:31","modified_gmt":"2015-06-24T12:17:31","slug":"ruekkenwind-23-06-2015-kieler-woche-ndr-buehne-kiel","status":"publish","type":"post","link":"http:\/\/www.rockpixx.com\/wordpress\/ruekkenwind-23-06-2015-kieler-woche-ndr-buehne-kiel\/","title":{"rendered":"R\u00fckkenwind, 23.06.2015, Kieler Woche, NDR-B\u00fchne, Kiel"},"content":{"rendered":"<p>Wer hinter dem Schleswig-Holstein Hammer ein Treffen der Handwerker-Innung Deutschland zum allj\u00e4hrlichen Matjesbr\u00f6tchen-Wettessen vermutet, liegt diesmal vollkommen daneben.<\/p>\n<p>Der Schleswig-Holstein Hammer steht f\u00fcr Hammer-Bands, Hammer-Musik, eine Hammer-Performance und eine hammerm\u00e4\u00dfig gute Musikszene hier im Norden. <!--more-->Um beim SH-Hammer dabei sein zu d\u00fcrfen, m\u00fcssen die Teilnehmer aus Schleswig-Holstein stammen und nat\u00fcrlich auch Musik machen k\u00f6nnen. Laut Jan Malte Andresen, der als Moderator durch den Abend f\u00fchrte, bewarben sich tausende von Bands und Solok\u00fcnstlern. Aus diesen wurden knapp 30 Musiker und Bands zu einem Casting in die Stadthalle Neum\u00fcnster eingeladen, um sich den kritischen Augen und Ohren von Michy Reincke und den Vorjahressiegern von \u201eFr\u00fchst\u00fccks-Beat\u201c zu stellen.<\/p>\n<p>Am Ende blieben 17 Bands \u00fcbrig, die ins Online-Voting kamen. Ich glaube diese Tage des Online-Votings waren f\u00fcr alle Musiker spannend und aufregend. Am Ende durften sich \u201eSchreiber\u201c, \u2192\u201e<a href=\"http:\/\/rockpixx.com\/wordpress\/category\/acts\/la-frontera-victoriana\/\">La Frontera Victoriana<\/a>\u201c, \u201eMary Jane Killed The Cat\u201c, Malte Sch\u00f6ning, \u201eR\u00fckkenwind\u201c, Ute Sch\u00f6nherr, \u201eCathrine Jauer &amp; Band\u201c und \u2192\u201e<a href=\"http:\/\/rockpixx.com\/wordpress\/category\/acts\/beige\/\">beige<\/a>\u201c \u00fcber die begehrten Startpl\u00e4tz freuen.<\/p>\n<p>F\u00fcr viele ist es ein Traum auf so einer gro\u00dfen B\u00fchne wie der NDR-B\u00fchne auf der Kieler Woche zu spielen und somit sind alle schon Sieger bei diesem Wettbewerb.<\/p>\n<p>Den etwas undankbaren ersten Startplatz hatten die Musiker von \u201eR\u00fckkenwind\u201c. Sie erhielten gut Punkte \u00fcber das \u201eApplausometer\u201c. Nur die Jury hielt sich noch etwas zur\u00fcck mit der Punktvergabe, um \u2013 nach eigener Aussage \u2013 noch Luft nach oben zu haben.<\/p>\n<p>Hier sind also dann die Bilder von \u201eR\u00fckkenwind\u201c beim SH-Hammer-Finale 2015.<\/p>\n<p style=\"text-align: right;\">Fotos: <a href=\"mailto:a.roselt@rockpixx.com?subject=R\u00fckkenwind,%2023.06.2015,%20Kieler%20Woche,%20NDR-B\u00fchne,%20Kiel\">Anja<\/a> | Text: <a href=\"mailto:a.roselt@rockpixx.com?subject=R\u00fckkenwind,%2023.06.2015,%20Kieler%20Woche,%20NDR-B\u00fchne,%20Kiel\">Anja<\/a><\/p>\n<p>&nbsp;<\/p>\n<div class=\"eat-left eat-right\"><div class=\"thumbs-masonry isotope\"><div class=\"isotope-item block-2 block-h-2\"><a href=\"http:\/\/www.rockpixx.com\/wordpress\/wp-content\/uploads\/2015\/06\/20150623-01-001.jpg\" rel=\"prettyPhoto[postgal_18458]\" class=\"show-hover-link block-h-2\"\"><img decoding=\"async\" src=\"http:\/\/www.rockpixx.com\/wordpress\/wp-content\/uploads\/2015\/06\/20150623-01-001-480x480.jpg\" alt=\"R\u00fckkenwind, Schleswig-Holstein Hammer, 23.06.2015, \"\/><span class=\"before\"><\/span><span class=\"after\"><\/span><\/a><\/div><div class=\"isotope-item block-2 block-h-2\"><a href=\"http:\/\/www.rockpixx.com\/wordpress\/wp-content\/uploads\/2015\/06\/20150623-01-007.jpg\" rel=\"prettyPhoto[postgal_18458]\" class=\"show-hover-link block-h-2\"\"><img decoding=\"async\" src=\"http:\/\/www.rockpixx.com\/wordpress\/wp-content\/uploads\/2015\/06\/20150623-01-007-480x480.jpg\" alt=\"R\u00fckkenwind, Schleswig-Holstein Hammer, 23.06.2015, \"\/><span class=\"before\"><\/span><span class=\"after\"><\/span><\/a><\/div><div class=\"isotope-item block-1 block-h-1\"><a href=\"http:\/\/www.rockpixx.com\/wordpress\/wp-content\/uploads\/2015\/06\/20150623-01-010.jpg\" rel=\"prettyPhoto[postgal_18458]\" class=\"show-hover-link block-h-1\"\"><img decoding=\"async\" src=\"http:\/\/www.rockpixx.com\/wordpress\/wp-content\/uploads\/2015\/06\/20150623-01-010-480x480.jpg\" alt=\"R\u00fckkenwind, Schleswig-Holstein Hammer, 23.06.2015, \"\/><span class=\"before\"><\/span><span class=\"after\"><\/span><\/a><\/div><div class=\"isotope-item block-1 block-h-1\"><a href=\"http:\/\/www.rockpixx.com\/wordpress\/wp-content\/uploads\/2015\/06\/20150623-01-012.jpg\" rel=\"prettyPhoto[postgal_18458]\" class=\"show-hover-link block-h-1\"\"><img decoding=\"async\" src=\"http:\/\/www.rockpixx.com\/wordpress\/wp-content\/uploads\/2015\/06\/20150623-01-012-480x480.jpg\" alt=\"R\u00fckkenwind, Schleswig-Holstein Hammer, 23.06.2015, \"\/><span class=\"before\"><\/span><span class=\"after\"><\/span><\/a><\/div><div class=\"isotope-item block-1 block-h-1\"><a href=\"http:\/\/www.rockpixx.com\/wordpress\/wp-content\/uploads\/2015\/06\/20150623-01-015.jpg\" rel=\"prettyPhoto[postgal_18458]\" class=\"show-hover-link block-h-1\"\"><img decoding=\"async\" src=\"http:\/\/www.rockpixx.com\/wordpress\/wp-content\/uploads\/2015\/06\/20150623-01-015-480x480.jpg\" alt=\"R\u00fckkenwind, Schleswig-Holstein Hammer, 23.06.2015, \"\/><span class=\"before\"><\/span><span class=\"after\"><\/span><\/a><\/div><div class=\"isotope-item block-1 block-h-1\"><a href=\"http:\/\/www.rockpixx.com\/wordpress\/wp-content\/uploads\/2015\/06\/20150623-01-016.jpg\" rel=\"prettyPhoto[postgal_18458]\" class=\"show-hover-link block-h-1\"\"><img decoding=\"async\" src=\"http:\/\/www.rockpixx.com\/wordpress\/wp-content\/uploads\/2015\/06\/20150623-01-016-480x480.jpg\" alt=\"R\u00fckkenwind, Schleswig-Holstein Hammer, 23.06.2015, \"\/><span class=\"before\"><\/span><span class=\"after\"><\/span><\/a><\/div><\/div><\/div>\n","protected":false},"excerpt":{"rendered":"<p>Wer hinter dem Schleswig-Holstein Hammer ein Treffen der Handwerker-Innung Deutschland zum allj\u00e4hrlichen Matjesbr\u00f6tchen-Wettessen vermutet, liegt <a href=\"http:\/\/www.rockpixx.com\/wordpress\/ruekkenwind-23-06-2015-kieler-woche-ndr-buehne-kiel\/\">Read more<\/a><\/p>\n","protected":false},"author":2,"featured_media":18498,"comment_status":"open","ping_status":"open","sticky":false,"template":"","format":"standard","meta":{"_jetpack_memberships_contains_paid_content":false,"footnotes":"","jetpack_publicize_message":"#R\u00fckkenwind, 23.06.2015, #KielerWoche, #SHHammer","jetpack_publicize_feature_enabled":true,"jetpack_social_post_already_shared":true,"jetpack_social_options":{"image_generator_settings":{"template":"highway","default_image_id":0,"font":"","enabled":false},"version":2}},"categories":[34,1664],"tags":[1504,133,1735,138,1775,1665,1666],"class_list":["post-18456","post","type-post","status-publish","format-standard","has-post-thumbnail","hentry","category-acts","category-ruekkenwind","tag-1504","tag-festivals","tag-kiel","tag-kieler-woche","tag-ndr-buhne","tag-ruekkenwind","tag-schleswig-holstein-hammer"],"aioseo_notices":[],"jetpack_publicize_connections":[],"jetpack_featured_media_url":"http:\/\/www.rockpixx.com\/wordpress\/wp-content\/uploads\/2015\/06\/20150623-01-012_ruekkenwind_Artikel.jpg","jetpack-related-posts":[{"id":18483,"url":"http:\/\/www.rockpixx.com\/wordpress\/beige-23-06-2015-kieler-woche-ndr-buehne-kiel\/","url_meta":{"origin":18456,"position":0},"title":"beige, 23.06.2015, Kieler Woche, NDR-B\u00fchne, Kiel","author":"Anja","date":"24. Juni 2015","format":false,"excerpt":"Wer hinter dem Schleswig-Holstein Hammer ein Treffen der Handwerker-Innung Deutschland zum allj\u00e4hrlichen Matjesbr\u00f6tchen-Wettessen vermutet, liegt diesmal vollkommen daneben. Der Schleswig-Holstein Hammer steht f\u00fcr Hammer-Bands, Hammer-Musik, eine Hammer-Performance und eine hammerm\u00e4\u00dfig gute Musikszene hier im Norden. Um beim SH-Hammer dabei sein zu d\u00fcrfen, m\u00fcssen die Teilnehmer aus Schleswig-Holstein stammen und nat\u00fcrlich\u2026","rel":"","context":"In &quot;Acts&quot;","block_context":{"text":"Acts","link":"http:\/\/www.rockpixx.com\/wordpress\/category\/acts\/"},"img":{"alt_text":"beige, Schleswig-Holstein Hammer, 23.06.2015, NDR-B\u00fchne, Kiel","src":"https:\/\/i0.wp.com\/www.rockpixx.com\/wordpress\/wp-content\/uploads\/2015\/06\/20150623-02-011_beige_Artikel.jpg?resize=350%2C200","width":350,"height":200,"srcset":"https:\/\/i0.wp.com\/www.rockpixx.com\/wordpress\/wp-content\/uploads\/2015\/06\/20150623-02-011_beige_Artikel.jpg?resize=350%2C200 1x, https:\/\/i0.wp.com\/www.rockpixx.com\/wordpress\/wp-content\/uploads\/2015\/06\/20150623-02-011_beige_Artikel.jpg?resize=525%2C300 1.5x, https:\/\/i0.wp.com\/www.rockpixx.com\/wordpress\/wp-content\/uploads\/2015\/06\/20150623-02-011_beige_Artikel.jpg?resize=700%2C400 2x"},"classes":[]},{"id":18495,"url":"http:\/\/www.rockpixx.com\/wordpress\/schreiber-23-06-2015-kieler-woche-ndr-buehne-kiel\/","url_meta":{"origin":18456,"position":1},"title":"Schreiber, 23.06.2015, Kieler Woche, NDR-B\u00fchne, Kiel","author":"Anja","date":"24. Juni 2015","format":false,"excerpt":"Wer hinter dem Schleswig-Holstein Hammer ein Treffen der Handwerker-Innung Deutschland zum allj\u00e4hrlichen Matjesbr\u00f6tchen-Wettessen vermutet, liegt diesmal vollkommen daneben. Der Schleswig-Holstein Hammer steht f\u00fcr Hammer-Bands, Hammer-Musik, eine Hammer-Performance und eine hammerm\u00e4\u00dfig gute Musikszene hier im Norden. Um beim SH-Hammer dabei sein zu d\u00fcrfen, m\u00fcssen die Teilnehmer aus Schleswig-Holstein stammen und nat\u00fcrlich\u2026","rel":"","context":"In &quot;Acts&quot;","block_context":{"text":"Acts","link":"http:\/\/www.rockpixx.com\/wordpress\/category\/acts\/"},"img":{"alt_text":"Schreiber, Schleswig-Holstein Hammer, 23.06.2015, NDR-B\u00fchne, Kiel","src":"https:\/\/i0.wp.com\/www.rockpixx.com\/wordpress\/wp-content\/uploads\/2015\/06\/20150623-03-008_schreiber_Artikel.jpg?resize=350%2C200","width":350,"height":200,"srcset":"https:\/\/i0.wp.com\/www.rockpixx.com\/wordpress\/wp-content\/uploads\/2015\/06\/20150623-03-008_schreiber_Artikel.jpg?resize=350%2C200 1x, https:\/\/i0.wp.com\/www.rockpixx.com\/wordpress\/wp-content\/uploads\/2015\/06\/20150623-03-008_schreiber_Artikel.jpg?resize=525%2C300 1.5x, https:\/\/i0.wp.com\/www.rockpixx.com\/wordpress\/wp-content\/uploads\/2015\/06\/20150623-03-008_schreiber_Artikel.jpg?resize=700%2C400 2x"},"classes":[]},{"id":18548,"url":"http:\/\/www.rockpixx.com\/wordpress\/cathrine-jauer-23-06-2015-kieler-woche-ndr-buehne-kiel\/","url_meta":{"origin":18456,"position":2},"title":"Cathrine Jauer, 23.06.2015, Kieler Woche, NDR-B\u00fchne, Kiel","author":"Anja","date":"24. Juni 2015","format":false,"excerpt":"Wer hinter dem Schleswig-Holstein Hammer ein Treffen der Handwerker-Innung Deutschland zum allj\u00e4hrlichen Matjesbr\u00f6tchen-Wettessen vermutet, liegt diesmal vollkommen daneben. Der Schleswig-Holstein Hammer steht f\u00fcr Hammer-Bands, Hammer-Musik, eine Hammer-Performance und eine hammerm\u00e4\u00dfig gute Musikszene hier im Norden. Um beim SH-Hammer dabei sein zu d\u00fcrfen, m\u00fcssen die Teilnehmer aus Schleswig-Holstein stammen und nat\u00fcrlich\u2026","rel":"","context":"In &quot;Acts&quot;","block_context":{"text":"Acts","link":"http:\/\/www.rockpixx.com\/wordpress\/category\/acts\/"},"img":{"alt_text":"Catherine Jauer, Schleswig-Holstein Hammer, 23.06.2015, NDR-B\u00fchne, Kiel","src":"https:\/\/i0.wp.com\/www.rockpixx.com\/wordpress\/wp-content\/uploads\/2015\/06\/20150623-08-005_catherine-jauer_Artikel.jpg?resize=350%2C200","width":350,"height":200,"srcset":"https:\/\/i0.wp.com\/www.rockpixx.com\/wordpress\/wp-content\/uploads\/2015\/06\/20150623-08-005_catherine-jauer_Artikel.jpg?resize=350%2C200 1x, https:\/\/i0.wp.com\/www.rockpixx.com\/wordpress\/wp-content\/uploads\/2015\/06\/20150623-08-005_catherine-jauer_Artikel.jpg?resize=525%2C300 1.5x, https:\/\/i0.wp.com\/www.rockpixx.com\/wordpress\/wp-content\/uploads\/2015\/06\/20150623-08-005_catherine-jauer_Artikel.jpg?resize=700%2C400 2x"},"classes":[]},{"id":18533,"url":"http:\/\/www.rockpixx.com\/wordpress\/mary-jane-killed-the-cat-23-06-2015-kieler-woche-ndr-buehne-kiel\/","url_meta":{"origin":18456,"position":3},"title":"Mary Jane Killed The Cat, 23.06.2015, Kieler Woche, NDR-B\u00fchne, Kiel","author":"Anja","date":"24. Juni 2015","format":false,"excerpt":"Wer hinter dem Schleswig-Holstein Hammer ein Treffen der Handwerker-Innung Deutschland zum allj\u00e4hrlichen Matjesbr\u00f6tchen-Wettessen vermutet, liegt diesmal vollkommen daneben. Der Schleswig-Holstein Hammer steht f\u00fcr Hammer-Bands, Hammer-Musik, eine Hammer-Performance und eine hammerm\u00e4\u00dfig gute Musikszene hier im Norden. Um beim SH-Hammer dabei sein zu d\u00fcrfen, m\u00fcssen die Teilnehmer aus Schleswig-Holstein stammen und nat\u00fcrlich\u2026","rel":"","context":"In &quot;Acts&quot;","block_context":{"text":"Acts","link":"http:\/\/www.rockpixx.com\/wordpress\/category\/acts\/"},"img":{"alt_text":"mjktc (Mary Jane killed the cat), Schleswig-Holstein Hammer, 23.06.2015, NDR-B\u00fchne, Kiel","src":"https:\/\/i0.wp.com\/www.rockpixx.com\/wordpress\/wp-content\/uploads\/2015\/06\/20150623-07-018_mjktc_Artikel.jpg?resize=350%2C200","width":350,"height":200,"srcset":"https:\/\/i0.wp.com\/www.rockpixx.com\/wordpress\/wp-content\/uploads\/2015\/06\/20150623-07-018_mjktc_Artikel.jpg?resize=350%2C200 1x, https:\/\/i0.wp.com\/www.rockpixx.com\/wordpress\/wp-content\/uploads\/2015\/06\/20150623-07-018_mjktc_Artikel.jpg?resize=525%2C300 1.5x, https:\/\/i0.wp.com\/www.rockpixx.com\/wordpress\/wp-content\/uploads\/2015\/06\/20150623-07-018_mjktc_Artikel.jpg?resize=700%2C400 2x"},"classes":[]},{"id":14524,"url":"http:\/\/www.rockpixx.com\/wordpress\/eddy-monrow-22-06-2014-kiel-maxbuehne\/","url_meta":{"origin":18456,"position":4},"title":"Eddy Monrow, 22.06.2014, Kiel, MAXB\u00fchne","author":"Anja","date":"23. Juni 2014","format":false,"excerpt":"Jetzt wei\u00df ich endlich, warum die Raiffeisenstra\u00dfe in Kiel f\u00fcr den Durchgangsverkehr gesperrt worden ist: Eddy Monrow und seine Begleitband spielen auf der anliegenden MAXB\u00fchne und jeder Musiker hat gef\u00fchlt mindestens seinen eigenen Wagen plus mehrere Begleitfahrzeuge dabei, die den gesamten Backstage-Bereich plus eine Fahrbahn zuparken. Ich bin noch auf\u2026","rel":"","context":"In &quot;Acts&quot;","block_context":{"text":"Acts","link":"http:\/\/www.rockpixx.com\/wordpress\/category\/acts\/"},"img":{"alt_text":"Eddy Monrow, 22.06.2014, Kiel, MAXB\u00fchneEddy Monrow, 22.06.2014, Kiel, MAXB\u00fchne","src":"https:\/\/i0.wp.com\/www.rockpixx.com\/wordpress\/wp-content\/uploads\/2014\/06\/20140622-01-001_eddy-monrow_Artikel.jpg?resize=350%2C200","width":350,"height":200,"srcset":"https:\/\/i0.wp.com\/www.rockpixx.com\/wordpress\/wp-content\/uploads\/2014\/06\/20140622-01-001_eddy-monrow_Artikel.jpg?resize=350%2C200 1x, https:\/\/i0.wp.com\/www.rockpixx.com\/wordpress\/wp-content\/uploads\/2014\/06\/20140622-01-001_eddy-monrow_Artikel.jpg?resize=525%2C300 1.5x, https:\/\/i0.wp.com\/www.rockpixx.com\/wordpress\/wp-content\/uploads\/2014\/06\/20140622-01-001_eddy-monrow_Artikel.jpg?resize=700%2C400 2x"},"classes":[]},{"id":1056,"url":"http:\/\/www.rockpixx.com\/wordpress\/kieler-woche-2011-tag-6\/","url_meta":{"origin":18456,"position":5},"title":"Kieler Woche 2011, Tag 6","author":"admin","date":"26. Juni 2011","format":false,"excerpt":"Moin, bevor ich f\u00fcr Mittwoch noch einmal abseits des Fotogeschehens aus dem N\u00e4hk\u00e4stchen plaudere, muss ich noch erw\u00e4hnen, dass das der Tag war, an dem einiges nicht so lief, wie es h\u00e4tte laufen sollen: Erst bekamen wir backstage keinen Parkplatz mehr und abends sch\u00fcttete es wie aus K\u00fcbeln. Das war\u2026","rel":"","context":"In &quot;2011&quot;","block_context":{"text":"2011","link":"http:\/\/www.rockpixx.com\/wordpress\/category\/backstage\/2011\/"},"img":{"alt_text":"Kieler Woche 2011, lost & found","src":"https:\/\/i0.wp.com\/www.rockpixx.com\/wordpress\/wp-content\/uploads\/2013\/02\/20110626-2011-06_Kieler-Woche-0131.jpg?resize=350%2C200","width":350,"height":200,"srcset":"https:\/\/i0.wp.com\/www.rockpixx.com\/wordpress\/wp-content\/uploads\/2013\/02\/20110626-2011-06_Kieler-Woche-0131.jpg?resize=350%2C200 1x, https:\/\/i0.wp.com\/www.rockpixx.com\/wordpress\/wp-content\/uploads\/2013\/02\/20110626-2011-06_Kieler-Woche-0131.jpg?resize=525%2C300 1.5x, https:\/\/i0.wp.com\/www.rockpixx.com\/wordpress\/wp-content\/uploads\/2013\/02\/20110626-2011-06_Kieler-Woche-0131.jpg?resize=700%2C400 2x"},"classes":[]}],"jetpack_sharing_enabled":true,"publishpress_future_action":{"enabled":false,"date":"2026-05-06 15:09:45","action":"change-status","newStatus":"draft","terms":[],"taxonomy":"category","extraData":[]},"publishpress_future_workflow_manual_trigger":{"enabledWorkflows":[]},"_links":{"self":[{"href":"http:\/\/www.rockpixx.com\/wordpress\/wp-json\/wp\/v2\/posts\/18456","targetHints":{"allow":["GET"]}}],"collection":[{"href":"http:\/\/www.rockpixx.com\/wordpress\/wp-json\/wp\/v2\/posts"}],"about":[{"href":"http:\/\/www.rockpixx.com\/wordpress\/wp-json\/wp\/v2\/types\/post"}],"author":[{"embeddable":true,"href":"http:\/\/www.rockpixx.com\/wordpress\/wp-json\/wp\/v2\/users\/2"}],"replies":[{"embeddable":true,"href":"http:\/\/www.rockpixx.com\/wordpress\/wp-json\/wp\/v2\/comments?post=18456"}],"version-history":[{"count":0,"href":"http:\/\/www.rockpixx.com\/wordpress\/wp-json\/wp\/v2\/posts\/18456\/revisions"}],"wp:featuredmedia":[{"embeddable":true,"href":"http:\/\/www.rockpixx.com\/wordpress\/wp-json\/wp\/v2\/media\/18498"}],"wp:attachment":[{"href":"http:\/\/www.rockpixx.com\/wordpress\/wp-json\/wp\/v2\/media?parent=18456"}],"wp:term":[{"taxonomy":"category","embeddable":true,"href":"http:\/\/www.rockpixx.com\/wordpress\/wp-json\/wp\/v2\/categories?post=18456"},{"taxonomy":"post_tag","embeddable":true,"href":"http:\/\/www.rockpixx.com\/wordpress\/wp-json\/wp\/v2\/tags?post=18456"}],"curies":[{"name":"wp","href":"https:\/\/api.w.org\/{rel}","templated":true}]}}