{"id":18689,"date":"2015-06-27T13:57:19","date_gmt":"2015-06-27T12:57:19","guid":{"rendered":"http:\/\/rockpixx.com\/wordpress\/?p=18689"},"modified":"2015-06-27T13:57:44","modified_gmt":"2015-06-27T12:57:44","slug":"coverline-26-06-2015-kieler-woche-netuse-buehne-kiel","status":"publish","type":"post","link":"http:\/\/www.rockpixx.com\/wordpress\/coverline-26-06-2015-kieler-woche-netuse-buehne-kiel\/","title":{"rendered":"CoverLine, 26.06.2015, Kieler Woche, NetUSE-B\u00fchne, Kiel"},"content":{"rendered":"<p>Das Abendprogramm auf der NetUSE-B\u00fchne bestreiten diesmal \u201eCoverLine\u201c. Lange begleitet diese Band unsere Kieler Woche-Berichte und oft hatte sich f\u00fcr uns durch den Mitgliederwechsel die Optik und die Akustik ge\u00e4ndert.<!--more--><\/p>\n<p>Dieses Mal nicht \u2013 wir treffen die gleiche Formation wie letztes Jahr an und freuen uns, dass die Kontinuit\u00e4t sich positiv auf die Musiker und das Programm auswirkt. Da die Band allerdings leider mit etwas Delay anfing und wir zeitlich sehr unter Druck standen (\u201eExtrabreit\u201c und \u201eMadcon\u201c standen noch auf unsere Liste des weiteren Abends), konnte Alex hier nur schnell ein paar Sch\u00fcsse mit der Systemkamera machen \u2013 die DSLRs mussten in den Rucks\u00e4cken bleiben.<\/p>\n<p style=\"text-align: right;\">Fotos: <a href=\"mailto:info@rockpixx.com?subject=Coverline,%2026.06.2015,%20Kieler%20Woche,%20NetUSE-B\u00fchne,%20Kiel\">Alex<\/a> | Text: <a href=\"mailto:info@rockpixx.com?subject=Coverline,%2026.06.2015,%20Kieler%20Woche,%20NetUSE-B\u00fchne,%20Kiel\">Alex<\/a>, <a href=\"mailto:a.roselt@rockpixx.com?subject=Coverline,%2026.06.2015,%20Kieler%20Woche,%20NetUSE-B\u00fchne,%20Kiel\">Anja<\/a><\/p>\n<p>&nbsp;<\/p>\n<div class=\"eat-left eat-right\"><div class=\"thumbs-masonry isotope\"><div class=\"isotope-item block-2 block-h-2\"><a href=\"http:\/\/www.rockpixx.com\/wordpress\/wp-content\/uploads\/2015\/06\/20150626-02-001.jpg\" rel=\"prettyPhoto[postgal_18688]\" class=\"show-hover-link block-h-2\"\"><img decoding=\"async\" src=\"http:\/\/www.rockpixx.com\/wordpress\/wp-content\/uploads\/2015\/06\/20150626-02-001-480x480.jpg\" alt=\"Coverline, NetUSE-B\u00fchne, Kiel, 26.06.2015\"\/><span class=\"before\"><\/span><span class=\"after\"><\/span><\/a><\/div><div class=\"isotope-item block-2 block-h-2\"><a href=\"http:\/\/www.rockpixx.com\/wordpress\/wp-content\/uploads\/2015\/06\/20150626-02-003.jpg\" rel=\"prettyPhoto[postgal_18688]\" class=\"show-hover-link block-h-2\"\"><img decoding=\"async\" src=\"http:\/\/www.rockpixx.com\/wordpress\/wp-content\/uploads\/2015\/06\/20150626-02-003-480x480.jpg\" alt=\"Coverline, NetUSE-B\u00fchne, Kiel, 26.06.2015\"\/><span class=\"before\"><\/span><span class=\"after\"><\/span><\/a><\/div><div class=\"isotope-item block-1 block-h-1\"><a href=\"http:\/\/www.rockpixx.com\/wordpress\/wp-content\/uploads\/2015\/06\/20150626-02-004.jpg\" rel=\"prettyPhoto[postgal_18688]\" class=\"show-hover-link block-h-1\"\"><img decoding=\"async\" src=\"http:\/\/www.rockpixx.com\/wordpress\/wp-content\/uploads\/2015\/06\/20150626-02-004-480x480.jpg\" alt=\"Coverline, NetUSE-B\u00fchne, Kiel, 26.06.2015\"\/><span class=\"before\"><\/span><span class=\"after\"><\/span><\/a><\/div><div class=\"isotope-item block-1 block-h-1\"><a href=\"http:\/\/www.rockpixx.com\/wordpress\/wp-content\/uploads\/2015\/06\/20150626-02-005.jpg\" rel=\"prettyPhoto[postgal_18688]\" class=\"show-hover-link block-h-1\"\"><img decoding=\"async\" src=\"http:\/\/www.rockpixx.com\/wordpress\/wp-content\/uploads\/2015\/06\/20150626-02-005-480x480.jpg\" alt=\"Coverline, NetUSE-B\u00fchne, Kiel, 26.06.2015\"\/><span class=\"before\"><\/span><span class=\"after\"><\/span><\/a><\/div><div class=\"isotope-item block-1 block-h-1\"><a href=\"http:\/\/www.rockpixx.com\/wordpress\/wp-content\/uploads\/2015\/06\/20150626-02-008.jpg\" rel=\"prettyPhoto[postgal_18688]\" class=\"show-hover-link block-h-1\"\"><img decoding=\"async\" src=\"http:\/\/www.rockpixx.com\/wordpress\/wp-content\/uploads\/2015\/06\/20150626-02-008-480x480.jpg\" alt=\"Coverline, NetUSE-B\u00fchne, Kiel, 26.06.2015\"\/><span class=\"before\"><\/span><span class=\"after\"><\/span><\/a><\/div><div class=\"isotope-item block-1 block-h-1\"><a href=\"http:\/\/www.rockpixx.com\/wordpress\/wp-content\/uploads\/2015\/06\/20150626-02-009.jpg\" rel=\"prettyPhoto[postgal_18688]\" class=\"show-hover-link block-h-1\"\"><img decoding=\"async\" src=\"http:\/\/www.rockpixx.com\/wordpress\/wp-content\/uploads\/2015\/06\/20150626-02-009-480x480.jpg\" alt=\"Coverline, NetUSE-B\u00fchne, Kiel, 26.06.2015\"\/><span class=\"before\"><\/span><span class=\"after\"><\/span><\/a><\/div><\/div><\/div>\n","protected":false},"excerpt":{"rendered":"<p>Das Abendprogramm auf der NetUSE-B\u00fchne bestreiten diesmal \u201eCoverLine\u201c. Lange begleitet diese Band unsere Kieler Woche-Berichte <a href=\"http:\/\/www.rockpixx.com\/wordpress\/coverline-26-06-2015-kieler-woche-netuse-buehne-kiel\/\">Read more<\/a><\/p>\n","protected":false},"author":2,"featured_media":18745,"comment_status":"open","ping_status":"open","sticky":false,"template":"","format":"standard","meta":{"_jetpack_memberships_contains_paid_content":false,"footnotes":"","jetpack_publicize_message":"#KielerWoche #NetUSEB\u00fchne #CoverLine","jetpack_publicize_feature_enabled":true,"jetpack_social_post_already_shared":true,"jetpack_social_options":{"image_generator_settings":{"template":"highway","default_image_id":0,"font":"","enabled":false},"version":2}},"categories":[34,392],"tags":[1504,1786,133,1735,138,1559],"class_list":["post-18689","post","type-post","status-publish","format-standard","has-post-thumbnail","hentry","category-acts","category-coverline","tag-1504","tag-coverline","tag-festivals","tag-kiel","tag-kieler-woche","tag-netuse-buehne"],"aioseo_notices":[],"jetpack_publicize_connections":[],"jetpack_featured_media_url":"http:\/\/www.rockpixx.com\/wordpress\/wp-content\/uploads\/2015\/06\/20150626-02-003_coverline_Artikel.jpg","jetpack-related-posts":[{"id":4842,"url":"http:\/\/www.rockpixx.com\/wordpress\/coverline-19-06-2009-kiel-holsten-park-buhne\/","url_meta":{"origin":18689,"position":0},"title":"CoverLine, 19.06.2009, Kiel, Holsten-Park-B\u00fchne","author":"Anja","date":"19. Juni 2009","format":false,"excerpt":"Das diesj\u00e4hrige Kieler Woche-Programm ist so dichtgedr\u00e4ngt und auf so vielen B\u00fchnen pr\u00e4sent, wie es 2008 noch nicht der Fall gewesen ist. Von daher konnten die beiden Fotografen von rockpixx.com die B\u00fchne im Holstenpark auch nur im \u201eVorbeihetzen\u201c auf dem Weg zu anderen Acts kurz streifen. Zum Gl\u00fcck spielte \u2192\u00a0\u201eCoverLine\u201c\u2026","rel":"","context":"In &quot;Acts&quot;","block_context":{"text":"Acts","link":"http:\/\/www.rockpixx.com\/wordpress\/category\/acts\/"},"img":{"alt_text":"CoverLine, 19.06.2009, Kiel, Holsten-Park-B\u00fchne","src":"https:\/\/i0.wp.com\/www.rockpixx.com\/wordpress\/wp-content\/uploads\/2013\/01\/20090619-07-coverline-Artikel.jpg?resize=350%2C200","width":350,"height":200,"srcset":"https:\/\/i0.wp.com\/www.rockpixx.com\/wordpress\/wp-content\/uploads\/2013\/01\/20090619-07-coverline-Artikel.jpg?resize=350%2C200 1x, https:\/\/i0.wp.com\/www.rockpixx.com\/wordpress\/wp-content\/uploads\/2013\/01\/20090619-07-coverline-Artikel.jpg?resize=525%2C300 1.5x, https:\/\/i0.wp.com\/www.rockpixx.com\/wordpress\/wp-content\/uploads\/2013\/01\/20090619-07-coverline-Artikel.jpg?resize=700%2C400 2x"},"classes":[]},{"id":6972,"url":"http:\/\/www.rockpixx.com\/wordpress\/coverline-25-06-2010-kiel-maxbuhne\/","url_meta":{"origin":18689,"position":1},"title":"CoverLine, 25.06.2010, Kiel, MAXB\u00fchne","author":"Anja","date":"25. Juni 2010","format":false,"excerpt":"Was w\u00e4re die Kieler Woche ohne ein Konzert von CoverLine. Wir freuten uns schon auf das Konzert, da wie die Musiker auch pers\u00f6nlich kennen. So war es kein Problem, dass wir auch auf der B\u00fchne fotografieren durften. Leider hatten wir dieses Mal viel Ausschuss bei unseren Bildern, denn in einigen\u2026","rel":"","context":"In &quot;Acts&quot;","block_context":{"text":"Acts","link":"http:\/\/www.rockpixx.com\/wordpress\/category\/acts\/"},"img":{"alt_text":"CoverLine, 25.06.2010, Kiel, MAXB\u00fchne","src":"https:\/\/i0.wp.com\/www.rockpixx.com\/wordpress\/wp-content\/uploads\/2013\/01\/20100625-05-coverline-Artikel.jpg?resize=350%2C200","width":350,"height":200,"srcset":"https:\/\/i0.wp.com\/www.rockpixx.com\/wordpress\/wp-content\/uploads\/2013\/01\/20100625-05-coverline-Artikel.jpg?resize=350%2C200 1x, https:\/\/i0.wp.com\/www.rockpixx.com\/wordpress\/wp-content\/uploads\/2013\/01\/20100625-05-coverline-Artikel.jpg?resize=525%2C300 1.5x, https:\/\/i0.wp.com\/www.rockpixx.com\/wordpress\/wp-content\/uploads\/2013\/01\/20100625-05-coverline-Artikel.jpg?resize=700%2C400 2x"},"classes":[]},{"id":18120,"url":"http:\/\/www.rockpixx.com\/wordpress\/bad-bobs-19-06-2015-kieler-woche-netuse-buehne-kiel\/","url_meta":{"origin":18689,"position":2},"title":"Bad Bobs, 19.06.2015, Kieler Woche, NetUSE-B\u00fchne, Kiel","author":"Anja","date":"20. Juni 2015","format":false,"excerpt":"Man m\u00f6chte es schon fast als Tradition bezeichnen, das der Soundcheck-Tag der Kieler Woche mit den \u201eBad Bobs\u201c an der NetUSE-B\u00fchne beginnt. Viele werden sich fragen NetUSE-B\u00fchne? Ja, seit diesem Jahr ist NetUSE der neue Hauptsponsor f\u00fcr die B\u00fchne am Hauptbahnhof und sorgt mit seinem Engagement auf der Kieler Woche\u2026","rel":"","context":"In &quot;Acts&quot;","block_context":{"text":"Acts","link":"http:\/\/www.rockpixx.com\/wordpress\/category\/acts\/"},"img":{"alt_text":"Bad Bobs, 19.06.2015, NetUSE-B\u00fchne, Kiel","src":"https:\/\/i0.wp.com\/www.rockpixx.com\/wordpress\/wp-content\/uploads\/2015\/06\/20150619-01-005_bad-bobs_Artikel.jpg?resize=350%2C200","width":350,"height":200,"srcset":"https:\/\/i0.wp.com\/www.rockpixx.com\/wordpress\/wp-content\/uploads\/2015\/06\/20150619-01-005_bad-bobs_Artikel.jpg?resize=350%2C200 1x, https:\/\/i0.wp.com\/www.rockpixx.com\/wordpress\/wp-content\/uploads\/2015\/06\/20150619-01-005_bad-bobs_Artikel.jpg?resize=525%2C300 1.5x, https:\/\/i0.wp.com\/www.rockpixx.com\/wordpress\/wp-content\/uploads\/2015\/06\/20150619-01-005_bad-bobs_Artikel.jpg?resize=700%2C400 2x"},"classes":[]},{"id":18319,"url":"http:\/\/www.rockpixx.com\/wordpress\/alive-kicking-21-06-2015-kieler-woche-netuse-buehne-kiel\/","url_meta":{"origin":18689,"position":3},"title":"Alive &#038; Kicking, 21.06.2015, Kieler Woche, NetUSE-B\u00fchne, Kiel","author":"Anja","date":"22. Juni 2015","format":false,"excerpt":"Tadaaa: Sie haben es nun in die Top Five unserer meistfotografierten Bands geschafft: \u2192 \u201eAlive & Kicking\u201c \u2013 und das obwohl wir sie erst 2011 zum ersten Mal vor unseren Kameras hatten! Heute Abend allerdings ist einiges anders als sonst: 40 Prozent der Band f\u00e4llt verletzungsbedingt aus: Harry hat \u201eArm\u201c\u2026","rel":"","context":"In &quot;Acts&quot;","block_context":{"text":"Acts","link":"http:\/\/www.rockpixx.com\/wordpress\/category\/acts\/"},"img":{"alt_text":"Alive &amp; Kicking, 21.06.2015, NetUSE-B\u00fchne, Kiel","src":"https:\/\/i0.wp.com\/www.rockpixx.com\/wordpress\/wp-content\/uploads\/2015\/06\/20150621-03-017_ak_Artikel.jpg?resize=350%2C200","width":350,"height":200,"srcset":"https:\/\/i0.wp.com\/www.rockpixx.com\/wordpress\/wp-content\/uploads\/2015\/06\/20150621-03-017_ak_Artikel.jpg?resize=350%2C200 1x, https:\/\/i0.wp.com\/www.rockpixx.com\/wordpress\/wp-content\/uploads\/2015\/06\/20150621-03-017_ak_Artikel.jpg?resize=525%2C300 1.5x, https:\/\/i0.wp.com\/www.rockpixx.com\/wordpress\/wp-content\/uploads\/2015\/06\/20150621-03-017_ak_Artikel.jpg?resize=700%2C400 2x"},"classes":[]},{"id":18329,"url":"http:\/\/www.rockpixx.com\/wordpress\/merqury-22-06-2015-kieler-woche-netuse-buehne-kiel\/","url_meta":{"origin":18689,"position":4},"title":"MerQury, 22.06.2015, Kieler Woche, NetUSE-B\u00fchne, Kiel","author":"Anja","date":"23. Juni 2015","format":false,"excerpt":"Tja\u2026 ein bemerkenswerter Tag neigt sich dem Ende zu. Bemerkenswert aus dem Grund, weil heute die stylischen Irrungen und Wirrungen kein Ende nehmen wollen. Die \u2192 Mireille Mathieu-Gedenkfrisur zu Beginn des Abends war ja schon grenzwertig, jetzt wird\u2019s allerdings hart! \u201eMerQury\u201c haben ihren Streit vom letzten Jahr (wir und die\u2026","rel":"","context":"In &quot;Acts&quot;","block_context":{"text":"Acts","link":"http:\/\/www.rockpixx.com\/wordpress\/category\/acts\/"},"img":{"alt_text":"MerQury, 22.06.2015, NetUSE-B\u00fchne, Kiel","src":"https:\/\/i0.wp.com\/www.rockpixx.com\/wordpress\/wp-content\/uploads\/2015\/06\/20150622-04-064_merqury_Artikel.jpg?resize=350%2C200","width":350,"height":200,"srcset":"https:\/\/i0.wp.com\/www.rockpixx.com\/wordpress\/wp-content\/uploads\/2015\/06\/20150622-04-064_merqury_Artikel.jpg?resize=350%2C200 1x, https:\/\/i0.wp.com\/www.rockpixx.com\/wordpress\/wp-content\/uploads\/2015\/06\/20150622-04-064_merqury_Artikel.jpg?resize=525%2C300 1.5x, https:\/\/i0.wp.com\/www.rockpixx.com\/wordpress\/wp-content\/uploads\/2015\/06\/20150622-04-064_merqury_Artikel.jpg?resize=700%2C400 2x"},"classes":[]},{"id":5048,"url":"http:\/\/www.rockpixx.com\/wordpress\/coverline-23-06-2009-kiel-kieler-woche-musikzelt\/","url_meta":{"origin":18689,"position":5},"title":"CoverLine, 23.06.2009, Kiel, Kieler Woche Musikzelt","author":"Anja","date":"23. Juni 2009","format":false,"excerpt":"... zum Zweiten auf dieser Kieler Woche! Dieses Mal im \u201eKieler Woche Musikzelt\u201c als Support f\u00fcr \u201eDJ \u00d6tzi\u201c (dazu sp\u00e4ter mehr). Musik und Show gewohnt gut, Sound und Licht im Musikzelt ebenfalls. Was mir allerdings beim Letzteren aufgefallen ist, ist niederschreibenswert: Die gesamte B\u00fchne ist mit LED-Technik gro\u00dfartig ausgeleuchtet. So\u2026","rel":"","context":"In &quot;Acts&quot;","block_context":{"text":"Acts","link":"http:\/\/www.rockpixx.com\/wordpress\/category\/acts\/"},"img":{"alt_text":"CoverLine, 23.06.2009, Kiel, Kieler Woche Musikzelt","src":"https:\/\/i0.wp.com\/www.rockpixx.com\/wordpress\/wp-content\/uploads\/2013\/01\/20090623-02-coverline-Artikel.jpg?resize=350%2C200","width":350,"height":200,"srcset":"https:\/\/i0.wp.com\/www.rockpixx.com\/wordpress\/wp-content\/uploads\/2013\/01\/20090623-02-coverline-Artikel.jpg?resize=350%2C200 1x, https:\/\/i0.wp.com\/www.rockpixx.com\/wordpress\/wp-content\/uploads\/2013\/01\/20090623-02-coverline-Artikel.jpg?resize=525%2C300 1.5x, https:\/\/i0.wp.com\/www.rockpixx.com\/wordpress\/wp-content\/uploads\/2013\/01\/20090623-02-coverline-Artikel.jpg?resize=700%2C400 2x"},"classes":[]}],"jetpack_sharing_enabled":true,"publishpress_future_action":{"enabled":false,"date":"2026-05-09 09:27:32","action":"change-status","newStatus":"draft","terms":[],"taxonomy":"category","extraData":[]},"publishpress_future_workflow_manual_trigger":{"enabledWorkflows":[]},"_links":{"self":[{"href":"http:\/\/www.rockpixx.com\/wordpress\/wp-json\/wp\/v2\/posts\/18689","targetHints":{"allow":["GET"]}}],"collection":[{"href":"http:\/\/www.rockpixx.com\/wordpress\/wp-json\/wp\/v2\/posts"}],"about":[{"href":"http:\/\/www.rockpixx.com\/wordpress\/wp-json\/wp\/v2\/types\/post"}],"author":[{"embeddable":true,"href":"http:\/\/www.rockpixx.com\/wordpress\/wp-json\/wp\/v2\/users\/2"}],"replies":[{"embeddable":true,"href":"http:\/\/www.rockpixx.com\/wordpress\/wp-json\/wp\/v2\/comments?post=18689"}],"version-history":[{"count":0,"href":"http:\/\/www.rockpixx.com\/wordpress\/wp-json\/wp\/v2\/posts\/18689\/revisions"}],"wp:featuredmedia":[{"embeddable":true,"href":"http:\/\/www.rockpixx.com\/wordpress\/wp-json\/wp\/v2\/media\/18745"}],"wp:attachment":[{"href":"http:\/\/www.rockpixx.com\/wordpress\/wp-json\/wp\/v2\/media?parent=18689"}],"wp:term":[{"taxonomy":"category","embeddable":true,"href":"http:\/\/www.rockpixx.com\/wordpress\/wp-json\/wp\/v2\/categories?post=18689"},{"taxonomy":"post_tag","embeddable":true,"href":"http:\/\/www.rockpixx.com\/wordpress\/wp-json\/wp\/v2\/tags?post=18689"}],"curies":[{"name":"wp","href":"https:\/\/api.w.org\/{rel}","templated":true}]}}