{"id":18691,"date":"2015-06-27T14:17:37","date_gmt":"2015-06-27T13:17:37","guid":{"rendered":"http:\/\/rockpixx.com\/wordpress\/?p=18691"},"modified":"2015-06-27T14:17:37","modified_gmt":"2015-06-27T13:17:37","slug":"extrabreit-26-06-2015-kieler-woche-kieler-woche-musikzelt-kiel","status":"publish","type":"post","link":"http:\/\/www.rockpixx.com\/wordpress\/extrabreit-26-06-2015-kieler-woche-kieler-woche-musikzelt-kiel\/","title":{"rendered":"Extrabreit, 26.06.2015, Kieler Woche, Kieler Woche Musikzelt, Kiel"},"content":{"rendered":"<p>Wenn die M\u00e4dchen Nasenringe aus Phosphor tragen, weil der Kleptomane zusammen mit dem Flieger die Sonne gr\u00fc\u00dft \u2013 \u00e4\u00e4\u00e4hhh, neee\u2026 nochmal:<\/p>\n<p>Wenn das Publikum vor der B\u00fchne voll breit ist und bei der Arbeit nur noch nervt\u2026 auch nicht richtig, weil falsche B\u00fchne (wir sind ja nicht am Bahnhof\u2026)<!--more--><\/p>\n<p>Also: Wenn\u2026 ach, egal, \u201eExtrabreit\u201c spielen im Kieler Woche Musikzelt und ich und gef\u00fchlt 2.000 weitere krawallfreie und angenehme Besucher erleben einen Abend, an dem die erfolgreiche Musik aus Hagen zelebriert wird.<\/p>\n<p>Lange hatte ich auf Kai Havaii und seine Mitstreiter warten m\u00fcssen, bis ich sie mal vor die Kameras bekommen habe. Und nun stehen sie also vor mir und ich werde nicht entt\u00e4uscht. Sie sind zwar nach 37 Jahren Bandgeschichte ein klein wenig \u00e4lter geworden, aber das f\u00e4llt kaum auf. Lassen wir statt weiterer unn\u00f6tiger Worte also einfach die Bilder sprechen.<\/p>\n<p>Fazit: In ein paar Wochen werde ich sie noch einmal vor die Kameras bekommen, dann auch mit Zeit und Mu\u00dfe f\u00fcr den gesamten Gig \u2013 ich freue mich schon jetzt\u2026<\/p>\n<p style=\"text-align: right;\">Fotos: <a href=\"mailto:info@rockpixx.com?subject=Extrabreit,%2026.06.2015,%20Kieler%20Woche,%20Kieler%20Woche%20Musikzelt,%20Kiel\">Alex<\/a> | Text: <a href=\"mailto:info@rockpixx.com?subject=Extrabreit,%2026.06.2015,%20Kieler%20Woche,%20Kieler%20Woche%20Musikzelt,%20Kiel\">Alex<\/a><\/p>\n<p>&nbsp;<\/p>\n<div class=\"eat-left eat-right\"><div class=\"thumbs-masonry isotope\"><div class=\"isotope-item block-2 block-h-2\"><a href=\"http:\/\/www.rockpixx.com\/wordpress\/wp-content\/uploads\/2015\/06\/20150626-03-002.jpg\" rel=\"prettyPhoto[postgal_18692]\" class=\"show-hover-link block-h-2\"\"><img decoding=\"async\" src=\"http:\/\/www.rockpixx.com\/wordpress\/wp-content\/uploads\/2015\/06\/20150626-03-002-480x480.jpg\" alt=\"Extrabreit, 26.06.2015, Kieler Woche Musikzelt, Kiel\"\/><span class=\"before\"><\/span><span class=\"after\"><\/span><\/a><\/div><div class=\"isotope-item block-1 block-h-1\"><a href=\"http:\/\/www.rockpixx.com\/wordpress\/wp-content\/uploads\/2015\/06\/20150626-03-006.jpg\" rel=\"prettyPhoto[postgal_18692]\" class=\"show-hover-link block-h-1\"\"><img decoding=\"async\" src=\"http:\/\/www.rockpixx.com\/wordpress\/wp-content\/uploads\/2015\/06\/20150626-03-006-480x480.jpg\" alt=\"Extrabreit, 26.06.2015, Kieler Woche Musikzelt, Kiel\"\/><span class=\"before\"><\/span><span class=\"after\"><\/span><\/a><\/div><div class=\"isotope-item block-1 block-h-1\"><a href=\"http:\/\/www.rockpixx.com\/wordpress\/wp-content\/uploads\/2015\/06\/20150626-03-011.jpg\" rel=\"prettyPhoto[postgal_18692]\" class=\"show-hover-link block-h-1\"\"><img decoding=\"async\" src=\"http:\/\/www.rockpixx.com\/wordpress\/wp-content\/uploads\/2015\/06\/20150626-03-011-480x480.jpg\" alt=\"Extrabreit, 26.06.2015, Kieler Woche Musikzelt, Kiel\"\/><span class=\"before\"><\/span><span class=\"after\"><\/span><\/a><\/div><div class=\"isotope-item block-2 block-h-2\"><a href=\"http:\/\/www.rockpixx.com\/wordpress\/wp-content\/uploads\/2015\/06\/20150626-03-013.jpg\" rel=\"prettyPhoto[postgal_18692]\" class=\"show-hover-link block-h-2\"\"><img decoding=\"async\" src=\"http:\/\/www.rockpixx.com\/wordpress\/wp-content\/uploads\/2015\/06\/20150626-03-013-480x480.jpg\" alt=\"Extrabreit, 26.06.2015, Kieler Woche Musikzelt, Kiel\"\/><span class=\"before\"><\/span><span class=\"after\"><\/span><\/a><\/div><div class=\"isotope-item block-1 block-h-1\"><a href=\"http:\/\/www.rockpixx.com\/wordpress\/wp-content\/uploads\/2015\/06\/20150626-03-016.jpg\" rel=\"prettyPhoto[postgal_18692]\" class=\"show-hover-link block-h-1\"\"><img decoding=\"async\" src=\"http:\/\/www.rockpixx.com\/wordpress\/wp-content\/uploads\/2015\/06\/20150626-03-016-480x480.jpg\" alt=\"Extrabreit, 26.06.2015, Kieler Woche Musikzelt, Kiel\"\/><span class=\"before\"><\/span><span class=\"after\"><\/span><\/a><\/div><div class=\"isotope-item block-1 block-h-1\"><a href=\"http:\/\/www.rockpixx.com\/wordpress\/wp-content\/uploads\/2015\/06\/20150626-03-037.jpg\" rel=\"prettyPhoto[postgal_18692]\" class=\"show-hover-link block-h-1\"\"><img decoding=\"async\" src=\"http:\/\/www.rockpixx.com\/wordpress\/wp-content\/uploads\/2015\/06\/20150626-03-037-480x480.jpg\" alt=\"Extrabreit, 26.06.2015, Kieler Woche Musikzelt, Kiel\"\/><span class=\"before\"><\/span><span class=\"after\"><\/span><\/a><\/div><div class=\"isotope-item block-2 block-h-2\"><a href=\"http:\/\/www.rockpixx.com\/wordpress\/wp-content\/uploads\/2015\/06\/20150626-03-039.jpg\" rel=\"prettyPhoto[postgal_18692]\" class=\"show-hover-link block-h-2\"\"><img decoding=\"async\" src=\"http:\/\/www.rockpixx.com\/wordpress\/wp-content\/uploads\/2015\/06\/20150626-03-039-480x480.jpg\" alt=\"Extrabreit, 26.06.2015, Kieler Woche Musikzelt, Kiel\"\/><span class=\"before\"><\/span><span class=\"after\"><\/span><\/a><\/div><div class=\"isotope-item block-1 block-h-1\"><a href=\"http:\/\/www.rockpixx.com\/wordpress\/wp-content\/uploads\/2015\/06\/20150626-03-054.jpg\" rel=\"prettyPhoto[postgal_18692]\" class=\"show-hover-link block-h-1\"\"><img decoding=\"async\" src=\"http:\/\/www.rockpixx.com\/wordpress\/wp-content\/uploads\/2015\/06\/20150626-03-054-480x480.jpg\" alt=\"Extrabreit, 26.06.2015, Kieler Woche Musikzelt, Kiel\"\/><span class=\"before\"><\/span><span class=\"after\"><\/span><\/a><\/div><div class=\"isotope-item block-1 block-h-1\"><a href=\"http:\/\/www.rockpixx.com\/wordpress\/wp-content\/uploads\/2015\/06\/20150626-03-060.jpg\" rel=\"prettyPhoto[postgal_18692]\" class=\"show-hover-link block-h-1\"\"><img decoding=\"async\" src=\"http:\/\/www.rockpixx.com\/wordpress\/wp-content\/uploads\/2015\/06\/20150626-03-060-480x480.jpg\" alt=\"Extrabreit, 26.06.2015, Kieler Woche Musikzelt, Kiel\"\/><span class=\"before\"><\/span><span class=\"after\"><\/span><\/a><\/div><div class=\"isotope-item block-2 block-h-2\"><a href=\"http:\/\/www.rockpixx.com\/wordpress\/wp-content\/uploads\/2015\/06\/20150626-03-062.jpg\" rel=\"prettyPhoto[postgal_18692]\" class=\"show-hover-link block-h-2\"\"><img decoding=\"async\" src=\"http:\/\/www.rockpixx.com\/wordpress\/wp-content\/uploads\/2015\/06\/20150626-03-062-480x480.jpg\" alt=\"Extrabreit, 26.06.2015, Kieler Woche Musikzelt, Kiel\"\/><span class=\"before\"><\/span><span class=\"after\"><\/span><\/a><\/div><div class=\"isotope-item block-1 block-h-1\"><a href=\"http:\/\/www.rockpixx.com\/wordpress\/wp-content\/uploads\/2015\/06\/20150626-03-072.jpg\" rel=\"prettyPhoto[postgal_18692]\" class=\"show-hover-link block-h-1\"\"><img decoding=\"async\" src=\"http:\/\/www.rockpixx.com\/wordpress\/wp-content\/uploads\/2015\/06\/20150626-03-072-480x480.jpg\" alt=\"Extrabreit, 26.06.2015, Kieler Woche Musikzelt, Kiel\"\/><span class=\"before\"><\/span><span class=\"after\"><\/span><\/a><\/div><div class=\"isotope-item block-1 block-h-1\"><a href=\"http:\/\/www.rockpixx.com\/wordpress\/wp-content\/uploads\/2015\/06\/20150626-03-087.jpg\" rel=\"prettyPhoto[postgal_18692]\" class=\"show-hover-link block-h-1\"\"><img decoding=\"async\" src=\"http:\/\/www.rockpixx.com\/wordpress\/wp-content\/uploads\/2015\/06\/20150626-03-087-480x480.jpg\" alt=\"Extrabreit, 26.06.2015, Kieler Woche Musikzelt, Kiel\"\/><span class=\"before\"><\/span><span class=\"after\"><\/span><\/a><\/div><div class=\"isotope-item block-2 block-h-2\"><a href=\"http:\/\/www.rockpixx.com\/wordpress\/wp-content\/uploads\/2015\/06\/20150626-03-094.jpg\" rel=\"prettyPhoto[postgal_18692]\" class=\"show-hover-link block-h-2\"\"><img decoding=\"async\" src=\"http:\/\/www.rockpixx.com\/wordpress\/wp-content\/uploads\/2015\/06\/20150626-03-094-480x480.jpg\" alt=\"Extrabreit, 26.06.2015, Kieler Woche Musikzelt, Kiel\"\/><span class=\"before\"><\/span><span class=\"after\"><\/span><\/a><\/div><\/div><\/div>\n","protected":false},"excerpt":{"rendered":"<p>Wenn die M\u00e4dchen Nasenringe aus Phosphor tragen, weil der Kleptomane zusammen mit dem Flieger die <a href=\"http:\/\/www.rockpixx.com\/wordpress\/extrabreit-26-06-2015-kieler-woche-kieler-woche-musikzelt-kiel\/\">Read more<\/a><\/p>\n","protected":false},"author":2,"featured_media":18749,"comment_status":"open","ping_status":"open","sticky":false,"template":"","format":"standard","meta":{"_jetpack_memberships_contains_paid_content":false,"footnotes":"","jetpack_publicize_message":"#KielerWoche #Extrabreit #KielerWocheMusikzelt","jetpack_publicize_feature_enabled":true,"jetpack_social_post_already_shared":true,"jetpack_social_options":{"image_generator_settings":{"template":"highway","default_image_id":0,"font":"","enabled":false},"version":2}},"categories":[34,1679],"tags":[1504,1680,133,1735,138,766],"class_list":["post-18691","post","type-post","status-publish","format-standard","has-post-thumbnail","hentry","category-acts","category-extrabreit","tag-1504","tag-extrabreit","tag-festivals","tag-kiel","tag-kieler-woche","tag-kieler-woche-musikzelt"],"aioseo_notices":[],"jetpack_publicize_connections":[],"jetpack_featured_media_url":"http:\/\/www.rockpixx.com\/wordpress\/wp-content\/uploads\/2015\/06\/20150626-03-016_extrabreit_Artikel.jpg","jetpack-related-posts":[{"id":18280,"url":"http:\/\/www.rockpixx.com\/wordpress\/red-hot-chilli-pipers-20-06-2015-kieler-woche-kieler-woche-musikzelt-kiel\/","url_meta":{"origin":18691,"position":0},"title":"Red Hot Chilli Pipers, 20.06.2015, Kieler Woche, Kieler Woche Musikzelt, Kiel","author":"Anja","date":"21. Juni 2015","format":false,"excerpt":"K\u00e4men \u201eZZ Top\u201c aus Schottland, dann w\u00fcrden sie vielleicht auch so \u00e4hnlich klingen und aussehen. So aber kommen sie aus Texas, m\u00fcssen so komische H\u00fcte tragen und spielen lediglich Saiteninstrumente. Um wieviel sch\u00f6ner deren Musik doch klingen kann, wenn sie aus Dudels\u00e4cken erklingt, das kann ich hier im Kieler Woche\u2026","rel":"","context":"In &quot;Acts&quot;","block_context":{"text":"Acts","link":"http:\/\/www.rockpixx.com\/wordpress\/category\/acts\/"},"img":{"alt_text":"Red Hot Chillli Pipers, 20.06.2015, Kieler Woche Musikzelt, Kiel","src":"https:\/\/i0.wp.com\/www.rockpixx.com\/wordpress\/wp-content\/uploads\/2015\/06\/20150620-04-003_rhcp_Artikel.jpg?resize=350%2C200","width":350,"height":200,"srcset":"https:\/\/i0.wp.com\/www.rockpixx.com\/wordpress\/wp-content\/uploads\/2015\/06\/20150620-04-003_rhcp_Artikel.jpg?resize=350%2C200 1x, https:\/\/i0.wp.com\/www.rockpixx.com\/wordpress\/wp-content\/uploads\/2015\/06\/20150620-04-003_rhcp_Artikel.jpg?resize=525%2C300 1.5x, https:\/\/i0.wp.com\/www.rockpixx.com\/wordpress\/wp-content\/uploads\/2015\/06\/20150620-04-003_rhcp_Artikel.jpg?resize=700%2C400 2x"},"classes":[]},{"id":4760,"url":"http:\/\/www.rockpixx.com\/wordpress\/robbie-and-the-williams-19-06-2009-kiel-kieler-woche-musikzelt\/","url_meta":{"origin":18691,"position":1},"title":"Robbie and the Williams, 19.06.2009, Kiel, Kieler Woche Musikzelt","author":"Anja","date":"19. Juni 2009","format":false,"excerpt":"Die \u201eKieler Woche\u201c hat uns wieder! \u201eUns\u201c deshalb, weil rockpixx.com dieses Jahr mit zwei Fotografen anr\u00fcckt, um mit der Flut von Acts und neuen B\u00fchnen einigerma\u00dfen mithalten zu k\u00f6nnen. Hat unsere Fotografin ja weiter oben schon von \u201eLevel 42\u201c berichtet, so melde ich mich mit meinem ersten Beitrag aus dem\u2026","rel":"","context":"In &quot;Acts&quot;","block_context":{"text":"Acts","link":"http:\/\/www.rockpixx.com\/wordpress\/category\/acts\/"},"img":{"alt_text":"Robbie and the Williams, 19.06.2009, Kiel, Kieler Woche Musikzelt","src":"https:\/\/i0.wp.com\/www.rockpixx.com\/wordpress\/wp-content\/uploads\/2013\/01\/20090619-02-robbie-williams-coverband-Artikel.jpg?resize=350%2C200","width":350,"height":200,"srcset":"https:\/\/i0.wp.com\/www.rockpixx.com\/wordpress\/wp-content\/uploads\/2013\/01\/20090619-02-robbie-williams-coverband-Artikel.jpg?resize=350%2C200 1x, https:\/\/i0.wp.com\/www.rockpixx.com\/wordpress\/wp-content\/uploads\/2013\/01\/20090619-02-robbie-williams-coverband-Artikel.jpg?resize=525%2C300 1.5x, https:\/\/i0.wp.com\/www.rockpixx.com\/wordpress\/wp-content\/uploads\/2013\/01\/20090619-02-robbie-williams-coverband-Artikel.jpg?resize=700%2C400 2x"},"classes":[]},{"id":11216,"url":"http:\/\/www.rockpixx.com\/wordpress\/illegal-2001-26-06-2013-kiel-kieler-woche-musikzelt\/","url_meta":{"origin":18691,"position":2},"title":"Illegal 2001, 26.06.2013, Kiel, Kieler Woche Musikzelt","author":"Anja","date":"27. Juni 2013","format":false,"excerpt":"\u00a1Caramba! Da entern waschechte Desperados die B\u00fchne und damit man als geneigter Zuschauer auch wei\u00df, wer welches Instrument spielt, werden beim Einmarsch sicherheitshalber gro\u00dfe Tafeln hochgehalten, die mit \u201eguitarra\u201c, \u201epiano\u201c, \u201ecanto\u201c und \u00c4hnlichem beschriftet sind. Aber eigentlich ist es egal, wer welches Instrument spielt, Hauptsache, es hei\u00dft\u00a0 nun \u201e\u00a1Buenas Noches!\u2026","rel":"","context":"In &quot;Acts&quot;","block_context":{"text":"Acts","link":"http:\/\/www.rockpixx.com\/wordpress\/category\/acts\/"},"img":{"alt_text":"","src":"https:\/\/i0.wp.com\/www.rockpixx.com\/wordpress\/wp-content\/uploads\/2013\/06\/20130626-04-011_illegal-2001-Artikel.jpg?resize=350%2C200","width":350,"height":200,"srcset":"https:\/\/i0.wp.com\/www.rockpixx.com\/wordpress\/wp-content\/uploads\/2013\/06\/20130626-04-011_illegal-2001-Artikel.jpg?resize=350%2C200 1x, https:\/\/i0.wp.com\/www.rockpixx.com\/wordpress\/wp-content\/uploads\/2013\/06\/20130626-04-011_illegal-2001-Artikel.jpg?resize=525%2C300 1.5x, https:\/\/i0.wp.com\/www.rockpixx.com\/wordpress\/wp-content\/uploads\/2013\/06\/20130626-04-011_illegal-2001-Artikel.jpg?resize=700%2C400 2x"},"classes":[]},{"id":8623,"url":"http:\/\/www.rockpixx.com\/wordpress\/falco-the-show-21-06-2012-kiel-kieler-woche-musikzelt\/","url_meta":{"origin":18691,"position":3},"title":"Falco The Show, 21.06.2012, Kiel, Kieler Woche Musikzelt","author":"Anja","date":"21. Juni 2012","format":false,"excerpt":"Eigentlich sollte ich mich ja langsam daran gew\u00f6hnt haben, dass die Crew im \u201eMusikzelt\u201c es nie auf die Reihe bekommt, einen Gig p\u00fcnktlich beginnen zu lassen \u2013 selbst dann nicht, wenn schon 15 Minuten vor dem eigentlichen Beginn alles steht und der Soundcheck durchgelaufen ist\u2026 Vielleicht ist das mit ein\u2026","rel":"","context":"In &quot;Acts&quot;","block_context":{"text":"Acts","link":"http:\/\/www.rockpixx.com\/wordpress\/category\/acts\/"},"img":{"alt_text":"Falco The Show, 21.06.2012, Kiel, Kieler Woche Musikzelt","src":"https:\/\/i0.wp.com\/www.rockpixx.com\/wordpress\/wp-content\/uploads\/2013\/02\/20120621-03-falco-the-show-Artikel.jpg?resize=350%2C200","width":350,"height":200,"srcset":"https:\/\/i0.wp.com\/www.rockpixx.com\/wordpress\/wp-content\/uploads\/2013\/02\/20120621-03-falco-the-show-Artikel.jpg?resize=350%2C200 1x, https:\/\/i0.wp.com\/www.rockpixx.com\/wordpress\/wp-content\/uploads\/2013\/02\/20120621-03-falco-the-show-Artikel.jpg?resize=525%2C300 1.5x, https:\/\/i0.wp.com\/www.rockpixx.com\/wordpress\/wp-content\/uploads\/2013\/02\/20120621-03-falco-the-show-Artikel.jpg?resize=700%2C400 2x"},"classes":[]},{"id":5163,"url":"http:\/\/www.rockpixx.com\/wordpress\/tina-turner-revival-24-06-2009-kiel-kieler-woche-musikzelt\/","url_meta":{"origin":18691,"position":4},"title":"Tina Turner Revival, 24.06.2009, Kiel, Kieler Woche Musikzelt","author":"Anja","date":"24. Juni 2009","format":false,"excerpt":"Das Musikzelt ist leider zu Beginn nur sehr sp\u00e4rlich gef\u00fcllt, ich bin 'mal wieder der Einzige im Graben und die Show beginnt 15 Minuten sp\u00e4ter, um wenigstens noch ein paar Leute vor die B\u00fchne zu bekommen \u2013 was im Laufe des Acts auch gelingt. Eigentlich unverst\u00e4ndlich, denn Cassandra Dee aus\u2026","rel":"","context":"In &quot;Acts&quot;","block_context":{"text":"Acts","link":"http:\/\/www.rockpixx.com\/wordpress\/category\/acts\/"},"img":{"alt_text":"Tina Turner Revival, 24.06.2009, Kiel, Kieler Woche Musikzelt","src":"https:\/\/i0.wp.com\/www.rockpixx.com\/wordpress\/wp-content\/uploads\/2013\/01\/20090624-01-tina-turner-revival-Artikel.jpg?resize=350%2C200","width":350,"height":200,"srcset":"https:\/\/i0.wp.com\/www.rockpixx.com\/wordpress\/wp-content\/uploads\/2013\/01\/20090624-01-tina-turner-revival-Artikel.jpg?resize=350%2C200 1x, https:\/\/i0.wp.com\/www.rockpixx.com\/wordpress\/wp-content\/uploads\/2013\/01\/20090624-01-tina-turner-revival-Artikel.jpg?resize=525%2C300 1.5x, https:\/\/i0.wp.com\/www.rockpixx.com\/wordpress\/wp-content\/uploads\/2013\/01\/20090624-01-tina-turner-revival-Artikel.jpg?resize=700%2C400 2x"},"classes":[]},{"id":5542,"url":"http:\/\/www.rockpixx.com\/wordpress\/illegal-2001-26-06-2009-kiel-kieler-woche-musikzelt\/","url_meta":{"origin":18691,"position":5},"title":"Illegal 2001, 26.06.2009, Kiel, Kieler Woche Musikzelt","author":"Anja","date":"26. Juni 2009","format":false,"excerpt":"Eine Kultband im Norden von denen leider noch nix nach \u00d6sterreich gedrungen ist. Witzig war schon die B\u00fchnendeko: An den Keyboards hing eine Lichterkette aus roten Herzchen und an die Drums waren Sonnenblumen gesteckt worden. Vor dem S\u00e4nger stand ein kleines Pult, an dem auch Sonnenblumen steckten und davor hing\u2026","rel":"","context":"In &quot;Acts&quot;","block_context":{"text":"Acts","link":"http:\/\/www.rockpixx.com\/wordpress\/category\/acts\/"},"img":{"alt_text":"Illegal 2001, 26.06.2009, Kiel, Kieler Woche Musikzelt","src":"https:\/\/i0.wp.com\/www.rockpixx.com\/wordpress\/wp-content\/uploads\/2013\/01\/20090626-05-illegal-2001-Artikel.jpg?resize=350%2C200","width":350,"height":200,"srcset":"https:\/\/i0.wp.com\/www.rockpixx.com\/wordpress\/wp-content\/uploads\/2013\/01\/20090626-05-illegal-2001-Artikel.jpg?resize=350%2C200 1x, https:\/\/i0.wp.com\/www.rockpixx.com\/wordpress\/wp-content\/uploads\/2013\/01\/20090626-05-illegal-2001-Artikel.jpg?resize=525%2C300 1.5x, https:\/\/i0.wp.com\/www.rockpixx.com\/wordpress\/wp-content\/uploads\/2013\/01\/20090626-05-illegal-2001-Artikel.jpg?resize=700%2C400 2x"},"classes":[]}],"jetpack_sharing_enabled":true,"publishpress_future_action":{"enabled":false,"date":"2026-05-09 06:15:34","action":"change-status","newStatus":"draft","terms":[],"taxonomy":"category","extraData":[]},"publishpress_future_workflow_manual_trigger":{"enabledWorkflows":[]},"_links":{"self":[{"href":"http:\/\/www.rockpixx.com\/wordpress\/wp-json\/wp\/v2\/posts\/18691","targetHints":{"allow":["GET"]}}],"collection":[{"href":"http:\/\/www.rockpixx.com\/wordpress\/wp-json\/wp\/v2\/posts"}],"about":[{"href":"http:\/\/www.rockpixx.com\/wordpress\/wp-json\/wp\/v2\/types\/post"}],"author":[{"embeddable":true,"href":"http:\/\/www.rockpixx.com\/wordpress\/wp-json\/wp\/v2\/users\/2"}],"replies":[{"embeddable":true,"href":"http:\/\/www.rockpixx.com\/wordpress\/wp-json\/wp\/v2\/comments?post=18691"}],"version-history":[{"count":0,"href":"http:\/\/www.rockpixx.com\/wordpress\/wp-json\/wp\/v2\/posts\/18691\/revisions"}],"wp:featuredmedia":[{"embeddable":true,"href":"http:\/\/www.rockpixx.com\/wordpress\/wp-json\/wp\/v2\/media\/18749"}],"wp:attachment":[{"href":"http:\/\/www.rockpixx.com\/wordpress\/wp-json\/wp\/v2\/media?parent=18691"}],"wp:term":[{"taxonomy":"category","embeddable":true,"href":"http:\/\/www.rockpixx.com\/wordpress\/wp-json\/wp\/v2\/categories?post=18691"},{"taxonomy":"post_tag","embeddable":true,"href":"http:\/\/www.rockpixx.com\/wordpress\/wp-json\/wp\/v2\/tags?post=18691"}],"curies":[{"name":"wp","href":"https:\/\/api.w.org\/{rel}","templated":true}]}}