{"id":18694,"date":"2015-06-27T14:49:05","date_gmt":"2015-06-27T13:49:05","guid":{"rendered":"http:\/\/rockpixx.com\/wordpress\/?p=18694"},"modified":"2015-06-27T16:09:49","modified_gmt":"2015-06-27T15:09:49","slug":"madcon-26-06-2015-kieler-woche-ndr-buehne-kiel","status":"publish","type":"post","link":"http:\/\/www.rockpixx.com\/wordpress\/madcon-26-06-2015-kieler-woche-ndr-buehne-kiel\/","title":{"rendered":"Madcon, 26.06.2015, Kieler Woche, NDR-B\u00fchne, Kiel"},"content":{"rendered":"<p>F\u00fcr mich war es das dritte Mal, dass ich die Musiker Tshawe Baqwa und Yosef Wolde-Mariam \u2013 einfacher gesagt \u201eMadcon\u201c vor der Linse hatte. Als ich am Ostseekai ankam, war dieser schon recht gut gef\u00fcllt, da vor \u201eMadcon\u201c noch \u201eTeesy\u201c auf der B\u00fchne stand. Die M\u00e4dels sind schier ausgerastet. Aber zur\u00fcck zu \u201eMadcon\u201c \u2013 sie haben immer noch Spa\u00df, ihr Publikum zu unterhalten. So st\u00fcrmen sie nicht nur auf die B\u00fchne, sondern gleich ans Ende des Catwalks um den Fans nah zu sein.<!--more--><\/p>\n<p>Trotz des viel gescholtenen Kieler Woche Wetters schienen diesmal die Au\u00dfentemperaturen gepasst zu haben, so dass Tshawe Baqwa sich \u2192 <a href=\"http:\/\/rockpixx.com\/wordpress\/madcon-25-06-2014-kiel-ndr-buehne\/\">auch dieses Mal<\/a> \u2013 zur Freude des zahlreichen weiblichen Publikums \u2013 seines Shirts entledigte.<\/p>\n<p>Nach drei Songs war dann auch hier Schluss, dass dann noch der h\u00e4rteste Teil vor mir lag, war mir in diesem Moment noch nicht klar. Der Weg zum Bus stellte sich als Kampf gegen die Massen dar, denn in einer Sardinenb\u00fcchse h\u00e4tte man noch locker ein WM-Endspiel durchf\u00fchren k\u00f6nnen. Hier auf dem Ostseekai ging nichts mehr. F\u00fcr Menschen mit Platzangst oder Angst vor Menschenansammlungen w\u00e4re das der Supergau gewesen. Ein Anderer w\u00fcrde es als kuschelig bezeichnen. F\u00fcr mich war es eine Mischung aus beidem.<\/p>\n<p style=\"text-align: right;\">Fotos: <a href=\"mailto:a.roselt@rockpixx.com?subject=Madcon,%2026.06.2015,%20Kieler%20Woche,%20NDR-B\u00fchne,%20Kiel\">Anja<\/a> | Text: <a href=\"mailto:a.roselt@rockpixx.com?subject=Madcon,%2026.06.2015,%20Kieler%20Woche,%20NDR-B\u00fchne,%20Kiel\">Anja<\/a><\/p>\n<p>&nbsp;<\/p>\n<div class=\"eat-left eat-right\"><div class=\"thumbs-masonry isotope\"><div class=\"isotope-item block-2 block-h-2\"><a href=\"http:\/\/www.rockpixx.com\/wordpress\/wp-content\/uploads\/2015\/06\/20150626-04-007.jpg\" rel=\"prettyPhoto[postgal_18695]\" class=\"show-hover-link block-h-2\"\"><img decoding=\"async\" src=\"http:\/\/www.rockpixx.com\/wordpress\/wp-content\/uploads\/2015\/06\/20150626-04-007-480x480.jpg\" alt=\"Madcon, 26.06.2015, NDR-B\u00fchne, Kiel\"\/><span class=\"before\"><\/span><span class=\"after\"><\/span><\/a><\/div><div class=\"isotope-item block-1 block-h-1\"><a href=\"http:\/\/www.rockpixx.com\/wordpress\/wp-content\/uploads\/2015\/06\/20150626-04-016.jpg\" rel=\"prettyPhoto[postgal_18695]\" class=\"show-hover-link block-h-1\"\"><img decoding=\"async\" src=\"http:\/\/www.rockpixx.com\/wordpress\/wp-content\/uploads\/2015\/06\/20150626-04-016-480x480.jpg\" alt=\"Madcon, 26.06.2015, NDR-B\u00fchne, Kiel\"\/><span class=\"before\"><\/span><span class=\"after\"><\/span><\/a><\/div><div class=\"isotope-item block-1 block-h-1\"><a href=\"http:\/\/www.rockpixx.com\/wordpress\/wp-content\/uploads\/2015\/06\/20150626-04-018.jpg\" rel=\"prettyPhoto[postgal_18695]\" class=\"show-hover-link block-h-1\"\"><img decoding=\"async\" src=\"http:\/\/www.rockpixx.com\/wordpress\/wp-content\/uploads\/2015\/06\/20150626-04-018-480x480.jpg\" alt=\"Madcon, 26.06.2015, NDR-B\u00fchne, Kiel\"\/><span class=\"before\"><\/span><span class=\"after\"><\/span><\/a><\/div><div class=\"isotope-item block-2 block-h-2\"><a href=\"http:\/\/www.rockpixx.com\/wordpress\/wp-content\/uploads\/2015\/06\/20150626-04-022.jpg\" rel=\"prettyPhoto[postgal_18695]\" class=\"show-hover-link block-h-2\"\"><img decoding=\"async\" src=\"http:\/\/www.rockpixx.com\/wordpress\/wp-content\/uploads\/2015\/06\/20150626-04-022-480x480.jpg\" alt=\"Madcon, 26.06.2015, NDR-B\u00fchne, Kiel\"\/><span class=\"before\"><\/span><span class=\"after\"><\/span><\/a><\/div><div class=\"isotope-item block-1 block-h-1\"><a href=\"http:\/\/www.rockpixx.com\/wordpress\/wp-content\/uploads\/2015\/06\/20150626-04-026.jpg\" rel=\"prettyPhoto[postgal_18695]\" class=\"show-hover-link block-h-1\"\"><img decoding=\"async\" src=\"http:\/\/www.rockpixx.com\/wordpress\/wp-content\/uploads\/2015\/06\/20150626-04-026-480x480.jpg\" alt=\"Madcon, 26.06.2015, NDR-B\u00fchne, Kiel\"\/><span class=\"before\"><\/span><span class=\"after\"><\/span><\/a><\/div><div class=\"isotope-item block-1 block-h-1\"><a href=\"http:\/\/www.rockpixx.com\/wordpress\/wp-content\/uploads\/2015\/06\/20150626-04-027.jpg\" rel=\"prettyPhoto[postgal_18695]\" class=\"show-hover-link block-h-1\"\"><img decoding=\"async\" src=\"http:\/\/www.rockpixx.com\/wordpress\/wp-content\/uploads\/2015\/06\/20150626-04-027-480x480.jpg\" alt=\"Madcon, 26.06.2015, NDR-B\u00fchne, Kiel\"\/><span class=\"before\"><\/span><span class=\"after\"><\/span><\/a><\/div><div class=\"isotope-item block-2 block-h-2\"><a href=\"http:\/\/www.rockpixx.com\/wordpress\/wp-content\/uploads\/2015\/06\/20150626-04-036.jpg\" rel=\"prettyPhoto[postgal_18695]\" class=\"show-hover-link block-h-2\"\"><img decoding=\"async\" src=\"http:\/\/www.rockpixx.com\/wordpress\/wp-content\/uploads\/2015\/06\/20150626-04-036-480x480.jpg\" alt=\"Madcon, 26.06.2015, NDR-B\u00fchne, Kiel\"\/><span class=\"before\"><\/span><span class=\"after\"><\/span><\/a><\/div><div class=\"isotope-item block-1 block-h-1\"><a href=\"http:\/\/www.rockpixx.com\/wordpress\/wp-content\/uploads\/2015\/06\/20150626-04-041.jpg\" rel=\"prettyPhoto[postgal_18695]\" class=\"show-hover-link block-h-1\"\"><img decoding=\"async\" src=\"http:\/\/www.rockpixx.com\/wordpress\/wp-content\/uploads\/2015\/06\/20150626-04-041-480x480.jpg\" alt=\"Madcon, 26.06.2015, NDR-B\u00fchne, Kiel\"\/><span class=\"before\"><\/span><span class=\"after\"><\/span><\/a><\/div><div class=\"isotope-item block-1 block-h-1\"><a href=\"http:\/\/www.rockpixx.com\/wordpress\/wp-content\/uploads\/2015\/06\/20150626-04-048.jpg\" rel=\"prettyPhoto[postgal_18695]\" class=\"show-hover-link block-h-1\"\"><img decoding=\"async\" src=\"http:\/\/www.rockpixx.com\/wordpress\/wp-content\/uploads\/2015\/06\/20150626-04-048-480x480.jpg\" alt=\"Madcon, 26.06.2015, NDR-B\u00fchne, Kiel\"\/><span class=\"before\"><\/span><span class=\"after\"><\/span><\/a><\/div><div class=\"isotope-item block-2 block-h-2\"><a href=\"http:\/\/www.rockpixx.com\/wordpress\/wp-content\/uploads\/2015\/06\/20150626-04-051.jpg\" rel=\"prettyPhoto[postgal_18695]\" class=\"show-hover-link block-h-2\"\"><img decoding=\"async\" src=\"http:\/\/www.rockpixx.com\/wordpress\/wp-content\/uploads\/2015\/06\/20150626-04-051-480x480.jpg\" alt=\"Madcon, 26.06.2015, NDR-B\u00fchne, Kiel\"\/><span class=\"before\"><\/span><span class=\"after\"><\/span><\/a><\/div><div class=\"isotope-item block-1 block-h-1\"><a href=\"http:\/\/www.rockpixx.com\/wordpress\/wp-content\/uploads\/2015\/06\/20150626-04-057.jpg\" rel=\"prettyPhoto[postgal_18695]\" class=\"show-hover-link block-h-1\"\"><img decoding=\"async\" src=\"http:\/\/www.rockpixx.com\/wordpress\/wp-content\/uploads\/2015\/06\/20150626-04-057-480x480.jpg\" alt=\"Madcon, 26.06.2015, NDR-B\u00fchne, Kiel\"\/><span class=\"before\"><\/span><span class=\"after\"><\/span><\/a><\/div><div class=\"isotope-item block-1 block-h-1\"><a href=\"http:\/\/www.rockpixx.com\/wordpress\/wp-content\/uploads\/2015\/06\/20150626-04-064.jpg\" rel=\"prettyPhoto[postgal_18695]\" class=\"show-hover-link block-h-1\"\"><img decoding=\"async\" src=\"http:\/\/www.rockpixx.com\/wordpress\/wp-content\/uploads\/2015\/06\/20150626-04-064-480x480.jpg\" alt=\"Madcon, 26.06.2015, NDR-B\u00fchne, Kiel\"\/><span class=\"before\"><\/span><span class=\"after\"><\/span><\/a><\/div><div class=\"isotope-item block-2 block-h-2\"><a href=\"http:\/\/www.rockpixx.com\/wordpress\/wp-content\/uploads\/2015\/06\/20150626-04-068.jpg\" rel=\"prettyPhoto[postgal_18695]\" class=\"show-hover-link block-h-2\"\"><img decoding=\"async\" src=\"http:\/\/www.rockpixx.com\/wordpress\/wp-content\/uploads\/2015\/06\/20150626-04-068-480x480.jpg\" alt=\"Madcon, 26.06.2015, NDR-B\u00fchne, Kiel\"\/><span class=\"before\"><\/span><span class=\"after\"><\/span><\/a><\/div><div class=\"isotope-item block-1 block-h-1\"><a href=\"http:\/\/www.rockpixx.com\/wordpress\/wp-content\/uploads\/2015\/06\/20150626-04-092.jpg\" rel=\"prettyPhoto[postgal_18695]\" class=\"show-hover-link block-h-1\"\"><img decoding=\"async\" src=\"http:\/\/www.rockpixx.com\/wordpress\/wp-content\/uploads\/2015\/06\/20150626-04-092-480x480.jpg\" alt=\"Madcon, 26.06.2015, NDR-B\u00fchne, Kiel\"\/><span class=\"before\"><\/span><span class=\"after\"><\/span><\/a><\/div><div class=\"isotope-item block-1 block-h-1\"><a href=\"http:\/\/www.rockpixx.com\/wordpress\/wp-content\/uploads\/2015\/06\/20150626-04-093.jpg\" rel=\"prettyPhoto[postgal_18695]\" class=\"show-hover-link block-h-1\"\"><img decoding=\"async\" src=\"http:\/\/www.rockpixx.com\/wordpress\/wp-content\/uploads\/2015\/06\/20150626-04-093-480x480.jpg\" alt=\"Madcon, 26.06.2015, NDR-B\u00fchne, Kiel\"\/><span class=\"before\"><\/span><span class=\"after\"><\/span><\/a><\/div><\/div><\/div>\n","protected":false},"excerpt":{"rendered":"<p>F\u00fcr mich war es das dritte Mal, dass ich die Musiker Tshawe Baqwa und Yosef <a href=\"http:\/\/www.rockpixx.com\/wordpress\/madcon-26-06-2015-kieler-woche-ndr-buehne-kiel\/\">Read more<\/a><\/p>\n","protected":false},"author":2,"featured_media":18766,"comment_status":"open","ping_status":"open","sticky":false,"template":"","format":"standard","meta":{"_jetpack_memberships_contains_paid_content":false,"footnotes":"","jetpack_publicize_message":"#KielerWoche #NDR #Madcon","jetpack_publicize_feature_enabled":true,"jetpack_social_post_already_shared":true,"jetpack_social_options":{"image_generator_settings":{"template":"highway","default_image_id":0,"font":"","enabled":false},"version":2}},"categories":[34,448],"tags":[1504,133,1735,138,1834,1775],"class_list":["post-18694","post","type-post","status-publish","format-standard","has-post-thumbnail","hentry","category-acts","category-madcon","tag-1504","tag-festivals","tag-kiel","tag-kieler-woche","tag-madcon","tag-ndr-buhne"],"aioseo_notices":[],"jetpack_publicize_connections":[],"jetpack_featured_media_url":"http:\/\/www.rockpixx.com\/wordpress\/wp-content\/uploads\/2015\/06\/20150626-04-027_madcon_Artikel.jpg","jetpack-related-posts":[{"id":14873,"url":"http:\/\/www.rockpixx.com\/wordpress\/madcon-25-06-2014-kiel-ndr-buehne\/","url_meta":{"origin":18694,"position":0},"title":"Madcon, 25.06.2014, Kiel, NDR-B\u00fchne","author":"Anja","date":"26. Juni 2014","format":false,"excerpt":"Als ich das \u2192 letzte Mal \u201eMadcon\u201c vor der Kamera hatte war die NDR-B\u00fchne noch am alten Olympiahafen und es hatte gesch\u00fcttet wie aus K\u00fcbeln, sprich es waren schon Fische drinnen. Damals ist \u201eMadcon\u201c super gut gelaunt und mit Regenschirmen aufgetreten, diese konnten sie heute in der Garderobe lassen, denn\u2026","rel":"","context":"In &quot;Acts&quot;","block_context":{"text":"Acts","link":"http:\/\/www.rockpixx.com\/wordpress\/category\/acts\/"},"img":{"alt_text":"Madcon, 25.06.2014, Kiel, NDR-B\u00fchne","src":"https:\/\/i0.wp.com\/www.rockpixx.com\/wordpress\/wp-content\/uploads\/2014\/07\/20140625-03-071_madcon_Artikel2.jpg?resize=350%2C200","width":350,"height":200,"srcset":"https:\/\/i0.wp.com\/www.rockpixx.com\/wordpress\/wp-content\/uploads\/2014\/07\/20140625-03-071_madcon_Artikel2.jpg?resize=350%2C200 1x, https:\/\/i0.wp.com\/www.rockpixx.com\/wordpress\/wp-content\/uploads\/2014\/07\/20140625-03-071_madcon_Artikel2.jpg?resize=525%2C300 1.5x, https:\/\/i0.wp.com\/www.rockpixx.com\/wordpress\/wp-content\/uploads\/2014\/07\/20140625-03-071_madcon_Artikel2.jpg?resize=700%2C400 2x"},"classes":[]},{"id":5429,"url":"http:\/\/www.rockpixx.com\/wordpress\/madcon-25-06-2009-kiel-ndr-buhne\/","url_meta":{"origin":18694,"position":1},"title":"Madcon, 25.06.2009, Kiel, NDR-B\u00fchne","author":"Anja","date":"25. Juni 2009","format":false,"excerpt":"Heute hatte Petrus kein Mitleid mit uns ... es goss wie aus K\u00fcbeln. Ich wartete in einem einigerma\u00dfen trockenen Platz auf den Beginn des Konzertes und hatte eigentlich keine Lust angesichts der str\u00f6menden und sturmartigen Sturzb\u00e4che, die da vom Himmel herabfielen, das Konzert zu fotografieren. Aber wie hei\u00dft es so\u2026","rel":"","context":"In &quot;Acts&quot;","block_context":{"text":"Acts","link":"http:\/\/www.rockpixx.com\/wordpress\/category\/acts\/"},"img":{"alt_text":"Madcon, 25.06.2009, Kiel, NDR-B\u00fchne","src":"https:\/\/i0.wp.com\/www.rockpixx.com\/wordpress\/wp-content\/uploads\/2013\/01\/20090625-01-madcon-Artikel.jpg?resize=350%2C200","width":350,"height":200,"srcset":"https:\/\/i0.wp.com\/www.rockpixx.com\/wordpress\/wp-content\/uploads\/2013\/01\/20090625-01-madcon-Artikel.jpg?resize=350%2C200 1x, https:\/\/i0.wp.com\/www.rockpixx.com\/wordpress\/wp-content\/uploads\/2013\/01\/20090625-01-madcon-Artikel.jpg?resize=525%2C300 1.5x, https:\/\/i0.wp.com\/www.rockpixx.com\/wordpress\/wp-content\/uploads\/2013\/01\/20090625-01-madcon-Artikel.jpg?resize=700%2C400 2x"},"classes":[]},{"id":14794,"url":"http:\/\/www.rockpixx.com\/wordpress\/iggy-and-the-german-kids-25-06-2014-kiel-ndr-buehne\/","url_meta":{"origin":18694,"position":2},"title":"Iggy and The German Kids, 25.06.2014, Kiel, NDR-B\u00fchne","author":"Anja","date":"26. Juni 2014","format":false,"excerpt":"Eigentlich stand f\u00fcr diesen Zeitpunkt meines Arbeitstages \u2192 \u201eIllegal 2001\u201c im Kieler Woche Musikzelt auf dem Programm, aber leider hat sich die Zeit f\u00fcr den Auftritt um eine Stunde nach hinten verschoben und da kollidieren sie\u00a0 mit dem Auftritt von \u2192 \u201eMadcon\u201c auf der NDR-B\u00fchne. Also bin ich gem\u00fctlich die\u2026","rel":"","context":"In &quot;Acts&quot;","block_context":{"text":"Acts","link":"http:\/\/www.rockpixx.com\/wordpress\/category\/acts\/"},"img":{"alt_text":"Iggy and The German Kids, 25.06.2014, Kiel, NDR-B\u00fchne","src":"https:\/\/i0.wp.com\/www.rockpixx.com\/wordpress\/wp-content\/uploads\/2014\/07\/20140625-02-025_iggy-and-the-german-kids_Artikel.jpg?resize=350%2C200","width":350,"height":200,"srcset":"https:\/\/i0.wp.com\/www.rockpixx.com\/wordpress\/wp-content\/uploads\/2014\/07\/20140625-02-025_iggy-and-the-german-kids_Artikel.jpg?resize=350%2C200 1x, https:\/\/i0.wp.com\/www.rockpixx.com\/wordpress\/wp-content\/uploads\/2014\/07\/20140625-02-025_iggy-and-the-german-kids_Artikel.jpg?resize=525%2C300 1.5x, https:\/\/i0.wp.com\/www.rockpixx.com\/wordpress\/wp-content\/uploads\/2014\/07\/20140625-02-025_iggy-and-the-german-kids_Artikel.jpg?resize=700%2C400 2x"},"classes":[]},{"id":51,"url":"http:\/\/www.rockpixx.com\/wordpress\/feucht-nass-landunter-kieler-woche\/","url_meta":{"origin":18694,"position":3},"title":"feucht\u2026 nass\u2026 landunter\u2026 Kieler Woche!","author":"admin","date":"25. Juni 2009","format":false,"excerpt":"Moin, heute Abend war's nass, aber so richtig. So feucht, dass sogar das Warten auf Marianne Rosenberg nach einer Stunde abgebrochen werden musste \u2013 mehr Feuchtigkeit (von au\u00dfen) konnte meine Hose einfach nicht mehr aufsaugen \u2013 schade eigentlich. Nicht mal ein Foto des Regenschirm-Meeres vor der B\u00fchne mochte ich einer\u2026","rel":"","context":"In &quot;2009&quot;","block_context":{"text":"2009","link":"http:\/\/www.rockpixx.com\/wordpress\/category\/backstage\/2009\/"},"img":{"alt_text":"","src":"","width":0,"height":0},"classes":[]},{"id":18689,"url":"http:\/\/www.rockpixx.com\/wordpress\/coverline-26-06-2015-kieler-woche-netuse-buehne-kiel\/","url_meta":{"origin":18694,"position":4},"title":"CoverLine, 26.06.2015, Kieler Woche, NetUSE-B\u00fchne, Kiel","author":"Anja","date":"27. Juni 2015","format":false,"excerpt":"Das Abendprogramm auf der NetUSE-B\u00fchne bestreiten diesmal \u201eCoverLine\u201c. Lange begleitet diese Band unsere Kieler Woche-Berichte und oft hatte sich f\u00fcr uns durch den Mitgliederwechsel die Optik und die Akustik ge\u00e4ndert. Dieses Mal nicht \u2013 wir treffen die gleiche Formation wie letztes Jahr an und freuen uns, dass die Kontinuit\u00e4t sich\u2026","rel":"","context":"In &quot;Acts&quot;","block_context":{"text":"Acts","link":"http:\/\/www.rockpixx.com\/wordpress\/category\/acts\/"},"img":{"alt_text":"","src":"https:\/\/i0.wp.com\/www.rockpixx.com\/wordpress\/wp-content\/uploads\/2015\/06\/20150626-02-003_coverline_Artikel.jpg?resize=350%2C200","width":350,"height":200,"srcset":"https:\/\/i0.wp.com\/www.rockpixx.com\/wordpress\/wp-content\/uploads\/2015\/06\/20150626-02-003_coverline_Artikel.jpg?resize=350%2C200 1x, https:\/\/i0.wp.com\/www.rockpixx.com\/wordpress\/wp-content\/uploads\/2015\/06\/20150626-02-003_coverline_Artikel.jpg?resize=525%2C300 1.5x, https:\/\/i0.wp.com\/www.rockpixx.com\/wordpress\/wp-content\/uploads\/2015\/06\/20150626-02-003_coverline_Artikel.jpg?resize=700%2C400 2x"},"classes":[]},{"id":8510,"url":"http:\/\/www.rockpixx.com\/wordpress\/kim-wilde-18-06-2012-kiel-ndr-buhne\/","url_meta":{"origin":18694,"position":5},"title":"Kim Wilde, 18.06.2012, Kiel, NDR-B\u00fchne","author":"Anja","date":"18. Juni 2012","format":false,"excerpt":"Kim Wilde, darauf hab ich mich schon die ganze Zeit gefreut, als es hie\u00df wir gehen zur Kieler Woche. Also habe ich die interne Pokermeisterschaft bei rockpixx.com gewonnen und durfte zu Kim Wilde auf der NDR-B\u00fchne. Als ich wie gewohnt f\u00fcr die Bilder in den Graben wollte, hie\u00df es von\u2026","rel":"","context":"In &quot;Acts&quot;","block_context":{"text":"Acts","link":"http:\/\/www.rockpixx.com\/wordpress\/category\/acts\/"},"img":{"alt_text":"Kim Wilde, 18.06.2012, Kiel, NDR-B\u00fchne","src":"https:\/\/i0.wp.com\/www.rockpixx.com\/wordpress\/wp-content\/uploads\/2013\/02\/20120618-04-kim-wilde-Artikel.jpg?resize=350%2C200","width":350,"height":200,"srcset":"https:\/\/i0.wp.com\/www.rockpixx.com\/wordpress\/wp-content\/uploads\/2013\/02\/20120618-04-kim-wilde-Artikel.jpg?resize=350%2C200 1x, https:\/\/i0.wp.com\/www.rockpixx.com\/wordpress\/wp-content\/uploads\/2013\/02\/20120618-04-kim-wilde-Artikel.jpg?resize=525%2C300 1.5x, https:\/\/i0.wp.com\/www.rockpixx.com\/wordpress\/wp-content\/uploads\/2013\/02\/20120618-04-kim-wilde-Artikel.jpg?resize=700%2C400 2x"},"classes":[]}],"jetpack_sharing_enabled":true,"publishpress_future_action":{"enabled":false,"date":"2026-05-09 04:34:17","action":"change-status","newStatus":"draft","terms":[],"taxonomy":"category","extraData":[]},"publishpress_future_workflow_manual_trigger":{"enabledWorkflows":[]},"_links":{"self":[{"href":"http:\/\/www.rockpixx.com\/wordpress\/wp-json\/wp\/v2\/posts\/18694","targetHints":{"allow":["GET"]}}],"collection":[{"href":"http:\/\/www.rockpixx.com\/wordpress\/wp-json\/wp\/v2\/posts"}],"about":[{"href":"http:\/\/www.rockpixx.com\/wordpress\/wp-json\/wp\/v2\/types\/post"}],"author":[{"embeddable":true,"href":"http:\/\/www.rockpixx.com\/wordpress\/wp-json\/wp\/v2\/users\/2"}],"replies":[{"embeddable":true,"href":"http:\/\/www.rockpixx.com\/wordpress\/wp-json\/wp\/v2\/comments?post=18694"}],"version-history":[{"count":0,"href":"http:\/\/www.rockpixx.com\/wordpress\/wp-json\/wp\/v2\/posts\/18694\/revisions"}],"wp:featuredmedia":[{"embeddable":true,"href":"http:\/\/www.rockpixx.com\/wordpress\/wp-json\/wp\/v2\/media\/18766"}],"wp:attachment":[{"href":"http:\/\/www.rockpixx.com\/wordpress\/wp-json\/wp\/v2\/media?parent=18694"}],"wp:term":[{"taxonomy":"category","embeddable":true,"href":"http:\/\/www.rockpixx.com\/wordpress\/wp-json\/wp\/v2\/categories?post=18694"},{"taxonomy":"post_tag","embeddable":true,"href":"http:\/\/www.rockpixx.com\/wordpress\/wp-json\/wp\/v2\/tags?post=18694"}],"curies":[{"name":"wp","href":"https:\/\/api.w.org\/{rel}","templated":true}]}}