{"id":18773,"date":"2015-07-06T12:27:31","date_gmt":"2015-07-06T11:27:31","guid":{"rendered":"http:\/\/rockpixx.com\/wordpress\/?p=18773"},"modified":"2015-07-06T12:27:31","modified_gmt":"2015-07-06T11:27:31","slug":"black-jack-guillotines-03-07-2015-schuby-open-air-schuby","status":"publish","type":"post","link":"http:\/\/www.rockpixx.com\/wordpress\/black-jack-guillotines-03-07-2015-schuby-open-air-schuby\/","title":{"rendered":"Black Jack Guillotines, 03.07.2015, Schuby Open Air, Schuby"},"content":{"rendered":"<p>Ich komme auf dem Sportplatz von Schuby an und es erklingt bereits Musik \u2013 nicht zu laut und nicht zu leise. Noch w\u00e4hrend ich damit besch\u00e4ftigt bin, mir v\u00f6llig unkompliziert ein B\u00e4ndsel und einen Pressepass abzuholen \u2013 dabei auch noch die bekannten Kollegen aus den Fotogr\u00e4ben des Nordens dieser Republik begr\u00fc\u00dfe \u2013 bin ich schon begeistert ob der Freundlichkeit und des Enthusiasmus, den hier alle Menschen in den roten Shirts an den Tag legen. Und dass trotz der enormen Hitze und der gnadenlos brennenden Sonne.<!--more--><\/p>\n<p>Wieder vor der B\u00fchne angekommen f\u00e4llt mein Blick als Erstes auf die b\u00fchnenmittig aufgestellte Guillotine und ich h\u00f6re die Stimme des Frontmannes (passend irgendwie mittelalterlich-piratenm\u00e4\u00dfig gekleidet), der sinngem\u00e4\u00df die folgende Ansage macht: \u201eDas folgende Lied ist unserem Kumpel Klaus gewidmet, der heute leider nicht bei uns sein kann. Er ist in Hamburg geblieben, wo er seinen Kopf verloren hat. Hier kommt \u2018St\u00f6rtebecker\u2019.\u201c Nun rockt es los, die Guillotine wird von kundigem Fachpersonal inspiziert und bedient und ich komme zu netten Bildern. Wenn es doch nur nicht so hei\u00df w\u00e4re! Aber \u201eBlack Jack Guillotines\u201c muss ich unbedingt einmal zur G\u00e4nze erleben &#8211; die haben in meinen Augen Potenzial.<\/p>\n<p>Nachtrag: Sp\u00e4ter dann wurde dieses Ger\u00e4t aufrecht stehend backstage auf einen Anh\u00e4nger verladen, festgezurrt und abtransportiert. Ob es im Verkehrsfunk Meldungen gab wie \u201eAchtung Autofahrer: Auf der A7 f\u00e4hrt vor Ihnen eine Guillotine Richtung Nord Ostsee-Kanal. Fahren Sie aufmerksam und verlieren Sie nicht Ihren Kopf.\u201c? Ich wei\u00df es nicht, die n\u00e4chste Band sollte gleich spielen und ich wollte nicht noch einmal den Anfang verpassen&#8230;<\/p>\n<p style=\"text-align: right;\">Fotos: <a href=\"mailto:info@rockpixx.com?subject=Black%20Jack%20Guillotines,%2003.07.2015,%20Schuby%20Open%20Air,%20Schuby\">Alex<\/a> | Text: <a href=\"mailto:info@rockpixx.com?subject=Black%20Jack%20Guillotines,%2003.07.2015,%20Schuby%20Open%20Air,%20Schuby\">Alex<\/a><\/p>\n<p>&nbsp;<\/p>\n<div class=\"eat-left eat-right\"><div class=\"thumbs-masonry isotope\"><div class=\"isotope-item block-2 block-h-2\"><a href=\"http:\/\/www.rockpixx.com\/wordpress\/wp-content\/uploads\/2015\/07\/20150703-01-001.jpg\" rel=\"prettyPhoto[postgal_18774]\" class=\"show-hover-link block-h-2\"\"><img decoding=\"async\" src=\"http:\/\/www.rockpixx.com\/wordpress\/wp-content\/uploads\/2015\/07\/20150703-01-001-480x480.jpg\" alt=\"Black Jack Guillotines, 03.07.2015, Open Air Schuby\"\/><span class=\"before\"><\/span><span class=\"after\"><\/span><\/a><\/div><div class=\"isotope-item block-2 block-h-2\"><a href=\"http:\/\/www.rockpixx.com\/wordpress\/wp-content\/uploads\/2015\/07\/20150703-01-003.jpg\" rel=\"prettyPhoto[postgal_18774]\" class=\"show-hover-link block-h-2\"\"><img decoding=\"async\" src=\"http:\/\/www.rockpixx.com\/wordpress\/wp-content\/uploads\/2015\/07\/20150703-01-003-480x480.jpg\" alt=\"Black Jack Guillotines, 03.07.2015, Open Air Schuby\"\/><span class=\"before\"><\/span><span class=\"after\"><\/span><\/a><\/div><div class=\"isotope-item block-1 block-h-1\"><a href=\"http:\/\/www.rockpixx.com\/wordpress\/wp-content\/uploads\/2015\/07\/20150703-01-005.jpg\" rel=\"prettyPhoto[postgal_18774]\" class=\"show-hover-link block-h-1\"\"><img decoding=\"async\" src=\"http:\/\/www.rockpixx.com\/wordpress\/wp-content\/uploads\/2015\/07\/20150703-01-005-480x480.jpg\" alt=\"Black Jack Guillotines, 03.07.2015, Open Air Schuby\"\/><span class=\"before\"><\/span><span class=\"after\"><\/span><\/a><\/div><div class=\"isotope-item block-1 block-h-1\"><a href=\"http:\/\/www.rockpixx.com\/wordpress\/wp-content\/uploads\/2015\/07\/20150703-01-008.jpg\" rel=\"prettyPhoto[postgal_18774]\" class=\"show-hover-link block-h-1\"\"><img decoding=\"async\" src=\"http:\/\/www.rockpixx.com\/wordpress\/wp-content\/uploads\/2015\/07\/20150703-01-008-480x480.jpg\" alt=\"Black Jack Guillotines, 03.07.2015, Open Air Schuby\"\/><span class=\"before\"><\/span><span class=\"after\"><\/span><\/a><\/div><div class=\"isotope-item block-1 block-h-1\"><a href=\"http:\/\/www.rockpixx.com\/wordpress\/wp-content\/uploads\/2015\/07\/20150703-01-009.jpg\" rel=\"prettyPhoto[postgal_18774]\" class=\"show-hover-link block-h-1\"\"><img decoding=\"async\" src=\"http:\/\/www.rockpixx.com\/wordpress\/wp-content\/uploads\/2015\/07\/20150703-01-009-480x480.jpg\" alt=\"Black Jack Guillotines, 03.07.2015, Open Air Schuby\"\/><span class=\"before\"><\/span><span class=\"after\"><\/span><\/a><\/div><\/div><\/div>\n","protected":false},"excerpt":{"rendered":"<p>Ich komme auf dem Sportplatz von Schuby an und es erklingt bereits Musik \u2013 nicht <a href=\"http:\/\/www.rockpixx.com\/wordpress\/black-jack-guillotines-03-07-2015-schuby-open-air-schuby\/\">Read more<\/a><\/p>\n","protected":false},"author":2,"featured_media":18780,"comment_status":"open","ping_status":"open","sticky":false,"template":"","format":"standard","meta":{"_jetpack_memberships_contains_paid_content":false,"footnotes":"","jetpack_publicize_message":"","jetpack_publicize_feature_enabled":true,"jetpack_social_post_already_shared":true,"jetpack_social_options":{"image_generator_settings":{"template":"highway","default_image_id":0,"font":"","enabled":false},"version":2}},"categories":[34,1681],"tags":[1504,1682,1683,1684],"class_list":["post-18773","post","type-post","status-publish","format-standard","has-post-thumbnail","hentry","category-acts","category-black-jack-guillotines","tag-1504","tag-black-jack-guillotines","tag-schuby","tag-schuby-open-air"],"aioseo_notices":[],"jetpack_publicize_connections":[],"jetpack_featured_media_url":"http:\/\/www.rockpixx.com\/wordpress\/wp-content\/uploads\/2015\/07\/20150703-01-008_bjg_Artikel.jpg","jetpack-related-posts":[{"id":18823,"url":"http:\/\/www.rockpixx.com\/wordpress\/lichtscheu03-07-2015-schuby-open-air-schuby\/","url_meta":{"origin":18773,"position":0},"title":"Lichtscheu, 03.07.2015, Schuby Open Air, Schuby","author":"Anja","date":"6. Juli 2015","format":false,"excerpt":"Eine interessante Kombination erwartet mich bei meinem letzten Act auf dem \u201eSchuby Open Air\u201c (Ich habe leider wegen anderer Projekte extremen Zeitmangel und kann daher nicht den gesamten Abend bleiben.): \u201eLichtscheu\u201c spielen ohne Bass, lediglich Vocals, Gitarre, Keyboards und Drums sorgen f\u00fcr einen fetten Sound. Die zweite Band des fr\u00fchen\u2026","rel":"","context":"In &quot;Acts&quot;","block_context":{"text":"Acts","link":"http:\/\/www.rockpixx.com\/wordpress\/category\/acts\/"},"img":{"alt_text":"Lichtscheu, 03.07.2015, Open Air Schuby","src":"https:\/\/i0.wp.com\/www.rockpixx.com\/wordpress\/wp-content\/uploads\/2015\/07\/20150703-04-021_lichtscheu_Artikel.jpg?resize=350%2C200","width":350,"height":200,"srcset":"https:\/\/i0.wp.com\/www.rockpixx.com\/wordpress\/wp-content\/uploads\/2015\/07\/20150703-04-021_lichtscheu_Artikel.jpg?resize=350%2C200 1x, https:\/\/i0.wp.com\/www.rockpixx.com\/wordpress\/wp-content\/uploads\/2015\/07\/20150703-04-021_lichtscheu_Artikel.jpg?resize=525%2C300 1.5x, https:\/\/i0.wp.com\/www.rockpixx.com\/wordpress\/wp-content\/uploads\/2015\/07\/20150703-04-021_lichtscheu_Artikel.jpg?resize=700%2C400 2x"},"classes":[]},{"id":18796,"url":"http:\/\/www.rockpixx.com\/wordpress\/uptoyou-03-07-2015-schuby-open-air-schuby\/","url_meta":{"origin":18773,"position":1},"title":"UP TO YOU, 03.07.2015, Schuby Open Air, Schuby","author":"Anja","date":"6. Juli 2015","format":false,"excerpt":"Metaller bei Tageslicht! Hilfeee! Nee, so schlimm ist es auch nicht, Niels, J\u00f6rg, Joe und Leif bei voller Beleuchtung wiederzusehen\u2026 obwohl: Ungewohnt ist es schon, sie mit ISO weniger als 6.400 zu fotografieren\u2026 Aber das tut der Sachen keinen Abbruch, es bringt Spa\u00df wie \u00fcblich. Einzig ein kleiner Wermutstropfen bleibt:\u2026","rel":"","context":"In &quot;Acts&quot;","block_context":{"text":"Acts","link":"http:\/\/www.rockpixx.com\/wordpress\/category\/acts\/"},"img":{"alt_text":"UpToYou, 03.07.2015, Open Air Schuby","src":"https:\/\/i0.wp.com\/www.rockpixx.com\/wordpress\/wp-content\/uploads\/2015\/07\/20150703-03-017_uptoyou_Artikel.jpg?resize=350%2C200","width":350,"height":200,"srcset":"https:\/\/i0.wp.com\/www.rockpixx.com\/wordpress\/wp-content\/uploads\/2015\/07\/20150703-03-017_uptoyou_Artikel.jpg?resize=350%2C200 1x, https:\/\/i0.wp.com\/www.rockpixx.com\/wordpress\/wp-content\/uploads\/2015\/07\/20150703-03-017_uptoyou_Artikel.jpg?resize=525%2C300 1.5x, https:\/\/i0.wp.com\/www.rockpixx.com\/wordpress\/wp-content\/uploads\/2015\/07\/20150703-03-017_uptoyou_Artikel.jpg?resize=700%2C400 2x"},"classes":[]},{"id":18783,"url":"http:\/\/www.rockpixx.com\/wordpress\/grimm-03-07-2015-schuby-open-air-schuby\/","url_meta":{"origin":18773,"position":2},"title":"G\u042fIMM, 03.07.2015, Schuby Open Air, Schuby","author":"Anja","date":"6. Juli 2015","format":false,"excerpt":"Bei der n\u00e4chsten Band bin ich gespannt: \u201eG\u042fIMM\u201c haben einen Besetzungswechsel an Bass und einer Gitarre hinter sich und stehen also in frischer Formation auf der B\u00fchne. Und ich muss bekennen, dass f\u00fcr mich als \u201eErsth\u00f6rer\u201c diese Band richtig gut klingt. Gerade St\u00fccke wie \u201eI Hate You\u201c oder auch \u201eIn\u2026","rel":"","context":"In &quot;Acts&quot;","block_context":{"text":"Acts","link":"http:\/\/www.rockpixx.com\/wordpress\/category\/acts\/"},"img":{"alt_text":"G\u042fIMM, 03.07.2015, Open Air Schuby","src":"https:\/\/i0.wp.com\/www.rockpixx.com\/wordpress\/wp-content\/uploads\/2015\/07\/20150703-02-007_grimm_Artikel.jpg?resize=350%2C200","width":350,"height":200,"srcset":"https:\/\/i0.wp.com\/www.rockpixx.com\/wordpress\/wp-content\/uploads\/2015\/07\/20150703-02-007_grimm_Artikel.jpg?resize=350%2C200 1x, https:\/\/i0.wp.com\/www.rockpixx.com\/wordpress\/wp-content\/uploads\/2015\/07\/20150703-02-007_grimm_Artikel.jpg?resize=525%2C300 1.5x, https:\/\/i0.wp.com\/www.rockpixx.com\/wordpress\/wp-content\/uploads\/2015\/07\/20150703-02-007_grimm_Artikel.jpg?resize=700%2C400 2x"},"classes":[]},{"id":20570,"url":"http:\/\/www.rockpixx.com\/wordpress\/lichtscheu-16-07-2016-devilish-night-2-roxy-flensburg\/","url_meta":{"origin":18773,"position":3},"title":"Lichtscheu, 16.07.2016, Devilish Night 2, Roxy, Flensburg","author":"A. Hahl","date":"18. Juli 2016","format":false,"excerpt":"\u201eLichtscheu\u201c hatte ich ja schon 2015 in Schuby erleben und fotografieren k\u00f6nnen und das, was ich seinerzeit geschrieben hatte, best\u00e4tigt sich auch heute wieder \u2013 wenn auch in fast totaler Dunkelheit. Und so ist die coole Gitarre von Timo Juhl fast kaum zu sehen, daf\u00fcr wird das Publikum aber akustisch\u2026","rel":"","context":"In &quot;Acts&quot;","block_context":{"text":"Acts","link":"http:\/\/www.rockpixx.com\/wordpress\/category\/acts\/"},"img":{"alt_text":"Lichtscheu, 16.07.2016, Flensburg, Develish Night 2, Roxy","src":"https:\/\/i0.wp.com\/www.rockpixx.com\/wordpress\/wp-content\/uploads\/2016\/07\/20160716-02-026.jpg?resize=350%2C200","width":350,"height":200,"srcset":"https:\/\/i0.wp.com\/www.rockpixx.com\/wordpress\/wp-content\/uploads\/2016\/07\/20160716-02-026.jpg?resize=350%2C200 1x, https:\/\/i0.wp.com\/www.rockpixx.com\/wordpress\/wp-content\/uploads\/2016\/07\/20160716-02-026.jpg?resize=525%2C300 1.5x, https:\/\/i0.wp.com\/www.rockpixx.com\/wordpress\/wp-content\/uploads\/2016\/07\/20160716-02-026.jpg?resize=700%2C400 2x"},"classes":[]},{"id":1015,"url":"http:\/\/www.rockpixx.com\/wordpress\/ein-wochenende-mit-auf-tour\/","url_meta":{"origin":18773,"position":4},"title":"Ein Wochenende mit auf Tour","author":"admin","date":"20. Januar 2010","format":false,"excerpt":"Die Winter-Tour von \u201eBarock\u201c l\u00e4uft und sie l\u00e4uft gut. Zeit f\u00fcr mich also, wieder einmal ein Wochende mitzufahren. Nachdem am Wochenende zuvor Tief \u201eDaisy\u201c mir den Trip verleidet hatte, sollte es dann endlich am 15.\/16.01.2010 losgehen\u2026 Donnerstag, Anreise, Teil 1 Am 14.01.2010 geht's also nach N\u00fcrnberg, im Hotel bin ich\u2026","rel":"","context":"In &quot;2010&quot;","block_context":{"text":"2010","link":"http:\/\/www.rockpixx.com\/wordpress\/category\/backstage\/2010\/"},"img":{"alt_text":"2009\/2010: on tour...","src":"https:\/\/i0.wp.com\/www.rockpixx.com\/wordpress\/wp-content\/uploads\/2010\/01\/20090115-17-g10-018-tour2009.jpg?resize=350%2C200","width":350,"height":200,"srcset":"https:\/\/i0.wp.com\/www.rockpixx.com\/wordpress\/wp-content\/uploads\/2010\/01\/20090115-17-g10-018-tour2009.jpg?resize=350%2C200 1x, https:\/\/i0.wp.com\/www.rockpixx.com\/wordpress\/wp-content\/uploads\/2010\/01\/20090115-17-g10-018-tour2009.jpg?resize=525%2C300 1.5x, https:\/\/i0.wp.com\/www.rockpixx.com\/wordpress\/wp-content\/uploads\/2010\/01\/20090115-17-g10-018-tour2009.jpg?resize=700%2C400 2x"},"classes":[]},{"id":16425,"url":"http:\/\/www.rockpixx.com\/wordpress\/woa-2014-ein-fazit-zum-25-jubilaeum\/","url_meta":{"origin":18773,"position":5},"title":"W:O:A 2014 \u2013 Ein Fazit zum 25. Jubil\u00e4um","author":"admin","date":"5. August 2014","format":false,"excerpt":"Das war jetzt also mein drittes W:O:A als Fotograf mit Pitpass in Folge.\u00a0\u00a0Zeit, mit ein paar Tagen Abstand ein pers\u00f6nliches Fazit zu den Arbeitsbedingungen zu ziehen. Mit diesem Hintergrund seien die folgenden Anmerkungen auch zu verstehen. Ich kann also nicht auf Erfahrungen zur\u00fcckgreifen, wie toll das alles zu den Zeiten\u2026","rel":"","context":"In &quot;2014&quot;","block_context":{"text":"2014","link":"http:\/\/www.rockpixx.com\/wordpress\/category\/backstage\/2014\/"},"img":{"alt_text":"Impressionen, 31.07.2014, Wacken Open Air, Wacken","src":"https:\/\/i0.wp.com\/www.rockpixx.com\/wordpress\/wp-content\/uploads\/2014\/08\/20140731-00-019.jpg?resize=350%2C200","width":350,"height":200,"srcset":"https:\/\/i0.wp.com\/www.rockpixx.com\/wordpress\/wp-content\/uploads\/2014\/08\/20140731-00-019.jpg?resize=350%2C200 1x, https:\/\/i0.wp.com\/www.rockpixx.com\/wordpress\/wp-content\/uploads\/2014\/08\/20140731-00-019.jpg?resize=525%2C300 1.5x, https:\/\/i0.wp.com\/www.rockpixx.com\/wordpress\/wp-content\/uploads\/2014\/08\/20140731-00-019.jpg?resize=700%2C400 2x"},"classes":[]}],"jetpack_sharing_enabled":true,"publishpress_future_action":{"enabled":false,"date":"2026-05-09 06:24:07","action":"change-status","newStatus":"draft","terms":[],"taxonomy":"category","extraData":[]},"publishpress_future_workflow_manual_trigger":{"enabledWorkflows":[]},"_links":{"self":[{"href":"http:\/\/www.rockpixx.com\/wordpress\/wp-json\/wp\/v2\/posts\/18773","targetHints":{"allow":["GET"]}}],"collection":[{"href":"http:\/\/www.rockpixx.com\/wordpress\/wp-json\/wp\/v2\/posts"}],"about":[{"href":"http:\/\/www.rockpixx.com\/wordpress\/wp-json\/wp\/v2\/types\/post"}],"author":[{"embeddable":true,"href":"http:\/\/www.rockpixx.com\/wordpress\/wp-json\/wp\/v2\/users\/2"}],"replies":[{"embeddable":true,"href":"http:\/\/www.rockpixx.com\/wordpress\/wp-json\/wp\/v2\/comments?post=18773"}],"version-history":[{"count":0,"href":"http:\/\/www.rockpixx.com\/wordpress\/wp-json\/wp\/v2\/posts\/18773\/revisions"}],"wp:featuredmedia":[{"embeddable":true,"href":"http:\/\/www.rockpixx.com\/wordpress\/wp-json\/wp\/v2\/media\/18780"}],"wp:attachment":[{"href":"http:\/\/www.rockpixx.com\/wordpress\/wp-json\/wp\/v2\/media?parent=18773"}],"wp:term":[{"taxonomy":"category","embeddable":true,"href":"http:\/\/www.rockpixx.com\/wordpress\/wp-json\/wp\/v2\/categories?post=18773"},{"taxonomy":"post_tag","embeddable":true,"href":"http:\/\/www.rockpixx.com\/wordpress\/wp-json\/wp\/v2\/tags?post=18773"}],"curies":[{"name":"wp","href":"https:\/\/api.w.org\/{rel}","templated":true}]}}