{"id":18883,"date":"2015-08-03T19:09:37","date_gmt":"2015-08-03T18:09:37","guid":{"rendered":"http:\/\/rockpixx.com\/wordpress\/?p=18883"},"modified":"2015-08-03T19:09:37","modified_gmt":"2015-08-03T18:09:37","slug":"kvelertak-31-07-2015-wacken-woa-2015","status":"publish","type":"post","link":"http:\/\/www.rockpixx.com\/wordpress\/kvelertak-31-07-2015-wacken-woa-2015\/","title":{"rendered":"Kvelertak, 31.07.2015, Wacken, W:O:A 2015"},"content":{"rendered":"<p>Kvelertak (norwegisch f\u00fcr W\u00fcrgegriff) bewiesen auch wieder auf dem diesj\u00e4hrigen Wacken Open Air ihre gute Live Performance und den Ruf einer guten Tourband, den sie sich in den letzen Jahren erarbeitet haben.<!--more--><\/p>\n<p>Schwer war es, das Gesicht des S\u00e4ngers Erlend Hjelvik abzulichten, da es fast immer von seiner langen Wallem\u00e4hne bedeckt war. Was nat\u00fcrlich \u2013 fotografisch gesehen \u2013 beim Headbangen wieder von Vorteil ist und so dennoch gute Bilder entstanden sind.<\/p>\n<p style=\"text-align: right;\">Fotos: <a href=\"mailto:a.roselt@rockpixx.com?subject=Kvelertak,%2031.07.2015,%20Wacken,%20W:O:A%202015\">Anja<\/a> | Text: <a href=\"mailto:a.roselt@rockpixx.com?subject=Kvelertak,%2031.07.2015,%20Wacken,%20W:O:A%202015\">Anja<\/a><\/p>\n<p style=\"text-align: right;\">\n<div class=\"eat-left eat-right\"><div class=\"thumbs-masonry isotope\"><div class=\"isotope-item block-2 block-h-2\"><a href=\"http:\/\/www.rockpixx.com\/wordpress\/wp-content\/uploads\/2015\/08\/20150731-02-007.jpg\" rel=\"prettyPhoto[postgal_18885]\" class=\"show-hover-link block-h-2\"\"><img decoding=\"async\" src=\"http:\/\/www.rockpixx.com\/wordpress\/wp-content\/uploads\/2015\/08\/20150731-02-007-480x480.jpg\" alt=\"Kvelertak, 31.07.2015, Wacken, Wacken Open Air 2015\"\/><span class=\"before\"><\/span><span class=\"after\"><\/span><\/a><\/div><div class=\"isotope-item block-1 block-h-1\"><a href=\"http:\/\/www.rockpixx.com\/wordpress\/wp-content\/uploads\/2015\/08\/20150731-02-010.jpg\" rel=\"prettyPhoto[postgal_18885]\" class=\"show-hover-link block-h-1\"\"><img decoding=\"async\" src=\"http:\/\/www.rockpixx.com\/wordpress\/wp-content\/uploads\/2015\/08\/20150731-02-010-480x480.jpg\" alt=\"Kvelertak, 31.07.2015, Wacken, Wacken Open Air 2015\"\/><span class=\"before\"><\/span><span class=\"after\"><\/span><\/a><\/div><div class=\"isotope-item block-1 block-h-1\"><a href=\"http:\/\/www.rockpixx.com\/wordpress\/wp-content\/uploads\/2015\/08\/20150731-02-012.jpg\" rel=\"prettyPhoto[postgal_18885]\" class=\"show-hover-link block-h-1\"\"><img decoding=\"async\" src=\"http:\/\/www.rockpixx.com\/wordpress\/wp-content\/uploads\/2015\/08\/20150731-02-012-480x480.jpg\" alt=\"Kvelertak, 31.07.2015, Wacken, Wacken Open Air 2015\"\/><span class=\"before\"><\/span><span class=\"after\"><\/span><\/a><\/div><div class=\"isotope-item block-2 block-h-2\"><a href=\"http:\/\/www.rockpixx.com\/wordpress\/wp-content\/uploads\/2015\/08\/20150731-02-016.jpg\" rel=\"prettyPhoto[postgal_18885]\" class=\"show-hover-link block-h-2\"\"><img decoding=\"async\" src=\"http:\/\/www.rockpixx.com\/wordpress\/wp-content\/uploads\/2015\/08\/20150731-02-016-480x480.jpg\" alt=\"Kvelertak, 31.07.2015, Wacken, Wacken Open Air 2015\"\/><span class=\"before\"><\/span><span class=\"after\"><\/span><\/a><\/div><div class=\"isotope-item block-1 block-h-1\"><a href=\"http:\/\/www.rockpixx.com\/wordpress\/wp-content\/uploads\/2015\/08\/20150731-02-022.jpg\" rel=\"prettyPhoto[postgal_18885]\" class=\"show-hover-link block-h-1\"\"><img decoding=\"async\" src=\"http:\/\/www.rockpixx.com\/wordpress\/wp-content\/uploads\/2015\/08\/20150731-02-022-480x480.jpg\" alt=\"Kvelertak, 31.07.2015, Wacken, Wacken Open Air 2015\"\/><span class=\"before\"><\/span><span class=\"after\"><\/span><\/a><\/div><div class=\"isotope-item block-1 block-h-1\"><a href=\"http:\/\/www.rockpixx.com\/wordpress\/wp-content\/uploads\/2015\/08\/20150731-02-024.jpg\" rel=\"prettyPhoto[postgal_18885]\" class=\"show-hover-link block-h-1\"\"><img decoding=\"async\" src=\"http:\/\/www.rockpixx.com\/wordpress\/wp-content\/uploads\/2015\/08\/20150731-02-024-480x480.jpg\" alt=\"Kvelertak, 31.07.2015, Wacken, Wacken Open Air 2015\"\/><span class=\"before\"><\/span><span class=\"after\"><\/span><\/a><\/div><div class=\"isotope-item block-2 block-h-2\"><a href=\"http:\/\/www.rockpixx.com\/wordpress\/wp-content\/uploads\/2015\/08\/20150731-02-025.jpg\" rel=\"prettyPhoto[postgal_18885]\" class=\"show-hover-link block-h-2\"\"><img decoding=\"async\" src=\"http:\/\/www.rockpixx.com\/wordpress\/wp-content\/uploads\/2015\/08\/20150731-02-025-480x480.jpg\" alt=\"Kvelertak, 31.07.2015, Wacken, Wacken Open Air 2015\"\/><span class=\"before\"><\/span><span class=\"after\"><\/span><\/a><\/div><div class=\"isotope-item block-1 block-h-1\"><a href=\"http:\/\/www.rockpixx.com\/wordpress\/wp-content\/uploads\/2015\/08\/20150731-02-027.jpg\" rel=\"prettyPhoto[postgal_18885]\" class=\"show-hover-link block-h-1\"\"><img decoding=\"async\" src=\"http:\/\/www.rockpixx.com\/wordpress\/wp-content\/uploads\/2015\/08\/20150731-02-027-480x480.jpg\" alt=\"Kvelertak, 31.07.2015, Wacken, Wacken Open Air 2015\"\/><span class=\"before\"><\/span><span class=\"after\"><\/span><\/a><\/div><div class=\"isotope-item block-1 block-h-1\"><a href=\"http:\/\/www.rockpixx.com\/wordpress\/wp-content\/uploads\/2015\/08\/20150731-02-028.jpg\" rel=\"prettyPhoto[postgal_18885]\" class=\"show-hover-link block-h-1\"\"><img decoding=\"async\" src=\"http:\/\/www.rockpixx.com\/wordpress\/wp-content\/uploads\/2015\/08\/20150731-02-028-480x480.jpg\" alt=\"Kvelertak, 31.07.2015, Wacken, Wacken Open Air 2015\"\/><span class=\"before\"><\/span><span class=\"after\"><\/span><\/a><\/div><div class=\"isotope-item block-2 block-h-2\"><a href=\"http:\/\/www.rockpixx.com\/wordpress\/wp-content\/uploads\/2015\/08\/20150731-02-031.jpg\" rel=\"prettyPhoto[postgal_18885]\" class=\"show-hover-link block-h-2\"\"><img decoding=\"async\" src=\"http:\/\/www.rockpixx.com\/wordpress\/wp-content\/uploads\/2015\/08\/20150731-02-031-480x480.jpg\" alt=\"Kvelertak, 31.07.2015, Wacken, Wacken Open Air 2015\"\/><span class=\"before\"><\/span><span class=\"after\"><\/span><\/a><\/div><div class=\"isotope-item block-1 block-h-1\"><a href=\"http:\/\/www.rockpixx.com\/wordpress\/wp-content\/uploads\/2015\/08\/20150731-02-032.jpg\" rel=\"prettyPhoto[postgal_18885]\" class=\"show-hover-link block-h-1\"\"><img decoding=\"async\" src=\"http:\/\/www.rockpixx.com\/wordpress\/wp-content\/uploads\/2015\/08\/20150731-02-032-480x480.jpg\" alt=\"Kvelertak, 31.07.2015, Wacken, Wacken Open Air 2015\"\/><span class=\"before\"><\/span><span class=\"after\"><\/span><\/a><\/div><div class=\"isotope-item block-1 block-h-1\"><a href=\"http:\/\/www.rockpixx.com\/wordpress\/wp-content\/uploads\/2015\/08\/20150731-02-033.jpg\" rel=\"prettyPhoto[postgal_18885]\" class=\"show-hover-link block-h-1\"\"><img decoding=\"async\" src=\"http:\/\/www.rockpixx.com\/wordpress\/wp-content\/uploads\/2015\/08\/20150731-02-033-480x480.jpg\" alt=\"Kvelertak, 31.07.2015, Wacken, Wacken Open Air 2015\"\/><span class=\"before\"><\/span><span class=\"after\"><\/span><\/a><\/div><div class=\"isotope-item block-2 block-h-2\"><a href=\"http:\/\/www.rockpixx.com\/wordpress\/wp-content\/uploads\/2015\/08\/20150731-02-038.jpg\" rel=\"prettyPhoto[postgal_18885]\" class=\"show-hover-link block-h-2\"\"><img decoding=\"async\" src=\"http:\/\/www.rockpixx.com\/wordpress\/wp-content\/uploads\/2015\/08\/20150731-02-038-480x480.jpg\" alt=\"Kvelertak, 31.07.2015, Wacken, Wacken Open Air 2015\"\/><span class=\"before\"><\/span><span class=\"after\"><\/span><\/a><\/div><div class=\"isotope-item block-1 block-h-1\"><a href=\"http:\/\/www.rockpixx.com\/wordpress\/wp-content\/uploads\/2015\/08\/20150731-02-040.jpg\" rel=\"prettyPhoto[postgal_18885]\" class=\"show-hover-link block-h-1\"\"><img decoding=\"async\" src=\"http:\/\/www.rockpixx.com\/wordpress\/wp-content\/uploads\/2015\/08\/20150731-02-040-480x480.jpg\" alt=\"Kvelertak, 31.07.2015, Wacken, Wacken Open Air 2015\"\/><span class=\"before\"><\/span><span class=\"after\"><\/span><\/a><\/div><div class=\"isotope-item block-1 block-h-1\"><a href=\"http:\/\/www.rockpixx.com\/wordpress\/wp-content\/uploads\/2015\/08\/20150731-02-046.jpg\" rel=\"prettyPhoto[postgal_18885]\" class=\"show-hover-link block-h-1\"\"><img decoding=\"async\" src=\"http:\/\/www.rockpixx.com\/wordpress\/wp-content\/uploads\/2015\/08\/20150731-02-046-480x480.jpg\" alt=\"Kvelertak, 31.07.2015, Wacken, Wacken Open Air 2015\"\/><span class=\"before\"><\/span><span class=\"after\"><\/span><\/a><\/div><div class=\"isotope-item block-2 block-h-2\"><a href=\"http:\/\/www.rockpixx.com\/wordpress\/wp-content\/uploads\/2015\/08\/20150731-02-048.jpg\" rel=\"prettyPhoto[postgal_18885]\" class=\"show-hover-link block-h-2\"\"><img decoding=\"async\" src=\"http:\/\/www.rockpixx.com\/wordpress\/wp-content\/uploads\/2015\/08\/20150731-02-048-480x480.jpg\" alt=\"Kvelertak, 31.07.2015, Wacken, Wacken Open Air 2015\"\/><span class=\"before\"><\/span><span class=\"after\"><\/span><\/a><\/div><div class=\"isotope-item block-1 block-h-1\"><a href=\"http:\/\/www.rockpixx.com\/wordpress\/wp-content\/uploads\/2015\/08\/20150731-02-052.jpg\" rel=\"prettyPhoto[postgal_18885]\" class=\"show-hover-link block-h-1\"\"><img decoding=\"async\" src=\"http:\/\/www.rockpixx.com\/wordpress\/wp-content\/uploads\/2015\/08\/20150731-02-052-480x480.jpg\" alt=\"Kvelertak, 31.07.2015, Wacken, Wacken Open Air 2015\"\/><span class=\"before\"><\/span><span class=\"after\"><\/span><\/a><\/div><\/div><\/div>\n<p>&nbsp;<\/p>\n","protected":false},"excerpt":{"rendered":"<p>Kvelertak (norwegisch f\u00fcr W\u00fcrgegriff) bewiesen auch wieder auf dem diesj\u00e4hrigen Wacken Open Air ihre gute <a href=\"http:\/\/www.rockpixx.com\/wordpress\/kvelertak-31-07-2015-wacken-woa-2015\/\">Read more<\/a><\/p>\n","protected":false},"author":2,"featured_media":18904,"comment_status":"open","ping_status":"open","sticky":false,"template":"","format":"standard","meta":{"_jetpack_memberships_contains_paid_content":false,"footnotes":"","jetpack_publicize_message":"#WOA #Wacken #Kvelertak #Wacken2015","jetpack_publicize_feature_enabled":true,"jetpack_social_post_already_shared":true,"jetpack_social_options":{"image_generator_settings":{"template":"highway","default_image_id":0,"font":"","enabled":false},"version":2}},"categories":[34,1689],"tags":[1504,133,1690,883,2061,885],"class_list":["post-18883","post","type-post","status-publish","format-standard","has-post-thumbnail","hentry","category-acts","category-kvelertak","tag-1504","tag-festivals","tag-kvelertak","tag-woa","tag-wacken","tag-wacken-open-air"],"aioseo_notices":[],"jetpack_publicize_connections":[],"jetpack_featured_media_url":"http:\/\/www.rockpixx.com\/wordpress\/wp-content\/uploads\/2015\/08\/20150731-02-022_kvelertak_Artikel.jpg","jetpack-related-posts":[{"id":8929,"url":"http:\/\/www.rockpixx.com\/wordpress\/volbeat-02-08-2012-wacken-woa-2012\/","url_meta":{"origin":18883,"position":0},"title":"Volbeat, 02.08.2012, Wacken, W:O:A 2012","author":"Anja","date":"2. August 2012","format":false,"excerpt":"\u201eVolbeat\u201c aus D\u00e4nemark zum Abschluss meines Abends. Lauter \u201eElvis-Metal\u201c, helles monochromes Licht und massig Nebel aus allen Richtungen \u2013 optisch also die \u00fcbelsten Voraussetzungen f\u00fcr brauchbare Bilder. Aber das bessert sich zum Gl\u00fcck mit dem zweiten Song, den wir komplett durchfotografieren d\u00fcrfen. Danach ist Schichtwechsel und danach ist wieder Schichtwechsel\u2026","rel":"","context":"In &quot;Acts&quot;","block_context":{"text":"Acts","link":"http:\/\/www.rockpixx.com\/wordpress\/category\/acts\/"},"img":{"alt_text":"Volbeat, 02.08.2012, Wacken, W:O:A 2012","src":"https:\/\/i0.wp.com\/www.rockpixx.com\/wordpress\/wp-content\/uploads\/2013\/02\/20120802-08-volbeat-Artikel.jpg?resize=350%2C200","width":350,"height":200,"srcset":"https:\/\/i0.wp.com\/www.rockpixx.com\/wordpress\/wp-content\/uploads\/2013\/02\/20120802-08-volbeat-Artikel.jpg?resize=350%2C200 1x, https:\/\/i0.wp.com\/www.rockpixx.com\/wordpress\/wp-content\/uploads\/2013\/02\/20120802-08-volbeat-Artikel.jpg?resize=525%2C300 1.5x, https:\/\/i0.wp.com\/www.rockpixx.com\/wordpress\/wp-content\/uploads\/2013\/02\/20120802-08-volbeat-Artikel.jpg?resize=700%2C400 2x"},"classes":[]},{"id":11961,"url":"http:\/\/www.rockpixx.com\/wordpress\/motoerhead-02-08-2013-wacken-woa-2013\/","url_meta":{"origin":18883,"position":1},"title":"Mot\u00f6rhead, 02.08.2013, Wacken, W:O:A 2013","author":"Anja","date":"6. August 2013","format":false,"excerpt":"Seit 1995 spielen \u201eMot\u00f6rhead\u201c in der aktuellen Besetzung zusammen. Unmittelbar vor dem W:O:A ging das Ger\u00fccht um, dass der diesj\u00e4hrige Auftritt abgesagt werden m\u00fcsse aufgrund des Gesundheitszustandes von Frontmann Lemmy Kilmister. Zum Gl\u00fcck kam es nicht so weit und nun stehe ich also f\u00fcr die Dauer des ersten Songs im\u2026","rel":"","context":"In &quot;Acts&quot;","block_context":{"text":"Acts","link":"http:\/\/www.rockpixx.com\/wordpress\/category\/acts\/"},"img":{"alt_text":"","src":"https:\/\/i0.wp.com\/www.rockpixx.com\/wordpress\/wp-content\/uploads\/2013\/08\/20130802-05-110_motoerhead.jpg?resize=350%2C200","width":350,"height":200,"srcset":"https:\/\/i0.wp.com\/www.rockpixx.com\/wordpress\/wp-content\/uploads\/2013\/08\/20130802-05-110_motoerhead.jpg?resize=350%2C200 1x, https:\/\/i0.wp.com\/www.rockpixx.com\/wordpress\/wp-content\/uploads\/2013\/08\/20130802-05-110_motoerhead.jpg?resize=525%2C300 1.5x, https:\/\/i0.wp.com\/www.rockpixx.com\/wordpress\/wp-content\/uploads\/2013\/08\/20130802-05-110_motoerhead.jpg?resize=700%2C400 2x"},"classes":[]},{"id":18906,"url":"http:\/\/www.rockpixx.com\/wordpress\/at-the-gates-31-07-2015-wacken-woa-2015\/","url_meta":{"origin":18883,"position":2},"title":"At The Gates, 31.07.2015, Wacken, W:O:A 2015","author":"Anja","date":"4. August 2015","format":false,"excerpt":"Schwedische Bands sind bekannt f\u00fcr Ihre guten Live-Shows und \u201eAt The Gates\u201c reihen sich in diese Reihe mit ein. Mir pers\u00f6nlich gefiel der Auftritt von \u201eAt The Gates\u201c, da zum Einen die Performance mit dem Ziel das Publikum zu unterhalten stimmt und sie nicht nur ihr Ding runter spielen, und\u2026","rel":"","context":"In &quot;Acts&quot;","block_context":{"text":"Acts","link":"http:\/\/www.rockpixx.com\/wordpress\/category\/acts\/"},"img":{"alt_text":"At the Gates, 31.07.2015, Wacken, Wacken Open Air 2015","src":"https:\/\/i0.wp.com\/www.rockpixx.com\/wordpress\/wp-content\/uploads\/2015\/08\/20150731-03-005_at-the-gates_Artikel.jpg?resize=350%2C200","width":350,"height":200,"srcset":"https:\/\/i0.wp.com\/www.rockpixx.com\/wordpress\/wp-content\/uploads\/2015\/08\/20150731-03-005_at-the-gates_Artikel.jpg?resize=350%2C200 1x, https:\/\/i0.wp.com\/www.rockpixx.com\/wordpress\/wp-content\/uploads\/2015\/08\/20150731-03-005_at-the-gates_Artikel.jpg?resize=525%2C300 1.5x, https:\/\/i0.wp.com\/www.rockpixx.com\/wordpress\/wp-content\/uploads\/2015\/08\/20150731-03-005_at-the-gates_Artikel.jpg?resize=700%2C400 2x"},"classes":[]},{"id":19018,"url":"http:\/\/www.rockpixx.com\/wordpress\/powerwolf-01-08-2015-wacken-woa-2015\/","url_meta":{"origin":18883,"position":3},"title":"Powerwolf, 01.08.2015, Wacken, W:O:A 2015","author":"Anja","date":"9. August 2015","format":false,"excerpt":"\u201e\u2018Powerwolf\u2018 musst Du unbedingt fotografieren und Dir auch den Rest des Konzertes anschauen, die bringen Spa\u00df.\u201c \u2013 Diese Worte bekam ich noch von meinem Kollegen von rockpixx.com mit, den ich krankheitsbedingt auf dem diesj\u00e4hrigen Wacken Open Air vertreten habe. Also ging ich mit einer gewissen Erwartungshaltung in den Graben. Ich\u2026","rel":"","context":"In &quot;Acts&quot;","block_context":{"text":"Acts","link":"http:\/\/www.rockpixx.com\/wordpress\/category\/acts\/"},"img":{"alt_text":"Powerwolf, 01.08.2015, Wacken, Wacken Open Air 2015","src":"https:\/\/i0.wp.com\/www.rockpixx.com\/wordpress\/wp-content\/uploads\/2015\/08\/20150801-01-069.jpg?resize=350%2C200","width":350,"height":200,"srcset":"https:\/\/i0.wp.com\/www.rockpixx.com\/wordpress\/wp-content\/uploads\/2015\/08\/20150801-01-069.jpg?resize=350%2C200 1x, https:\/\/i0.wp.com\/www.rockpixx.com\/wordpress\/wp-content\/uploads\/2015\/08\/20150801-01-069.jpg?resize=525%2C300 1.5x, https:\/\/i0.wp.com\/www.rockpixx.com\/wordpress\/wp-content\/uploads\/2015\/08\/20150801-01-069.jpg?resize=700%2C400 2x"},"classes":[]},{"id":16036,"url":"http:\/\/www.rockpixx.com\/wordpress\/emperor-02-08-2014-wacken-woa-2014\/","url_meta":{"origin":18883,"position":4},"title":"Emperor 02.08.2014, Wacken, W:O:A 2014","author":"Anja","date":"3. August 2014","format":false,"excerpt":"\u201eSchweden rockt!\u201c \u2013 das habe ich in den letzten Wochen ja schon wiederholt festgestellt. Nehmen wir also das Fazit des Auftrittes von \u201eEmperor\u201c vorweg. \u201eNorwegen ist laut.\u201c F\u00fcr die Optik bieten die Musiker von \u201eEmperor\u201c so Einiges, u. A. sch\u00f6n viele Flames w\u00e4hrend der ersten Minuten. Und einen headbangenden Keyboarder\u2026","rel":"","context":"In &quot;Acts&quot;","block_context":{"text":"Acts","link":"http:\/\/www.rockpixx.com\/wordpress\/category\/acts\/"},"img":{"alt_text":"Emperor, 02.08.2014, Wacken, Wacken Open Air 2014","src":"https:\/\/i0.wp.com\/www.rockpixx.com\/wordpress\/wp-content\/uploads\/2014\/08\/20140802-03-030.jpg?resize=350%2C200","width":350,"height":200,"srcset":"https:\/\/i0.wp.com\/www.rockpixx.com\/wordpress\/wp-content\/uploads\/2014\/08\/20140802-03-030.jpg?resize=350%2C200 1x, https:\/\/i0.wp.com\/www.rockpixx.com\/wordpress\/wp-content\/uploads\/2014\/08\/20140802-03-030.jpg?resize=525%2C300 1.5x, https:\/\/i0.wp.com\/www.rockpixx.com\/wordpress\/wp-content\/uploads\/2014\/08\/20140802-03-030.jpg?resize=700%2C400 2x"},"classes":[]},{"id":11933,"url":"http:\/\/www.rockpixx.com\/wordpress\/pretty-maids-02-08-2013-wacken-woa-2013\/","url_meta":{"origin":18883,"position":5},"title":"Pretty Maids, 02.08.2013, Wacken, W:O:A 2013","author":"Anja","date":"5. August 2013","format":false,"excerpt":"Wenn eine Band kurz zuvor ein neues Album ver\u00f6ffentlicht und auch im Jahr 2002 schon einmal in Wacken gespielt hat, dann ist es nur logisch, dass sie in diesem Jahr dort auch wieder auf der B\u00fchne steht. Warum sollte es also bei den \u201ePretty Maids\u201c anders sein? D\u00e4nisches Schwermetall prasselt\u2026","rel":"","context":"In &quot;Acts&quot;","block_context":{"text":"Acts","link":"http:\/\/www.rockpixx.com\/wordpress\/category\/acts\/"},"img":{"alt_text":"","src":"https:\/\/i0.wp.com\/www.rockpixx.com\/wordpress\/wp-content\/uploads\/2013\/08\/20130802-02-008_pretty-maids-Artikel.jpg?resize=350%2C200","width":350,"height":200,"srcset":"https:\/\/i0.wp.com\/www.rockpixx.com\/wordpress\/wp-content\/uploads\/2013\/08\/20130802-02-008_pretty-maids-Artikel.jpg?resize=350%2C200 1x, https:\/\/i0.wp.com\/www.rockpixx.com\/wordpress\/wp-content\/uploads\/2013\/08\/20130802-02-008_pretty-maids-Artikel.jpg?resize=525%2C300 1.5x, https:\/\/i0.wp.com\/www.rockpixx.com\/wordpress\/wp-content\/uploads\/2013\/08\/20130802-02-008_pretty-maids-Artikel.jpg?resize=700%2C400 2x"},"classes":[]}],"jetpack_sharing_enabled":true,"publishpress_future_action":{"enabled":false,"date":"2026-05-06 11:15:43","action":"change-status","newStatus":"draft","terms":[],"taxonomy":"category","extraData":[]},"publishpress_future_workflow_manual_trigger":{"enabledWorkflows":[]},"_links":{"self":[{"href":"http:\/\/www.rockpixx.com\/wordpress\/wp-json\/wp\/v2\/posts\/18883","targetHints":{"allow":["GET"]}}],"collection":[{"href":"http:\/\/www.rockpixx.com\/wordpress\/wp-json\/wp\/v2\/posts"}],"about":[{"href":"http:\/\/www.rockpixx.com\/wordpress\/wp-json\/wp\/v2\/types\/post"}],"author":[{"embeddable":true,"href":"http:\/\/www.rockpixx.com\/wordpress\/wp-json\/wp\/v2\/users\/2"}],"replies":[{"embeddable":true,"href":"http:\/\/www.rockpixx.com\/wordpress\/wp-json\/wp\/v2\/comments?post=18883"}],"version-history":[{"count":0,"href":"http:\/\/www.rockpixx.com\/wordpress\/wp-json\/wp\/v2\/posts\/18883\/revisions"}],"wp:featuredmedia":[{"embeddable":true,"href":"http:\/\/www.rockpixx.com\/wordpress\/wp-json\/wp\/v2\/media\/18904"}],"wp:attachment":[{"href":"http:\/\/www.rockpixx.com\/wordpress\/wp-json\/wp\/v2\/media?parent=18883"}],"wp:term":[{"taxonomy":"category","embeddable":true,"href":"http:\/\/www.rockpixx.com\/wordpress\/wp-json\/wp\/v2\/categories?post=18883"},{"taxonomy":"post_tag","embeddable":true,"href":"http:\/\/www.rockpixx.com\/wordpress\/wp-json\/wp\/v2\/tags?post=18883"}],"curies":[{"name":"wp","href":"https:\/\/api.w.org\/{rel}","templated":true}]}}