{"id":18922,"date":"2015-08-04T13:28:59","date_gmt":"2015-08-04T12:28:59","guid":{"rendered":"http:\/\/rockpixx.com\/wordpress\/?p=18922"},"modified":"2015-08-04T13:28:59","modified_gmt":"2015-08-04T12:28:59","slug":"queensryche-31-07-2015-wacken-woa-2015","status":"publish","type":"post","link":"http:\/\/www.rockpixx.com\/wordpress\/queensryche-31-07-2015-wacken-woa-2015\/","title":{"rendered":"Queensr\u00ffche, 31.07.2015, Wacken, W:O:A 2015"},"content":{"rendered":"<p>Queensr\u00ffche auf der True Metal Stage und wieder hatte ich den Gedanken: \u201eDa bekommt man ja Genickstarre beim Fotografieren, so hoch wie die B\u00fchne ist, aber egal mach das Beste daraus.\u201c Musikalisch fand ich sie \u2013 als absoluter Laie im Metalgenre \u2013 nicht schlecht.<!--more--> F\u00fcr meine Ohren melodisch und die hohe Stimme von Todd La Torre kommt sauber und klar r\u00fcber \u2013 er singt die Songs und schreit sie nicht so ins Publikum.<\/p>\n<p>Was mir jedoch auff\u00e4llt und das finde ich schade &#8211; gerade f\u00fcr das Publikum vor der B\u00fchne \u2013, war die abgebr\u00fchte und fast schon lustlose Show auf der B\u00fchne. Queensr\u00ffche spulten Ihr Programm runter und das war\u2019s. Es gab zum Gl\u00fcck genug andere Bands, die wussten, warum sie auf der B\u00fchne stehen, n\u00e4mlich, um das Publikum zu unterhalten.<\/p>\n<p style=\"text-align: right;\">Fotos: <a href=\"mailto:a.roselt@rockpixx.com?subject=Queensr\u00ffche,%2031.07.2015,%20Wacken,%20W:O:A%202015\">Anja<\/a> | Text: <a href=\"mailto:a.roselt@rockpixx.com?subject=Queensr\u00ffche,%2031.07.2015,%20Wacken,%20W:O:A%202015\">Anja<\/a><\/p>\n<p>&nbsp;<\/p>\n<div class=\"eat-left eat-right\"><div class=\"thumbs-masonry isotope\"><div class=\"isotope-item block-2 block-h-2\"><a href=\"http:\/\/www.rockpixx.com\/wordpress\/wp-content\/uploads\/2015\/08\/20150731-04-003.jpg\" rel=\"prettyPhoto[postgal_18923]\" class=\"show-hover-link block-h-2\"\"><img decoding=\"async\" src=\"http:\/\/www.rockpixx.com\/wordpress\/wp-content\/uploads\/2015\/08\/20150731-04-003-480x480.jpg\" alt=\"Queensr\u00ffche, 31.07.2015, Wacken, Wacken Open Air 2015\"\/><span class=\"before\"><\/span><span class=\"after\"><\/span><\/a><\/div><div class=\"isotope-item block-1 block-h-1\"><a href=\"http:\/\/www.rockpixx.com\/wordpress\/wp-content\/uploads\/2015\/08\/20150731-04-011.jpg\" rel=\"prettyPhoto[postgal_18923]\" class=\"show-hover-link block-h-1\"\"><img decoding=\"async\" src=\"http:\/\/www.rockpixx.com\/wordpress\/wp-content\/uploads\/2015\/08\/20150731-04-011-480x480.jpg\" alt=\"Queensr\u00ffche, 31.07.2015, Wacken, Wacken Open Air 2015\"\/><span class=\"before\"><\/span><span class=\"after\"><\/span><\/a><\/div><div class=\"isotope-item block-1 block-h-1\"><a href=\"http:\/\/www.rockpixx.com\/wordpress\/wp-content\/uploads\/2015\/08\/20150731-04-013.jpg\" rel=\"prettyPhoto[postgal_18923]\" class=\"show-hover-link block-h-1\"\"><img decoding=\"async\" src=\"http:\/\/www.rockpixx.com\/wordpress\/wp-content\/uploads\/2015\/08\/20150731-04-013-480x480.jpg\" alt=\"Queensr\u00ffche, 31.07.2015, Wacken, Wacken Open Air 2015\"\/><span class=\"before\"><\/span><span class=\"after\"><\/span><\/a><\/div><div class=\"isotope-item block-2 block-h-2\"><a href=\"http:\/\/www.rockpixx.com\/wordpress\/wp-content\/uploads\/2015\/08\/20150731-04-015.jpg\" rel=\"prettyPhoto[postgal_18923]\" class=\"show-hover-link block-h-2\"\"><img decoding=\"async\" src=\"http:\/\/www.rockpixx.com\/wordpress\/wp-content\/uploads\/2015\/08\/20150731-04-015-480x480.jpg\" alt=\"Queensr\u00ffche, 31.07.2015, Wacken, Wacken Open Air 2015\"\/><span class=\"before\"><\/span><span class=\"after\"><\/span><\/a><\/div><div class=\"isotope-item block-1 block-h-1\"><a href=\"http:\/\/www.rockpixx.com\/wordpress\/wp-content\/uploads\/2015\/08\/20150731-04-017.jpg\" rel=\"prettyPhoto[postgal_18923]\" class=\"show-hover-link block-h-1\"\"><img decoding=\"async\" src=\"http:\/\/www.rockpixx.com\/wordpress\/wp-content\/uploads\/2015\/08\/20150731-04-017-480x480.jpg\" alt=\"Queensr\u00ffche, 31.07.2015, Wacken, Wacken Open Air 2015\"\/><span class=\"before\"><\/span><span class=\"after\"><\/span><\/a><\/div><div class=\"isotope-item block-1 block-h-1\"><a href=\"http:\/\/www.rockpixx.com\/wordpress\/wp-content\/uploads\/2015\/08\/20150731-04-021.jpg\" rel=\"prettyPhoto[postgal_18923]\" class=\"show-hover-link block-h-1\"\"><img decoding=\"async\" src=\"http:\/\/www.rockpixx.com\/wordpress\/wp-content\/uploads\/2015\/08\/20150731-04-021-480x480.jpg\" alt=\"Queensr\u00ffche, 31.07.2015, Wacken, Wacken Open Air 2015\"\/><span class=\"before\"><\/span><span class=\"after\"><\/span><\/a><\/div><div class=\"isotope-item block-2 block-h-2\"><a href=\"http:\/\/www.rockpixx.com\/wordpress\/wp-content\/uploads\/2015\/08\/20150731-04-028.jpg\" rel=\"prettyPhoto[postgal_18923]\" class=\"show-hover-link block-h-2\"\"><img decoding=\"async\" src=\"http:\/\/www.rockpixx.com\/wordpress\/wp-content\/uploads\/2015\/08\/20150731-04-028-480x480.jpg\" alt=\"Queensr\u00ffche, 31.07.2015, Wacken, Wacken Open Air 2015\"\/><span class=\"before\"><\/span><span class=\"after\"><\/span><\/a><\/div><div class=\"isotope-item block-1 block-h-1\"><a href=\"http:\/\/www.rockpixx.com\/wordpress\/wp-content\/uploads\/2015\/08\/20150731-04-030.jpg\" rel=\"prettyPhoto[postgal_18923]\" class=\"show-hover-link block-h-1\"\"><img decoding=\"async\" src=\"http:\/\/www.rockpixx.com\/wordpress\/wp-content\/uploads\/2015\/08\/20150731-04-030-480x480.jpg\" alt=\"Queensr\u00ffche, 31.07.2015, Wacken, Wacken Open Air 2015\"\/><span class=\"before\"><\/span><span class=\"after\"><\/span><\/a><\/div><div class=\"isotope-item block-1 block-h-1\"><a href=\"http:\/\/www.rockpixx.com\/wordpress\/wp-content\/uploads\/2015\/08\/20150731-04-031.jpg\" rel=\"prettyPhoto[postgal_18923]\" class=\"show-hover-link block-h-1\"\"><img decoding=\"async\" src=\"http:\/\/www.rockpixx.com\/wordpress\/wp-content\/uploads\/2015\/08\/20150731-04-031-480x480.jpg\" alt=\"Queensr\u00ffche, 31.07.2015, Wacken, Wacken Open Air 2015\"\/><span class=\"before\"><\/span><span class=\"after\"><\/span><\/a><\/div><div class=\"isotope-item block-2 block-h-2\"><a href=\"http:\/\/www.rockpixx.com\/wordpress\/wp-content\/uploads\/2015\/08\/20150731-04-032.jpg\" rel=\"prettyPhoto[postgal_18923]\" class=\"show-hover-link block-h-2\"\"><img decoding=\"async\" src=\"http:\/\/www.rockpixx.com\/wordpress\/wp-content\/uploads\/2015\/08\/20150731-04-032-480x480.jpg\" alt=\"Queensr\u00ffche, 31.07.2015, Wacken, Wacken Open Air 2015\"\/><span class=\"before\"><\/span><span class=\"after\"><\/span><\/a><\/div><div class=\"isotope-item block-1 block-h-1\"><a href=\"http:\/\/www.rockpixx.com\/wordpress\/wp-content\/uploads\/2015\/08\/20150731-04-033.jpg\" rel=\"prettyPhoto[postgal_18923]\" class=\"show-hover-link block-h-1\"\"><img decoding=\"async\" src=\"http:\/\/www.rockpixx.com\/wordpress\/wp-content\/uploads\/2015\/08\/20150731-04-033-480x480.jpg\" alt=\"Queensr\u00ffche, 31.07.2015, Wacken, Wacken Open Air 2015\"\/><span class=\"before\"><\/span><span class=\"after\"><\/span><\/a><\/div><div class=\"isotope-item block-1 block-h-1\"><a href=\"http:\/\/www.rockpixx.com\/wordpress\/wp-content\/uploads\/2015\/08\/20150731-04-035.jpg\" rel=\"prettyPhoto[postgal_18923]\" class=\"show-hover-link block-h-1\"\"><img decoding=\"async\" src=\"http:\/\/www.rockpixx.com\/wordpress\/wp-content\/uploads\/2015\/08\/20150731-04-035-480x480.jpg\" alt=\"Queensr\u00ffche, 31.07.2015, Wacken, Wacken Open Air 2015\"\/><span class=\"before\"><\/span><span class=\"after\"><\/span><\/a><\/div><div class=\"isotope-item block-2 block-h-2\"><a href=\"http:\/\/www.rockpixx.com\/wordpress\/wp-content\/uploads\/2015\/08\/20150731-04-036.jpg\" rel=\"prettyPhoto[postgal_18923]\" class=\"show-hover-link block-h-2\"\"><img decoding=\"async\" src=\"http:\/\/www.rockpixx.com\/wordpress\/wp-content\/uploads\/2015\/08\/20150731-04-036-480x480.jpg\" alt=\"Queensr\u00ffche, 31.07.2015, Wacken, Wacken Open Air 2015\"\/><span class=\"before\"><\/span><span class=\"after\"><\/span><\/a><\/div><div class=\"isotope-item block-1 block-h-1\"><a href=\"http:\/\/www.rockpixx.com\/wordpress\/wp-content\/uploads\/2015\/08\/20150731-04-039.jpg\" rel=\"prettyPhoto[postgal_18923]\" class=\"show-hover-link block-h-1\"\"><img decoding=\"async\" src=\"http:\/\/www.rockpixx.com\/wordpress\/wp-content\/uploads\/2015\/08\/20150731-04-039-480x480.jpg\" alt=\"Queensr\u00ffche, 31.07.2015, Wacken, Wacken Open Air 2015\"\/><span class=\"before\"><\/span><span class=\"after\"><\/span><\/a><\/div><\/div><\/div>\n","protected":false},"excerpt":{"rendered":"<p>Queensr\u00ffche auf der True Metal Stage und wieder hatte ich den Gedanken: \u201eDa bekommt man <a href=\"http:\/\/www.rockpixx.com\/wordpress\/queensryche-31-07-2015-wacken-woa-2015\/\">Read more<\/a><\/p>\n","protected":false},"author":2,"featured_media":18938,"comment_status":"open","ping_status":"open","sticky":false,"template":"","format":"standard","meta":{"_jetpack_memberships_contains_paid_content":false,"footnotes":"","jetpack_publicize_message":"#WOA #Wacken #Queensr\u00ffche Wacken 2015","jetpack_publicize_feature_enabled":true,"jetpack_social_post_already_shared":true,"jetpack_social_options":{"image_generator_settings":{"template":"highway","default_image_id":0,"font":"","enabled":false},"version":2}},"categories":[34,1693],"tags":[1504,133,1694,883,2061,885],"class_list":["post-18922","post","type-post","status-publish","format-standard","has-post-thumbnail","hentry","category-acts","category-queensryche","tag-1504","tag-festivals","tag-queensryche","tag-woa","tag-wacken","tag-wacken-open-air"],"aioseo_notices":[],"jetpack_publicize_connections":[],"jetpack_featured_media_url":"http:\/\/www.rockpixx.com\/wordpress\/wp-content\/uploads\/2015\/08\/20150731-04-021_queensryche_Artikel.jpg","jetpack-related-posts":[{"id":19018,"url":"http:\/\/www.rockpixx.com\/wordpress\/powerwolf-01-08-2015-wacken-woa-2015\/","url_meta":{"origin":18922,"position":0},"title":"Powerwolf, 01.08.2015, Wacken, W:O:A 2015","author":"Anja","date":"9. August 2015","format":false,"excerpt":"\u201e\u2018Powerwolf\u2018 musst Du unbedingt fotografieren und Dir auch den Rest des Konzertes anschauen, die bringen Spa\u00df.\u201c \u2013 Diese Worte bekam ich noch von meinem Kollegen von rockpixx.com mit, den ich krankheitsbedingt auf dem diesj\u00e4hrigen Wacken Open Air vertreten habe. Also ging ich mit einer gewissen Erwartungshaltung in den Graben. Ich\u2026","rel":"","context":"In &quot;Acts&quot;","block_context":{"text":"Acts","link":"http:\/\/www.rockpixx.com\/wordpress\/category\/acts\/"},"img":{"alt_text":"Powerwolf, 01.08.2015, Wacken, Wacken Open Air 2015","src":"https:\/\/i0.wp.com\/www.rockpixx.com\/wordpress\/wp-content\/uploads\/2015\/08\/20150801-01-069.jpg?resize=350%2C200","width":350,"height":200,"srcset":"https:\/\/i0.wp.com\/www.rockpixx.com\/wordpress\/wp-content\/uploads\/2015\/08\/20150801-01-069.jpg?resize=350%2C200 1x, https:\/\/i0.wp.com\/www.rockpixx.com\/wordpress\/wp-content\/uploads\/2015\/08\/20150801-01-069.jpg?resize=525%2C300 1.5x, https:\/\/i0.wp.com\/www.rockpixx.com\/wordpress\/wp-content\/uploads\/2015\/08\/20150801-01-069.jpg?resize=700%2C400 2x"},"classes":[]},{"id":8892,"url":"http:\/\/www.rockpixx.com\/wordpress\/russkaja-02-08-2012-wacken-woa-2012\/","url_meta":{"origin":18922,"position":1},"title":"Russkaja, 02.08.2012, Wacken, W:O:A 2012","author":"Anja","date":"2. August 2012","format":false,"excerpt":"\u201eWacken 2012\u201c \u2026f\u00e4ngt f\u00fcr mich am Donnerstagmorgen gegen kurz nach 11:00 Uhr vor der \u201eW.E.T Stage\u201c an. Eine Weile brauche ich schon, bis ich diese B\u00fchne finde, aber dann leiten mich unverkennbare Kl\u00e4nge in die richtige Richtung. Zur optischen Hilfe wird vom S\u00e4nger auf der B\u00fchne noch eine gro\u00dfe rote\u2026","rel":"","context":"In &quot;Acts&quot;","block_context":{"text":"Acts","link":"http:\/\/www.rockpixx.com\/wordpress\/category\/acts\/"},"img":{"alt_text":"Russkaja, 02.08.2012, Wacken, W:O:A 2012","src":"https:\/\/i0.wp.com\/www.rockpixx.com\/wordpress\/wp-content\/uploads\/2013\/02\/20120802-01-russkaja-Artikel.jpg?resize=350%2C200","width":350,"height":200,"srcset":"https:\/\/i0.wp.com\/www.rockpixx.com\/wordpress\/wp-content\/uploads\/2013\/02\/20120802-01-russkaja-Artikel.jpg?resize=350%2C200 1x, https:\/\/i0.wp.com\/www.rockpixx.com\/wordpress\/wp-content\/uploads\/2013\/02\/20120802-01-russkaja-Artikel.jpg?resize=525%2C300 1.5x, https:\/\/i0.wp.com\/www.rockpixx.com\/wordpress\/wp-content\/uploads\/2013\/02\/20120802-01-russkaja-Artikel.jpg?resize=700%2C400 2x"},"classes":[]},{"id":18906,"url":"http:\/\/www.rockpixx.com\/wordpress\/at-the-gates-31-07-2015-wacken-woa-2015\/","url_meta":{"origin":18922,"position":2},"title":"At The Gates, 31.07.2015, Wacken, W:O:A 2015","author":"Anja","date":"4. August 2015","format":false,"excerpt":"Schwedische Bands sind bekannt f\u00fcr Ihre guten Live-Shows und \u201eAt The Gates\u201c reihen sich in diese Reihe mit ein. Mir pers\u00f6nlich gefiel der Auftritt von \u201eAt The Gates\u201c, da zum Einen die Performance mit dem Ziel das Publikum zu unterhalten stimmt und sie nicht nur ihr Ding runter spielen, und\u2026","rel":"","context":"In &quot;Acts&quot;","block_context":{"text":"Acts","link":"http:\/\/www.rockpixx.com\/wordpress\/category\/acts\/"},"img":{"alt_text":"At the Gates, 31.07.2015, Wacken, Wacken Open Air 2015","src":"https:\/\/i0.wp.com\/www.rockpixx.com\/wordpress\/wp-content\/uploads\/2015\/08\/20150731-03-005_at-the-gates_Artikel.jpg?resize=350%2C200","width":350,"height":200,"srcset":"https:\/\/i0.wp.com\/www.rockpixx.com\/wordpress\/wp-content\/uploads\/2015\/08\/20150731-03-005_at-the-gates_Artikel.jpg?resize=350%2C200 1x, https:\/\/i0.wp.com\/www.rockpixx.com\/wordpress\/wp-content\/uploads\/2015\/08\/20150731-03-005_at-the-gates_Artikel.jpg?resize=525%2C300 1.5x, https:\/\/i0.wp.com\/www.rockpixx.com\/wordpress\/wp-content\/uploads\/2015\/08\/20150731-03-005_at-the-gates_Artikel.jpg?resize=700%2C400 2x"},"classes":[]},{"id":16080,"url":"http:\/\/www.rockpixx.com\/wordpress\/amon-amarth-02-08-2014-wacken-woa-2014\/","url_meta":{"origin":18922,"position":3},"title":"Amon Amarth, 02.08.2014, Wacken, W:O:A 2014","author":"Anja","date":"3. August 2014","format":false,"excerpt":"Erste \u00c4u\u00dferungen der Grabenkollegen auf dem Weg zur True Metal Stage: \u201eWow!\u201c und \u201eWahnsinn!\u201c Gemeint ist das B\u00fchnenbild von \u201eAmon Amarth\u201c, welches sich vor unseren Augen darbietet. Zwei gro\u00dfe Drachenk\u00f6pfe stehen auf der B\u00fchne, einer ist begehbar und zu Beginn der Show speien sie Nebel, was das Zeug h\u00e4lt. \u201eAmon\u2026","rel":"","context":"In &quot;Acts&quot;","block_context":{"text":"Acts","link":"http:\/\/www.rockpixx.com\/wordpress\/category\/acts\/"},"img":{"alt_text":"Amon Amarth, 02.08.2014, Wacken, Wacken Open Air 2014","src":"https:\/\/i0.wp.com\/www.rockpixx.com\/wordpress\/wp-content\/uploads\/2014\/08\/20140802-04-123.jpg?resize=350%2C200","width":350,"height":200,"srcset":"https:\/\/i0.wp.com\/www.rockpixx.com\/wordpress\/wp-content\/uploads\/2014\/08\/20140802-04-123.jpg?resize=350%2C200 1x, https:\/\/i0.wp.com\/www.rockpixx.com\/wordpress\/wp-content\/uploads\/2014\/08\/20140802-04-123.jpg?resize=525%2C300 1.5x, https:\/\/i0.wp.com\/www.rockpixx.com\/wordpress\/wp-content\/uploads\/2014\/08\/20140802-04-123.jpg?resize=700%2C400 2x"},"classes":[]},{"id":15991,"url":"http:\/\/www.rockpixx.com\/wordpress\/saxon-31-07-2014-wacken-woa-2014\/","url_meta":{"origin":18922,"position":4},"title":"Saxon, 31.07.2014, Wacken, W:O:A 2014","author":"admin","date":"1. August 2014","format":false,"excerpt":"\u2192 \u201eSaxon\u201c sind sowohl bei uns als auch auf dem W:O:A Wiederholungst\u00e4ter. Insofern freute ich mich, die britischen Urgesteine des Heavy Metal wiederzusehen. Der Auftritt verz\u00f6gert sich leider um knapp 15 Minuten, weil \u2013 unplangem\u00e4\u00df zwei Zauberk\u00fcnstler auf der True Metal Stage sich noch ein wenig produzieren m\u00fcssen. Das Resultat\u2026","rel":"","context":"In &quot;Acts&quot;","block_context":{"text":"Acts","link":"http:\/\/www.rockpixx.com\/wordpress\/category\/acts\/"},"img":{"alt_text":"Saxon, 31.07.2014, Wacken, Wacken Open Air","src":"https:\/\/i0.wp.com\/www.rockpixx.com\/wordpress\/wp-content\/uploads\/2014\/08\/20140731-05-078_saxon_Artikel.jpg?resize=350%2C200","width":350,"height":200,"srcset":"https:\/\/i0.wp.com\/www.rockpixx.com\/wordpress\/wp-content\/uploads\/2014\/08\/20140731-05-078_saxon_Artikel.jpg?resize=350%2C200 1x, https:\/\/i0.wp.com\/www.rockpixx.com\/wordpress\/wp-content\/uploads\/2014\/08\/20140731-05-078_saxon_Artikel.jpg?resize=525%2C300 1.5x, https:\/\/i0.wp.com\/www.rockpixx.com\/wordpress\/wp-content\/uploads\/2014\/08\/20140731-05-078_saxon_Artikel.jpg?resize=700%2C400 2x"},"classes":[]},{"id":11965,"url":"http:\/\/www.rockpixx.com\/wordpress\/doro-02-08-2013-wacken-woa-2013\/","url_meta":{"origin":18922,"position":5},"title":"Doro, 02.08.2013, Wacken, W:O:A 2013","author":"Anja","date":"6. August 2013","format":false,"excerpt":"Doro Pesch komponiert ja nicht nur die Hymnen f\u00fcr Ihre Freundin die Boxerin Regina Halmich, sondern ist nat\u00fcrlich auch so etwas wie die \u201eMetal-Queen\u201c in der gesamten Szene. In diesem Jahr begeht sie ihr 30-j\u00e4hriges B\u00fchnenjubil\u00e4um und so etwas will nat\u00fcrlich standesgem\u00e4\u00df in Wacken zelebriert werden. Also st\u00fcrmt sie nach\u2026","rel":"","context":"In &quot;Acts&quot;","block_context":{"text":"Acts","link":"http:\/\/www.rockpixx.com\/wordpress\/category\/acts\/"},"img":{"alt_text":"","src":"https:\/\/i0.wp.com\/www.rockpixx.com\/wordpress\/wp-content\/uploads\/2013\/08\/20130802-06-387_doro.jpg?resize=350%2C200","width":350,"height":200,"srcset":"https:\/\/i0.wp.com\/www.rockpixx.com\/wordpress\/wp-content\/uploads\/2013\/08\/20130802-06-387_doro.jpg?resize=350%2C200 1x, https:\/\/i0.wp.com\/www.rockpixx.com\/wordpress\/wp-content\/uploads\/2013\/08\/20130802-06-387_doro.jpg?resize=525%2C300 1.5x, https:\/\/i0.wp.com\/www.rockpixx.com\/wordpress\/wp-content\/uploads\/2013\/08\/20130802-06-387_doro.jpg?resize=700%2C400 2x"},"classes":[]}],"jetpack_sharing_enabled":true,"publishpress_future_action":{"enabled":false,"date":"2026-05-06 11:16:49","action":"change-status","newStatus":"draft","terms":[],"taxonomy":"category","extraData":[]},"publishpress_future_workflow_manual_trigger":{"enabledWorkflows":[]},"_links":{"self":[{"href":"http:\/\/www.rockpixx.com\/wordpress\/wp-json\/wp\/v2\/posts\/18922","targetHints":{"allow":["GET"]}}],"collection":[{"href":"http:\/\/www.rockpixx.com\/wordpress\/wp-json\/wp\/v2\/posts"}],"about":[{"href":"http:\/\/www.rockpixx.com\/wordpress\/wp-json\/wp\/v2\/types\/post"}],"author":[{"embeddable":true,"href":"http:\/\/www.rockpixx.com\/wordpress\/wp-json\/wp\/v2\/users\/2"}],"replies":[{"embeddable":true,"href":"http:\/\/www.rockpixx.com\/wordpress\/wp-json\/wp\/v2\/comments?post=18922"}],"version-history":[{"count":0,"href":"http:\/\/www.rockpixx.com\/wordpress\/wp-json\/wp\/v2\/posts\/18922\/revisions"}],"wp:featuredmedia":[{"embeddable":true,"href":"http:\/\/www.rockpixx.com\/wordpress\/wp-json\/wp\/v2\/media\/18938"}],"wp:attachment":[{"href":"http:\/\/www.rockpixx.com\/wordpress\/wp-json\/wp\/v2\/media?parent=18922"}],"wp:term":[{"taxonomy":"category","embeddable":true,"href":"http:\/\/www.rockpixx.com\/wordpress\/wp-json\/wp\/v2\/categories?post=18922"},{"taxonomy":"post_tag","embeddable":true,"href":"http:\/\/www.rockpixx.com\/wordpress\/wp-json\/wp\/v2\/tags?post=18922"}],"curies":[{"name":"wp","href":"https:\/\/api.w.org\/{rel}","templated":true}]}}