{"id":19001,"date":"2015-08-05T15:10:22","date_gmt":"2015-08-05T14:10:22","guid":{"rendered":"http:\/\/rockpixx.com\/wordpress\/?p=19001"},"modified":"2015-08-05T15:10:22","modified_gmt":"2015-08-05T14:10:22","slug":"running-wild-31-07-2015-wacken-woa-2015","status":"publish","type":"post","link":"http:\/\/www.rockpixx.com\/wordpress\/running-wild-31-07-2015-wacken-woa-2015\/","title":{"rendered":"Running Wild, 31.07.2015, Wacken, W:O:A 2015"},"content":{"rendered":"<p>Als diese Band 1976 gegr\u00fcndet wurde, waren Wacken und Metal noch gar keine Gr\u00f6\u00dfen in meinem Leben, daf\u00fcr Sandkasten und F\u00f6rmchen umso mehr. Wobei als Kind h\u00e4tte ich mit der Matschpampe, die auf Wacken dieses Jahr war, meine helle Freude gehabt. Aber ich will hier nicht abschweifen \u2013 zur\u00fcck zum Thema.<!--more--><\/p>\n<p>\u201eRunnig Wild\u201c hatten dieses Jahr nach 6 Jahren B\u00fchnenabstinenz ihr erstes Konzert genau an dem Platz wo sie 2009 begann \u2013 auf dem W:O:A. Das Publikum vor der B\u00fchne war total aufgeregt und vereinzelt sah man auch wilde Piraten herumspringen. In Anspielung auf die Phase der Band, in der sie sich thematisch vom Okkulten weg den golden Zeiten der Piraterie zuwandten.<\/p>\n<p>Fotografisch erwartete mich ein Farbenflash in Rot und Blau und akustisch eine Band, die Ihr Handwerk versteht und die schon routiniert seit Jahren im Musikbusiness unterwegs ist.<\/p>\n<p style=\"text-align: right;\">Fotos: <a href=\"mailto:a.roselt@rockpixx.com?subject=Running%20Wild,%2031.07.2015,%20Wacken,%20W:O:A%202015\">Anja<\/a> | Text: <a href=\"mailto:a.roselt@rockpixx.com?subject=Running%20Wild,%2031.07.2015,%20Wacken,%20W:O:A%202015\">Anja<\/a><\/p>\n<p>&nbsp;<\/p>\n<div class=\"eat-left eat-right\"><div class=\"thumbs-masonry isotope\"><div class=\"isotope-item block-2 block-h-2\"><a href=\"http:\/\/www.rockpixx.com\/wordpress\/wp-content\/uploads\/2015\/08\/20150731-08-006.jpg\" rel=\"prettyPhoto[postgal_19002]\" class=\"show-hover-link block-h-2\"\"><img decoding=\"async\" src=\"http:\/\/www.rockpixx.com\/wordpress\/wp-content\/uploads\/2015\/08\/20150731-08-006-480x480.jpg\" alt=\"Running Wild, 31.07.2015, Wacken, Wacken Open Air 2015\"\/><span class=\"before\"><\/span><span class=\"after\"><\/span><\/a><\/div><div class=\"isotope-item block-1 block-h-1\"><a href=\"http:\/\/www.rockpixx.com\/wordpress\/wp-content\/uploads\/2015\/08\/20150731-08-015.jpg\" rel=\"prettyPhoto[postgal_19002]\" class=\"show-hover-link block-h-1\"\"><img decoding=\"async\" src=\"http:\/\/www.rockpixx.com\/wordpress\/wp-content\/uploads\/2015\/08\/20150731-08-015-480x480.jpg\" alt=\"Running Wild, 31.07.2015, Wacken, Wacken Open Air 2015\"\/><span class=\"before\"><\/span><span class=\"after\"><\/span><\/a><\/div><div class=\"isotope-item block-1 block-h-1\"><a href=\"http:\/\/www.rockpixx.com\/wordpress\/wp-content\/uploads\/2015\/08\/20150731-08-016.jpg\" rel=\"prettyPhoto[postgal_19002]\" class=\"show-hover-link block-h-1\"\"><img decoding=\"async\" src=\"http:\/\/www.rockpixx.com\/wordpress\/wp-content\/uploads\/2015\/08\/20150731-08-016-480x480.jpg\" alt=\"Running Wild, 31.07.2015, Wacken, Wacken Open Air 2015\"\/><span class=\"before\"><\/span><span class=\"after\"><\/span><\/a><\/div><div class=\"isotope-item block-2 block-h-2\"><a href=\"http:\/\/www.rockpixx.com\/wordpress\/wp-content\/uploads\/2015\/08\/20150731-08-021.jpg\" rel=\"prettyPhoto[postgal_19002]\" class=\"show-hover-link block-h-2\"\"><img decoding=\"async\" src=\"http:\/\/www.rockpixx.com\/wordpress\/wp-content\/uploads\/2015\/08\/20150731-08-021-480x480.jpg\" alt=\"Running Wild, 31.07.2015, Wacken, Wacken Open Air 2015\"\/><span class=\"before\"><\/span><span class=\"after\"><\/span><\/a><\/div><div class=\"isotope-item block-1 block-h-1\"><a href=\"http:\/\/www.rockpixx.com\/wordpress\/wp-content\/uploads\/2015\/08\/20150731-08-030.jpg\" rel=\"prettyPhoto[postgal_19002]\" class=\"show-hover-link block-h-1\"\"><img decoding=\"async\" src=\"http:\/\/www.rockpixx.com\/wordpress\/wp-content\/uploads\/2015\/08\/20150731-08-030-480x480.jpg\" alt=\"Running Wild, 31.07.2015, Wacken, Wacken Open Air 2015\"\/><span class=\"before\"><\/span><span class=\"after\"><\/span><\/a><\/div><div class=\"isotope-item block-1 block-h-1\"><a href=\"http:\/\/www.rockpixx.com\/wordpress\/wp-content\/uploads\/2015\/08\/20150731-08-052.jpg\" rel=\"prettyPhoto[postgal_19002]\" class=\"show-hover-link block-h-1\"\"><img decoding=\"async\" src=\"http:\/\/www.rockpixx.com\/wordpress\/wp-content\/uploads\/2015\/08\/20150731-08-052-480x480.jpg\" alt=\"Running Wild, 31.07.2015, Wacken, Wacken Open Air 2015\"\/><span class=\"before\"><\/span><span class=\"after\"><\/span><\/a><\/div><div class=\"isotope-item block-2 block-h-2\"><a href=\"http:\/\/www.rockpixx.com\/wordpress\/wp-content\/uploads\/2015\/08\/20150731-08-058.jpg\" rel=\"prettyPhoto[postgal_19002]\" class=\"show-hover-link block-h-2\"\"><img decoding=\"async\" src=\"http:\/\/www.rockpixx.com\/wordpress\/wp-content\/uploads\/2015\/08\/20150731-08-058-480x480.jpg\" alt=\"Running Wild, 31.07.2015, Wacken, Wacken Open Air 2015\"\/><span class=\"before\"><\/span><span class=\"after\"><\/span><\/a><\/div><div class=\"isotope-item block-1 block-h-1\"><a href=\"http:\/\/www.rockpixx.com\/wordpress\/wp-content\/uploads\/2015\/08\/20150731-08-060.jpg\" rel=\"prettyPhoto[postgal_19002]\" class=\"show-hover-link block-h-1\"\"><img decoding=\"async\" src=\"http:\/\/www.rockpixx.com\/wordpress\/wp-content\/uploads\/2015\/08\/20150731-08-060-480x480.jpg\" alt=\"Running Wild, 31.07.2015, Wacken, Wacken Open Air 2015\"\/><span class=\"before\"><\/span><span class=\"after\"><\/span><\/a><\/div><div class=\"isotope-item block-1 block-h-1\"><a href=\"http:\/\/www.rockpixx.com\/wordpress\/wp-content\/uploads\/2015\/08\/20150731-08-061.jpg\" rel=\"prettyPhoto[postgal_19002]\" class=\"show-hover-link block-h-1\"\"><img decoding=\"async\" src=\"http:\/\/www.rockpixx.com\/wordpress\/wp-content\/uploads\/2015\/08\/20150731-08-061-480x480.jpg\" alt=\"Running Wild, 31.07.2015, Wacken, Wacken Open Air 2015\"\/><span class=\"before\"><\/span><span class=\"after\"><\/span><\/a><\/div><div class=\"isotope-item block-2 block-h-2\"><a href=\"http:\/\/www.rockpixx.com\/wordpress\/wp-content\/uploads\/2015\/08\/20150731-08-063.jpg\" rel=\"prettyPhoto[postgal_19002]\" class=\"show-hover-link block-h-2\"\"><img decoding=\"async\" src=\"http:\/\/www.rockpixx.com\/wordpress\/wp-content\/uploads\/2015\/08\/20150731-08-063-480x480.jpg\" alt=\"Running Wild, 31.07.2015, Wacken, Wacken Open Air 2015\"\/><span class=\"before\"><\/span><span class=\"after\"><\/span><\/a><\/div><div class=\"isotope-item block-1 block-h-1\"><a href=\"http:\/\/www.rockpixx.com\/wordpress\/wp-content\/uploads\/2015\/08\/20150731-08-064.jpg\" rel=\"prettyPhoto[postgal_19002]\" class=\"show-hover-link block-h-1\"\"><img decoding=\"async\" src=\"http:\/\/www.rockpixx.com\/wordpress\/wp-content\/uploads\/2015\/08\/20150731-08-064-480x480.jpg\" alt=\"Running Wild, 31.07.2015, Wacken, Wacken Open Air 2015\"\/><span class=\"before\"><\/span><span class=\"after\"><\/span><\/a><\/div><div class=\"isotope-item block-1 block-h-1\"><a href=\"http:\/\/www.rockpixx.com\/wordpress\/wp-content\/uploads\/2015\/08\/20150731-08-069.jpg\" rel=\"prettyPhoto[postgal_19002]\" class=\"show-hover-link block-h-1\"\"><img decoding=\"async\" src=\"http:\/\/www.rockpixx.com\/wordpress\/wp-content\/uploads\/2015\/08\/20150731-08-069-480x480.jpg\" alt=\"Running Wild, 31.07.2015, Wacken, Wacken Open Air 2015\"\/><span class=\"before\"><\/span><span class=\"after\"><\/span><\/a><\/div><div class=\"isotope-item block-2 block-h-2\"><a href=\"http:\/\/www.rockpixx.com\/wordpress\/wp-content\/uploads\/2015\/08\/20150731-08-070.jpg\" rel=\"prettyPhoto[postgal_19002]\" class=\"show-hover-link block-h-2\"\"><img decoding=\"async\" src=\"http:\/\/www.rockpixx.com\/wordpress\/wp-content\/uploads\/2015\/08\/20150731-08-070-480x480.jpg\" alt=\"Running Wild, 31.07.2015, Wacken, Wacken Open Air 2015\"\/><span class=\"before\"><\/span><span class=\"after\"><\/span><\/a><\/div><\/div><\/div>\n","protected":false},"excerpt":{"rendered":"<p>Als diese Band 1976 gegr\u00fcndet wurde, waren Wacken und Metal noch gar keine Gr\u00f6\u00dfen in <a href=\"http:\/\/www.rockpixx.com\/wordpress\/running-wild-31-07-2015-wacken-woa-2015\/\">Read more<\/a><\/p>\n","protected":false},"author":2,"featured_media":19003,"comment_status":"open","ping_status":"open","sticky":false,"template":"","format":"standard","meta":{"_jetpack_memberships_contains_paid_content":false,"footnotes":"","jetpack_publicize_message":"#WOA #Wacken #RunningWild Wacken 2015","jetpack_publicize_feature_enabled":true,"jetpack_social_post_already_shared":true,"jetpack_social_options":{"image_generator_settings":{"template":"highway","default_image_id":0,"font":"","enabled":false},"version":2}},"categories":[34,1699],"tags":[1504,133,1700,883,2061,885],"class_list":["post-19001","post","type-post","status-publish","format-standard","has-post-thumbnail","hentry","category-acts","category-running-wild","tag-1504","tag-festivals","tag-running-wild","tag-woa","tag-wacken","tag-wacken-open-air"],"aioseo_notices":[],"jetpack_publicize_connections":[],"jetpack_featured_media_url":"http:\/\/www.rockpixx.com\/wordpress\/wp-content\/uploads\/2015\/08\/20150731-08-006.jpg","jetpack-related-posts":[{"id":14054,"url":"http:\/\/www.rockpixx.com\/wordpress\/axn-sex-06-06-2014-kiel-schaubude\/","url_meta":{"origin":19001,"position":0},"title":"Ax\u2019n Sex, 06.06.2014, Kiel, Schaubude","author":"admin","date":"7. Juni 2014","format":false,"excerpt":"Sie haben vor gef\u00fchlten 300 Jahren in der pr\u00e4historischen Zeit auf\u00a0\u2192 Wacken gespielt. Sie haben lange Pause gemacht und sich einzeln anderen Projekten gewidmet. Nun sind sie wieder zusammengekommen, um dieses Jahr in Wacken beim Jubil\u00e4um erneut aufzutreten. Hier und heute findet der \u201eReunion-WarmUp-Gig\u201c von \u201eAx\u2019n Sex\u201c statt. Komisch eigentlich,\u2026","rel":"","context":"In &quot;Acts&quot;","block_context":{"text":"Acts","link":"http:\/\/www.rockpixx.com\/wordpress\/category\/acts\/"},"img":{"alt_text":"Ax'n Sex, 06.06.2014, Kiel, Schaubude","src":"https:\/\/i0.wp.com\/www.rockpixx.com\/wordpress\/wp-content\/uploads\/2014\/06\/20140606-02-030.jpg?resize=350%2C200","width":350,"height":200,"srcset":"https:\/\/i0.wp.com\/www.rockpixx.com\/wordpress\/wp-content\/uploads\/2014\/06\/20140606-02-030.jpg?resize=350%2C200 1x, https:\/\/i0.wp.com\/www.rockpixx.com\/wordpress\/wp-content\/uploads\/2014\/06\/20140606-02-030.jpg?resize=525%2C300 1.5x, https:\/\/i0.wp.com\/www.rockpixx.com\/wordpress\/wp-content\/uploads\/2014\/06\/20140606-02-030.jpg?resize=700%2C400 2x"},"classes":[]},{"id":11857,"url":"http:\/\/www.rockpixx.com\/wordpress\/woa-2013-tag-2-more-commerce-than-in-hell\/","url_meta":{"origin":19001,"position":1},"title":"W:O:A 2013, Tag-2 (More Commerce than in Hell)","author":"admin","date":"3. August 2013","format":false,"excerpt":"So, Tag-2 ist vollbracht und dieses Mal war es Schwerstarbeit. Nicht, dass ich au\u00dfergew\u00f6hnlich viele Bands fotografiert h\u00e4tte oder \u00fcber Geb\u00fchr durch die Gegend gelaufen w\u00e4re \u2013 nein, es war einfach nur zu hei\u00df! Daf\u00fcr kann nat\u00fcrlich keiner etwas und ein wenig Sonne ist immer noch deutlich angenehmer, als zu\u2026","rel":"","context":"In &quot;2013&quot;","block_context":{"text":"2013","link":"http:\/\/www.rockpixx.com\/wordpress\/category\/backstage\/2013\/"},"img":{"alt_text":"Impressionen, 02.08.2013, Wacken, W:O:A 2013","src":"https:\/\/i0.wp.com\/www.rockpixx.com\/wordpress\/wp-content\/uploads\/2013\/08\/20130802-00-018.jpg?resize=350%2C200","width":350,"height":200,"srcset":"https:\/\/i0.wp.com\/www.rockpixx.com\/wordpress\/wp-content\/uploads\/2013\/08\/20130802-00-018.jpg?resize=350%2C200 1x, https:\/\/i0.wp.com\/www.rockpixx.com\/wordpress\/wp-content\/uploads\/2013\/08\/20130802-00-018.jpg?resize=525%2C300 1.5x, https:\/\/i0.wp.com\/www.rockpixx.com\/wordpress\/wp-content\/uploads\/2013\/08\/20130802-00-018.jpg?resize=700%2C400 2x"},"classes":[]},{"id":11979,"url":"http:\/\/www.rockpixx.com\/wordpress\/anthrax-02-08-2013-wacken-woa-2013\/","url_meta":{"origin":19001,"position":2},"title":"Anthrax, 03.08.2013, Wacken, W:O:A 2013","author":"Anja","date":"7. August 2013","format":false,"excerpt":"\u201eAnthrax\u201c \u2013 ein Name wie der Ritt auf der Rasierklinge \u2013 vor allem, wenn man eine amerikanische Band ist und an die Anschl\u00e4ge in den USA im Jahr 2011 denkt. F\u00fcr die Fans der Yellow Press ist allerdings auch gesorgt: Gr\u00fcndungsmitglied und Gitarrist Scott Ian (Rosenfeld) ist mit Pearl Aday\u2026","rel":"","context":"In &quot;Acts&quot;","block_context":{"text":"Acts","link":"http:\/\/www.rockpixx.com\/wordpress\/category\/acts\/"},"img":{"alt_text":"","src":"https:\/\/i0.wp.com\/www.rockpixx.com\/wordpress\/wp-content\/uploads\/2013\/08\/20130803-03-114_anthrax-Artikel.jpg?resize=350%2C200","width":350,"height":200,"srcset":"https:\/\/i0.wp.com\/www.rockpixx.com\/wordpress\/wp-content\/uploads\/2013\/08\/20130803-03-114_anthrax-Artikel.jpg?resize=350%2C200 1x, https:\/\/i0.wp.com\/www.rockpixx.com\/wordpress\/wp-content\/uploads\/2013\/08\/20130803-03-114_anthrax-Artikel.jpg?resize=525%2C300 1.5x, https:\/\/i0.wp.com\/www.rockpixx.com\/wordpress\/wp-content\/uploads\/2013\/08\/20130803-03-114_anthrax-Artikel.jpg?resize=700%2C400 2x"},"classes":[]},{"id":11965,"url":"http:\/\/www.rockpixx.com\/wordpress\/doro-02-08-2013-wacken-woa-2013\/","url_meta":{"origin":19001,"position":3},"title":"Doro, 02.08.2013, Wacken, W:O:A 2013","author":"Anja","date":"6. August 2013","format":false,"excerpt":"Doro Pesch komponiert ja nicht nur die Hymnen f\u00fcr Ihre Freundin die Boxerin Regina Halmich, sondern ist nat\u00fcrlich auch so etwas wie die \u201eMetal-Queen\u201c in der gesamten Szene. In diesem Jahr begeht sie ihr 30-j\u00e4hriges B\u00fchnenjubil\u00e4um und so etwas will nat\u00fcrlich standesgem\u00e4\u00df in Wacken zelebriert werden. Also st\u00fcrmt sie nach\u2026","rel":"","context":"In &quot;Acts&quot;","block_context":{"text":"Acts","link":"http:\/\/www.rockpixx.com\/wordpress\/category\/acts\/"},"img":{"alt_text":"","src":"https:\/\/i0.wp.com\/www.rockpixx.com\/wordpress\/wp-content\/uploads\/2013\/08\/20130802-06-387_doro.jpg?resize=350%2C200","width":350,"height":200,"srcset":"https:\/\/i0.wp.com\/www.rockpixx.com\/wordpress\/wp-content\/uploads\/2013\/08\/20130802-06-387_doro.jpg?resize=350%2C200 1x, https:\/\/i0.wp.com\/www.rockpixx.com\/wordpress\/wp-content\/uploads\/2013\/08\/20130802-06-387_doro.jpg?resize=525%2C300 1.5x, https:\/\/i0.wp.com\/www.rockpixx.com\/wordpress\/wp-content\/uploads\/2013\/08\/20130802-06-387_doro.jpg?resize=700%2C400 2x"},"classes":[]},{"id":11933,"url":"http:\/\/www.rockpixx.com\/wordpress\/pretty-maids-02-08-2013-wacken-woa-2013\/","url_meta":{"origin":19001,"position":4},"title":"Pretty Maids, 02.08.2013, Wacken, W:O:A 2013","author":"Anja","date":"5. August 2013","format":false,"excerpt":"Wenn eine Band kurz zuvor ein neues Album ver\u00f6ffentlicht und auch im Jahr 2002 schon einmal in Wacken gespielt hat, dann ist es nur logisch, dass sie in diesem Jahr dort auch wieder auf der B\u00fchne steht. Warum sollte es also bei den \u201ePretty Maids\u201c anders sein? D\u00e4nisches Schwermetall prasselt\u2026","rel":"","context":"In &quot;Acts&quot;","block_context":{"text":"Acts","link":"http:\/\/www.rockpixx.com\/wordpress\/category\/acts\/"},"img":{"alt_text":"","src":"https:\/\/i0.wp.com\/www.rockpixx.com\/wordpress\/wp-content\/uploads\/2013\/08\/20130802-02-008_pretty-maids-Artikel.jpg?resize=350%2C200","width":350,"height":200,"srcset":"https:\/\/i0.wp.com\/www.rockpixx.com\/wordpress\/wp-content\/uploads\/2013\/08\/20130802-02-008_pretty-maids-Artikel.jpg?resize=350%2C200 1x, https:\/\/i0.wp.com\/www.rockpixx.com\/wordpress\/wp-content\/uploads\/2013\/08\/20130802-02-008_pretty-maids-Artikel.jpg?resize=525%2C300 1.5x, https:\/\/i0.wp.com\/www.rockpixx.com\/wordpress\/wp-content\/uploads\/2013\/08\/20130802-02-008_pretty-maids-Artikel.jpg?resize=700%2C400 2x"},"classes":[]},{"id":16691,"url":"http:\/\/www.rockpixx.com\/wordpress\/5th-avenue-30-08-2014-baltic-open-air-schleswig\/","url_meta":{"origin":19001,"position":5},"title":"5th Avenue, 30.08.2014, Baltic Open Air, Schleswig","author":"admin","date":"6. September 2014","format":false,"excerpt":"Wacken-Legenden, die auch schon als Support f\u00fcr \u2192 \u201eSaxon\u201c und \u2192 \u201eD.A.D.\u201c unterwegs waren, zwischenzeitlich aufgel\u00f6st, seit 2012 wieder zusammengefunden \u2013 (Hamburger) Rockgeschichte steht auf der Second Stage vor uns. Richtig, die Rede ist von \u201e5th Avenue\u201c. 2013 erlebten wir sie \u2192 zum ersten Mal auf der MAXB\u00fchne anl\u00e4sslich der\u2026","rel":"","context":"In &quot;5th Avenue&quot;","block_context":{"text":"5th Avenue","link":"http:\/\/www.rockpixx.com\/wordpress\/category\/acts\/5th-avenue\/"},"img":{"alt_text":"5th Avenue, 30.08.2014, Baltic Open Air, Schleswig","src":"https:\/\/i0.wp.com\/www.rockpixx.com\/wordpress\/wp-content\/uploads\/2014\/09\/20140830-03-111.jpg?resize=350%2C200","width":350,"height":200,"srcset":"https:\/\/i0.wp.com\/www.rockpixx.com\/wordpress\/wp-content\/uploads\/2014\/09\/20140830-03-111.jpg?resize=350%2C200 1x, https:\/\/i0.wp.com\/www.rockpixx.com\/wordpress\/wp-content\/uploads\/2014\/09\/20140830-03-111.jpg?resize=525%2C300 1.5x, https:\/\/i0.wp.com\/www.rockpixx.com\/wordpress\/wp-content\/uploads\/2014\/09\/20140830-03-111.jpg?resize=700%2C400 2x"},"classes":[]}],"jetpack_sharing_enabled":true,"publishpress_future_action":{"enabled":false,"date":"2026-05-06 09:51:00","action":"change-status","newStatus":"draft","terms":[],"taxonomy":"category","extraData":[]},"publishpress_future_workflow_manual_trigger":{"enabledWorkflows":[]},"_links":{"self":[{"href":"http:\/\/www.rockpixx.com\/wordpress\/wp-json\/wp\/v2\/posts\/19001","targetHints":{"allow":["GET"]}}],"collection":[{"href":"http:\/\/www.rockpixx.com\/wordpress\/wp-json\/wp\/v2\/posts"}],"about":[{"href":"http:\/\/www.rockpixx.com\/wordpress\/wp-json\/wp\/v2\/types\/post"}],"author":[{"embeddable":true,"href":"http:\/\/www.rockpixx.com\/wordpress\/wp-json\/wp\/v2\/users\/2"}],"replies":[{"embeddable":true,"href":"http:\/\/www.rockpixx.com\/wordpress\/wp-json\/wp\/v2\/comments?post=19001"}],"version-history":[{"count":0,"href":"http:\/\/www.rockpixx.com\/wordpress\/wp-json\/wp\/v2\/posts\/19001\/revisions"}],"wp:featuredmedia":[{"embeddable":true,"href":"http:\/\/www.rockpixx.com\/wordpress\/wp-json\/wp\/v2\/media\/19003"}],"wp:attachment":[{"href":"http:\/\/www.rockpixx.com\/wordpress\/wp-json\/wp\/v2\/media?parent=19001"}],"wp:term":[{"taxonomy":"category","embeddable":true,"href":"http:\/\/www.rockpixx.com\/wordpress\/wp-json\/wp\/v2\/categories?post=19001"},{"taxonomy":"post_tag","embeddable":true,"href":"http:\/\/www.rockpixx.com\/wordpress\/wp-json\/wp\/v2\/tags?post=19001"}],"curies":[{"name":"wp","href":"https:\/\/api.w.org\/{rel}","templated":true}]}}