{"id":19018,"date":"2015-08-09T11:15:27","date_gmt":"2015-08-09T10:15:27","guid":{"rendered":"http:\/\/rockpixx.com\/wordpress\/?p=19018"},"modified":"2015-08-10T17:13:08","modified_gmt":"2015-08-10T16:13:08","slug":"powerwolf-01-08-2015-wacken-woa-2015","status":"publish","type":"post","link":"http:\/\/www.rockpixx.com\/wordpress\/powerwolf-01-08-2015-wacken-woa-2015\/","title":{"rendered":"Powerwolf, 01.08.2015, Wacken, W:O:A 2015"},"content":{"rendered":"<p>\u201e\u2018Powerwolf\u2018 musst Du unbedingt fotografieren und Dir auch den Rest des Konzertes anschauen, die bringen Spa\u00df.\u201c \u2013 Diese Worte bekam ich noch von meinem Kollegen von rockpixx.com mit, den ich krankheitsbedingt auf dem diesj\u00e4hrigen Wacken Open Air vertreten habe. Also ging ich mit einer gewissen Erwartungshaltung in den Graben.<!--more--><\/p>\n<p>Ich wurde nicht entt\u00e4uscht \u2013 die Bandmitglieder treten unter kreativen Pseudonymen wie \u201eAtila Dorn\u201c, \u201eCharles Greywolf\u201c, \u201eMatthew Greywolf\u201c, \u201eFalk Maria Schlegel\u201c und \u201eRoel van Helden\u201c auf. Konsequent werden diese Rollen dargestellt, ohne dass sie aufgesetzt wirken.<\/p>\n<p>Der S\u00e4nger \u201eAtila Dorn\u201c f\u00fchrt als eine Art Conf\u00e9rencier durch das Konzert und man hat fast das Gef\u00fchl, in einer Messe zu sitzen. Dies ist zum einen den Orgelkl\u00e4ngen, die in der Musik von Powerwolf h\u00e4ufig vorkommen, geschuldet, als auch den Requisiten \u2013 wie z.B. ein Weihrauchkessel \u2013 die w\u00e4hrend der Show verwendet werden.<\/p>\n<p>Bei Powerwolf f\u00e4llt mir besonders auf, dass sie das Publikum mit einbeziehen und f\u00fcr das Publikum spielen \u2013 sprich, die Show findet vorne an der B\u00fchne statt und nicht irgendwo hinten, fast im Backstagebereich. Diese Unart, die sich in den letzen Jahren bei vielen Bands eingeschlichen hat, ist hier verp\u00f6nt. Ein Umstand der nat\u00fcrlich die Fotografin in mir erfreut und so sind richtig gute Bilder bei diesem Konzert rausgekommen.<\/p>\n<p>Fazit: \u201ePowerwolf\u201c bringt f\u00fcr mich als Metal-Laie Spa\u00df und ich wei\u00df, dass ich sie nicht zum letzten Mal fotografiert habe.<\/p>\n<p style=\"text-align: right;\">Fotos: <a href=\"mailto:a.roselt@rockpixx.com?subject=Powerwolf,%2031.07.2015,%20Wacken,%20W:O:A%202015\">Anja<\/a> | Text: <a href=\"mailto:a.roselt@rockpixx.com?subject=Powerwolf,%2031.07.2015,%20Wacken,%20W:O:A%202015\">Anja<\/a><\/p>\n<p>&nbsp;<\/p>\n<div class=\"eat-left eat-right\"><div class=\"thumbs-masonry isotope\"><div class=\"isotope-item block-2 block-h-2\"><a href=\"http:\/\/www.rockpixx.com\/wordpress\/wp-content\/uploads\/2015\/08\/20150801-01-001.jpg\" rel=\"prettyPhoto[postgal_19019]\" class=\"show-hover-link block-h-2\"\"><img decoding=\"async\" src=\"http:\/\/www.rockpixx.com\/wordpress\/wp-content\/uploads\/2015\/08\/20150801-01-001-480x480.jpg\" alt=\"Powerwolf, 01.08.2015, Wacken, Wacken Open Air 2015\"\/><span class=\"before\"><\/span><span class=\"after\"><\/span><\/a><\/div><div class=\"isotope-item block-1 block-h-1\"><a href=\"http:\/\/www.rockpixx.com\/wordpress\/wp-content\/uploads\/2015\/08\/20150801-01-004.jpg\" rel=\"prettyPhoto[postgal_19019]\" class=\"show-hover-link block-h-1\"\"><img decoding=\"async\" src=\"http:\/\/www.rockpixx.com\/wordpress\/wp-content\/uploads\/2015\/08\/20150801-01-004-480x480.jpg\" alt=\"Powerwolf, 01.08.2015, Wacken, Wacken Open Air 2015\"\/><span class=\"before\"><\/span><span class=\"after\"><\/span><\/a><\/div><div class=\"isotope-item block-1 block-h-1\"><a href=\"http:\/\/www.rockpixx.com\/wordpress\/wp-content\/uploads\/2015\/08\/20150801-01-011.jpg\" rel=\"prettyPhoto[postgal_19019]\" class=\"show-hover-link block-h-1\"\"><img decoding=\"async\" src=\"http:\/\/www.rockpixx.com\/wordpress\/wp-content\/uploads\/2015\/08\/20150801-01-011-480x480.jpg\" alt=\"Powerwolf, 01.08.2015, Wacken, Wacken Open Air 2015\"\/><span class=\"before\"><\/span><span class=\"after\"><\/span><\/a><\/div><div class=\"isotope-item block-2 block-h-2\"><a href=\"http:\/\/www.rockpixx.com\/wordpress\/wp-content\/uploads\/2015\/08\/20150801-01-012.jpg\" rel=\"prettyPhoto[postgal_19019]\" class=\"show-hover-link block-h-2\"\"><img decoding=\"async\" src=\"http:\/\/www.rockpixx.com\/wordpress\/wp-content\/uploads\/2015\/08\/20150801-01-012-480x480.jpg\" alt=\"Powerwolf, 01.08.2015, Wacken, Wacken Open Air 2015\"\/><span class=\"before\"><\/span><span class=\"after\"><\/span><\/a><\/div><div class=\"isotope-item block-1 block-h-1\"><a href=\"http:\/\/www.rockpixx.com\/wordpress\/wp-content\/uploads\/2015\/08\/20150801-01-015.jpg\" rel=\"prettyPhoto[postgal_19019]\" class=\"show-hover-link block-h-1\"\"><img decoding=\"async\" src=\"http:\/\/www.rockpixx.com\/wordpress\/wp-content\/uploads\/2015\/08\/20150801-01-015-480x480.jpg\" alt=\"Powerwolf, 01.08.2015, Wacken, Wacken Open Air 2015\"\/><span class=\"before\"><\/span><span class=\"after\"><\/span><\/a><\/div><div class=\"isotope-item block-1 block-h-1\"><a href=\"http:\/\/www.rockpixx.com\/wordpress\/wp-content\/uploads\/2015\/08\/20150801-01-016.jpg\" rel=\"prettyPhoto[postgal_19019]\" class=\"show-hover-link block-h-1\"\"><img decoding=\"async\" src=\"http:\/\/www.rockpixx.com\/wordpress\/wp-content\/uploads\/2015\/08\/20150801-01-016-480x480.jpg\" alt=\"Powerwolf, 01.08.2015, Wacken, Wacken Open Air 2015\"\/><span class=\"before\"><\/span><span class=\"after\"><\/span><\/a><\/div><div class=\"isotope-item block-2 block-h-2\"><a href=\"http:\/\/www.rockpixx.com\/wordpress\/wp-content\/uploads\/2015\/08\/20150801-01-020.jpg\" rel=\"prettyPhoto[postgal_19019]\" class=\"show-hover-link block-h-2\"\"><img decoding=\"async\" src=\"http:\/\/www.rockpixx.com\/wordpress\/wp-content\/uploads\/2015\/08\/20150801-01-020-480x480.jpg\" alt=\"Powerwolf, 01.08.2015, Wacken, Wacken Open Air 2015\"\/><span class=\"before\"><\/span><span class=\"after\"><\/span><\/a><\/div><div class=\"isotope-item block-1 block-h-1\"><a href=\"http:\/\/www.rockpixx.com\/wordpress\/wp-content\/uploads\/2015\/08\/20150801-01-027.jpg\" rel=\"prettyPhoto[postgal_19019]\" class=\"show-hover-link block-h-1\"\"><img decoding=\"async\" src=\"http:\/\/www.rockpixx.com\/wordpress\/wp-content\/uploads\/2015\/08\/20150801-01-027-480x480.jpg\" alt=\"Powerwolf, 01.08.2015, Wacken, Wacken Open Air 2015\"\/><span class=\"before\"><\/span><span class=\"after\"><\/span><\/a><\/div><div class=\"isotope-item block-1 block-h-1\"><a href=\"http:\/\/www.rockpixx.com\/wordpress\/wp-content\/uploads\/2015\/08\/20150801-01-032.jpg\" rel=\"prettyPhoto[postgal_19019]\" class=\"show-hover-link block-h-1\"\"><img decoding=\"async\" src=\"http:\/\/www.rockpixx.com\/wordpress\/wp-content\/uploads\/2015\/08\/20150801-01-032-480x480.jpg\" alt=\"Powerwolf, 01.08.2015, Wacken, Wacken Open Air 2015\"\/><span class=\"before\"><\/span><span class=\"after\"><\/span><\/a><\/div><div class=\"isotope-item block-2 block-h-2\"><a href=\"http:\/\/www.rockpixx.com\/wordpress\/wp-content\/uploads\/2015\/08\/20150801-01-042.jpg\" rel=\"prettyPhoto[postgal_19019]\" class=\"show-hover-link block-h-2\"\"><img decoding=\"async\" src=\"http:\/\/www.rockpixx.com\/wordpress\/wp-content\/uploads\/2015\/08\/20150801-01-042-480x480.jpg\" alt=\"Powerwolf, 01.08.2015, Wacken, Wacken Open Air 2015\"\/><span class=\"before\"><\/span><span class=\"after\"><\/span><\/a><\/div><div class=\"isotope-item block-1 block-h-1\"><a href=\"http:\/\/www.rockpixx.com\/wordpress\/wp-content\/uploads\/2015\/08\/20150801-01-043.jpg\" rel=\"prettyPhoto[postgal_19019]\" class=\"show-hover-link block-h-1\"\"><img decoding=\"async\" src=\"http:\/\/www.rockpixx.com\/wordpress\/wp-content\/uploads\/2015\/08\/20150801-01-043-480x480.jpg\" alt=\"Powerwolf, 01.08.2015, Wacken, Wacken Open Air 2015\"\/><span class=\"before\"><\/span><span class=\"after\"><\/span><\/a><\/div><div class=\"isotope-item block-1 block-h-1\"><a href=\"http:\/\/www.rockpixx.com\/wordpress\/wp-content\/uploads\/2015\/08\/20150801-01-048.jpg\" rel=\"prettyPhoto[postgal_19019]\" class=\"show-hover-link block-h-1\"\"><img decoding=\"async\" src=\"http:\/\/www.rockpixx.com\/wordpress\/wp-content\/uploads\/2015\/08\/20150801-01-048-480x480.jpg\" alt=\"Powerwolf, 01.08.2015, Wacken, Wacken Open Air 2015\"\/><span class=\"before\"><\/span><span class=\"after\"><\/span><\/a><\/div><div class=\"isotope-item block-2 block-h-2\"><a href=\"http:\/\/www.rockpixx.com\/wordpress\/wp-content\/uploads\/2015\/08\/20150801-01-049.jpg\" rel=\"prettyPhoto[postgal_19019]\" class=\"show-hover-link block-h-2\"\"><img decoding=\"async\" src=\"http:\/\/www.rockpixx.com\/wordpress\/wp-content\/uploads\/2015\/08\/20150801-01-049-480x480.jpg\" alt=\"Powerwolf, 01.08.2015, Wacken, Wacken Open Air 2015\"\/><span class=\"before\"><\/span><span class=\"after\"><\/span><\/a><\/div><div class=\"isotope-item block-1 block-h-1\"><a href=\"http:\/\/www.rockpixx.com\/wordpress\/wp-content\/uploads\/2015\/08\/20150801-01-050.jpg\" rel=\"prettyPhoto[postgal_19019]\" class=\"show-hover-link block-h-1\"\"><img decoding=\"async\" src=\"http:\/\/www.rockpixx.com\/wordpress\/wp-content\/uploads\/2015\/08\/20150801-01-050-480x480.jpg\" alt=\"Powerwolf, 01.08.2015, Wacken, Wacken Open Air 2015\"\/><span class=\"before\"><\/span><span class=\"after\"><\/span><\/a><\/div><div class=\"isotope-item block-1 block-h-1\"><a href=\"http:\/\/www.rockpixx.com\/wordpress\/wp-content\/uploads\/2015\/08\/20150801-01-055.jpg\" rel=\"prettyPhoto[postgal_19019]\" class=\"show-hover-link block-h-1\"\"><img decoding=\"async\" src=\"http:\/\/www.rockpixx.com\/wordpress\/wp-content\/uploads\/2015\/08\/20150801-01-055-480x480.jpg\" alt=\"Powerwolf, 01.08.2015, Wacken, Wacken Open Air 2015\"\/><span class=\"before\"><\/span><span class=\"after\"><\/span><\/a><\/div><div class=\"isotope-item block-2 block-h-2\"><a href=\"http:\/\/www.rockpixx.com\/wordpress\/wp-content\/uploads\/2015\/08\/20150801-01-056.jpg\" rel=\"prettyPhoto[postgal_19019]\" class=\"show-hover-link block-h-2\"\"><img decoding=\"async\" src=\"http:\/\/www.rockpixx.com\/wordpress\/wp-content\/uploads\/2015\/08\/20150801-01-056-480x480.jpg\" alt=\"Powerwolf, 01.08.2015, Wacken, Wacken Open Air 2015\"\/><span class=\"before\"><\/span><span class=\"after\"><\/span><\/a><\/div><div class=\"isotope-item block-1 block-h-1\"><a href=\"http:\/\/www.rockpixx.com\/wordpress\/wp-content\/uploads\/2015\/08\/20150801-01-061.jpg\" rel=\"prettyPhoto[postgal_19019]\" class=\"show-hover-link block-h-1\"\"><img decoding=\"async\" src=\"http:\/\/www.rockpixx.com\/wordpress\/wp-content\/uploads\/2015\/08\/20150801-01-061-480x480.jpg\" alt=\"Powerwolf, 01.08.2015, Wacken, Wacken Open Air 2015\"\/><span class=\"before\"><\/span><span class=\"after\"><\/span><\/a><\/div><div class=\"isotope-item block-1 block-h-1\"><a href=\"http:\/\/www.rockpixx.com\/wordpress\/wp-content\/uploads\/2015\/08\/20150801-01-063.jpg\" rel=\"prettyPhoto[postgal_19019]\" class=\"show-hover-link block-h-1\"\"><img decoding=\"async\" src=\"http:\/\/www.rockpixx.com\/wordpress\/wp-content\/uploads\/2015\/08\/20150801-01-063-480x480.jpg\" alt=\"Powerwolf, 01.08.2015, Wacken, Wacken Open Air 2015\"\/><span class=\"before\"><\/span><span class=\"after\"><\/span><\/a><\/div><div class=\"isotope-item block-2 block-h-2\"><a href=\"http:\/\/www.rockpixx.com\/wordpress\/wp-content\/uploads\/2015\/08\/20150801-01-064.jpg\" rel=\"prettyPhoto[postgal_19019]\" class=\"show-hover-link block-h-2\"\"><img decoding=\"async\" src=\"http:\/\/www.rockpixx.com\/wordpress\/wp-content\/uploads\/2015\/08\/20150801-01-064-480x480.jpg\" alt=\"Powerwolf, 01.08.2015, Wacken, Wacken Open Air 2015\"\/><span class=\"before\"><\/span><span class=\"after\"><\/span><\/a><\/div><div class=\"isotope-item block-1 block-h-1\"><a href=\"http:\/\/www.rockpixx.com\/wordpress\/wp-content\/uploads\/2015\/08\/20150801-01-065.jpg\" rel=\"prettyPhoto[postgal_19019]\" class=\"show-hover-link block-h-1\"\"><img decoding=\"async\" src=\"http:\/\/www.rockpixx.com\/wordpress\/wp-content\/uploads\/2015\/08\/20150801-01-065-480x480.jpg\" alt=\"Powerwolf, 01.08.2015, Wacken, Wacken Open Air 2015\"\/><span class=\"before\"><\/span><span class=\"after\"><\/span><\/a><\/div><div class=\"isotope-item block-1 block-h-1\"><a href=\"http:\/\/www.rockpixx.com\/wordpress\/wp-content\/uploads\/2015\/08\/20150801-01-067.jpg\" rel=\"prettyPhoto[postgal_19019]\" class=\"show-hover-link block-h-1\"\"><img decoding=\"async\" src=\"http:\/\/www.rockpixx.com\/wordpress\/wp-content\/uploads\/2015\/08\/20150801-01-067-480x480.jpg\" alt=\"Powerwolf, 01.08.2015, Wacken, Wacken Open Air 2015\"\/><span class=\"before\"><\/span><span class=\"after\"><\/span><\/a><\/div><div class=\"isotope-item block-2 block-h-2\"><a href=\"http:\/\/www.rockpixx.com\/wordpress\/wp-content\/uploads\/2015\/08\/20150801-01-068.jpg\" rel=\"prettyPhoto[postgal_19019]\" class=\"show-hover-link block-h-2\"\"><img decoding=\"async\" src=\"http:\/\/www.rockpixx.com\/wordpress\/wp-content\/uploads\/2015\/08\/20150801-01-068-480x480.jpg\" alt=\"Powerwolf, 01.08.2015, Wacken, Wacken Open Air 2015\"\/><span class=\"before\"><\/span><span class=\"after\"><\/span><\/a><\/div><div class=\"isotope-item block-1 block-h-1\"><a href=\"http:\/\/www.rockpixx.com\/wordpress\/wp-content\/uploads\/2015\/08\/20150801-01-069.jpg\" rel=\"prettyPhoto[postgal_19019]\" class=\"show-hover-link block-h-1\"\"><img decoding=\"async\" src=\"http:\/\/www.rockpixx.com\/wordpress\/wp-content\/uploads\/2015\/08\/20150801-01-069-480x480.jpg\" alt=\"Powerwolf, 01.08.2015, Wacken, Wacken Open Air 2015\"\/><span class=\"before\"><\/span><span class=\"after\"><\/span><\/a><\/div><div class=\"isotope-item block-1 block-h-1\"><a href=\"http:\/\/www.rockpixx.com\/wordpress\/wp-content\/uploads\/2015\/08\/20150801-01-070.jpg\" rel=\"prettyPhoto[postgal_19019]\" class=\"show-hover-link block-h-1\"\"><img decoding=\"async\" src=\"http:\/\/www.rockpixx.com\/wordpress\/wp-content\/uploads\/2015\/08\/20150801-01-070-480x480.jpg\" alt=\"Powerwolf, 01.08.2015, Wacken, Wacken Open Air 2015\"\/><span class=\"before\"><\/span><span class=\"after\"><\/span><\/a><\/div><\/div><\/div>\n","protected":false},"excerpt":{"rendered":"<p>\u201e\u2018Powerwolf\u2018 musst Du unbedingt fotografieren und Dir auch den Rest des Konzertes anschauen, die bringen <a href=\"http:\/\/www.rockpixx.com\/wordpress\/powerwolf-01-08-2015-wacken-woa-2015\/\">Read more<\/a><\/p>\n","protected":false},"author":2,"featured_media":19042,"comment_status":"open","ping_status":"open","sticky":false,"template":"","format":"standard","meta":{"_jetpack_memberships_contains_paid_content":false,"footnotes":"","jetpack_publicize_message":"#WOA #Wacken #Powerwolf Wacken 2015","jetpack_publicize_feature_enabled":true,"jetpack_social_post_already_shared":true,"jetpack_social_options":{"image_generator_settings":{"template":"highway","default_image_id":0,"font":"","enabled":false},"version":2}},"categories":[34,1515],"tags":[1504,133,1555,883,2061,885],"class_list":["post-19018","post","type-post","status-publish","format-standard","has-post-thumbnail","hentry","category-acts","category-powerwolf","tag-1504","tag-festivals","tag-powerwolf","tag-woa","tag-wacken","tag-wacken-open-air"],"aioseo_notices":[],"jetpack_publicize_connections":[],"jetpack_featured_media_url":"http:\/\/www.rockpixx.com\/wordpress\/wp-content\/uploads\/2015\/08\/20150801-01-069.jpg","jetpack-related-posts":[{"id":11928,"url":"http:\/\/www.rockpixx.com\/wordpress\/ihsahn-02-08-2013-wacken-woa-2013\/","url_meta":{"origin":19018,"position":0},"title":"Ihsahn, 02.08.2013, Wacken, W:O:A 2013","author":"Anja","date":"5. August 2013","format":false,"excerpt":"Tag zwei in Wacken beginnt f\u00fcr mich mit \u201eIhsahn\u201c. (Leider habe ich durch einen Stau \u201ePowerwolf\u201c kurz zuvor nicht mehr erwischt.) Vegard Sverre Tveitan (alias \u201eIhsahn\u201c) ist auch bekannt als Frontmann der Black-Metal-Band \u201eEmperor\u201c. Das sind aber nur einige der unz\u00e4hligen Projekte an denen der norwegische Komponist, Gitarrist, Bassist, Keyboarder\u2026","rel":"","context":"In &quot;Acts&quot;","block_context":{"text":"Acts","link":"http:\/\/www.rockpixx.com\/wordpress\/category\/acts\/"},"img":{"alt_text":"","src":"https:\/\/i0.wp.com\/www.rockpixx.com\/wordpress\/wp-content\/uploads\/2013\/08\/20130802-01-029_ihsahn-Artikel.jpg?resize=350%2C200","width":350,"height":200,"srcset":"https:\/\/i0.wp.com\/www.rockpixx.com\/wordpress\/wp-content\/uploads\/2013\/08\/20130802-01-029_ihsahn-Artikel.jpg?resize=350%2C200 1x, https:\/\/i0.wp.com\/www.rockpixx.com\/wordpress\/wp-content\/uploads\/2013\/08\/20130802-01-029_ihsahn-Artikel.jpg?resize=525%2C300 1.5x, https:\/\/i0.wp.com\/www.rockpixx.com\/wordpress\/wp-content\/uploads\/2013\/08\/20130802-01-029_ihsahn-Artikel.jpg?resize=700%2C400 2x"},"classes":[]},{"id":18037,"url":"http:\/\/www.rockpixx.com\/wordpress\/powerwolf-15-11-2014-metal-hammer-paradise-weissenhaeuser-strand\/","url_meta":{"origin":19018,"position":1},"title":"Powerwolf, 15.11.2014, \u201eMetal Hammer Paradise\u201c, Weissenh\u00e4user Strand","author":"admin","date":"18. November 2014","format":false,"excerpt":"\u201ePowerwolf\u201c hatte ich vor einigen Jahren auf dem \u2192 \u201eW:O:A\u201c dank eines Anreisestaus knapp verpasst, so dass ich nur noch den Rest der Show aus dem Publikum verfolgen konnte. Das, was ich damals zu sehen bekam, hatte mich sehr beeindruckt, so dass ich mich nun freute, diese Band endlich auch\u2026","rel":"","context":"In &quot;Acts&quot;","block_context":{"text":"Acts","link":"http:\/\/www.rockpixx.com\/wordpress\/category\/acts\/"},"img":{"alt_text":"Powerwolf, 15.11.2014, Metal Hammer Paradise, Weissenh\u00e4user Strand","src":"https:\/\/i0.wp.com\/www.rockpixx.com\/wordpress\/wp-content\/uploads\/2015\/05\/20141115-09-014.jpg?resize=350%2C200","width":350,"height":200,"srcset":"https:\/\/i0.wp.com\/www.rockpixx.com\/wordpress\/wp-content\/uploads\/2015\/05\/20141115-09-014.jpg?resize=350%2C200 1x, https:\/\/i0.wp.com\/www.rockpixx.com\/wordpress\/wp-content\/uploads\/2015\/05\/20141115-09-014.jpg?resize=525%2C300 1.5x, https:\/\/i0.wp.com\/www.rockpixx.com\/wordpress\/wp-content\/uploads\/2015\/05\/20141115-09-014.jpg?resize=700%2C400 2x"},"classes":[]},{"id":16086,"url":"http:\/\/www.rockpixx.com\/wordpress\/avantasia-02-08-2014-wacken-woa-2014\/","url_meta":{"origin":19018,"position":2},"title":"Avantasia, 02.08.2014, Wacken, W:O:A 2014","author":"Anja","date":"3. August 2014","format":false,"excerpt":"Man bastele ein Konzept irgendwo zwischen Power und Symphonic Metal, reichere es mit Bombast und namhaften Gastmusikern an, die ein Who is Who der Rockmusik darstellen, produziere ausgefeilte Alben, ziehe seit mehr als einer Dekade durch die Rock-Arenen dieser Welt: Und fertig ist ein erfolgreiches Produkt. Ach ja, ein stimmiges\u2026","rel":"","context":"In &quot;Acts&quot;","block_context":{"text":"Acts","link":"http:\/\/www.rockpixx.com\/wordpress\/category\/acts\/"},"img":{"alt_text":"Avantasia, 02.08.2014, Wacken, Wacken Open Air 2014","src":"https:\/\/i0.wp.com\/www.rockpixx.com\/wordpress\/wp-content\/uploads\/2014\/08\/20140802-06-078.jpg?resize=350%2C200","width":350,"height":200,"srcset":"https:\/\/i0.wp.com\/www.rockpixx.com\/wordpress\/wp-content\/uploads\/2014\/08\/20140802-06-078.jpg?resize=350%2C200 1x, https:\/\/i0.wp.com\/www.rockpixx.com\/wordpress\/wp-content\/uploads\/2014\/08\/20140802-06-078.jpg?resize=525%2C300 1.5x, https:\/\/i0.wp.com\/www.rockpixx.com\/wordpress\/wp-content\/uploads\/2014\/08\/20140802-06-078.jpg?resize=700%2C400 2x"},"classes":[]},{"id":12000,"url":"http:\/\/www.rockpixx.com\/wordpress\/alice-cooper-03-08-2013-wacken-woa-2013\/","url_meta":{"origin":19018,"position":3},"title":"Alice Cooper, 03.08.2013, Wacken, W:O:A 2013","author":"admin","date":"8. August 2013","format":false,"excerpt":"Auch wieder einmal in Wacken und erneut \u2013 nach \u2192 Kempten 2010 \u2013 vor unseren Kameras, der \u201enetteste Kinderschreck, den es gibt\u201c: Alice Cooper. Ein Funkenregen l\u00e4utet den Auftritt ein und durch die L\u00fccke in der Mitte kommt der Meister auf die B\u00fchne \u2013 stilgerecht in einem rot-schwarz gestreiften Frack\u2026","rel":"","context":"In &quot;Acts&quot;","block_context":{"text":"Acts","link":"http:\/\/www.rockpixx.com\/wordpress\/category\/acts\/"},"img":{"alt_text":"Alice Cooper, W:O:A 2013, 03.08.2013, Wacken","src":"https:\/\/i0.wp.com\/www.rockpixx.com\/wordpress\/wp-content\/uploads\/2013\/08\/20130803-05-054_alice-cooper-Artikel.jpg?resize=350%2C200","width":350,"height":200,"srcset":"https:\/\/i0.wp.com\/www.rockpixx.com\/wordpress\/wp-content\/uploads\/2013\/08\/20130803-05-054_alice-cooper-Artikel.jpg?resize=350%2C200 1x, https:\/\/i0.wp.com\/www.rockpixx.com\/wordpress\/wp-content\/uploads\/2013\/08\/20130803-05-054_alice-cooper-Artikel.jpg?resize=525%2C300 1.5x, https:\/\/i0.wp.com\/www.rockpixx.com\/wordpress\/wp-content\/uploads\/2013\/08\/20130803-05-054_alice-cooper-Artikel.jpg?resize=700%2C400 2x"},"classes":[]},{"id":16028,"url":"http:\/\/www.rockpixx.com\/wordpress\/devin-townsend-project-02-08-2014-wacken-woa-2014\/","url_meta":{"origin":19018,"position":4},"title":"Devin Townsend Project, 02.08.2014, Wacken, W:O:A 2014","author":"Anja","date":"3. August 2014","format":false,"excerpt":"Beginnen wir mit einem Zitat des Haupt-Protagonisten der folgenden Band: \u201eMan bezeichnet mich immer als den \u201aabgedrehten Professor\u2018, den \u201averr\u00fcckten Wissenschaftler\u2018 und \u201aPsycho-Devin\u2018. Das ist totaler Bullshit, weil ich \u00fcberhaupt nicht verr\u00fcckt bin. Ich bin die vern\u00fcnftigste Person, die ich kenne.\u201c Dementsprechend gespannt war ich also auf das \u201eDevin Townsend\u2026","rel":"","context":"In &quot;Acts&quot;","block_context":{"text":"Acts","link":"http:\/\/www.rockpixx.com\/wordpress\/category\/acts\/"},"img":{"alt_text":"Devin Townsend Project, 02.08.2014, Wacken, Wacken Open Air 2014","src":"https:\/\/i0.wp.com\/www.rockpixx.com\/wordpress\/wp-content\/uploads\/2014\/08\/20140802-02-034.jpg?resize=350%2C200","width":350,"height":200,"srcset":"https:\/\/i0.wp.com\/www.rockpixx.com\/wordpress\/wp-content\/uploads\/2014\/08\/20140802-02-034.jpg?resize=350%2C200 1x, https:\/\/i0.wp.com\/www.rockpixx.com\/wordpress\/wp-content\/uploads\/2014\/08\/20140802-02-034.jpg?resize=525%2C300 1.5x, https:\/\/i0.wp.com\/www.rockpixx.com\/wordpress\/wp-content\/uploads\/2014\/08\/20140802-02-034.jpg?resize=700%2C400 2x"},"classes":[]},{"id":15977,"url":"http:\/\/www.rockpixx.com\/wordpress\/skyline-31-07-2014-wacken-woa-2014\/","url_meta":{"origin":19018,"position":5},"title":"Skyline, 31.07.2014, Wacken, W:O:A 2014","author":"admin","date":"1. August 2014","format":false,"excerpt":"Das 25. Jubil\u00e4um f\u00fcr Wacken ist wie ein Klassentreffen: Es gibt Bands, die kommen extra f\u00fcr diese Veranstaltung wieder zusammen wie \u2192 \u201eAx\u2019n Sex\u201c und es gibt Bands, die sind jedes Mal dort. Nein, ich rede hier jetzt nicht von der Kapelle der \u201eWacken Firefighters\u201c, sondern von \u2192 Skyline. Traditionell\u2026","rel":"","context":"In &quot;Acts&quot;","block_context":{"text":"Acts","link":"http:\/\/www.rockpixx.com\/wordpress\/category\/acts\/"},"img":{"alt_text":"Skyline, 31.07.2014, Wacken, Wacken Open Air","src":"https:\/\/i0.wp.com\/www.rockpixx.com\/wordpress\/wp-content\/uploads\/2014\/08\/20140731-01-011._skyline_Artikel.jpg?resize=350%2C200","width":350,"height":200,"srcset":"https:\/\/i0.wp.com\/www.rockpixx.com\/wordpress\/wp-content\/uploads\/2014\/08\/20140731-01-011._skyline_Artikel.jpg?resize=350%2C200 1x, https:\/\/i0.wp.com\/www.rockpixx.com\/wordpress\/wp-content\/uploads\/2014\/08\/20140731-01-011._skyline_Artikel.jpg?resize=525%2C300 1.5x, https:\/\/i0.wp.com\/www.rockpixx.com\/wordpress\/wp-content\/uploads\/2014\/08\/20140731-01-011._skyline_Artikel.jpg?resize=700%2C400 2x"},"classes":[]}],"jetpack_sharing_enabled":true,"publishpress_future_action":{"enabled":false,"date":"2026-05-06 09:28:40","action":"change-status","newStatus":"draft","terms":[],"taxonomy":"category","extraData":[]},"publishpress_future_workflow_manual_trigger":{"enabledWorkflows":[]},"_links":{"self":[{"href":"http:\/\/www.rockpixx.com\/wordpress\/wp-json\/wp\/v2\/posts\/19018","targetHints":{"allow":["GET"]}}],"collection":[{"href":"http:\/\/www.rockpixx.com\/wordpress\/wp-json\/wp\/v2\/posts"}],"about":[{"href":"http:\/\/www.rockpixx.com\/wordpress\/wp-json\/wp\/v2\/types\/post"}],"author":[{"embeddable":true,"href":"http:\/\/www.rockpixx.com\/wordpress\/wp-json\/wp\/v2\/users\/2"}],"replies":[{"embeddable":true,"href":"http:\/\/www.rockpixx.com\/wordpress\/wp-json\/wp\/v2\/comments?post=19018"}],"version-history":[{"count":0,"href":"http:\/\/www.rockpixx.com\/wordpress\/wp-json\/wp\/v2\/posts\/19018\/revisions"}],"wp:featuredmedia":[{"embeddable":true,"href":"http:\/\/www.rockpixx.com\/wordpress\/wp-json\/wp\/v2\/media\/19042"}],"wp:attachment":[{"href":"http:\/\/www.rockpixx.com\/wordpress\/wp-json\/wp\/v2\/media?parent=19018"}],"wp:term":[{"taxonomy":"category","embeddable":true,"href":"http:\/\/www.rockpixx.com\/wordpress\/wp-json\/wp\/v2\/categories?post=19018"},{"taxonomy":"post_tag","embeddable":true,"href":"http:\/\/www.rockpixx.com\/wordpress\/wp-json\/wp\/v2\/tags?post=19018"}],"curies":[{"name":"wp","href":"https:\/\/api.w.org\/{rel}","templated":true}]}}